{"id":426789,"date":"2026-03-30T08:02:12","date_gmt":"2026-03-30T11:02:12","guid":{"rendered":"https:\/\/portaltela.pt\/noticias\/2026\/03\/30\/familias-portuguesas-desperdicam-mil-toneladas-de-alimentos-por-dia\/"},"modified":"2026-03-30T08:02:12","modified_gmt":"2026-03-30T11:02:12","slug":"familias-portuguesas-desperdicam-mil-toneladas-de-alimentos-por-dia","status":"publish","type":"post","link":"https:\/\/portaltela.pt\/meio-ambiente\/2026\/03\/30\/familias-portuguesas-desperdicam-mil-toneladas-de-alimentos-por-dia\/","title":{"rendered":"Fam\u00edlias portuguesas desperdi\u00e7am mil toneladas de alimentos por dia"},"content":{"rendered":"<p>A Zero, associa\u00e7\u00e3o ambientalista, apresentou um estudo sobre desperd\u00edcio alimentar em Portugal. O foco foi uma amostra de Ourique, no Alentejo, para o Dia Internacional do Res\u00edduo Zero. Os resultados apontam para desperd\u00edcios elevados nas habita\u00e7\u00f5es.<\/p>\n<p>A pesquisa analisa res\u00edduos indiferenciados de tr\u00eas circuitos porta-a-porta do concelho, recolhidos ao longo de um ano, com uma amostra total de 250 kg. A metodologia permitiu estimar comportamentos de consumo e descarte.<\/p>\n<h3>Resultados por bairro<\/h3>\n<p>Em Ourique, com 150 habita\u00e7\u00f5es e dois estabelecimentos do canal HORECA, 51% dos res\u00edduos indiferenciados s\u00e3o biores\u00edduos. O desperd\u00edcio de alimento representa 28% dos biores\u00edduos.<\/p>\n<p>A zero indica que, mesmo com separa\u00e7\u00e3o na origem, muitos alimentos acabam no lixo, incluindo restos de refei\u00e7\u00f5es, frutas, legumes, p\u00e3o e alimentos em embalagens. O estudo descreve desperd\u00edcio significativo entre os residentes.<\/p>\n<h3>Extrapola\u00e7\u00e3o para o pa\u00eds<\/h3>\n<p>A Zero sustenta que, se a situa\u00e7\u00e3o se mantiver, uma cidade de 100 mil habitantes poderia desperdi\u00e7ar at\u00e9 3.760 toneladas por ano. Em termos nacionais, o estudo sugere cerca de 376 mil toneladas anuais de desperd\u00edcio alimentar.<\/p>\n<p>Segundo o informe, a estimativa corresponde a 38 kg\/habitante\/ano, equivalentes a quase mil toneladas por dia para o conjunto de Portugal. A metodologia baseou-se na amostra de Ourique para proje\u00e7\u00f5es nacionais.<\/p>\n<h3>Implica\u00e7\u00f5es e contexto<\/h3>\n<p>O estudo foi desenvolvido em colabora\u00e7\u00e3o com o munic\u00edpio de Ourique, como parte do programa de certifica\u00e7\u00e3o Zero Waste Cities. Os dados indicam que a recolha de fra\u00e7\u00e3o indiferenciada ocorre tr\u00eas vezes por semana, o que influencia as estimativas anuais.<\/p>\n<p>A Zero refor\u00e7a que, mesmo com separa\u00e7\u00e3o de biorres\u00edduos, h\u00e1 uma parcela relevante de alimentos que n\u00e3o \u00e9 reaproveitada, o que eleva o volume de res\u00edduos a tratar. As possibilidades de melhoria passam por redu\u00e7\u00e3o e doa\u00e7\u00e3o de excedentes.<\/p>\n","protected":false},"excerpt":{"rendered":"<ul>\n<li>Estima-se que as fam\u00edlias portuguesas desperdicem cerca de mil toneladas de alimentos por dia, extrapolando os dados de Ourique para o conjunto nacional.<\/li>\n<li>Em Ourique, tr\u00eas circuitos porta-a-porta num total de 150 habita\u00e7\u00f5es e dois estabelecimentos do canal HORECA revelaram que 51% dos res\u00edduos indiferenciados s\u00e3o biorres\u00edduos, com o desperd\u00edcio alimentar a representar 28% desses biorres\u00edduos e 16% do total.<\/li>\n<li>O estudo, desenvolvido com o munic\u00edpio de Ourique no \u00e2mbito do programa Zero Waste Cities, analisou 250 kg de res\u00edduos ao longo de um ano.<\/li>\n<li>Se a tend\u00eancia se mantiver, seria cerca de 376 mil toneladas de desperd\u00edcio por ano a n\u00edvel nacional, equivalente a 38 kg por habitante por ano.<\/li>\n<li>Considerando a recolha de indiferenciados tr\u00eas vezes por semana, o estudo aponta que, nos tr\u00eas bairros analisados, o desperd\u00edcio anual de alimentos nos res\u00edduos indiferenciados excederia as 12 toneladas.<\/li>\n<\/ul>\n","protected":false},"author":2,"featured_media":426795,"comment_status":"closed","ping_status":"closed","sticky":false,"template":"","format":"standard","meta":{"footnotes":""},"categories":[6725],"tags":[167,4707,5585,620,2667,645],"class_list":["post-426789","post","type-post","status-publish","format-standard","has-post-thumbnail","hentry","category-meio-ambiente","tag-ambiente","tag-bioresiduos","tag-desperdicios","tag-doacao","tag-gestao-de-residuos","tag-residuos"],"yoast_head":"<!-- This site is optimized with the Yoast SEO plugin v27.2 - https:\/\/yoast.com\/product\/yoast-seo-wordpress\/ -->\n<title>Fam\u00edlias portuguesas desperdi\u00e7am mil toneladas de alimentos por dia - Portal Tela Portugal<\/title>\n<meta name=\"robots\" content=\"index, follow, max-snippet:-1, max-image-preview:large, max-video-preview:-1\" \/>\n<meta property=\"og:locale\" content=\"pt_PT\" \/>\n<meta property=\"og:type\" content=\"article\" \/>\n<meta property=\"og:title\" content=\"Fam\u00edlias portuguesas desperdi\u00e7am mil toneladas de alimentos por dia - Portal Tela Portugal\" \/>\n<meta property=\"og:description\" content=\"Estima-se que as fam\u00edlias portuguesas desperdicem cerca de mil toneladas de alimentos por dia, extrapolando os dados de Ourique para o conjunto nacional. Em Ourique, tr\u00eas circuitos porta-a-porta num total de 150 habita\u00e7\u00f5es e dois estabelecimentos do canal HORECA revelaram que 51% dos res\u00edduos indiferenciados s\u00e3o biorres\u00edduos, com o desperd\u00edcio alimentar a representar 28% desses biorres\u00edduos e 16% do total. O estudo, desenvolvido com o munic\u00edpio de Ourique no \u00e2mbito do programa Zero Waste Cities, analisou 250 kg de res\u00edduos ao longo de um ano. Se a tend\u00eancia se mantiver, seria cerca de 376 mil toneladas de desperd\u00edcio por ano a n\u00edvel nacional, equivalente a 38 kg por habitante por ano. Considerando a recolha de indiferenciados tr\u00eas vezes por semana, o estudo aponta que, nos tr\u00eas bairros analisados, o desperd\u00edcio anual de alimentos nos res\u00edduos indiferenciados excederia as 12 toneladas.\" \/>\n<meta property=\"og:url\" content=\"https:\/\/portaltela.pt\/noticias\/2026\/03\/30\/familias-portuguesas-desperdicam-mil-toneladas-de-alimentos-por-dia\/\" \/>\n<meta property=\"og:site_name\" content=\"Portal Tela Portugal\" \/>\n<meta property=\"article:published_time\" content=\"2026-03-30T11:02:12+00:00\" \/>\n<meta name=\"author\" content=\"Telinha\" \/>\n<meta name=\"twitter:card\" content=\"summary_large_image\" \/>\n<meta name=\"twitter:label1\" content=\"Escrito por\" \/>\n\t<meta name=\"twitter:data1\" content=\"Telinha\" \/>\n\t<meta name=\"twitter:label2\" content=\"Tempo estimado de leitura\" \/>\n\t<meta name=\"twitter:data2\" content=\"2 minutos\" \/>\n<script type=\"application\/ld+json\" class=\"yoast-schema-graph\">{\"@context\":\"https:\/\/schema.org\",\"@graph\":[{\"@type\":\"Article\",\"@id\":\"https:\/\/portaltela.pt\/noticias\/2026\/03\/30\/familias-portuguesas-desperdicam-mil-toneladas-de-alimentos-por-dia\/#article\",\"isPartOf\":{\"@id\":\"https:\/\/portaltela.pt\/noticias\/2026\/03\/30\/familias-portuguesas-desperdicam-mil-toneladas-de-alimentos-por-dia\/\"},\"author\":{\"name\":\"Telinha\",\"@id\":\"https:\/\/portaltela.pt\/#\/schema\/person\/c4278d4a6028830caff9ee44b42d32ed\"},\"headline\":\"Fam\u00edlias portuguesas desperdi\u00e7am mil toneladas de alimentos por dia\",\"datePublished\":\"2026-03-30T11:02:12+00:00\",\"mainEntityOfPage\":{\"@id\":\"https:\/\/portaltela.pt\/noticias\/2026\/03\/30\/familias-portuguesas-desperdicam-mil-toneladas-de-alimentos-por-dia\/\"},\"wordCount\":324,\"image\":{\"@id\":\"https:\/\/portaltela.pt\/noticias\/2026\/03\/30\/familias-portuguesas-desperdicam-mil-toneladas-de-alimentos-por-dia\/#primaryimage\"},\"thumbnailUrl\":\"https:\/\/portaltela.pt\/s.01k8rhncp4jt1\/2026\/03\/image-1792.jpg\",\"keywords\":[\"ambiente\",\"biores\u00edduos\",\"desperd\u00edcios\",\"doa\u00e7\u00e3o\",\"gest\u00e3o de res\u00edduos\",\"res\u00edduos\"],\"articleSection\":[\"Meio Ambiente\"],\"inLanguage\":\"pt-PT\"},{\"@type\":\"WebPage\",\"@id\":\"https:\/\/portaltela.pt\/noticias\/2026\/03\/30\/familias-portuguesas-desperdicam-mil-toneladas-de-alimentos-por-dia\/\",\"url\":\"https:\/\/portaltela.pt\/noticias\/2026\/03\/30\/familias-portuguesas-desperdicam-mil-toneladas-de-alimentos-por-dia\/\",\"name\":\"Fam\u00edlias portuguesas desperdi\u00e7am mil toneladas de alimentos por dia - Portal Tela Portugal\",\"isPartOf\":{\"@id\":\"https:\/\/portaltela.pt\/#website\"},\"primaryImageOfPage\":{\"@id\":\"https:\/\/portaltela.pt\/noticias\/2026\/03\/30\/familias-portuguesas-desperdicam-mil-toneladas-de-alimentos-por-dia\/#primaryimage\"},\"image\":{\"@id\":\"https:\/\/portaltela.pt\/noticias\/2026\/03\/30\/familias-portuguesas-desperdicam-mil-toneladas-de-alimentos-por-dia\/#primaryimage\"},\"thumbnailUrl\":\"https:\/\/portaltela.pt\/s.01k8rhncp4jt1\/2026\/03\/image-1792.jpg\",\"datePublished\":\"2026-03-30T11:02:12+00:00\",\"author\":{\"@id\":\"https:\/\/portaltela.pt\/#\/schema\/person\/c4278d4a6028830caff9ee44b42d32ed\"},\"breadcrumb\":{\"@id\":\"https:\/\/portaltela.pt\/noticias\/2026\/03\/30\/familias-portuguesas-desperdicam-mil-toneladas-de-alimentos-por-dia\/#breadcrumb\"},\"inLanguage\":\"pt-PT\",\"potentialAction\":[{\"@type\":\"ReadAction\",\"target\":[\"https:\/\/portaltela.pt\/noticias\/2026\/03\/30\/familias-portuguesas-desperdicam-mil-toneladas-de-alimentos-por-dia\/\"]}]},{\"@type\":\"ImageObject\",\"inLanguage\":\"pt-PT\",\"@id\":\"https:\/\/portaltela.pt\/noticias\/2026\/03\/30\/familias-portuguesas-desperdicam-mil-toneladas-de-alimentos-por-dia\/#primaryimage\",\"url\":\"https:\/\/portaltela.pt\/s.01k8rhncp4jt1\/2026\/03\/image-1792.jpg\",\"contentUrl\":\"https:\/\/portaltela.pt\/s.01k8rhncp4jt1\/2026\/03\/image-1792.jpg\",\"width\":796,\"height\":448,\"caption\":\"Dois ter\u00e7os queixam-se do custo dos alimentos\"},{\"@type\":\"BreadcrumbList\",\"@id\":\"https:\/\/portaltela.pt\/noticias\/2026\/03\/30\/familias-portuguesas-desperdicam-mil-toneladas-de-alimentos-por-dia\/#breadcrumb\",\"itemListElement\":[{\"@type\":\"ListItem\",\"position\":1,\"name\":\"In\u00edcio\",\"item\":\"https:\/\/portaltela.pt\/\"},{\"@type\":\"ListItem\",\"position\":2,\"name\":\"Fam\u00edlias portuguesas desperdi\u00e7am mil toneladas de alimentos por dia\"}]},{\"@type\":\"WebSite\",\"@id\":\"https:\/\/portaltela.pt\/#website\",\"url\":\"https:\/\/portaltela.pt\/\",\"name\":\"Portal Tela Portugal\",\"description\":\"\",\"potentialAction\":[{\"@type\":\"SearchAction\",\"target\":{\"@type\":\"EntryPoint\",\"urlTemplate\":\"https:\/\/portaltela.pt\/?s={search_term_string}\"},\"query-input\":{\"@type\":\"PropertyValueSpecification\",\"valueRequired\":true,\"valueName\":\"search_term_string\"}}],\"inLanguage\":\"pt-PT\"},{\"@type\":\"Person\",\"@id\":\"https:\/\/portaltela.pt\/#\/schema\/person\/c4278d4a6028830caff9ee44b42d32ed\",\"name\":\"Telinha\",\"image\":{\"@type\":\"ImageObject\",\"inLanguage\":\"pt-PT\",\"@id\":\"https:\/\/portaltela.pt\/s.01k8rhncp4jt1\/2025\/11\/talking-bot-125x125.png\",\"url\":\"https:\/\/portaltela.pt\/s.01k8rhncp4jt1\/2025\/11\/talking-bot-125x125.png\",\"contentUrl\":\"https:\/\/portaltela.pt\/s.01k8rhncp4jt1\/2025\/11\/talking-bot-125x125.png\",\"caption\":\"Telinha\"},\"sameAs\":[\"https:\/\/portaltela.pt\/\"],\"url\":\"https:\/\/portaltela.pt\/por\/367410592786\/\"}]}<\/script>\n<!-- \/ Yoast SEO plugin. -->","yoast_head_json":{"title":"Fam\u00edlias portuguesas desperdi\u00e7am mil toneladas de alimentos por dia - Portal Tela Portugal","robots":{"index":"index","follow":"follow","max-snippet":"max-snippet:-1","max-image-preview":"max-image-preview:large","max-video-preview":"max-video-preview:-1"},"og_locale":"pt_PT","og_type":"article","og_title":"Fam\u00edlias portuguesas desperdi\u00e7am mil toneladas de alimentos por dia - Portal Tela Portugal","og_description":"Estima-se que as fam\u00edlias portuguesas desperdicem cerca de mil toneladas de alimentos por dia, extrapolando os dados de Ourique para o conjunto nacional. Em Ourique, tr\u00eas circuitos porta-a-porta num total de 150 habita\u00e7\u00f5es e dois estabelecimentos do canal HORECA revelaram que 51% dos res\u00edduos indiferenciados s\u00e3o biorres\u00edduos, com o desperd\u00edcio alimentar a representar 28% desses biorres\u00edduos e 16% do total. O estudo, desenvolvido com o munic\u00edpio de Ourique no \u00e2mbito do programa Zero Waste Cities, analisou 250 kg de res\u00edduos ao longo de um ano. Se a tend\u00eancia se mantiver, seria cerca de 376 mil toneladas de desperd\u00edcio por ano a n\u00edvel nacional, equivalente a 38 kg por habitante por ano. Considerando a recolha de indiferenciados tr\u00eas vezes por semana, o estudo aponta que, nos tr\u00eas bairros analisados, o desperd\u00edcio anual de alimentos nos res\u00edduos indiferenciados excederia as 12 toneladas.","og_url":"https:\/\/portaltela.pt\/noticias\/2026\/03\/30\/familias-portuguesas-desperdicam-mil-toneladas-de-alimentos-por-dia\/","og_site_name":"Portal Tela Portugal","article_published_time":"2026-03-30T11:02:12+00:00","author":"Telinha","twitter_card":"summary_large_image","twitter_misc":{"Escrito por":"Telinha","Tempo estimado de leitura":"2 minutos"},"schema":{"@context":"https:\/\/schema.org","@graph":[{"@type":"Article","@id":"https:\/\/portaltela.pt\/noticias\/2026\/03\/30\/familias-portuguesas-desperdicam-mil-toneladas-de-alimentos-por-dia\/#article","isPartOf":{"@id":"https:\/\/portaltela.pt\/noticias\/2026\/03\/30\/familias-portuguesas-desperdicam-mil-toneladas-de-alimentos-por-dia\/"},"author":{"name":"Telinha","@id":"https:\/\/portaltela.pt\/#\/schema\/person\/c4278d4a6028830caff9ee44b42d32ed"},"headline":"Fam\u00edlias portuguesas desperdi\u00e7am mil toneladas de alimentos por dia","datePublished":"2026-03-30T11:02:12+00:00","mainEntityOfPage":{"@id":"https:\/\/portaltela.pt\/noticias\/2026\/03\/30\/familias-portuguesas-desperdicam-mil-toneladas-de-alimentos-por-dia\/"},"wordCount":324,"image":{"@id":"https:\/\/portaltela.pt\/noticias\/2026\/03\/30\/familias-portuguesas-desperdicam-mil-toneladas-de-alimentos-por-dia\/#primaryimage"},"thumbnailUrl":"https:\/\/portaltela.pt\/s.01k8rhncp4jt1\/2026\/03\/image-1792.jpg","keywords":["ambiente","biores\u00edduos","desperd\u00edcios","doa\u00e7\u00e3o","gest\u00e3o de res\u00edduos","res\u00edduos"],"articleSection":["Meio Ambiente"],"inLanguage":"pt-PT"},{"@type":"WebPage","@id":"https:\/\/portaltela.pt\/noticias\/2026\/03\/30\/familias-portuguesas-desperdicam-mil-toneladas-de-alimentos-por-dia\/","url":"https:\/\/portaltela.pt\/noticias\/2026\/03\/30\/familias-portuguesas-desperdicam-mil-toneladas-de-alimentos-por-dia\/","name":"Fam\u00edlias portuguesas desperdi\u00e7am mil toneladas de alimentos por dia - Portal Tela Portugal","isPartOf":{"@id":"https:\/\/portaltela.pt\/#website"},"primaryImageOfPage":{"@id":"https:\/\/portaltela.pt\/noticias\/2026\/03\/30\/familias-portuguesas-desperdicam-mil-toneladas-de-alimentos-por-dia\/#primaryimage"},"image":{"@id":"https:\/\/portaltela.pt\/noticias\/2026\/03\/30\/familias-portuguesas-desperdicam-mil-toneladas-de-alimentos-por-dia\/#primaryimage"},"thumbnailUrl":"https:\/\/portaltela.pt\/s.01k8rhncp4jt1\/2026\/03\/image-1792.jpg","datePublished":"2026-03-30T11:02:12+00:00","author":{"@id":"https:\/\/portaltela.pt\/#\/schema\/person\/c4278d4a6028830caff9ee44b42d32ed"},"breadcrumb":{"@id":"https:\/\/portaltela.pt\/noticias\/2026\/03\/30\/familias-portuguesas-desperdicam-mil-toneladas-de-alimentos-por-dia\/#breadcrumb"},"inLanguage":"pt-PT","potentialAction":[{"@type":"ReadAction","target":["https:\/\/portaltela.pt\/noticias\/2026\/03\/30\/familias-portuguesas-desperdicam-mil-toneladas-de-alimentos-por-dia\/"]}]},{"@type":"ImageObject","inLanguage":"pt-PT","@id":"https:\/\/portaltela.pt\/noticias\/2026\/03\/30\/familias-portuguesas-desperdicam-mil-toneladas-de-alimentos-por-dia\/#primaryimage","url":"https:\/\/portaltela.pt\/s.01k8rhncp4jt1\/2026\/03\/image-1792.jpg","contentUrl":"https:\/\/portaltela.pt\/s.01k8rhncp4jt1\/2026\/03\/image-1792.jpg","width":796,"height":448,"caption":"Dois ter\u00e7os queixam-se do custo dos alimentos"},{"@type":"BreadcrumbList","@id":"https:\/\/portaltela.pt\/noticias\/2026\/03\/30\/familias-portuguesas-desperdicam-mil-toneladas-de-alimentos-por-dia\/#breadcrumb","itemListElement":[{"@type":"ListItem","position":1,"name":"In\u00edcio","item":"https:\/\/portaltela.pt\/"},{"@type":"ListItem","position":2,"name":"Fam\u00edlias portuguesas desperdi\u00e7am mil toneladas de alimentos por dia"}]},{"@type":"WebSite","@id":"https:\/\/portaltela.pt\/#website","url":"https:\/\/portaltela.pt\/","name":"Portal Tela Portugal","description":"","potentialAction":[{"@type":"SearchAction","target":{"@type":"EntryPoint","urlTemplate":"https:\/\/portaltela.pt\/?s={search_term_string}"},"query-input":{"@type":"PropertyValueSpecification","valueRequired":true,"valueName":"search_term_string"}}],"inLanguage":"pt-PT"},{"@type":"Person","@id":"https:\/\/portaltela.pt\/#\/schema\/person\/c4278d4a6028830caff9ee44b42d32ed","name":"Telinha","image":{"@type":"ImageObject","inLanguage":"pt-PT","@id":"https:\/\/portaltela.pt\/s.01k8rhncp4jt1\/2025\/11\/talking-bot-125x125.png","url":"https:\/\/portaltela.pt\/s.01k8rhncp4jt1\/2025\/11\/talking-bot-125x125.png","contentUrl":"https:\/\/portaltela.pt\/s.01k8rhncp4jt1\/2025\/11\/talking-bot-125x125.png","caption":"Telinha"},"sameAs":["https:\/\/portaltela.pt\/"],"url":"https:\/\/portaltela.pt\/por\/367410592786\/"}]}},"_links":{"self":[{"href":"https:\/\/portaltela.pt\/api\/wp\/v2\/posts\/426789","targetHints":{"allow":["GET"]}}],"collection":[{"href":"https:\/\/portaltela.pt\/api\/wp\/v2\/posts"}],"about":[{"href":"https:\/\/portaltela.pt\/api\/wp\/v2\/types\/post"}],"author":[{"embeddable":true,"href":"https:\/\/portaltela.pt\/api\/wp\/v2\/users\/2"}],"replies":[{"embeddable":true,"href":"https:\/\/portaltela.pt\/api\/wp\/v2\/comments?post=426789"}],"version-history":[{"count":0,"href":"https:\/\/portaltela.pt\/api\/wp\/v2\/posts\/426789\/revisions"}],"wp:featuredmedia":[{"embeddable":true,"href":"https:\/\/portaltela.pt\/api\/wp\/v2\/media\/426795"}],"wp:attachment":[{"href":"https:\/\/portaltela.pt\/api\/wp\/v2\/media?parent=426789"}],"wp:term":[{"taxonomy":"category","embeddable":true,"href":"https:\/\/portaltela.pt\/api\/wp\/v2\/categories?post=426789"},{"taxonomy":"post_tag","embeddable":true,"href":"https:\/\/portaltela.pt\/api\/wp\/v2\/tags?post=426789"}],"curies":[{"name":"wp","href":"https:\/\/api.w.org\/{rel}","templated":true}]}}