{"id":426778,"date":"2026-03-30T07:47:02","date_gmt":"2026-03-30T10:47:02","guid":{"rendered":"https:\/\/portaltela.pt\/noticias\/2026\/03\/30\/peu-araujo-e-pedro-graca-finalistas-no-fip-bronze-viseu\/"},"modified":"2026-03-30T07:47:02","modified_gmt":"2026-03-30T10:47:02","slug":"peu-araujo-e-pedro-graca-finalistas-no-fip-bronze-viseu","status":"publish","type":"post","link":"https:\/\/portaltela.pt\/desporto\/futebol\/2026\/03\/30\/peu-araujo-e-pedro-graca-finalistas-no-fip-bronze-viseu\/","title":{"rendered":"Peu Ara\u00fajo e Pedro Gra\u00e7a finalistas no FIP Bronze Viseu"},"content":{"rendered":"<p>Peu Ara\u00fajo e Pedro Gra\u00e7a chegaram \u00e0 final do FIP Bronze Viseu, confirmando forma s\u00f3lida no in\u00edcio da temporada. A dupla portuguesa disputou o t\u00edtulo no quadro principal, em Viseu, Portugal, frente a Rama Pereyra e Jos\u00e9 Solano. Resultado final: 6-4 e 6-1.<\/p>\n<p>O duelo iniciou-se equilibrado, com as duplas a troca de pontos no in\u00edcio do primeiro set. Um break decisivo acabou por favorecer os advers\u00e1rios, que fecharam o parcial por 6-4.<\/p>\n<p>No segundo set, Pereyra e Solano dominaram o ritmo, impondo o seu jogo e vencendo por 6-1. Apesar da derrota, Ara\u00fajo e Gra\u00e7a asseguram mais uma final no circuito Cupra FIP Tour.<\/p>\n<h3>Desfecho da final<\/h3>\n<p>A presta\u00e7\u00e3o na prova internacional refor\u00e7a a consist\u00eancia da dupla ao longo de 2026, mantendo o status de favorita em v\u00e1rias partidas e exibindo evolu\u00e7\u00e3o t\u00e9cnica e competitiva.<\/p>\n","protected":false},"excerpt":{"rendered":"<ul>\n<li>Peu Ara\u00fajo e Pedro Gra\u00e7a atingiram a final do FIP Bronze Viseu.<\/li>\n<li>Na final, foram derrotados por Rama Pereyra e Jos\u00e9 Solano, com 6-4 e 6-1.<\/li>\n<li>O primeiro set manteve-se equilibrado at\u00e9 \u00e0 fase intermedi\u00e1ria, quando os advers\u00e1rios garantiram um break e passaram \u00e0 frente.<\/li>\n<li>No segundo set, Pereyra e Solano aumentaram o ritmo e venceram por 6-1.<\/li>\n<li>Apesar da derrota, a dupla portuguesa soma mais uma final numa prova internacional do Cupra FIP Tour, refor\u00e7ando a consist\u00eancia de 2026.<\/li>\n<\/ul>\n","protected":false},"author":2,"featured_media":426784,"comment_status":"closed","ping_status":"closed","sticky":false,"template":"","format":"standard","meta":{"footnotes":""},"categories":[21,24],"tags":[152,5885,1014,94,2713,1171],"class_list":["post-426778","post","type-post","status-publish","format-standard","has-post-thumbnail","hentry","category-desporto","category-futebol","tag-desporto","tag-duplas","tag-portugal","tag-tenis","tag-tenistas","tag-viseu"],"yoast_head":"<!-- This site is optimized with the Yoast SEO plugin v27.2 - https:\/\/yoast.com\/product\/yoast-seo-wordpress\/ -->\n<title>Peu Ara\u00fajo e Pedro Gra\u00e7a finalistas no FIP Bronze Viseu - Portal Tela Portugal<\/title>\n<meta name=\"robots\" content=\"index, follow, max-snippet:-1, max-image-preview:large, max-video-preview:-1\" \/>\n<meta property=\"og:locale\" content=\"pt_PT\" \/>\n<meta property=\"og:type\" content=\"article\" \/>\n<meta property=\"og:title\" content=\"Peu Ara\u00fajo e Pedro Gra\u00e7a finalistas no FIP Bronze Viseu - Portal Tela Portugal\" \/>\n<meta property=\"og:description\" content=\"Peu Ara\u00fajo e Pedro Gra\u00e7a atingiram a final do FIP Bronze Viseu. Na final, foram derrotados por Rama Pereyra e Jos\u00e9 Solano, com 6-4 e 6-1. O primeiro set manteve-se equilibrado at\u00e9 \u00e0 fase intermedi\u00e1ria, quando os advers\u00e1rios garantiram um break e passaram \u00e0 frente. No segundo set, Pereyra e Solano aumentaram o ritmo e venceram por 6-1. Apesar da derrota, a dupla portuguesa soma mais uma final numa prova internacional do Cupra FIP Tour, refor\u00e7ando a consist\u00eancia de 2026.\" \/>\n<meta property=\"og:url\" content=\"https:\/\/portaltela.pt\/noticias\/2026\/03\/30\/peu-araujo-e-pedro-graca-finalistas-no-fip-bronze-viseu\/\" \/>\n<meta property=\"og:site_name\" content=\"Portal Tela Portugal\" \/>\n<meta property=\"article:published_time\" content=\"2026-03-30T10:47:02+00:00\" \/>\n<meta name=\"author\" content=\"Telinha\" \/>\n<meta name=\"twitter:card\" content=\"summary_large_image\" \/>\n<meta name=\"twitter:label1\" content=\"Escrito por\" \/>\n\t<meta name=\"twitter:data1\" content=\"Telinha\" \/>\n\t<meta name=\"twitter:label2\" content=\"Tempo estimado de leitura\" \/>\n\t<meta name=\"twitter:data2\" content=\"1 minuto\" \/>\n<script type=\"application\/ld+json\" class=\"yoast-schema-graph\">{\"@context\":\"https:\/\/schema.org\",\"@graph\":[{\"@type\":\"Article\",\"@id\":\"https:\/\/portaltela.pt\/noticias\/2026\/03\/30\/peu-araujo-e-pedro-graca-finalistas-no-fip-bronze-viseu\/#article\",\"isPartOf\":{\"@id\":\"https:\/\/portaltela.pt\/noticias\/2026\/03\/30\/peu-araujo-e-pedro-graca-finalistas-no-fip-bronze-viseu\/\"},\"author\":{\"name\":\"Telinha\",\"@id\":\"https:\/\/portaltela.pt\/#\/schema\/person\/c4278d4a6028830caff9ee44b42d32ed\"},\"headline\":\"Peu Ara\u00fajo e Pedro Gra\u00e7a finalistas no FIP Bronze Viseu\",\"datePublished\":\"2026-03-30T10:47:02+00:00\",\"mainEntityOfPage\":{\"@id\":\"https:\/\/portaltela.pt\/noticias\/2026\/03\/30\/peu-araujo-e-pedro-graca-finalistas-no-fip-bronze-viseu\/\"},\"wordCount\":161,\"image\":{\"@id\":\"https:\/\/portaltela.pt\/noticias\/2026\/03\/30\/peu-araujo-e-pedro-graca-finalistas-no-fip-bronze-viseu\/#primaryimage\"},\"thumbnailUrl\":\"https:\/\/portaltela.pt\/s.01k8rhncp4jt1\/2026\/03\/img_920x518uu2026-03-30-11-43-42-2430081-im-639104678365570024.jpg\",\"keywords\":[\"desporto\",\"duplas\",\"Portugal\",\"t\u00eanis\",\"tenistas\",\"Viseu\"],\"articleSection\":[\"Desporto\",\"Futebol\"],\"inLanguage\":\"pt-PT\"},{\"@type\":\"WebPage\",\"@id\":\"https:\/\/portaltela.pt\/noticias\/2026\/03\/30\/peu-araujo-e-pedro-graca-finalistas-no-fip-bronze-viseu\/\",\"url\":\"https:\/\/portaltela.pt\/noticias\/2026\/03\/30\/peu-araujo-e-pedro-graca-finalistas-no-fip-bronze-viseu\/\",\"name\":\"Peu Ara\u00fajo e Pedro Gra\u00e7a finalistas no FIP Bronze Viseu - Portal Tela Portugal\",\"isPartOf\":{\"@id\":\"https:\/\/portaltela.pt\/#website\"},\"primaryImageOfPage\":{\"@id\":\"https:\/\/portaltela.pt\/noticias\/2026\/03\/30\/peu-araujo-e-pedro-graca-finalistas-no-fip-bronze-viseu\/#primaryimage\"},\"image\":{\"@id\":\"https:\/\/portaltela.pt\/noticias\/2026\/03\/30\/peu-araujo-e-pedro-graca-finalistas-no-fip-bronze-viseu\/#primaryimage\"},\"thumbnailUrl\":\"https:\/\/portaltela.pt\/s.01k8rhncp4jt1\/2026\/03\/img_920x518uu2026-03-30-11-43-42-2430081-im-639104678365570024.jpg\",\"datePublished\":\"2026-03-30T10:47:02+00:00\",\"author\":{\"@id\":\"https:\/\/portaltela.pt\/#\/schema\/person\/c4278d4a6028830caff9ee44b42d32ed\"},\"breadcrumb\":{\"@id\":\"https:\/\/portaltela.pt\/noticias\/2026\/03\/30\/peu-araujo-e-pedro-graca-finalistas-no-fip-bronze-viseu\/#breadcrumb\"},\"inLanguage\":\"pt-PT\",\"potentialAction\":[{\"@type\":\"ReadAction\",\"target\":[\"https:\/\/portaltela.pt\/noticias\/2026\/03\/30\/peu-araujo-e-pedro-graca-finalistas-no-fip-bronze-viseu\/\"]}]},{\"@type\":\"ImageObject\",\"inLanguage\":\"pt-PT\",\"@id\":\"https:\/\/portaltela.pt\/noticias\/2026\/03\/30\/peu-araujo-e-pedro-graca-finalistas-no-fip-bronze-viseu\/#primaryimage\",\"url\":\"https:\/\/portaltela.pt\/s.01k8rhncp4jt1\/2026\/03\/img_920x518uu2026-03-30-11-43-42-2430081-im-639104678365570024.jpg\",\"contentUrl\":\"https:\/\/portaltela.pt\/s.01k8rhncp4jt1\/2026\/03\/img_920x518uu2026-03-30-11-43-42-2430081-im-639104678365570024.jpg\",\"width\":796,\"height\":448,\"caption\":\"Peu Ara\u00fajo e Pedro Gra\u00e7a\"},{\"@type\":\"BreadcrumbList\",\"@id\":\"https:\/\/portaltela.pt\/noticias\/2026\/03\/30\/peu-araujo-e-pedro-graca-finalistas-no-fip-bronze-viseu\/#breadcrumb\",\"itemListElement\":[{\"@type\":\"ListItem\",\"position\":1,\"name\":\"In\u00edcio\",\"item\":\"https:\/\/portaltela.pt\/\"},{\"@type\":\"ListItem\",\"position\":2,\"name\":\"Peu Ara\u00fajo e Pedro Gra\u00e7a finalistas no FIP Bronze Viseu\"}]},{\"@type\":\"WebSite\",\"@id\":\"https:\/\/portaltela.pt\/#website\",\"url\":\"https:\/\/portaltela.pt\/\",\"name\":\"Portal Tela Portugal\",\"description\":\"\",\"potentialAction\":[{\"@type\":\"SearchAction\",\"target\":{\"@type\":\"EntryPoint\",\"urlTemplate\":\"https:\/\/portaltela.pt\/?s={search_term_string}\"},\"query-input\":{\"@type\":\"PropertyValueSpecification\",\"valueRequired\":true,\"valueName\":\"search_term_string\"}}],\"inLanguage\":\"pt-PT\"},{\"@type\":\"Person\",\"@id\":\"https:\/\/portaltela.pt\/#\/schema\/person\/c4278d4a6028830caff9ee44b42d32ed\",\"name\":\"Telinha\",\"image\":{\"@type\":\"ImageObject\",\"inLanguage\":\"pt-PT\",\"@id\":\"https:\/\/portaltela.pt\/s.01k8rhncp4jt1\/2025\/11\/talking-bot-125x125.png\",\"url\":\"https:\/\/portaltela.pt\/s.01k8rhncp4jt1\/2025\/11\/talking-bot-125x125.png\",\"contentUrl\":\"https:\/\/portaltela.pt\/s.01k8rhncp4jt1\/2025\/11\/talking-bot-125x125.png\",\"caption\":\"Telinha\"},\"sameAs\":[\"https:\/\/portaltela.pt\/\"],\"url\":\"https:\/\/portaltela.pt\/por\/367410592786\/\"}]}<\/script>\n<!-- \/ Yoast SEO plugin. -->","yoast_head_json":{"title":"Peu Ara\u00fajo e Pedro Gra\u00e7a finalistas no FIP Bronze Viseu - Portal Tela Portugal","robots":{"index":"index","follow":"follow","max-snippet":"max-snippet:-1","max-image-preview":"max-image-preview:large","max-video-preview":"max-video-preview:-1"},"og_locale":"pt_PT","og_type":"article","og_title":"Peu Ara\u00fajo e Pedro Gra\u00e7a finalistas no FIP Bronze Viseu - Portal Tela Portugal","og_description":"Peu Ara\u00fajo e Pedro Gra\u00e7a atingiram a final do FIP Bronze Viseu. Na final, foram derrotados por Rama Pereyra e Jos\u00e9 Solano, com 6-4 e 6-1. O primeiro set manteve-se equilibrado at\u00e9 \u00e0 fase intermedi\u00e1ria, quando os advers\u00e1rios garantiram um break e passaram \u00e0 frente. No segundo set, Pereyra e Solano aumentaram o ritmo e venceram por 6-1. Apesar da derrota, a dupla portuguesa soma mais uma final numa prova internacional do Cupra FIP Tour, refor\u00e7ando a consist\u00eancia de 2026.","og_url":"https:\/\/portaltela.pt\/noticias\/2026\/03\/30\/peu-araujo-e-pedro-graca-finalistas-no-fip-bronze-viseu\/","og_site_name":"Portal Tela Portugal","article_published_time":"2026-03-30T10:47:02+00:00","author":"Telinha","twitter_card":"summary_large_image","twitter_misc":{"Escrito por":"Telinha","Tempo estimado de leitura":"1 minuto"},"schema":{"@context":"https:\/\/schema.org","@graph":[{"@type":"Article","@id":"https:\/\/portaltela.pt\/noticias\/2026\/03\/30\/peu-araujo-e-pedro-graca-finalistas-no-fip-bronze-viseu\/#article","isPartOf":{"@id":"https:\/\/portaltela.pt\/noticias\/2026\/03\/30\/peu-araujo-e-pedro-graca-finalistas-no-fip-bronze-viseu\/"},"author":{"name":"Telinha","@id":"https:\/\/portaltela.pt\/#\/schema\/person\/c4278d4a6028830caff9ee44b42d32ed"},"headline":"Peu Ara\u00fajo e Pedro Gra\u00e7a finalistas no FIP Bronze Viseu","datePublished":"2026-03-30T10:47:02+00:00","mainEntityOfPage":{"@id":"https:\/\/portaltela.pt\/noticias\/2026\/03\/30\/peu-araujo-e-pedro-graca-finalistas-no-fip-bronze-viseu\/"},"wordCount":161,"image":{"@id":"https:\/\/portaltela.pt\/noticias\/2026\/03\/30\/peu-araujo-e-pedro-graca-finalistas-no-fip-bronze-viseu\/#primaryimage"},"thumbnailUrl":"https:\/\/portaltela.pt\/s.01k8rhncp4jt1\/2026\/03\/img_920x518uu2026-03-30-11-43-42-2430081-im-639104678365570024.jpg","keywords":["desporto","duplas","Portugal","t\u00eanis","tenistas","Viseu"],"articleSection":["Desporto","Futebol"],"inLanguage":"pt-PT"},{"@type":"WebPage","@id":"https:\/\/portaltela.pt\/noticias\/2026\/03\/30\/peu-araujo-e-pedro-graca-finalistas-no-fip-bronze-viseu\/","url":"https:\/\/portaltela.pt\/noticias\/2026\/03\/30\/peu-araujo-e-pedro-graca-finalistas-no-fip-bronze-viseu\/","name":"Peu Ara\u00fajo e Pedro Gra\u00e7a finalistas no FIP Bronze Viseu - Portal Tela Portugal","isPartOf":{"@id":"https:\/\/portaltela.pt\/#website"},"primaryImageOfPage":{"@id":"https:\/\/portaltela.pt\/noticias\/2026\/03\/30\/peu-araujo-e-pedro-graca-finalistas-no-fip-bronze-viseu\/#primaryimage"},"image":{"@id":"https:\/\/portaltela.pt\/noticias\/2026\/03\/30\/peu-araujo-e-pedro-graca-finalistas-no-fip-bronze-viseu\/#primaryimage"},"thumbnailUrl":"https:\/\/portaltela.pt\/s.01k8rhncp4jt1\/2026\/03\/img_920x518uu2026-03-30-11-43-42-2430081-im-639104678365570024.jpg","datePublished":"2026-03-30T10:47:02+00:00","author":{"@id":"https:\/\/portaltela.pt\/#\/schema\/person\/c4278d4a6028830caff9ee44b42d32ed"},"breadcrumb":{"@id":"https:\/\/portaltela.pt\/noticias\/2026\/03\/30\/peu-araujo-e-pedro-graca-finalistas-no-fip-bronze-viseu\/#breadcrumb"},"inLanguage":"pt-PT","potentialAction":[{"@type":"ReadAction","target":["https:\/\/portaltela.pt\/noticias\/2026\/03\/30\/peu-araujo-e-pedro-graca-finalistas-no-fip-bronze-viseu\/"]}]},{"@type":"ImageObject","inLanguage":"pt-PT","@id":"https:\/\/portaltela.pt\/noticias\/2026\/03\/30\/peu-araujo-e-pedro-graca-finalistas-no-fip-bronze-viseu\/#primaryimage","url":"https:\/\/portaltela.pt\/s.01k8rhncp4jt1\/2026\/03\/img_920x518uu2026-03-30-11-43-42-2430081-im-639104678365570024.jpg","contentUrl":"https:\/\/portaltela.pt\/s.01k8rhncp4jt1\/2026\/03\/img_920x518uu2026-03-30-11-43-42-2430081-im-639104678365570024.jpg","width":796,"height":448,"caption":"Peu Ara\u00fajo e Pedro Gra\u00e7a"},{"@type":"BreadcrumbList","@id":"https:\/\/portaltela.pt\/noticias\/2026\/03\/30\/peu-araujo-e-pedro-graca-finalistas-no-fip-bronze-viseu\/#breadcrumb","itemListElement":[{"@type":"ListItem","position":1,"name":"In\u00edcio","item":"https:\/\/portaltela.pt\/"},{"@type":"ListItem","position":2,"name":"Peu Ara\u00fajo e Pedro Gra\u00e7a finalistas no FIP Bronze Viseu"}]},{"@type":"WebSite","@id":"https:\/\/portaltela.pt\/#website","url":"https:\/\/portaltela.pt\/","name":"Portal Tela Portugal","description":"","potentialAction":[{"@type":"SearchAction","target":{"@type":"EntryPoint","urlTemplate":"https:\/\/portaltela.pt\/?s={search_term_string}"},"query-input":{"@type":"PropertyValueSpecification","valueRequired":true,"valueName":"search_term_string"}}],"inLanguage":"pt-PT"},{"@type":"Person","@id":"https:\/\/portaltela.pt\/#\/schema\/person\/c4278d4a6028830caff9ee44b42d32ed","name":"Telinha","image":{"@type":"ImageObject","inLanguage":"pt-PT","@id":"https:\/\/portaltela.pt\/s.01k8rhncp4jt1\/2025\/11\/talking-bot-125x125.png","url":"https:\/\/portaltela.pt\/s.01k8rhncp4jt1\/2025\/11\/talking-bot-125x125.png","contentUrl":"https:\/\/portaltela.pt\/s.01k8rhncp4jt1\/2025\/11\/talking-bot-125x125.png","caption":"Telinha"},"sameAs":["https:\/\/portaltela.pt\/"],"url":"https:\/\/portaltela.pt\/por\/367410592786\/"}]}},"_links":{"self":[{"href":"https:\/\/portaltela.pt\/api\/wp\/v2\/posts\/426778","targetHints":{"allow":["GET"]}}],"collection":[{"href":"https:\/\/portaltela.pt\/api\/wp\/v2\/posts"}],"about":[{"href":"https:\/\/portaltela.pt\/api\/wp\/v2\/types\/post"}],"author":[{"embeddable":true,"href":"https:\/\/portaltela.pt\/api\/wp\/v2\/users\/2"}],"replies":[{"embeddable":true,"href":"https:\/\/portaltela.pt\/api\/wp\/v2\/comments?post=426778"}],"version-history":[{"count":0,"href":"https:\/\/portaltela.pt\/api\/wp\/v2\/posts\/426778\/revisions"}],"wp:featuredmedia":[{"embeddable":true,"href":"https:\/\/portaltela.pt\/api\/wp\/v2\/media\/426784"}],"wp:attachment":[{"href":"https:\/\/portaltela.pt\/api\/wp\/v2\/media?parent=426778"}],"wp:term":[{"taxonomy":"category","embeddable":true,"href":"https:\/\/portaltela.pt\/api\/wp\/v2\/categories?post=426778"},{"taxonomy":"post_tag","embeddable":true,"href":"https:\/\/portaltela.pt\/api\/wp\/v2\/tags?post=426778"}],"curies":[{"name":"wp","href":"https:\/\/api.w.org\/{rel}","templated":true}]}}