{"id":426775,"date":"2026-03-30T07:47:01","date_gmt":"2026-03-30T10:47:01","guid":{"rendered":"https:\/\/portaltela.pt\/noticias\/2026\/03\/30\/sintra-inaugura-cantina-social-para-mais-de-600-pessoas-na-tapada-das-merces\/"},"modified":"2026-03-30T07:47:01","modified_gmt":"2026-03-30T10:47:01","slug":"sintra-inaugura-cantina-social-para-mais-de-600-pessoas-na-tapada-das-merces","status":"publish","type":"post","link":"https:\/\/portaltela.pt\/sociedade\/2026\/03\/30\/sintra-inaugura-cantina-social-para-mais-de-600-pessoas-na-tapada-das-merces\/","title":{"rendered":"Sintra inaugura cantina social para mais de 600 pessoas na Tapada das Merc\u00eas"},"content":{"rendered":"<p>Sintra ter\u00e1 uma nova cantina social na Tapada das Merc\u00eas, em Algueir\u00e3o-Mem Martins, com capacidade para mais de 600 pessoas. O espa\u00e7o dever\u00e1 abrir em abril e resulta de uma parceria entre a Funda\u00e7\u00e3o Isl\u00e2mica de Palmela e a Assoc. da Comunidade Isl\u00e2mica da Tapada das Merc\u00eas e Mem Martins (ACITMMM). O financiamento \u00e9 integralmente do PRR.<\/p>\n<p>A candidatura \u00e0 C\u00e2mara Municipal de Sintra foi apresentada em 2012, com o objetivo de apoiar quem precisa, independentemente de religi\u00e3o ou etnia. A cantina vai funcionar como refeit\u00f3rio escolar, servindo refei\u00e7\u00f5es a residentes da freguesia em situa\u00e7\u00e3o de car\u00eancia.<\/p>\n<h3>Espa\u00e7o e parcerias<\/h3>\n<p>Inaugurado no in\u00edcio de mar\u00e7o, o equipamento fica junto a uma futura mesquita e escola, que ter\u00e1 capacidade para 400 alunos. A escola e o espa\u00e7o religioso est\u00e3o ainda em constru\u00e7\u00e3o, mas a cantina j\u00e1 funciona como apoio alimentar. O espa\u00e7o servir\u00e1 tamb\u00e9m a componente educativa.<\/p>\n<p>A obra foi financiada a 100% pelo PRR, sem recursos municipais, com um investimento de cerca de 302.493 euros. A Funda\u00e7\u00e3o Isl\u00e2mica de Palmela lidera o projeto, em parceria com a ACITMMM, para atender a lista de espera de refei\u00e7\u00f5es quentes na freguesia.<\/p>\n<h3>Op\u00e7\u00e3o de acolhimento e funcionamento<\/h3>\n<p>A administra\u00e7\u00e3o municipal indica que o espa\u00e7o foi dimensionado para 600 utilizadores, com possibilidade de ampliar. A cantina receber\u00e1 refei\u00e7\u00f5es di\u00e1rias, conforme uma ementa definida, e poder\u00e1 apoiar outras val\u00eancias educativas. O objetivo \u00e9 facilitar o acesso a alimenta\u00e7\u00e3o consistente.<\/p>\n<p>A autarquia esclarece que h\u00e1 planos de colabora\u00e7\u00e3o com entidades locais do concelho para utilizar a cozinha conforme necessidade. A identifica\u00e7\u00e3o de quem frequenta o espa\u00e7o ser\u00e1 realizada em conjunto com parceiros sociais do munic\u00edpio.<\/p>\n<p>Mamadou Bah, presidente da ACITMMM, afirma que a iniciativa j\u00e1 conta com cerca de 500 inscritos para o espa\u00e7o. A abertura est\u00e1 prevista para o pr\u00f3ximo m\u00eas, com a calendariza\u00e7\u00e3o de refei\u00e7\u00f5es a cargo de parceiros locais, segundo a organiza\u00e7\u00e3o.<\/p>\n","protected":false},"excerpt":{"rendered":"<ul>\n<li>Nova cantina social na Tapada das Merc\u00eas, em Algueir\u00e3o-Mem Martins, com capacidade para mais de seiscentas pessoas.<\/li>\n<li>Financiada a cem por cento pelo Plano de Recupera\u00e7\u00e3o e Resili\u00eancia (PRR); investimento de cerca de \u20ac 302.493.<\/li>\n<li>Parceria entre a Funda\u00e7\u00e3o Isl\u00e2mica de Palmela e a Associa\u00e7\u00e3o da Comunidade Isl\u00e2mica da Tapada das Merc\u00eas e Mem Martins (ACITMMM); inaugurada no in\u00edcio de mar\u00e7o.<\/li>\n<li>Espa\u00e7o dever\u00e1 abrir em abril e funciona tamb\u00e9m como refeit\u00f3rio escolar, servindo refei\u00e7\u00f5es a residentes em situa\u00e7\u00e3o de car\u00eancia.<\/li>\n<li>J\u00e1 existem cerca de quinhentas inscri\u00e7\u00f5es, e o equipamento integra a Estrat\u00e9gia Local de Algueir\u00e3o-Mem Martins, com perspetiva de futuras parcerias no concelho.<\/li>\n<\/ul>\n","protected":false},"author":2,"featured_media":426779,"comment_status":"closed","ping_status":"closed","sticky":false,"template":"","format":"standard","meta":{"footnotes":""},"categories":[6745,6871],"tags":[86,1211,3035,163,945,1110],"class_list":["post-426775","post","type-post","status-publish","format-standard","has-post-thumbnail","hentry","category-saude","category-sociedade","tag-alimentacao","tag-apoio-social","tag-comunidade","tag-educacao","tag-protecao-alimentar","tag-sintra"],"yoast_head":"<!-- This site is optimized with the Yoast SEO plugin v27.2 - https:\/\/yoast.com\/product\/yoast-seo-wordpress\/ -->\n<title>Sintra inaugura cantina social para mais de 600 pessoas na Tapada das Merc\u00eas - Portal Tela Portugal<\/title>\n<meta name=\"robots\" content=\"index, follow, max-snippet:-1, max-image-preview:large, max-video-preview:-1\" \/>\n<meta property=\"og:locale\" content=\"pt_PT\" \/>\n<meta property=\"og:type\" content=\"article\" \/>\n<meta property=\"og:title\" content=\"Sintra inaugura cantina social para mais de 600 pessoas na Tapada das Merc\u00eas - Portal Tela Portugal\" \/>\n<meta property=\"og:description\" content=\"Nova cantina social na Tapada das Merc\u00eas, em Algueir\u00e3o-Mem Martins, com capacidade para mais de seiscentas pessoas. Financiada a cem por cento pelo Plano de Recupera\u00e7\u00e3o e Resili\u00eancia (PRR); investimento de cerca de \u20ac 302.493. Parceria entre a Funda\u00e7\u00e3o Isl\u00e2mica de Palmela e a Associa\u00e7\u00e3o da Comunidade Isl\u00e2mica da Tapada das Merc\u00eas e Mem Martins (ACITMMM); inaugurada no in\u00edcio de mar\u00e7o. Espa\u00e7o dever\u00e1 abrir em abril e funciona tamb\u00e9m como refeit\u00f3rio escolar, servindo refei\u00e7\u00f5es a residentes em situa\u00e7\u00e3o de car\u00eancia. J\u00e1 existem cerca de quinhentas inscri\u00e7\u00f5es, e o equipamento integra a Estrat\u00e9gia Local de Algueir\u00e3o-Mem Martins, com perspetiva de futuras parcerias no concelho.\" \/>\n<meta property=\"og:url\" content=\"https:\/\/portaltela.pt\/noticias\/2026\/03\/30\/sintra-inaugura-cantina-social-para-mais-de-600-pessoas-na-tapada-das-merces\/\" \/>\n<meta property=\"og:site_name\" content=\"Portal Tela Portugal\" \/>\n<meta property=\"article:published_time\" content=\"2026-03-30T10:47:01+00:00\" \/>\n<meta name=\"author\" content=\"Telinha\" \/>\n<meta name=\"twitter:card\" content=\"summary_large_image\" \/>\n<meta name=\"twitter:label1\" content=\"Escrito por\" \/>\n\t<meta name=\"twitter:data1\" content=\"Telinha\" \/>\n\t<meta name=\"twitter:label2\" content=\"Tempo estimado de leitura\" \/>\n\t<meta name=\"twitter:data2\" content=\"2 minutos\" \/>\n<script type=\"application\/ld+json\" class=\"yoast-schema-graph\">{\"@context\":\"https:\/\/schema.org\",\"@graph\":[{\"@type\":\"Article\",\"@id\":\"https:\/\/portaltela.pt\/noticias\/2026\/03\/30\/sintra-inaugura-cantina-social-para-mais-de-600-pessoas-na-tapada-das-merces\/#article\",\"isPartOf\":{\"@id\":\"https:\/\/portaltela.pt\/noticias\/2026\/03\/30\/sintra-inaugura-cantina-social-para-mais-de-600-pessoas-na-tapada-das-merces\/\"},\"author\":{\"name\":\"Telinha\",\"@id\":\"https:\/\/portaltela.pt\/#\/schema\/person\/c4278d4a6028830caff9ee44b42d32ed\"},\"headline\":\"Sintra inaugura cantina social para mais de 600 pessoas na Tapada das Merc\u00eas\",\"datePublished\":\"2026-03-30T10:47:01+00:00\",\"mainEntityOfPage\":{\"@id\":\"https:\/\/portaltela.pt\/noticias\/2026\/03\/30\/sintra-inaugura-cantina-social-para-mais-de-600-pessoas-na-tapada-das-merces\/\"},\"wordCount\":353,\"image\":{\"@id\":\"https:\/\/portaltela.pt\/noticias\/2026\/03\/30\/sintra-inaugura-cantina-social-para-mais-de-600-pessoas-na-tapada-das-merces\/#primaryimage\"},\"thumbnailUrl\":\"https:\/\/portaltela.pt\/s.01k8rhncp4jt1\/2026\/03\/2077436.jpg\",\"keywords\":[\"alimenta\u00e7\u00e3o\",\"Apoio Social\",\"comunidade\",\"educa\u00e7\u00e3o\",\"prote\u00e7\u00e3o alimentar\",\"Sintra\"],\"articleSection\":[\"Sa\u00fade\",\"Sociedade\"],\"inLanguage\":\"pt-PT\"},{\"@type\":\"WebPage\",\"@id\":\"https:\/\/portaltela.pt\/noticias\/2026\/03\/30\/sintra-inaugura-cantina-social-para-mais-de-600-pessoas-na-tapada-das-merces\/\",\"url\":\"https:\/\/portaltela.pt\/noticias\/2026\/03\/30\/sintra-inaugura-cantina-social-para-mais-de-600-pessoas-na-tapada-das-merces\/\",\"name\":\"Sintra inaugura cantina social para mais de 600 pessoas na Tapada das Merc\u00eas - Portal Tela Portugal\",\"isPartOf\":{\"@id\":\"https:\/\/portaltela.pt\/#website\"},\"primaryImageOfPage\":{\"@id\":\"https:\/\/portaltela.pt\/noticias\/2026\/03\/30\/sintra-inaugura-cantina-social-para-mais-de-600-pessoas-na-tapada-das-merces\/#primaryimage\"},\"image\":{\"@id\":\"https:\/\/portaltela.pt\/noticias\/2026\/03\/30\/sintra-inaugura-cantina-social-para-mais-de-600-pessoas-na-tapada-das-merces\/#primaryimage\"},\"thumbnailUrl\":\"https:\/\/portaltela.pt\/s.01k8rhncp4jt1\/2026\/03\/2077436.jpg\",\"datePublished\":\"2026-03-30T10:47:01+00:00\",\"author\":{\"@id\":\"https:\/\/portaltela.pt\/#\/schema\/person\/c4278d4a6028830caff9ee44b42d32ed\"},\"breadcrumb\":{\"@id\":\"https:\/\/portaltela.pt\/noticias\/2026\/03\/30\/sintra-inaugura-cantina-social-para-mais-de-600-pessoas-na-tapada-das-merces\/#breadcrumb\"},\"inLanguage\":\"pt-PT\",\"potentialAction\":[{\"@type\":\"ReadAction\",\"target\":[\"https:\/\/portaltela.pt\/noticias\/2026\/03\/30\/sintra-inaugura-cantina-social-para-mais-de-600-pessoas-na-tapada-das-merces\/\"]}]},{\"@type\":\"ImageObject\",\"inLanguage\":\"pt-PT\",\"@id\":\"https:\/\/portaltela.pt\/noticias\/2026\/03\/30\/sintra-inaugura-cantina-social-para-mais-de-600-pessoas-na-tapada-das-merces\/#primaryimage\",\"url\":\"https:\/\/portaltela.pt\/s.01k8rhncp4jt1\/2026\/03\/2077436.jpg\",\"contentUrl\":\"https:\/\/portaltela.pt\/s.01k8rhncp4jt1\/2026\/03\/2077436.jpg\",\"width\":796,\"height\":448,\"caption\":\"Espa\u00e7o na Tapada das Merc\u00eas dever\u00e1 abrir em Abril\"},{\"@type\":\"BreadcrumbList\",\"@id\":\"https:\/\/portaltela.pt\/noticias\/2026\/03\/30\/sintra-inaugura-cantina-social-para-mais-de-600-pessoas-na-tapada-das-merces\/#breadcrumb\",\"itemListElement\":[{\"@type\":\"ListItem\",\"position\":1,\"name\":\"In\u00edcio\",\"item\":\"https:\/\/portaltela.pt\/\"},{\"@type\":\"ListItem\",\"position\":2,\"name\":\"Sintra inaugura cantina social para mais de 600 pessoas na Tapada das Merc\u00eas\"}]},{\"@type\":\"WebSite\",\"@id\":\"https:\/\/portaltela.pt\/#website\",\"url\":\"https:\/\/portaltela.pt\/\",\"name\":\"Portal Tela Portugal\",\"description\":\"\",\"potentialAction\":[{\"@type\":\"SearchAction\",\"target\":{\"@type\":\"EntryPoint\",\"urlTemplate\":\"https:\/\/portaltela.pt\/?s={search_term_string}\"},\"query-input\":{\"@type\":\"PropertyValueSpecification\",\"valueRequired\":true,\"valueName\":\"search_term_string\"}}],\"inLanguage\":\"pt-PT\"},{\"@type\":\"Person\",\"@id\":\"https:\/\/portaltela.pt\/#\/schema\/person\/c4278d4a6028830caff9ee44b42d32ed\",\"name\":\"Telinha\",\"image\":{\"@type\":\"ImageObject\",\"inLanguage\":\"pt-PT\",\"@id\":\"https:\/\/portaltela.pt\/s.01k8rhncp4jt1\/2025\/11\/talking-bot-125x125.png\",\"url\":\"https:\/\/portaltela.pt\/s.01k8rhncp4jt1\/2025\/11\/talking-bot-125x125.png\",\"contentUrl\":\"https:\/\/portaltela.pt\/s.01k8rhncp4jt1\/2025\/11\/talking-bot-125x125.png\",\"caption\":\"Telinha\"},\"sameAs\":[\"https:\/\/portaltela.pt\/\"],\"url\":\"https:\/\/portaltela.pt\/por\/367410592786\/\"}]}<\/script>\n<!-- \/ Yoast SEO plugin. -->","yoast_head_json":{"title":"Sintra inaugura cantina social para mais de 600 pessoas na Tapada das Merc\u00eas - Portal Tela Portugal","robots":{"index":"index","follow":"follow","max-snippet":"max-snippet:-1","max-image-preview":"max-image-preview:large","max-video-preview":"max-video-preview:-1"},"og_locale":"pt_PT","og_type":"article","og_title":"Sintra inaugura cantina social para mais de 600 pessoas na Tapada das Merc\u00eas - Portal Tela Portugal","og_description":"Nova cantina social na Tapada das Merc\u00eas, em Algueir\u00e3o-Mem Martins, com capacidade para mais de seiscentas pessoas. Financiada a cem por cento pelo Plano de Recupera\u00e7\u00e3o e Resili\u00eancia (PRR); investimento de cerca de \u20ac 302.493. Parceria entre a Funda\u00e7\u00e3o Isl\u00e2mica de Palmela e a Associa\u00e7\u00e3o da Comunidade Isl\u00e2mica da Tapada das Merc\u00eas e Mem Martins (ACITMMM); inaugurada no in\u00edcio de mar\u00e7o. Espa\u00e7o dever\u00e1 abrir em abril e funciona tamb\u00e9m como refeit\u00f3rio escolar, servindo refei\u00e7\u00f5es a residentes em situa\u00e7\u00e3o de car\u00eancia. J\u00e1 existem cerca de quinhentas inscri\u00e7\u00f5es, e o equipamento integra a Estrat\u00e9gia Local de Algueir\u00e3o-Mem Martins, com perspetiva de futuras parcerias no concelho.","og_url":"https:\/\/portaltela.pt\/noticias\/2026\/03\/30\/sintra-inaugura-cantina-social-para-mais-de-600-pessoas-na-tapada-das-merces\/","og_site_name":"Portal Tela Portugal","article_published_time":"2026-03-30T10:47:01+00:00","author":"Telinha","twitter_card":"summary_large_image","twitter_misc":{"Escrito por":"Telinha","Tempo estimado de leitura":"2 minutos"},"schema":{"@context":"https:\/\/schema.org","@graph":[{"@type":"Article","@id":"https:\/\/portaltela.pt\/noticias\/2026\/03\/30\/sintra-inaugura-cantina-social-para-mais-de-600-pessoas-na-tapada-das-merces\/#article","isPartOf":{"@id":"https:\/\/portaltela.pt\/noticias\/2026\/03\/30\/sintra-inaugura-cantina-social-para-mais-de-600-pessoas-na-tapada-das-merces\/"},"author":{"name":"Telinha","@id":"https:\/\/portaltela.pt\/#\/schema\/person\/c4278d4a6028830caff9ee44b42d32ed"},"headline":"Sintra inaugura cantina social para mais de 600 pessoas na Tapada das Merc\u00eas","datePublished":"2026-03-30T10:47:01+00:00","mainEntityOfPage":{"@id":"https:\/\/portaltela.pt\/noticias\/2026\/03\/30\/sintra-inaugura-cantina-social-para-mais-de-600-pessoas-na-tapada-das-merces\/"},"wordCount":353,"image":{"@id":"https:\/\/portaltela.pt\/noticias\/2026\/03\/30\/sintra-inaugura-cantina-social-para-mais-de-600-pessoas-na-tapada-das-merces\/#primaryimage"},"thumbnailUrl":"https:\/\/portaltela.pt\/s.01k8rhncp4jt1\/2026\/03\/2077436.jpg","keywords":["alimenta\u00e7\u00e3o","Apoio Social","comunidade","educa\u00e7\u00e3o","prote\u00e7\u00e3o alimentar","Sintra"],"articleSection":["Sa\u00fade","Sociedade"],"inLanguage":"pt-PT"},{"@type":"WebPage","@id":"https:\/\/portaltela.pt\/noticias\/2026\/03\/30\/sintra-inaugura-cantina-social-para-mais-de-600-pessoas-na-tapada-das-merces\/","url":"https:\/\/portaltela.pt\/noticias\/2026\/03\/30\/sintra-inaugura-cantina-social-para-mais-de-600-pessoas-na-tapada-das-merces\/","name":"Sintra inaugura cantina social para mais de 600 pessoas na Tapada das Merc\u00eas - Portal Tela Portugal","isPartOf":{"@id":"https:\/\/portaltela.pt\/#website"},"primaryImageOfPage":{"@id":"https:\/\/portaltela.pt\/noticias\/2026\/03\/30\/sintra-inaugura-cantina-social-para-mais-de-600-pessoas-na-tapada-das-merces\/#primaryimage"},"image":{"@id":"https:\/\/portaltela.pt\/noticias\/2026\/03\/30\/sintra-inaugura-cantina-social-para-mais-de-600-pessoas-na-tapada-das-merces\/#primaryimage"},"thumbnailUrl":"https:\/\/portaltela.pt\/s.01k8rhncp4jt1\/2026\/03\/2077436.jpg","datePublished":"2026-03-30T10:47:01+00:00","author":{"@id":"https:\/\/portaltela.pt\/#\/schema\/person\/c4278d4a6028830caff9ee44b42d32ed"},"breadcrumb":{"@id":"https:\/\/portaltela.pt\/noticias\/2026\/03\/30\/sintra-inaugura-cantina-social-para-mais-de-600-pessoas-na-tapada-das-merces\/#breadcrumb"},"inLanguage":"pt-PT","potentialAction":[{"@type":"ReadAction","target":["https:\/\/portaltela.pt\/noticias\/2026\/03\/30\/sintra-inaugura-cantina-social-para-mais-de-600-pessoas-na-tapada-das-merces\/"]}]},{"@type":"ImageObject","inLanguage":"pt-PT","@id":"https:\/\/portaltela.pt\/noticias\/2026\/03\/30\/sintra-inaugura-cantina-social-para-mais-de-600-pessoas-na-tapada-das-merces\/#primaryimage","url":"https:\/\/portaltela.pt\/s.01k8rhncp4jt1\/2026\/03\/2077436.jpg","contentUrl":"https:\/\/portaltela.pt\/s.01k8rhncp4jt1\/2026\/03\/2077436.jpg","width":796,"height":448,"caption":"Espa\u00e7o na Tapada das Merc\u00eas dever\u00e1 abrir em Abril"},{"@type":"BreadcrumbList","@id":"https:\/\/portaltela.pt\/noticias\/2026\/03\/30\/sintra-inaugura-cantina-social-para-mais-de-600-pessoas-na-tapada-das-merces\/#breadcrumb","itemListElement":[{"@type":"ListItem","position":1,"name":"In\u00edcio","item":"https:\/\/portaltela.pt\/"},{"@type":"ListItem","position":2,"name":"Sintra inaugura cantina social para mais de 600 pessoas na Tapada das Merc\u00eas"}]},{"@type":"WebSite","@id":"https:\/\/portaltela.pt\/#website","url":"https:\/\/portaltela.pt\/","name":"Portal Tela Portugal","description":"","potentialAction":[{"@type":"SearchAction","target":{"@type":"EntryPoint","urlTemplate":"https:\/\/portaltela.pt\/?s={search_term_string}"},"query-input":{"@type":"PropertyValueSpecification","valueRequired":true,"valueName":"search_term_string"}}],"inLanguage":"pt-PT"},{"@type":"Person","@id":"https:\/\/portaltela.pt\/#\/schema\/person\/c4278d4a6028830caff9ee44b42d32ed","name":"Telinha","image":{"@type":"ImageObject","inLanguage":"pt-PT","@id":"https:\/\/portaltela.pt\/s.01k8rhncp4jt1\/2025\/11\/talking-bot-125x125.png","url":"https:\/\/portaltela.pt\/s.01k8rhncp4jt1\/2025\/11\/talking-bot-125x125.png","contentUrl":"https:\/\/portaltela.pt\/s.01k8rhncp4jt1\/2025\/11\/talking-bot-125x125.png","caption":"Telinha"},"sameAs":["https:\/\/portaltela.pt\/"],"url":"https:\/\/portaltela.pt\/por\/367410592786\/"}]}},"_links":{"self":[{"href":"https:\/\/portaltela.pt\/api\/wp\/v2\/posts\/426775","targetHints":{"allow":["GET"]}}],"collection":[{"href":"https:\/\/portaltela.pt\/api\/wp\/v2\/posts"}],"about":[{"href":"https:\/\/portaltela.pt\/api\/wp\/v2\/types\/post"}],"author":[{"embeddable":true,"href":"https:\/\/portaltela.pt\/api\/wp\/v2\/users\/2"}],"replies":[{"embeddable":true,"href":"https:\/\/portaltela.pt\/api\/wp\/v2\/comments?post=426775"}],"version-history":[{"count":0,"href":"https:\/\/portaltela.pt\/api\/wp\/v2\/posts\/426775\/revisions"}],"wp:featuredmedia":[{"embeddable":true,"href":"https:\/\/portaltela.pt\/api\/wp\/v2\/media\/426779"}],"wp:attachment":[{"href":"https:\/\/portaltela.pt\/api\/wp\/v2\/media?parent=426775"}],"wp:term":[{"taxonomy":"category","embeddable":true,"href":"https:\/\/portaltela.pt\/api\/wp\/v2\/categories?post=426775"},{"taxonomy":"post_tag","embeddable":true,"href":"https:\/\/portaltela.pt\/api\/wp\/v2\/tags?post=426775"}],"curies":[{"name":"wp","href":"https:\/\/api.w.org\/{rel}","templated":true}]}}