{"id":426765,"date":"2026-03-30T07:32:26","date_gmt":"2026-03-30T10:32:26","guid":{"rendered":"https:\/\/portaltela.pt\/noticias\/2026\/03\/30\/mundial-de-surf-arranca-com-dupla-portuguesa-e-regresso-de-pesos-pesados\/"},"modified":"2026-03-30T07:32:26","modified_gmt":"2026-03-30T10:32:26","slug":"mundial-de-surf-arranca-com-dupla-portuguesa-e-regresso-de-pesos-pesados","status":"publish","type":"post","link":"https:\/\/portaltela.pt\/desporto\/futebol\/2026\/03\/30\/mundial-de-surf-arranca-com-dupla-portuguesa-e-regresso-de-pesos-pesados\/","title":{"rendered":"Mundial de surf arranca com dupla portuguesa e regresso de pesos-pesados"},"content":{"rendered":"<p>O circuito principal da Liga Mundial de Surf (WSL) inicia esta ter\u00e7a-feira na Austr\u00e1lia, com mudan\u00e7as no formato e o regresso de pesos pesados. A temporada marca a estreia de surfistas portuguesas no Championship Tour (CT) feminino.<\/p>\n<p>Pela primeira vez, Portugal est\u00e1 representado no CT feminino, com Yolanda Hopkins e Francisca Veselko a ocupar dois dos sete lugares dispon\u00edveis para as atletas que sobem ao quadro principal em 2026. Hopkins ficou em segundo, Veselko em quinto no ranking CS.<\/p>\n<p>A competi\u00e7\u00e3o regressa a um formato mais tradicional de pontos, com a final prevista para Pipeline, no Havai. O circuito feminino abre em Bells Beach, mantendo o calend\u00e1rio com v\u00e1rias provas internacionais ao longo do ano.<\/p>\n<h3>Participantes em destaque<\/h3>\n<p>Entre as novidades, surge a jovem francesa Tya Zebrowski, de 15 anos, que venceu as CS e tornou-se na mais nova atleta a subir ao CT. A Fran\u00e7a soma uma promessa na elite, acompanhada por nomes hist\u00f3ricos do surf.<\/p>\n<p>No lote masculino, a maioria das vagas ficou com atletas australianos, com cinco de 10. Kauli Vaast, campe\u00e3o ol\u00edmpico em Paris 2024, estreia no CT. Voltam veteranos como Morgan Cibilic, Callum Robson e Liam O\u2019Brien, acrescentando experi\u00eancia ao quadro.<\/p>\n<p>Outras presen\u00e7as relevantes incluem Samuel Pupo (Brasil), Mateus Herdy (Brasil), Eli Hanneman (Havai) e Luke Thompson (\u00c1frica do Sul). O regresso de Gabriel Medina, tricampe\u00e3o mundial, tamb\u00e9m desperta grande aten\u00e7\u00e3o, ap\u00f3s a aus\u00eancia de John John Florence.<\/p>\n<h3>Formato e calend\u00e1rio<\/h3>\n<p>A nova \u00e9poca mant\u00e9m provas em Portugal, com a etapa de Peniche prevista para outubro, depois de passagens por Bells Beach, Margaret River e Gold Coast. O campe\u00e3o mundial disputar\u00e1 a\u00e7\u00f5es ao longo de v\u00e1rias etapas, at\u00e9 a decis\u00e3o final em territ\u00f3rio americano.<\/p>\n","protected":false},"excerpt":{"rendered":"<ul>\n<li>O circuito principal da Liga Mundial de Surf arranca na Austr\u00e1lia na ter\u00e7a-feira, com mudan\u00e7as no formato e uma nova \u00e9poca que traz regressos e estreias.<\/li>\n<li>Pela primeira vez Portugal est\u00e1 representado no quadro feminino do Championship Tour, com Yolanda Hopkins e Francisca Veselko a ocupar dois dos sete lugares dispon\u00edveis.<\/li>\n<li>Entre as estreantes, a francesa Tya Zebrowski, com apenas 15 anos, venceu as Challenger Series e garantiu passagem para o CT.<\/li>\n<li>No feminino entram ainda veteranas como Sally Fitzgibbons, Alyssa Spencer, Nadia Erostarbe e Anat Lelior; no masculino, os australianos dominaram as vagas, com Kauli Vaast a estrear-se pela primeira vez na Champions, ap\u00f3s vencer a CS.<\/li>\n<li>Regresso de figuras lend\u00e1rias: Stephanie Gilmore, Carissa Moore e o regresso de Gabriel Medina, enquanto John John Florence n\u00e3o participa este ano.<\/li>\n<\/ul>\n","protected":false},"author":2,"featured_media":426766,"comment_status":"closed","ping_status":"closed","sticky":false,"template":"","format":"standard","meta":{"footnotes":""},"categories":[21,24],"tags":[152,2619,1242,81,4747,1014],"class_list":["post-426765","post","type-post","status-publish","format-standard","has-post-thumbnail","hentry","category-desporto","category-futebol","tag-desporto","tag-desportos-internacionais","tag-feminino","tag-internacionais","tag-peniche","tag-portugal"],"yoast_head":"<!-- This site is optimized with the Yoast SEO plugin v27.2 - https:\/\/yoast.com\/product\/yoast-seo-wordpress\/ -->\n<title>Mundial de surf arranca com dupla portuguesa e regresso de pesos-pesados - Portal Tela Portugal<\/title>\n<meta name=\"robots\" content=\"index, follow, max-snippet:-1, max-image-preview:large, max-video-preview:-1\" \/>\n<meta property=\"og:locale\" content=\"pt_PT\" \/>\n<meta property=\"og:type\" content=\"article\" \/>\n<meta property=\"og:title\" content=\"Mundial de surf arranca com dupla portuguesa e regresso de pesos-pesados - Portal Tela Portugal\" \/>\n<meta property=\"og:description\" content=\"O circuito principal da Liga Mundial de Surf arranca na Austr\u00e1lia na ter\u00e7a-feira, com mudan\u00e7as no formato e uma nova \u00e9poca que traz regressos e estreias. Pela primeira vez Portugal est\u00e1 representado no quadro feminino do Championship Tour, com Yolanda Hopkins e Francisca Veselko a ocupar dois dos sete lugares dispon\u00edveis. Entre as estreantes, a francesa Tya Zebrowski, com apenas 15 anos, venceu as Challenger Series e garantiu passagem para o CT. No feminino entram ainda veteranas como Sally Fitzgibbons, Alyssa Spencer, Nadia Erostarbe e Anat Lelior; no masculino, os australianos dominaram as vagas, com Kauli Vaast a estrear-se pela primeira vez na Champions, ap\u00f3s vencer a CS. Regresso de figuras lend\u00e1rias: Stephanie Gilmore, Carissa Moore e o regresso de Gabriel Medina, enquanto John John Florence n\u00e3o participa este ano.\" \/>\n<meta property=\"og:url\" content=\"https:\/\/portaltela.pt\/noticias\/2026\/03\/30\/mundial-de-surf-arranca-com-dupla-portuguesa-e-regresso-de-pesos-pesados\/\" \/>\n<meta property=\"og:site_name\" content=\"Portal Tela Portugal\" \/>\n<meta property=\"article:published_time\" content=\"2026-03-30T10:32:26+00:00\" \/>\n<meta name=\"author\" content=\"Telinha\" \/>\n<meta name=\"twitter:card\" content=\"summary_large_image\" \/>\n<meta name=\"twitter:label1\" content=\"Escrito por\" \/>\n\t<meta name=\"twitter:data1\" content=\"Telinha\" \/>\n\t<meta name=\"twitter:label2\" content=\"Tempo estimado de leitura\" \/>\n\t<meta name=\"twitter:data2\" content=\"2 minutos\" \/>\n<script type=\"application\/ld+json\" class=\"yoast-schema-graph\">{\"@context\":\"https:\/\/schema.org\",\"@graph\":[{\"@type\":\"Article\",\"@id\":\"https:\/\/portaltela.pt\/noticias\/2026\/03\/30\/mundial-de-surf-arranca-com-dupla-portuguesa-e-regresso-de-pesos-pesados\/#article\",\"isPartOf\":{\"@id\":\"https:\/\/portaltela.pt\/noticias\/2026\/03\/30\/mundial-de-surf-arranca-com-dupla-portuguesa-e-regresso-de-pesos-pesados\/\"},\"author\":{\"name\":\"Telinha\",\"@id\":\"https:\/\/portaltela.pt\/#\/schema\/person\/c4278d4a6028830caff9ee44b42d32ed\"},\"headline\":\"Mundial de surf arranca com dupla portuguesa e regresso de pesos-pesados\",\"datePublished\":\"2026-03-30T10:32:26+00:00\",\"mainEntityOfPage\":{\"@id\":\"https:\/\/portaltela.pt\/noticias\/2026\/03\/30\/mundial-de-surf-arranca-com-dupla-portuguesa-e-regresso-de-pesos-pesados\/\"},\"wordCount\":312,\"image\":{\"@id\":\"https:\/\/portaltela.pt\/noticias\/2026\/03\/30\/mundial-de-surf-arranca-com-dupla-portuguesa-e-regresso-de-pesos-pesados\/#primaryimage\"},\"thumbnailUrl\":\"https:\/\/portaltela.pt\/s.01k8rhncp4jt1\/2026\/03\/image-1789.jpg\",\"keywords\":[\"desporto\",\"desportos internacionais\",\"feminino\",\"internacionais\",\"Peniche\",\"Portugal\"],\"articleSection\":[\"Desporto\",\"Futebol\"],\"inLanguage\":\"pt-PT\"},{\"@type\":\"WebPage\",\"@id\":\"https:\/\/portaltela.pt\/noticias\/2026\/03\/30\/mundial-de-surf-arranca-com-dupla-portuguesa-e-regresso-de-pesos-pesados\/\",\"url\":\"https:\/\/portaltela.pt\/noticias\/2026\/03\/30\/mundial-de-surf-arranca-com-dupla-portuguesa-e-regresso-de-pesos-pesados\/\",\"name\":\"Mundial de surf arranca com dupla portuguesa e regresso de pesos-pesados - Portal Tela Portugal\",\"isPartOf\":{\"@id\":\"https:\/\/portaltela.pt\/#website\"},\"primaryImageOfPage\":{\"@id\":\"https:\/\/portaltela.pt\/noticias\/2026\/03\/30\/mundial-de-surf-arranca-com-dupla-portuguesa-e-regresso-de-pesos-pesados\/#primaryimage\"},\"image\":{\"@id\":\"https:\/\/portaltela.pt\/noticias\/2026\/03\/30\/mundial-de-surf-arranca-com-dupla-portuguesa-e-regresso-de-pesos-pesados\/#primaryimage\"},\"thumbnailUrl\":\"https:\/\/portaltela.pt\/s.01k8rhncp4jt1\/2026\/03\/image-1789.jpg\",\"datePublished\":\"2026-03-30T10:32:26+00:00\",\"author\":{\"@id\":\"https:\/\/portaltela.pt\/#\/schema\/person\/c4278d4a6028830caff9ee44b42d32ed\"},\"breadcrumb\":{\"@id\":\"https:\/\/portaltela.pt\/noticias\/2026\/03\/30\/mundial-de-surf-arranca-com-dupla-portuguesa-e-regresso-de-pesos-pesados\/#breadcrumb\"},\"inLanguage\":\"pt-PT\",\"potentialAction\":[{\"@type\":\"ReadAction\",\"target\":[\"https:\/\/portaltela.pt\/noticias\/2026\/03\/30\/mundial-de-surf-arranca-com-dupla-portuguesa-e-regresso-de-pesos-pesados\/\"]}]},{\"@type\":\"ImageObject\",\"inLanguage\":\"pt-PT\",\"@id\":\"https:\/\/portaltela.pt\/noticias\/2026\/03\/30\/mundial-de-surf-arranca-com-dupla-portuguesa-e-regresso-de-pesos-pesados\/#primaryimage\",\"url\":\"https:\/\/portaltela.pt\/s.01k8rhncp4jt1\/2026\/03\/image-1789.jpg\",\"contentUrl\":\"https:\/\/portaltela.pt\/s.01k8rhncp4jt1\/2026\/03\/image-1789.jpg\",\"width\":796,\"height\":448,\"caption\":\"A ol\u00edmpica Yolanda Hopkins conquistou uma vaga na elite, a par de Francisca Veselko\"},{\"@type\":\"BreadcrumbList\",\"@id\":\"https:\/\/portaltela.pt\/noticias\/2026\/03\/30\/mundial-de-surf-arranca-com-dupla-portuguesa-e-regresso-de-pesos-pesados\/#breadcrumb\",\"itemListElement\":[{\"@type\":\"ListItem\",\"position\":1,\"name\":\"In\u00edcio\",\"item\":\"https:\/\/portaltela.pt\/\"},{\"@type\":\"ListItem\",\"position\":2,\"name\":\"Mundial de surf arranca com dupla portuguesa e regresso de pesos-pesados\"}]},{\"@type\":\"WebSite\",\"@id\":\"https:\/\/portaltela.pt\/#website\",\"url\":\"https:\/\/portaltela.pt\/\",\"name\":\"Portal Tela Portugal\",\"description\":\"\",\"potentialAction\":[{\"@type\":\"SearchAction\",\"target\":{\"@type\":\"EntryPoint\",\"urlTemplate\":\"https:\/\/portaltela.pt\/?s={search_term_string}\"},\"query-input\":{\"@type\":\"PropertyValueSpecification\",\"valueRequired\":true,\"valueName\":\"search_term_string\"}}],\"inLanguage\":\"pt-PT\"},{\"@type\":\"Person\",\"@id\":\"https:\/\/portaltela.pt\/#\/schema\/person\/c4278d4a6028830caff9ee44b42d32ed\",\"name\":\"Telinha\",\"image\":{\"@type\":\"ImageObject\",\"inLanguage\":\"pt-PT\",\"@id\":\"https:\/\/portaltela.pt\/s.01k8rhncp4jt1\/2025\/11\/talking-bot-125x125.png\",\"url\":\"https:\/\/portaltela.pt\/s.01k8rhncp4jt1\/2025\/11\/talking-bot-125x125.png\",\"contentUrl\":\"https:\/\/portaltela.pt\/s.01k8rhncp4jt1\/2025\/11\/talking-bot-125x125.png\",\"caption\":\"Telinha\"},\"sameAs\":[\"https:\/\/portaltela.pt\/\"],\"url\":\"https:\/\/portaltela.pt\/por\/367410592786\/\"}]}<\/script>\n<!-- \/ Yoast SEO plugin. -->","yoast_head_json":{"title":"Mundial de surf arranca com dupla portuguesa e regresso de pesos-pesados - Portal Tela Portugal","robots":{"index":"index","follow":"follow","max-snippet":"max-snippet:-1","max-image-preview":"max-image-preview:large","max-video-preview":"max-video-preview:-1"},"og_locale":"pt_PT","og_type":"article","og_title":"Mundial de surf arranca com dupla portuguesa e regresso de pesos-pesados - Portal Tela Portugal","og_description":"O circuito principal da Liga Mundial de Surf arranca na Austr\u00e1lia na ter\u00e7a-feira, com mudan\u00e7as no formato e uma nova \u00e9poca que traz regressos e estreias. Pela primeira vez Portugal est\u00e1 representado no quadro feminino do Championship Tour, com Yolanda Hopkins e Francisca Veselko a ocupar dois dos sete lugares dispon\u00edveis. Entre as estreantes, a francesa Tya Zebrowski, com apenas 15 anos, venceu as Challenger Series e garantiu passagem para o CT. No feminino entram ainda veteranas como Sally Fitzgibbons, Alyssa Spencer, Nadia Erostarbe e Anat Lelior; no masculino, os australianos dominaram as vagas, com Kauli Vaast a estrear-se pela primeira vez na Champions, ap\u00f3s vencer a CS. Regresso de figuras lend\u00e1rias: Stephanie Gilmore, Carissa Moore e o regresso de Gabriel Medina, enquanto John John Florence n\u00e3o participa este ano.","og_url":"https:\/\/portaltela.pt\/noticias\/2026\/03\/30\/mundial-de-surf-arranca-com-dupla-portuguesa-e-regresso-de-pesos-pesados\/","og_site_name":"Portal Tela Portugal","article_published_time":"2026-03-30T10:32:26+00:00","author":"Telinha","twitter_card":"summary_large_image","twitter_misc":{"Escrito por":"Telinha","Tempo estimado de leitura":"2 minutos"},"schema":{"@context":"https:\/\/schema.org","@graph":[{"@type":"Article","@id":"https:\/\/portaltela.pt\/noticias\/2026\/03\/30\/mundial-de-surf-arranca-com-dupla-portuguesa-e-regresso-de-pesos-pesados\/#article","isPartOf":{"@id":"https:\/\/portaltela.pt\/noticias\/2026\/03\/30\/mundial-de-surf-arranca-com-dupla-portuguesa-e-regresso-de-pesos-pesados\/"},"author":{"name":"Telinha","@id":"https:\/\/portaltela.pt\/#\/schema\/person\/c4278d4a6028830caff9ee44b42d32ed"},"headline":"Mundial de surf arranca com dupla portuguesa e regresso de pesos-pesados","datePublished":"2026-03-30T10:32:26+00:00","mainEntityOfPage":{"@id":"https:\/\/portaltela.pt\/noticias\/2026\/03\/30\/mundial-de-surf-arranca-com-dupla-portuguesa-e-regresso-de-pesos-pesados\/"},"wordCount":312,"image":{"@id":"https:\/\/portaltela.pt\/noticias\/2026\/03\/30\/mundial-de-surf-arranca-com-dupla-portuguesa-e-regresso-de-pesos-pesados\/#primaryimage"},"thumbnailUrl":"https:\/\/portaltela.pt\/s.01k8rhncp4jt1\/2026\/03\/image-1789.jpg","keywords":["desporto","desportos internacionais","feminino","internacionais","Peniche","Portugal"],"articleSection":["Desporto","Futebol"],"inLanguage":"pt-PT"},{"@type":"WebPage","@id":"https:\/\/portaltela.pt\/noticias\/2026\/03\/30\/mundial-de-surf-arranca-com-dupla-portuguesa-e-regresso-de-pesos-pesados\/","url":"https:\/\/portaltela.pt\/noticias\/2026\/03\/30\/mundial-de-surf-arranca-com-dupla-portuguesa-e-regresso-de-pesos-pesados\/","name":"Mundial de surf arranca com dupla portuguesa e regresso de pesos-pesados - Portal Tela Portugal","isPartOf":{"@id":"https:\/\/portaltela.pt\/#website"},"primaryImageOfPage":{"@id":"https:\/\/portaltela.pt\/noticias\/2026\/03\/30\/mundial-de-surf-arranca-com-dupla-portuguesa-e-regresso-de-pesos-pesados\/#primaryimage"},"image":{"@id":"https:\/\/portaltela.pt\/noticias\/2026\/03\/30\/mundial-de-surf-arranca-com-dupla-portuguesa-e-regresso-de-pesos-pesados\/#primaryimage"},"thumbnailUrl":"https:\/\/portaltela.pt\/s.01k8rhncp4jt1\/2026\/03\/image-1789.jpg","datePublished":"2026-03-30T10:32:26+00:00","author":{"@id":"https:\/\/portaltela.pt\/#\/schema\/person\/c4278d4a6028830caff9ee44b42d32ed"},"breadcrumb":{"@id":"https:\/\/portaltela.pt\/noticias\/2026\/03\/30\/mundial-de-surf-arranca-com-dupla-portuguesa-e-regresso-de-pesos-pesados\/#breadcrumb"},"inLanguage":"pt-PT","potentialAction":[{"@type":"ReadAction","target":["https:\/\/portaltela.pt\/noticias\/2026\/03\/30\/mundial-de-surf-arranca-com-dupla-portuguesa-e-regresso-de-pesos-pesados\/"]}]},{"@type":"ImageObject","inLanguage":"pt-PT","@id":"https:\/\/portaltela.pt\/noticias\/2026\/03\/30\/mundial-de-surf-arranca-com-dupla-portuguesa-e-regresso-de-pesos-pesados\/#primaryimage","url":"https:\/\/portaltela.pt\/s.01k8rhncp4jt1\/2026\/03\/image-1789.jpg","contentUrl":"https:\/\/portaltela.pt\/s.01k8rhncp4jt1\/2026\/03\/image-1789.jpg","width":796,"height":448,"caption":"A ol\u00edmpica Yolanda Hopkins conquistou uma vaga na elite, a par de Francisca Veselko"},{"@type":"BreadcrumbList","@id":"https:\/\/portaltela.pt\/noticias\/2026\/03\/30\/mundial-de-surf-arranca-com-dupla-portuguesa-e-regresso-de-pesos-pesados\/#breadcrumb","itemListElement":[{"@type":"ListItem","position":1,"name":"In\u00edcio","item":"https:\/\/portaltela.pt\/"},{"@type":"ListItem","position":2,"name":"Mundial de surf arranca com dupla portuguesa e regresso de pesos-pesados"}]},{"@type":"WebSite","@id":"https:\/\/portaltela.pt\/#website","url":"https:\/\/portaltela.pt\/","name":"Portal Tela Portugal","description":"","potentialAction":[{"@type":"SearchAction","target":{"@type":"EntryPoint","urlTemplate":"https:\/\/portaltela.pt\/?s={search_term_string}"},"query-input":{"@type":"PropertyValueSpecification","valueRequired":true,"valueName":"search_term_string"}}],"inLanguage":"pt-PT"},{"@type":"Person","@id":"https:\/\/portaltela.pt\/#\/schema\/person\/c4278d4a6028830caff9ee44b42d32ed","name":"Telinha","image":{"@type":"ImageObject","inLanguage":"pt-PT","@id":"https:\/\/portaltela.pt\/s.01k8rhncp4jt1\/2025\/11\/talking-bot-125x125.png","url":"https:\/\/portaltela.pt\/s.01k8rhncp4jt1\/2025\/11\/talking-bot-125x125.png","contentUrl":"https:\/\/portaltela.pt\/s.01k8rhncp4jt1\/2025\/11\/talking-bot-125x125.png","caption":"Telinha"},"sameAs":["https:\/\/portaltela.pt\/"],"url":"https:\/\/portaltela.pt\/por\/367410592786\/"}]}},"_links":{"self":[{"href":"https:\/\/portaltela.pt\/api\/wp\/v2\/posts\/426765","targetHints":{"allow":["GET"]}}],"collection":[{"href":"https:\/\/portaltela.pt\/api\/wp\/v2\/posts"}],"about":[{"href":"https:\/\/portaltela.pt\/api\/wp\/v2\/types\/post"}],"author":[{"embeddable":true,"href":"https:\/\/portaltela.pt\/api\/wp\/v2\/users\/2"}],"replies":[{"embeddable":true,"href":"https:\/\/portaltela.pt\/api\/wp\/v2\/comments?post=426765"}],"version-history":[{"count":0,"href":"https:\/\/portaltela.pt\/api\/wp\/v2\/posts\/426765\/revisions"}],"wp:featuredmedia":[{"embeddable":true,"href":"https:\/\/portaltela.pt\/api\/wp\/v2\/media\/426766"}],"wp:attachment":[{"href":"https:\/\/portaltela.pt\/api\/wp\/v2\/media?parent=426765"}],"wp:term":[{"taxonomy":"category","embeddable":true,"href":"https:\/\/portaltela.pt\/api\/wp\/v2\/categories?post=426765"},{"taxonomy":"post_tag","embeddable":true,"href":"https:\/\/portaltela.pt\/api\/wp\/v2\/tags?post=426765"}],"curies":[{"name":"wp","href":"https:\/\/api.w.org\/{rel}","templated":true}]}}