{"id":426760,"date":"2026-03-30T07:32:11","date_gmt":"2026-03-30T10:32:11","guid":{"rendered":"https:\/\/portaltela.pt\/noticias\/2026\/03\/30\/pj-soube-desde-janeiro-onde-se-escondia-a-enfermeira-assassina\/"},"modified":"2026-03-30T07:32:11","modified_gmt":"2026-03-30T10:32:11","slug":"pj-soube-desde-janeiro-onde-se-escondia-a-enfermeira-assassina","status":"publish","type":"post","link":"https:\/\/portaltela.pt\/justica\/2026\/03\/30\/pj-soube-desde-janeiro-onde-se-escondia-a-enfermeira-assassina\/","title":{"rendered":"PJ soube desde janeiro onde se escondia a enfermeira assassina"},"content":{"rendered":"<p>A Pol\u00edcia Judici\u00e1ria (PJ) sabia desde janeiro onde se escondia a enfermeira acusada de assassinato, Mariana Fonseca. A informa\u00e7\u00e3o foi confirmada pela investiga\u00e7\u00e3o em curso.<\/p>\n<p>De acordo com fontes oficiais, a PJ monitorizava os passos da suspeita e delineou um caminho para a localiza\u00e7\u00e3o. A atividade ocorreu antes de qualquer deten\u00e7\u00e3o formal.<\/p>\n<p>Mariana Fonseca foi detida pela Interpol em mar\u00e7o, em coopera\u00e7\u00e3o com as autoridades nacionais. O caso permanece sob averigua\u00e7\u00e3o para esclarecer as circunst\u00e2ncias do crime.<\/p>\n","protected":false},"excerpt":{"rendered":"<ul>\n<li>A PJ sabia desde janeiro onde se escondia a enfermeira assassina, Mariana Fonseca.<\/li>\n<li>Mariana Fonseca tinha os passos estudados.<\/li>\n<li>Foi detida pela Interpol em mar\u00e7o.<\/li>\n<\/ul>\n","protected":false},"author":2,"featured_media":426761,"comment_status":"closed","ping_status":"closed","sticky":false,"template":"","format":"standard","meta":{"footnotes":""},"categories":[6907,6815],"tags":[147,1345,2711,217,1802],"class_list":["post-426760","post","type-post","status-publish","format-standard","has-post-thumbnail","hentry","category-crime","category-justica","tag-crime","tag-homicidio","tag-interpol","tag-investigacao-criminal","tag-policia-judiciaria"],"yoast_head":"<!-- This site is optimized with the Yoast SEO plugin v27.2 - https:\/\/yoast.com\/product\/yoast-seo-wordpress\/ -->\n<title>PJ soube desde janeiro onde se escondia a enfermeira assassina - Portal Tela Portugal<\/title>\n<meta name=\"robots\" content=\"index, follow, max-snippet:-1, max-image-preview:large, max-video-preview:-1\" \/>\n<meta property=\"og:locale\" content=\"pt_PT\" \/>\n<meta property=\"og:type\" content=\"article\" \/>\n<meta property=\"og:title\" content=\"PJ soube desde janeiro onde se escondia a enfermeira assassina - Portal Tela Portugal\" \/>\n<meta property=\"og:description\" content=\"A PJ sabia desde janeiro onde se escondia a enfermeira assassina, Mariana Fonseca. Mariana Fonseca tinha os passos estudados. Foi detida pela Interpol em mar\u00e7o.\" \/>\n<meta property=\"og:url\" content=\"https:\/\/portaltela.pt\/noticias\/2026\/03\/30\/pj-soube-desde-janeiro-onde-se-escondia-a-enfermeira-assassina\/\" \/>\n<meta property=\"og:site_name\" content=\"Portal Tela Portugal\" \/>\n<meta property=\"article:published_time\" content=\"2026-03-30T10:32:11+00:00\" \/>\n<meta name=\"author\" content=\"Telinha\" \/>\n<meta name=\"twitter:card\" content=\"summary_large_image\" \/>\n<meta name=\"twitter:label1\" content=\"Escrito por\" \/>\n\t<meta name=\"twitter:data1\" content=\"Telinha\" \/>\n<script type=\"application\/ld+json\" class=\"yoast-schema-graph\">{\"@context\":\"https:\/\/schema.org\",\"@graph\":[{\"@type\":\"Article\",\"@id\":\"https:\/\/portaltela.pt\/noticias\/2026\/03\/30\/pj-soube-desde-janeiro-onde-se-escondia-a-enfermeira-assassina\/#article\",\"isPartOf\":{\"@id\":\"https:\/\/portaltela.pt\/noticias\/2026\/03\/30\/pj-soube-desde-janeiro-onde-se-escondia-a-enfermeira-assassina\/\"},\"author\":{\"name\":\"Telinha\",\"@id\":\"https:\/\/portaltela.pt\/#\/schema\/person\/c4278d4a6028830caff9ee44b42d32ed\"},\"headline\":\"PJ soube desde janeiro onde se escondia a enfermeira assassina\",\"datePublished\":\"2026-03-30T10:32:11+00:00\",\"mainEntityOfPage\":{\"@id\":\"https:\/\/portaltela.pt\/noticias\/2026\/03\/30\/pj-soube-desde-janeiro-onde-se-escondia-a-enfermeira-assassina\/\"},\"wordCount\":97,\"image\":{\"@id\":\"https:\/\/portaltela.pt\/noticias\/2026\/03\/30\/pj-soube-desde-janeiro-onde-se-escondia-a-enfermeira-assassina\/#primaryimage\"},\"thumbnailUrl\":\"https:\/\/portaltela.pt\/s.01k8rhncp4jt1\/2026\/03\/img_1280x722uu2023-07-14-21-58-39-1395092.jpg\",\"keywords\":[\"crime\",\"homic\u00eddio\",\"Interpol\",\"investiga\u00e7\u00e3o criminal\",\"Pol\u00edcia Judici\u00e1ria\"],\"articleSection\":[\"Crime\",\"Justi\u00e7a\"],\"inLanguage\":\"pt-PT\"},{\"@type\":\"WebPage\",\"@id\":\"https:\/\/portaltela.pt\/noticias\/2026\/03\/30\/pj-soube-desde-janeiro-onde-se-escondia-a-enfermeira-assassina\/\",\"url\":\"https:\/\/portaltela.pt\/noticias\/2026\/03\/30\/pj-soube-desde-janeiro-onde-se-escondia-a-enfermeira-assassina\/\",\"name\":\"PJ soube desde janeiro onde se escondia a enfermeira assassina - Portal Tela Portugal\",\"isPartOf\":{\"@id\":\"https:\/\/portaltela.pt\/#website\"},\"primaryImageOfPage\":{\"@id\":\"https:\/\/portaltela.pt\/noticias\/2026\/03\/30\/pj-soube-desde-janeiro-onde-se-escondia-a-enfermeira-assassina\/#primaryimage\"},\"image\":{\"@id\":\"https:\/\/portaltela.pt\/noticias\/2026\/03\/30\/pj-soube-desde-janeiro-onde-se-escondia-a-enfermeira-assassina\/#primaryimage\"},\"thumbnailUrl\":\"https:\/\/portaltela.pt\/s.01k8rhncp4jt1\/2026\/03\/img_1280x722uu2023-07-14-21-58-39-1395092.jpg\",\"datePublished\":\"2026-03-30T10:32:11+00:00\",\"author\":{\"@id\":\"https:\/\/portaltela.pt\/#\/schema\/person\/c4278d4a6028830caff9ee44b42d32ed\"},\"breadcrumb\":{\"@id\":\"https:\/\/portaltela.pt\/noticias\/2026\/03\/30\/pj-soube-desde-janeiro-onde-se-escondia-a-enfermeira-assassina\/#breadcrumb\"},\"inLanguage\":\"pt-PT\",\"potentialAction\":[{\"@type\":\"ReadAction\",\"target\":[\"https:\/\/portaltela.pt\/noticias\/2026\/03\/30\/pj-soube-desde-janeiro-onde-se-escondia-a-enfermeira-assassina\/\"]}]},{\"@type\":\"ImageObject\",\"inLanguage\":\"pt-PT\",\"@id\":\"https:\/\/portaltela.pt\/noticias\/2026\/03\/30\/pj-soube-desde-janeiro-onde-se-escondia-a-enfermeira-assassina\/#primaryimage\",\"url\":\"https:\/\/portaltela.pt\/s.01k8rhncp4jt1\/2026\/03\/img_1280x722uu2023-07-14-21-58-39-1395092.jpg\",\"contentUrl\":\"https:\/\/portaltela.pt\/s.01k8rhncp4jt1\/2026\/03\/img_1280x722uu2023-07-14-21-58-39-1395092.jpg\",\"width\":796,\"height\":448,\"caption\":\"Photo\"},{\"@type\":\"BreadcrumbList\",\"@id\":\"https:\/\/portaltela.pt\/noticias\/2026\/03\/30\/pj-soube-desde-janeiro-onde-se-escondia-a-enfermeira-assassina\/#breadcrumb\",\"itemListElement\":[{\"@type\":\"ListItem\",\"position\":1,\"name\":\"In\u00edcio\",\"item\":\"https:\/\/portaltela.pt\/\"},{\"@type\":\"ListItem\",\"position\":2,\"name\":\"PJ soube desde janeiro onde se escondia a enfermeira assassina\"}]},{\"@type\":\"WebSite\",\"@id\":\"https:\/\/portaltela.pt\/#website\",\"url\":\"https:\/\/portaltela.pt\/\",\"name\":\"Portal Tela Portugal\",\"description\":\"\",\"potentialAction\":[{\"@type\":\"SearchAction\",\"target\":{\"@type\":\"EntryPoint\",\"urlTemplate\":\"https:\/\/portaltela.pt\/?s={search_term_string}\"},\"query-input\":{\"@type\":\"PropertyValueSpecification\",\"valueRequired\":true,\"valueName\":\"search_term_string\"}}],\"inLanguage\":\"pt-PT\"},{\"@type\":\"Person\",\"@id\":\"https:\/\/portaltela.pt\/#\/schema\/person\/c4278d4a6028830caff9ee44b42d32ed\",\"name\":\"Telinha\",\"image\":{\"@type\":\"ImageObject\",\"inLanguage\":\"pt-PT\",\"@id\":\"https:\/\/portaltela.pt\/s.01k8rhncp4jt1\/2025\/11\/talking-bot-125x125.png\",\"url\":\"https:\/\/portaltela.pt\/s.01k8rhncp4jt1\/2025\/11\/talking-bot-125x125.png\",\"contentUrl\":\"https:\/\/portaltela.pt\/s.01k8rhncp4jt1\/2025\/11\/talking-bot-125x125.png\",\"caption\":\"Telinha\"},\"sameAs\":[\"https:\/\/portaltela.pt\/\"],\"url\":\"https:\/\/portaltela.pt\/por\/367410592786\/\"}]}<\/script>\n<!-- \/ Yoast SEO plugin. -->","yoast_head_json":{"title":"PJ soube desde janeiro onde se escondia a enfermeira assassina - Portal Tela Portugal","robots":{"index":"index","follow":"follow","max-snippet":"max-snippet:-1","max-image-preview":"max-image-preview:large","max-video-preview":"max-video-preview:-1"},"og_locale":"pt_PT","og_type":"article","og_title":"PJ soube desde janeiro onde se escondia a enfermeira assassina - Portal Tela Portugal","og_description":"A PJ sabia desde janeiro onde se escondia a enfermeira assassina, Mariana Fonseca. Mariana Fonseca tinha os passos estudados. Foi detida pela Interpol em mar\u00e7o.","og_url":"https:\/\/portaltela.pt\/noticias\/2026\/03\/30\/pj-soube-desde-janeiro-onde-se-escondia-a-enfermeira-assassina\/","og_site_name":"Portal Tela Portugal","article_published_time":"2026-03-30T10:32:11+00:00","author":"Telinha","twitter_card":"summary_large_image","twitter_misc":{"Escrito por":"Telinha"},"schema":{"@context":"https:\/\/schema.org","@graph":[{"@type":"Article","@id":"https:\/\/portaltela.pt\/noticias\/2026\/03\/30\/pj-soube-desde-janeiro-onde-se-escondia-a-enfermeira-assassina\/#article","isPartOf":{"@id":"https:\/\/portaltela.pt\/noticias\/2026\/03\/30\/pj-soube-desde-janeiro-onde-se-escondia-a-enfermeira-assassina\/"},"author":{"name":"Telinha","@id":"https:\/\/portaltela.pt\/#\/schema\/person\/c4278d4a6028830caff9ee44b42d32ed"},"headline":"PJ soube desde janeiro onde se escondia a enfermeira assassina","datePublished":"2026-03-30T10:32:11+00:00","mainEntityOfPage":{"@id":"https:\/\/portaltela.pt\/noticias\/2026\/03\/30\/pj-soube-desde-janeiro-onde-se-escondia-a-enfermeira-assassina\/"},"wordCount":97,"image":{"@id":"https:\/\/portaltela.pt\/noticias\/2026\/03\/30\/pj-soube-desde-janeiro-onde-se-escondia-a-enfermeira-assassina\/#primaryimage"},"thumbnailUrl":"https:\/\/portaltela.pt\/s.01k8rhncp4jt1\/2026\/03\/img_1280x722uu2023-07-14-21-58-39-1395092.jpg","keywords":["crime","homic\u00eddio","Interpol","investiga\u00e7\u00e3o criminal","Pol\u00edcia Judici\u00e1ria"],"articleSection":["Crime","Justi\u00e7a"],"inLanguage":"pt-PT"},{"@type":"WebPage","@id":"https:\/\/portaltela.pt\/noticias\/2026\/03\/30\/pj-soube-desde-janeiro-onde-se-escondia-a-enfermeira-assassina\/","url":"https:\/\/portaltela.pt\/noticias\/2026\/03\/30\/pj-soube-desde-janeiro-onde-se-escondia-a-enfermeira-assassina\/","name":"PJ soube desde janeiro onde se escondia a enfermeira assassina - Portal Tela Portugal","isPartOf":{"@id":"https:\/\/portaltela.pt\/#website"},"primaryImageOfPage":{"@id":"https:\/\/portaltela.pt\/noticias\/2026\/03\/30\/pj-soube-desde-janeiro-onde-se-escondia-a-enfermeira-assassina\/#primaryimage"},"image":{"@id":"https:\/\/portaltela.pt\/noticias\/2026\/03\/30\/pj-soube-desde-janeiro-onde-se-escondia-a-enfermeira-assassina\/#primaryimage"},"thumbnailUrl":"https:\/\/portaltela.pt\/s.01k8rhncp4jt1\/2026\/03\/img_1280x722uu2023-07-14-21-58-39-1395092.jpg","datePublished":"2026-03-30T10:32:11+00:00","author":{"@id":"https:\/\/portaltela.pt\/#\/schema\/person\/c4278d4a6028830caff9ee44b42d32ed"},"breadcrumb":{"@id":"https:\/\/portaltela.pt\/noticias\/2026\/03\/30\/pj-soube-desde-janeiro-onde-se-escondia-a-enfermeira-assassina\/#breadcrumb"},"inLanguage":"pt-PT","potentialAction":[{"@type":"ReadAction","target":["https:\/\/portaltela.pt\/noticias\/2026\/03\/30\/pj-soube-desde-janeiro-onde-se-escondia-a-enfermeira-assassina\/"]}]},{"@type":"ImageObject","inLanguage":"pt-PT","@id":"https:\/\/portaltela.pt\/noticias\/2026\/03\/30\/pj-soube-desde-janeiro-onde-se-escondia-a-enfermeira-assassina\/#primaryimage","url":"https:\/\/portaltela.pt\/s.01k8rhncp4jt1\/2026\/03\/img_1280x722uu2023-07-14-21-58-39-1395092.jpg","contentUrl":"https:\/\/portaltela.pt\/s.01k8rhncp4jt1\/2026\/03\/img_1280x722uu2023-07-14-21-58-39-1395092.jpg","width":796,"height":448,"caption":"Photo"},{"@type":"BreadcrumbList","@id":"https:\/\/portaltela.pt\/noticias\/2026\/03\/30\/pj-soube-desde-janeiro-onde-se-escondia-a-enfermeira-assassina\/#breadcrumb","itemListElement":[{"@type":"ListItem","position":1,"name":"In\u00edcio","item":"https:\/\/portaltela.pt\/"},{"@type":"ListItem","position":2,"name":"PJ soube desde janeiro onde se escondia a enfermeira assassina"}]},{"@type":"WebSite","@id":"https:\/\/portaltela.pt\/#website","url":"https:\/\/portaltela.pt\/","name":"Portal Tela Portugal","description":"","potentialAction":[{"@type":"SearchAction","target":{"@type":"EntryPoint","urlTemplate":"https:\/\/portaltela.pt\/?s={search_term_string}"},"query-input":{"@type":"PropertyValueSpecification","valueRequired":true,"valueName":"search_term_string"}}],"inLanguage":"pt-PT"},{"@type":"Person","@id":"https:\/\/portaltela.pt\/#\/schema\/person\/c4278d4a6028830caff9ee44b42d32ed","name":"Telinha","image":{"@type":"ImageObject","inLanguage":"pt-PT","@id":"https:\/\/portaltela.pt\/s.01k8rhncp4jt1\/2025\/11\/talking-bot-125x125.png","url":"https:\/\/portaltela.pt\/s.01k8rhncp4jt1\/2025\/11\/talking-bot-125x125.png","contentUrl":"https:\/\/portaltela.pt\/s.01k8rhncp4jt1\/2025\/11\/talking-bot-125x125.png","caption":"Telinha"},"sameAs":["https:\/\/portaltela.pt\/"],"url":"https:\/\/portaltela.pt\/por\/367410592786\/"}]}},"_links":{"self":[{"href":"https:\/\/portaltela.pt\/api\/wp\/v2\/posts\/426760","targetHints":{"allow":["GET"]}}],"collection":[{"href":"https:\/\/portaltela.pt\/api\/wp\/v2\/posts"}],"about":[{"href":"https:\/\/portaltela.pt\/api\/wp\/v2\/types\/post"}],"author":[{"embeddable":true,"href":"https:\/\/portaltela.pt\/api\/wp\/v2\/users\/2"}],"replies":[{"embeddable":true,"href":"https:\/\/portaltela.pt\/api\/wp\/v2\/comments?post=426760"}],"version-history":[{"count":0,"href":"https:\/\/portaltela.pt\/api\/wp\/v2\/posts\/426760\/revisions"}],"wp:featuredmedia":[{"embeddable":true,"href":"https:\/\/portaltela.pt\/api\/wp\/v2\/media\/426761"}],"wp:attachment":[{"href":"https:\/\/portaltela.pt\/api\/wp\/v2\/media?parent=426760"}],"wp:term":[{"taxonomy":"category","embeddable":true,"href":"https:\/\/portaltela.pt\/api\/wp\/v2\/categories?post=426760"},{"taxonomy":"post_tag","embeddable":true,"href":"https:\/\/portaltela.pt\/api\/wp\/v2\/tags?post=426760"}],"curies":[{"name":"wp","href":"https:\/\/api.w.org\/{rel}","templated":true}]}}