{"id":426759,"date":"2026-03-30T07:32:09","date_gmt":"2026-03-30T10:32:09","guid":{"rendered":"https:\/\/portaltela.pt\/noticias\/2026\/03\/30\/selecao-falha-oportunidades-em-ataque-pouco-eficaz\/"},"modified":"2026-03-30T07:32:09","modified_gmt":"2026-03-30T10:32:09","slug":"selecao-falha-oportunidades-em-ataque-pouco-eficaz","status":"publish","type":"post","link":"https:\/\/portaltela.pt\/desporto\/futebol\/2026\/03\/30\/selecao-falha-oportunidades-em-ataque-pouco-eficaz\/","title":{"rendered":"Sele\u00e7\u00e3o falha oportunidades em ataque pouco eficaz"},"content":{"rendered":"<p>Num amistoso de prepara\u00e7\u00e3o para o Mundial, Portugal pertenceu ao M\u00e9xico e n\u00e3o conseguiu impor-se no segundo tempo. A equipa falhou em criar rendimento ofensivo, com apenas dois remates enquadrados no total.<\/p>\n<p>Gon\u00e7alo Guedes e Paulinho entraram na segunda metade e pouco conseguiram mudar o desempenho da equipa atacante. A performance ficou aqu\u00e9m do esperado para um teste de grande exig\u00eancia.<\/p>\n<p>O encontro, disputado no M\u00e9xico, serviu como amadurecimento para a sele\u00e7\u00e3o antes do Mundial, mas a produ\u00e7\u00e3o ofensiva ficou aqu\u00e9m do pretendido, registrando-se apenas dois remates certeiros durante a partida.<\/p>\n","protected":false},"excerpt":{"rendered":"<ul>\n<li>Gon\u00e7alo Guedes entrou na segunda parte do particular contra o M\u00e9xico.<\/li>\n<li>Paulinho tamb\u00e9m atuou, mas os dois pouco produziram na segunda metade.<\/li>\n<li>Portugal fez apenas dois remates enquadrados durante o encontro.<\/li>\n<li>O jogo foi um ensaio de prepara\u00e7\u00e3o para o Mundial.<\/li>\n<li>A presta\u00e7\u00e3o \u00e9 descrita como insuficiente para passar o teste pr\u00e9\u2011Mundial.<\/li>\n<\/ul>\n","protected":false},"author":2,"featured_media":426764,"comment_status":"closed","ping_status":"closed","sticky":false,"template":"","format":"standard","meta":{"footnotes":""},"categories":[21,24],"tags":[7302,7343,32,6380,5683,2057],"class_list":["post-426759","post","type-post","status-publish","format-standard","has-post-thumbnail","hentry","category-desporto","category-futebol","tag-amistosos","tag-ataque","tag-futebol","tag-mexico","tag-remates-a-baliza","tag-selecao-nacional"],"yoast_head":"<!-- This site is optimized with the Yoast SEO plugin v27.2 - https:\/\/yoast.com\/product\/yoast-seo-wordpress\/ -->\n<title>Sele\u00e7\u00e3o falha oportunidades em ataque pouco eficaz - Portal Tela Portugal<\/title>\n<meta name=\"robots\" content=\"index, follow, max-snippet:-1, max-image-preview:large, max-video-preview:-1\" \/>\n<meta property=\"og:locale\" content=\"pt_PT\" \/>\n<meta property=\"og:type\" content=\"article\" \/>\n<meta property=\"og:title\" content=\"Sele\u00e7\u00e3o falha oportunidades em ataque pouco eficaz - Portal Tela Portugal\" \/>\n<meta property=\"og:description\" content=\"Gon\u00e7alo Guedes entrou na segunda parte do particular contra o M\u00e9xico. Paulinho tamb\u00e9m atuou, mas os dois pouco produziram na segunda metade. Portugal fez apenas dois remates enquadrados durante o encontro. O jogo foi um ensaio de prepara\u00e7\u00e3o para o Mundial. A presta\u00e7\u00e3o \u00e9 descrita como insuficiente para passar o teste pr\u00e9\u2011Mundial.\" \/>\n<meta property=\"og:url\" content=\"https:\/\/portaltela.pt\/noticias\/2026\/03\/30\/selecao-falha-oportunidades-em-ataque-pouco-eficaz\/\" \/>\n<meta property=\"og:site_name\" content=\"Portal Tela Portugal\" \/>\n<meta property=\"article:published_time\" content=\"2026-03-30T10:32:09+00:00\" \/>\n<meta name=\"author\" content=\"Telinha\" \/>\n<meta name=\"twitter:card\" content=\"summary_large_image\" \/>\n<meta name=\"twitter:label1\" content=\"Escrito por\" \/>\n\t<meta name=\"twitter:data1\" content=\"Telinha\" \/>\n\t<meta name=\"twitter:label2\" content=\"Tempo estimado de leitura\" \/>\n\t<meta name=\"twitter:data2\" content=\"1 minuto\" \/>\n<script type=\"application\/ld+json\" class=\"yoast-schema-graph\">{\"@context\":\"https:\/\/schema.org\",\"@graph\":[{\"@type\":\"Article\",\"@id\":\"https:\/\/portaltela.pt\/noticias\/2026\/03\/30\/selecao-falha-oportunidades-em-ataque-pouco-eficaz\/#article\",\"isPartOf\":{\"@id\":\"https:\/\/portaltela.pt\/noticias\/2026\/03\/30\/selecao-falha-oportunidades-em-ataque-pouco-eficaz\/\"},\"author\":{\"name\":\"Telinha\",\"@id\":\"https:\/\/portaltela.pt\/#\/schema\/person\/c4278d4a6028830caff9ee44b42d32ed\"},\"headline\":\"Sele\u00e7\u00e3o falha oportunidades em ataque pouco eficaz\",\"datePublished\":\"2026-03-30T10:32:09+00:00\",\"mainEntityOfPage\":{\"@id\":\"https:\/\/portaltela.pt\/noticias\/2026\/03\/30\/selecao-falha-oportunidades-em-ataque-pouco-eficaz\/\"},\"wordCount\":109,\"image\":{\"@id\":\"https:\/\/portaltela.pt\/noticias\/2026\/03\/30\/selecao-falha-oportunidades-em-ataque-pouco-eficaz\/#primaryimage\"},\"thumbnailUrl\":\"https:\/\/portaltela.pt\/s.01k8rhncp4jt1\/2026\/03\/image-1788.jpg\",\"keywords\":[\"amistosos\",\"ataque\",\"futebol\",\"M\u00e9xico\",\"Remates \u00e0 baliza\",\"Sele\u00e7\u00e3o Nacional\"],\"articleSection\":[\"Desporto\",\"Futebol\"],\"inLanguage\":\"pt-PT\"},{\"@type\":\"WebPage\",\"@id\":\"https:\/\/portaltela.pt\/noticias\/2026\/03\/30\/selecao-falha-oportunidades-em-ataque-pouco-eficaz\/\",\"url\":\"https:\/\/portaltela.pt\/noticias\/2026\/03\/30\/selecao-falha-oportunidades-em-ataque-pouco-eficaz\/\",\"name\":\"Sele\u00e7\u00e3o falha oportunidades em ataque pouco eficaz - Portal Tela Portugal\",\"isPartOf\":{\"@id\":\"https:\/\/portaltela.pt\/#website\"},\"primaryImageOfPage\":{\"@id\":\"https:\/\/portaltela.pt\/noticias\/2026\/03\/30\/selecao-falha-oportunidades-em-ataque-pouco-eficaz\/#primaryimage\"},\"image\":{\"@id\":\"https:\/\/portaltela.pt\/noticias\/2026\/03\/30\/selecao-falha-oportunidades-em-ataque-pouco-eficaz\/#primaryimage\"},\"thumbnailUrl\":\"https:\/\/portaltela.pt\/s.01k8rhncp4jt1\/2026\/03\/image-1788.jpg\",\"datePublished\":\"2026-03-30T10:32:09+00:00\",\"author\":{\"@id\":\"https:\/\/portaltela.pt\/#\/schema\/person\/c4278d4a6028830caff9ee44b42d32ed\"},\"breadcrumb\":{\"@id\":\"https:\/\/portaltela.pt\/noticias\/2026\/03\/30\/selecao-falha-oportunidades-em-ataque-pouco-eficaz\/#breadcrumb\"},\"inLanguage\":\"pt-PT\",\"potentialAction\":[{\"@type\":\"ReadAction\",\"target\":[\"https:\/\/portaltela.pt\/noticias\/2026\/03\/30\/selecao-falha-oportunidades-em-ataque-pouco-eficaz\/\"]}]},{\"@type\":\"ImageObject\",\"inLanguage\":\"pt-PT\",\"@id\":\"https:\/\/portaltela.pt\/noticias\/2026\/03\/30\/selecao-falha-oportunidades-em-ataque-pouco-eficaz\/#primaryimage\",\"url\":\"https:\/\/portaltela.pt\/s.01k8rhncp4jt1\/2026\/03\/image-1788.jpg\",\"contentUrl\":\"https:\/\/portaltela.pt\/s.01k8rhncp4jt1\/2026\/03\/image-1788.jpg\",\"width\":796,\"height\":448,\"caption\":\"Gon\u00e7alo Guedes entrou na segunda parte contra o M\u00e9xico\"},{\"@type\":\"BreadcrumbList\",\"@id\":\"https:\/\/portaltela.pt\/noticias\/2026\/03\/30\/selecao-falha-oportunidades-em-ataque-pouco-eficaz\/#breadcrumb\",\"itemListElement\":[{\"@type\":\"ListItem\",\"position\":1,\"name\":\"In\u00edcio\",\"item\":\"https:\/\/portaltela.pt\/\"},{\"@type\":\"ListItem\",\"position\":2,\"name\":\"Sele\u00e7\u00e3o falha oportunidades em ataque pouco eficaz\"}]},{\"@type\":\"WebSite\",\"@id\":\"https:\/\/portaltela.pt\/#website\",\"url\":\"https:\/\/portaltela.pt\/\",\"name\":\"Portal Tela Portugal\",\"description\":\"\",\"potentialAction\":[{\"@type\":\"SearchAction\",\"target\":{\"@type\":\"EntryPoint\",\"urlTemplate\":\"https:\/\/portaltela.pt\/?s={search_term_string}\"},\"query-input\":{\"@type\":\"PropertyValueSpecification\",\"valueRequired\":true,\"valueName\":\"search_term_string\"}}],\"inLanguage\":\"pt-PT\"},{\"@type\":\"Person\",\"@id\":\"https:\/\/portaltela.pt\/#\/schema\/person\/c4278d4a6028830caff9ee44b42d32ed\",\"name\":\"Telinha\",\"image\":{\"@type\":\"ImageObject\",\"inLanguage\":\"pt-PT\",\"@id\":\"https:\/\/portaltela.pt\/s.01k8rhncp4jt1\/2025\/11\/talking-bot-125x125.png\",\"url\":\"https:\/\/portaltela.pt\/s.01k8rhncp4jt1\/2025\/11\/talking-bot-125x125.png\",\"contentUrl\":\"https:\/\/portaltela.pt\/s.01k8rhncp4jt1\/2025\/11\/talking-bot-125x125.png\",\"caption\":\"Telinha\"},\"sameAs\":[\"https:\/\/portaltela.pt\/\"],\"url\":\"https:\/\/portaltela.pt\/por\/367410592786\/\"}]}<\/script>\n<!-- \/ Yoast SEO plugin. -->","yoast_head_json":{"title":"Sele\u00e7\u00e3o falha oportunidades em ataque pouco eficaz - Portal Tela Portugal","robots":{"index":"index","follow":"follow","max-snippet":"max-snippet:-1","max-image-preview":"max-image-preview:large","max-video-preview":"max-video-preview:-1"},"og_locale":"pt_PT","og_type":"article","og_title":"Sele\u00e7\u00e3o falha oportunidades em ataque pouco eficaz - Portal Tela Portugal","og_description":"Gon\u00e7alo Guedes entrou na segunda parte do particular contra o M\u00e9xico. Paulinho tamb\u00e9m atuou, mas os dois pouco produziram na segunda metade. Portugal fez apenas dois remates enquadrados durante o encontro. O jogo foi um ensaio de prepara\u00e7\u00e3o para o Mundial. A presta\u00e7\u00e3o \u00e9 descrita como insuficiente para passar o teste pr\u00e9\u2011Mundial.","og_url":"https:\/\/portaltela.pt\/noticias\/2026\/03\/30\/selecao-falha-oportunidades-em-ataque-pouco-eficaz\/","og_site_name":"Portal Tela Portugal","article_published_time":"2026-03-30T10:32:09+00:00","author":"Telinha","twitter_card":"summary_large_image","twitter_misc":{"Escrito por":"Telinha","Tempo estimado de leitura":"1 minuto"},"schema":{"@context":"https:\/\/schema.org","@graph":[{"@type":"Article","@id":"https:\/\/portaltela.pt\/noticias\/2026\/03\/30\/selecao-falha-oportunidades-em-ataque-pouco-eficaz\/#article","isPartOf":{"@id":"https:\/\/portaltela.pt\/noticias\/2026\/03\/30\/selecao-falha-oportunidades-em-ataque-pouco-eficaz\/"},"author":{"name":"Telinha","@id":"https:\/\/portaltela.pt\/#\/schema\/person\/c4278d4a6028830caff9ee44b42d32ed"},"headline":"Sele\u00e7\u00e3o falha oportunidades em ataque pouco eficaz","datePublished":"2026-03-30T10:32:09+00:00","mainEntityOfPage":{"@id":"https:\/\/portaltela.pt\/noticias\/2026\/03\/30\/selecao-falha-oportunidades-em-ataque-pouco-eficaz\/"},"wordCount":109,"image":{"@id":"https:\/\/portaltela.pt\/noticias\/2026\/03\/30\/selecao-falha-oportunidades-em-ataque-pouco-eficaz\/#primaryimage"},"thumbnailUrl":"https:\/\/portaltela.pt\/s.01k8rhncp4jt1\/2026\/03\/image-1788.jpg","keywords":["amistosos","ataque","futebol","M\u00e9xico","Remates \u00e0 baliza","Sele\u00e7\u00e3o Nacional"],"articleSection":["Desporto","Futebol"],"inLanguage":"pt-PT"},{"@type":"WebPage","@id":"https:\/\/portaltela.pt\/noticias\/2026\/03\/30\/selecao-falha-oportunidades-em-ataque-pouco-eficaz\/","url":"https:\/\/portaltela.pt\/noticias\/2026\/03\/30\/selecao-falha-oportunidades-em-ataque-pouco-eficaz\/","name":"Sele\u00e7\u00e3o falha oportunidades em ataque pouco eficaz - Portal Tela Portugal","isPartOf":{"@id":"https:\/\/portaltela.pt\/#website"},"primaryImageOfPage":{"@id":"https:\/\/portaltela.pt\/noticias\/2026\/03\/30\/selecao-falha-oportunidades-em-ataque-pouco-eficaz\/#primaryimage"},"image":{"@id":"https:\/\/portaltela.pt\/noticias\/2026\/03\/30\/selecao-falha-oportunidades-em-ataque-pouco-eficaz\/#primaryimage"},"thumbnailUrl":"https:\/\/portaltela.pt\/s.01k8rhncp4jt1\/2026\/03\/image-1788.jpg","datePublished":"2026-03-30T10:32:09+00:00","author":{"@id":"https:\/\/portaltela.pt\/#\/schema\/person\/c4278d4a6028830caff9ee44b42d32ed"},"breadcrumb":{"@id":"https:\/\/portaltela.pt\/noticias\/2026\/03\/30\/selecao-falha-oportunidades-em-ataque-pouco-eficaz\/#breadcrumb"},"inLanguage":"pt-PT","potentialAction":[{"@type":"ReadAction","target":["https:\/\/portaltela.pt\/noticias\/2026\/03\/30\/selecao-falha-oportunidades-em-ataque-pouco-eficaz\/"]}]},{"@type":"ImageObject","inLanguage":"pt-PT","@id":"https:\/\/portaltela.pt\/noticias\/2026\/03\/30\/selecao-falha-oportunidades-em-ataque-pouco-eficaz\/#primaryimage","url":"https:\/\/portaltela.pt\/s.01k8rhncp4jt1\/2026\/03\/image-1788.jpg","contentUrl":"https:\/\/portaltela.pt\/s.01k8rhncp4jt1\/2026\/03\/image-1788.jpg","width":796,"height":448,"caption":"Gon\u00e7alo Guedes entrou na segunda parte contra o M\u00e9xico"},{"@type":"BreadcrumbList","@id":"https:\/\/portaltela.pt\/noticias\/2026\/03\/30\/selecao-falha-oportunidades-em-ataque-pouco-eficaz\/#breadcrumb","itemListElement":[{"@type":"ListItem","position":1,"name":"In\u00edcio","item":"https:\/\/portaltela.pt\/"},{"@type":"ListItem","position":2,"name":"Sele\u00e7\u00e3o falha oportunidades em ataque pouco eficaz"}]},{"@type":"WebSite","@id":"https:\/\/portaltela.pt\/#website","url":"https:\/\/portaltela.pt\/","name":"Portal Tela Portugal","description":"","potentialAction":[{"@type":"SearchAction","target":{"@type":"EntryPoint","urlTemplate":"https:\/\/portaltela.pt\/?s={search_term_string}"},"query-input":{"@type":"PropertyValueSpecification","valueRequired":true,"valueName":"search_term_string"}}],"inLanguage":"pt-PT"},{"@type":"Person","@id":"https:\/\/portaltela.pt\/#\/schema\/person\/c4278d4a6028830caff9ee44b42d32ed","name":"Telinha","image":{"@type":"ImageObject","inLanguage":"pt-PT","@id":"https:\/\/portaltela.pt\/s.01k8rhncp4jt1\/2025\/11\/talking-bot-125x125.png","url":"https:\/\/portaltela.pt\/s.01k8rhncp4jt1\/2025\/11\/talking-bot-125x125.png","contentUrl":"https:\/\/portaltela.pt\/s.01k8rhncp4jt1\/2025\/11\/talking-bot-125x125.png","caption":"Telinha"},"sameAs":["https:\/\/portaltela.pt\/"],"url":"https:\/\/portaltela.pt\/por\/367410592786\/"}]}},"_links":{"self":[{"href":"https:\/\/portaltela.pt\/api\/wp\/v2\/posts\/426759","targetHints":{"allow":["GET"]}}],"collection":[{"href":"https:\/\/portaltela.pt\/api\/wp\/v2\/posts"}],"about":[{"href":"https:\/\/portaltela.pt\/api\/wp\/v2\/types\/post"}],"author":[{"embeddable":true,"href":"https:\/\/portaltela.pt\/api\/wp\/v2\/users\/2"}],"replies":[{"embeddable":true,"href":"https:\/\/portaltela.pt\/api\/wp\/v2\/comments?post=426759"}],"version-history":[{"count":0,"href":"https:\/\/portaltela.pt\/api\/wp\/v2\/posts\/426759\/revisions"}],"wp:featuredmedia":[{"embeddable":true,"href":"https:\/\/portaltela.pt\/api\/wp\/v2\/media\/426764"}],"wp:attachment":[{"href":"https:\/\/portaltela.pt\/api\/wp\/v2\/media?parent=426759"}],"wp:term":[{"taxonomy":"category","embeddable":true,"href":"https:\/\/portaltela.pt\/api\/wp\/v2\/categories?post=426759"},{"taxonomy":"post_tag","embeddable":true,"href":"https:\/\/portaltela.pt\/api\/wp\/v2\/tags?post=426759"}],"curies":[{"name":"wp","href":"https:\/\/api.w.org\/{rel}","templated":true}]}}