{"id":426755,"date":"2026-03-30T07:32:06","date_gmt":"2026-03-30T10:32:06","guid":{"rendered":"https:\/\/portaltela.pt\/noticias\/2026\/03\/30\/semana-da-pascoa-com-noites-frias-e-maximas-de-ate-26-c\/"},"modified":"2026-03-30T07:32:06","modified_gmt":"2026-03-30T10:32:06","slug":"semana-da-pascoa-com-noites-frias-e-maximas-de-ate-26-c","status":"publish","type":"post","link":"https:\/\/portaltela.pt\/tempo\/2026\/03\/30\/semana-da-pascoa-com-noites-frias-e-maximas-de-ate-26-c\/","title":{"rendered":"Semana da P\u00e1scoa com noites frias e m\u00e1ximas de at\u00e9 26\u00b0C"},"content":{"rendered":"<p>A semana da P\u00e1scoa inicia com c\u00e9u pouco nublado e subida da temperatura. O IPMA prev\u00ea dias mais quentes, com m\u00e1ximas entre 23 e 26 graus, principalmente na ter\u00e7a e quarta-feira. As noites devem manter-se frias.<\/p>\n<p>Segundo a meteorologista \u00c2ngela Louren\u00e7o, o sol predomina e as temperaturas v\u00e3o subir sobretudo durante o dia. O Algarve, Alentejo, Vale do Tejo e Douro s\u00e3o as \u00e1reas com maior probabilidade de chegar aos 25\u201326 graus.<\/p>\n<p>Entre os dias \u00fateis, as m\u00ednimas devem oscilar entre 3 e 14 graus, com arrefecimento mais acentuado no interior e nas plan\u00edcies do Alentejo. O vento pode soprar com intensidade no litoral oeste e nas terras altas, acompanhado de neblinas matinais.<\/p>\n<h3>Perspetiva para a semana<\/h3>\n<p>A previs\u00e3o aponta tempo de primavera at\u00e9 quarta ou quinta-feira, com semanas mais quentes para esta \u00e9poca. O tempo deve manter-se est\u00e1vel, sem chuva at\u00e9 ao final de domingo da P\u00e1scoa.<\/p>\n<h3>Possibilidade de chuva<\/h3>\n<p>A partir de segunda-feira, 6 de abril, pode registar-se chuva. N\u00e3o \u00e9 esperada precipita\u00e7\u00e3o durante o per\u00edodo de P\u00e1scoa, mantendo-se o padr\u00e3o de dias amenos e noites frias.<\/p>\n","protected":false},"excerpt":{"rendered":"<ul>\n<li>A semana da P\u00e1scoa come\u00e7a com c\u00e9u pouco nublado e subida da temperatura, com m\u00e1ximas at\u00e9 26 graus previstas para ter\u00e7a e quarta-feira, segundo a meteorologista \u00c2ngela Louren\u00e7o (IPMA).<\/li>\n<li>Ter\u00e7a e quarta ser\u00e3o os dias mais quentes da semana, com m\u00e1ximas entre 23 e 26 graus no Algarve, Alentejo, Vale do Tejo e Vale do Douro.<\/li>\n<li>As m\u00ednimas devem oscilar entre 3 e 14 graus, com arrefecimento noturno acentuado nas zonas interiores e plan\u00edcies do Alentejo.<\/li>\n<li>O vento pode soprar com alguma intensidade no litoral Oeste e nas terras altas; podem ocorrer neblinas ou nevoeiro matinal.<\/li>\n<li>At\u00e9 domingo de P\u00e1scoa n\u00e3o deve chover; a chuva poder\u00e1 regressar na segunda-feira, 6 de abril.<\/li>\n<\/ul>\n","protected":false},"author":2,"featured_media":426762,"comment_status":"closed","ping_status":"closed","sticky":false,"template":"","format":"standard","meta":{"footnotes":""},"categories":[1,7365],"tags":[883,928,5329,1194,4364,6199],"class_list":["post-426755","post","type-post","status-publish","format-standard","has-post-thumbnail","hentry","category-noticias","category-tempo","tag-alentejo","tag-algarve","tag-chuva","tag-douro","tag-meteorologia","tag-vale-do-tejo"],"yoast_head":"<!-- This site is optimized with the Yoast SEO plugin v27.2 - https:\/\/yoast.com\/product\/yoast-seo-wordpress\/ -->\n<title>Semana da P\u00e1scoa com noites frias e m\u00e1ximas de at\u00e9 26\u00b0C - Portal Tela Portugal<\/title>\n<meta name=\"robots\" content=\"index, follow, max-snippet:-1, max-image-preview:large, max-video-preview:-1\" \/>\n<meta property=\"og:locale\" content=\"pt_PT\" \/>\n<meta property=\"og:type\" content=\"article\" \/>\n<meta property=\"og:title\" content=\"Semana da P\u00e1scoa com noites frias e m\u00e1ximas de at\u00e9 26\u00b0C - Portal Tela Portugal\" \/>\n<meta property=\"og:description\" content=\"A semana da P\u00e1scoa come\u00e7a com c\u00e9u pouco nublado e subida da temperatura, com m\u00e1ximas at\u00e9 26 graus previstas para ter\u00e7a e quarta-feira, segundo a meteorologista \u00c2ngela Louren\u00e7o (IPMA). Ter\u00e7a e quarta ser\u00e3o os dias mais quentes da semana, com m\u00e1ximas entre 23 e 26 graus no Algarve, Alentejo, Vale do Tejo e Vale do Douro. As m\u00ednimas devem oscilar entre 3 e 14 graus, com arrefecimento noturno acentuado nas zonas interiores e plan\u00edcies do Alentejo. O vento pode soprar com alguma intensidade no litoral Oeste e nas terras altas; podem ocorrer neblinas ou nevoeiro matinal. At\u00e9 domingo de P\u00e1scoa n\u00e3o deve chover; a chuva poder\u00e1 regressar na segunda-feira, 6 de abril.\" \/>\n<meta property=\"og:url\" content=\"https:\/\/portaltela.pt\/noticias\/2026\/03\/30\/semana-da-pascoa-com-noites-frias-e-maximas-de-ate-26-c\/\" \/>\n<meta property=\"og:site_name\" content=\"Portal Tela Portugal\" \/>\n<meta property=\"article:published_time\" content=\"2026-03-30T10:32:06+00:00\" \/>\n<meta name=\"author\" content=\"Telinha\" \/>\n<meta name=\"twitter:card\" content=\"summary_large_image\" \/>\n<meta name=\"twitter:label1\" content=\"Escrito por\" \/>\n\t<meta name=\"twitter:data1\" content=\"Telinha\" \/>\n\t<meta name=\"twitter:label2\" content=\"Tempo estimado de leitura\" \/>\n\t<meta name=\"twitter:data2\" content=\"1 minuto\" \/>\n<script type=\"application\/ld+json\" class=\"yoast-schema-graph\">{\"@context\":\"https:\/\/schema.org\",\"@graph\":[{\"@type\":\"Article\",\"@id\":\"https:\/\/portaltela.pt\/noticias\/2026\/03\/30\/semana-da-pascoa-com-noites-frias-e-maximas-de-ate-26-c\/#article\",\"isPartOf\":{\"@id\":\"https:\/\/portaltela.pt\/noticias\/2026\/03\/30\/semana-da-pascoa-com-noites-frias-e-maximas-de-ate-26-c\/\"},\"author\":{\"name\":\"Telinha\",\"@id\":\"https:\/\/portaltela.pt\/#\/schema\/person\/c4278d4a6028830caff9ee44b42d32ed\"},\"headline\":\"Semana da P\u00e1scoa com noites frias e m\u00e1ximas de at\u00e9 26\u00b0C\",\"datePublished\":\"2026-03-30T10:32:06+00:00\",\"mainEntityOfPage\":{\"@id\":\"https:\/\/portaltela.pt\/noticias\/2026\/03\/30\/semana-da-pascoa-com-noites-frias-e-maximas-de-ate-26-c\/\"},\"wordCount\":202,\"image\":{\"@id\":\"https:\/\/portaltela.pt\/noticias\/2026\/03\/30\/semana-da-pascoa-com-noites-frias-e-maximas-de-ate-26-c\/#primaryimage\"},\"thumbnailUrl\":\"https:\/\/portaltela.pt\/s.01k8rhncp4jt1\/2026\/03\/image-1787.jpg\",\"keywords\":[\"Alentejo\",\"Algarve\",\"chuva\",\"Douro\",\"meteorologia\",\"Vale do Tejo\"],\"articleSection\":[\"Not\u00edcias\",\"Tempo\"],\"inLanguage\":\"pt-PT\"},{\"@type\":\"WebPage\",\"@id\":\"https:\/\/portaltela.pt\/noticias\/2026\/03\/30\/semana-da-pascoa-com-noites-frias-e-maximas-de-ate-26-c\/\",\"url\":\"https:\/\/portaltela.pt\/noticias\/2026\/03\/30\/semana-da-pascoa-com-noites-frias-e-maximas-de-ate-26-c\/\",\"name\":\"Semana da P\u00e1scoa com noites frias e m\u00e1ximas de at\u00e9 26\u00b0C - Portal Tela Portugal\",\"isPartOf\":{\"@id\":\"https:\/\/portaltela.pt\/#website\"},\"primaryImageOfPage\":{\"@id\":\"https:\/\/portaltela.pt\/noticias\/2026\/03\/30\/semana-da-pascoa-com-noites-frias-e-maximas-de-ate-26-c\/#primaryimage\"},\"image\":{\"@id\":\"https:\/\/portaltela.pt\/noticias\/2026\/03\/30\/semana-da-pascoa-com-noites-frias-e-maximas-de-ate-26-c\/#primaryimage\"},\"thumbnailUrl\":\"https:\/\/portaltela.pt\/s.01k8rhncp4jt1\/2026\/03\/image-1787.jpg\",\"datePublished\":\"2026-03-30T10:32:06+00:00\",\"author\":{\"@id\":\"https:\/\/portaltela.pt\/#\/schema\/person\/c4278d4a6028830caff9ee44b42d32ed\"},\"breadcrumb\":{\"@id\":\"https:\/\/portaltela.pt\/noticias\/2026\/03\/30\/semana-da-pascoa-com-noites-frias-e-maximas-de-ate-26-c\/#breadcrumb\"},\"inLanguage\":\"pt-PT\",\"potentialAction\":[{\"@type\":\"ReadAction\",\"target\":[\"https:\/\/portaltela.pt\/noticias\/2026\/03\/30\/semana-da-pascoa-com-noites-frias-e-maximas-de-ate-26-c\/\"]}]},{\"@type\":\"ImageObject\",\"inLanguage\":\"pt-PT\",\"@id\":\"https:\/\/portaltela.pt\/noticias\/2026\/03\/30\/semana-da-pascoa-com-noites-frias-e-maximas-de-ate-26-c\/#primaryimage\",\"url\":\"https:\/\/portaltela.pt\/s.01k8rhncp4jt1\/2026\/03\/image-1787.jpg\",\"contentUrl\":\"https:\/\/portaltela.pt\/s.01k8rhncp4jt1\/2026\/03\/image-1787.jpg\",\"width\":796,\"height\":448,\"caption\":\"Ter\u00e7a e quarta-feira ser\u00e3o os dias mais quentes da semana\"},{\"@type\":\"BreadcrumbList\",\"@id\":\"https:\/\/portaltela.pt\/noticias\/2026\/03\/30\/semana-da-pascoa-com-noites-frias-e-maximas-de-ate-26-c\/#breadcrumb\",\"itemListElement\":[{\"@type\":\"ListItem\",\"position\":1,\"name\":\"In\u00edcio\",\"item\":\"https:\/\/portaltela.pt\/\"},{\"@type\":\"ListItem\",\"position\":2,\"name\":\"Semana da P\u00e1scoa com noites frias e m\u00e1ximas de at\u00e9 26\u00b0C\"}]},{\"@type\":\"WebSite\",\"@id\":\"https:\/\/portaltela.pt\/#website\",\"url\":\"https:\/\/portaltela.pt\/\",\"name\":\"Portal Tela Portugal\",\"description\":\"\",\"potentialAction\":[{\"@type\":\"SearchAction\",\"target\":{\"@type\":\"EntryPoint\",\"urlTemplate\":\"https:\/\/portaltela.pt\/?s={search_term_string}\"},\"query-input\":{\"@type\":\"PropertyValueSpecification\",\"valueRequired\":true,\"valueName\":\"search_term_string\"}}],\"inLanguage\":\"pt-PT\"},{\"@type\":\"Person\",\"@id\":\"https:\/\/portaltela.pt\/#\/schema\/person\/c4278d4a6028830caff9ee44b42d32ed\",\"name\":\"Telinha\",\"image\":{\"@type\":\"ImageObject\",\"inLanguage\":\"pt-PT\",\"@id\":\"https:\/\/portaltela.pt\/s.01k8rhncp4jt1\/2025\/11\/talking-bot-125x125.png\",\"url\":\"https:\/\/portaltela.pt\/s.01k8rhncp4jt1\/2025\/11\/talking-bot-125x125.png\",\"contentUrl\":\"https:\/\/portaltela.pt\/s.01k8rhncp4jt1\/2025\/11\/talking-bot-125x125.png\",\"caption\":\"Telinha\"},\"sameAs\":[\"https:\/\/portaltela.pt\/\"],\"url\":\"https:\/\/portaltela.pt\/por\/367410592786\/\"}]}<\/script>\n<!-- \/ Yoast SEO plugin. -->","yoast_head_json":{"title":"Semana da P\u00e1scoa com noites frias e m\u00e1ximas de at\u00e9 26\u00b0C - Portal Tela Portugal","robots":{"index":"index","follow":"follow","max-snippet":"max-snippet:-1","max-image-preview":"max-image-preview:large","max-video-preview":"max-video-preview:-1"},"og_locale":"pt_PT","og_type":"article","og_title":"Semana da P\u00e1scoa com noites frias e m\u00e1ximas de at\u00e9 26\u00b0C - Portal Tela Portugal","og_description":"A semana da P\u00e1scoa come\u00e7a com c\u00e9u pouco nublado e subida da temperatura, com m\u00e1ximas at\u00e9 26 graus previstas para ter\u00e7a e quarta-feira, segundo a meteorologista \u00c2ngela Louren\u00e7o (IPMA). Ter\u00e7a e quarta ser\u00e3o os dias mais quentes da semana, com m\u00e1ximas entre 23 e 26 graus no Algarve, Alentejo, Vale do Tejo e Vale do Douro. As m\u00ednimas devem oscilar entre 3 e 14 graus, com arrefecimento noturno acentuado nas zonas interiores e plan\u00edcies do Alentejo. O vento pode soprar com alguma intensidade no litoral Oeste e nas terras altas; podem ocorrer neblinas ou nevoeiro matinal. At\u00e9 domingo de P\u00e1scoa n\u00e3o deve chover; a chuva poder\u00e1 regressar na segunda-feira, 6 de abril.","og_url":"https:\/\/portaltela.pt\/noticias\/2026\/03\/30\/semana-da-pascoa-com-noites-frias-e-maximas-de-ate-26-c\/","og_site_name":"Portal Tela Portugal","article_published_time":"2026-03-30T10:32:06+00:00","author":"Telinha","twitter_card":"summary_large_image","twitter_misc":{"Escrito por":"Telinha","Tempo estimado de leitura":"1 minuto"},"schema":{"@context":"https:\/\/schema.org","@graph":[{"@type":"Article","@id":"https:\/\/portaltela.pt\/noticias\/2026\/03\/30\/semana-da-pascoa-com-noites-frias-e-maximas-de-ate-26-c\/#article","isPartOf":{"@id":"https:\/\/portaltela.pt\/noticias\/2026\/03\/30\/semana-da-pascoa-com-noites-frias-e-maximas-de-ate-26-c\/"},"author":{"name":"Telinha","@id":"https:\/\/portaltela.pt\/#\/schema\/person\/c4278d4a6028830caff9ee44b42d32ed"},"headline":"Semana da P\u00e1scoa com noites frias e m\u00e1ximas de at\u00e9 26\u00b0C","datePublished":"2026-03-30T10:32:06+00:00","mainEntityOfPage":{"@id":"https:\/\/portaltela.pt\/noticias\/2026\/03\/30\/semana-da-pascoa-com-noites-frias-e-maximas-de-ate-26-c\/"},"wordCount":202,"image":{"@id":"https:\/\/portaltela.pt\/noticias\/2026\/03\/30\/semana-da-pascoa-com-noites-frias-e-maximas-de-ate-26-c\/#primaryimage"},"thumbnailUrl":"https:\/\/portaltela.pt\/s.01k8rhncp4jt1\/2026\/03\/image-1787.jpg","keywords":["Alentejo","Algarve","chuva","Douro","meteorologia","Vale do Tejo"],"articleSection":["Not\u00edcias","Tempo"],"inLanguage":"pt-PT"},{"@type":"WebPage","@id":"https:\/\/portaltela.pt\/noticias\/2026\/03\/30\/semana-da-pascoa-com-noites-frias-e-maximas-de-ate-26-c\/","url":"https:\/\/portaltela.pt\/noticias\/2026\/03\/30\/semana-da-pascoa-com-noites-frias-e-maximas-de-ate-26-c\/","name":"Semana da P\u00e1scoa com noites frias e m\u00e1ximas de at\u00e9 26\u00b0C - Portal Tela Portugal","isPartOf":{"@id":"https:\/\/portaltela.pt\/#website"},"primaryImageOfPage":{"@id":"https:\/\/portaltela.pt\/noticias\/2026\/03\/30\/semana-da-pascoa-com-noites-frias-e-maximas-de-ate-26-c\/#primaryimage"},"image":{"@id":"https:\/\/portaltela.pt\/noticias\/2026\/03\/30\/semana-da-pascoa-com-noites-frias-e-maximas-de-ate-26-c\/#primaryimage"},"thumbnailUrl":"https:\/\/portaltela.pt\/s.01k8rhncp4jt1\/2026\/03\/image-1787.jpg","datePublished":"2026-03-30T10:32:06+00:00","author":{"@id":"https:\/\/portaltela.pt\/#\/schema\/person\/c4278d4a6028830caff9ee44b42d32ed"},"breadcrumb":{"@id":"https:\/\/portaltela.pt\/noticias\/2026\/03\/30\/semana-da-pascoa-com-noites-frias-e-maximas-de-ate-26-c\/#breadcrumb"},"inLanguage":"pt-PT","potentialAction":[{"@type":"ReadAction","target":["https:\/\/portaltela.pt\/noticias\/2026\/03\/30\/semana-da-pascoa-com-noites-frias-e-maximas-de-ate-26-c\/"]}]},{"@type":"ImageObject","inLanguage":"pt-PT","@id":"https:\/\/portaltela.pt\/noticias\/2026\/03\/30\/semana-da-pascoa-com-noites-frias-e-maximas-de-ate-26-c\/#primaryimage","url":"https:\/\/portaltela.pt\/s.01k8rhncp4jt1\/2026\/03\/image-1787.jpg","contentUrl":"https:\/\/portaltela.pt\/s.01k8rhncp4jt1\/2026\/03\/image-1787.jpg","width":796,"height":448,"caption":"Ter\u00e7a e quarta-feira ser\u00e3o os dias mais quentes da semana"},{"@type":"BreadcrumbList","@id":"https:\/\/portaltela.pt\/noticias\/2026\/03\/30\/semana-da-pascoa-com-noites-frias-e-maximas-de-ate-26-c\/#breadcrumb","itemListElement":[{"@type":"ListItem","position":1,"name":"In\u00edcio","item":"https:\/\/portaltela.pt\/"},{"@type":"ListItem","position":2,"name":"Semana da P\u00e1scoa com noites frias e m\u00e1ximas de at\u00e9 26\u00b0C"}]},{"@type":"WebSite","@id":"https:\/\/portaltela.pt\/#website","url":"https:\/\/portaltela.pt\/","name":"Portal Tela Portugal","description":"","potentialAction":[{"@type":"SearchAction","target":{"@type":"EntryPoint","urlTemplate":"https:\/\/portaltela.pt\/?s={search_term_string}"},"query-input":{"@type":"PropertyValueSpecification","valueRequired":true,"valueName":"search_term_string"}}],"inLanguage":"pt-PT"},{"@type":"Person","@id":"https:\/\/portaltela.pt\/#\/schema\/person\/c4278d4a6028830caff9ee44b42d32ed","name":"Telinha","image":{"@type":"ImageObject","inLanguage":"pt-PT","@id":"https:\/\/portaltela.pt\/s.01k8rhncp4jt1\/2025\/11\/talking-bot-125x125.png","url":"https:\/\/portaltela.pt\/s.01k8rhncp4jt1\/2025\/11\/talking-bot-125x125.png","contentUrl":"https:\/\/portaltela.pt\/s.01k8rhncp4jt1\/2025\/11\/talking-bot-125x125.png","caption":"Telinha"},"sameAs":["https:\/\/portaltela.pt\/"],"url":"https:\/\/portaltela.pt\/por\/367410592786\/"}]}},"_links":{"self":[{"href":"https:\/\/portaltela.pt\/api\/wp\/v2\/posts\/426755","targetHints":{"allow":["GET"]}}],"collection":[{"href":"https:\/\/portaltela.pt\/api\/wp\/v2\/posts"}],"about":[{"href":"https:\/\/portaltela.pt\/api\/wp\/v2\/types\/post"}],"author":[{"embeddable":true,"href":"https:\/\/portaltela.pt\/api\/wp\/v2\/users\/2"}],"replies":[{"embeddable":true,"href":"https:\/\/portaltela.pt\/api\/wp\/v2\/comments?post=426755"}],"version-history":[{"count":0,"href":"https:\/\/portaltela.pt\/api\/wp\/v2\/posts\/426755\/revisions"}],"wp:featuredmedia":[{"embeddable":true,"href":"https:\/\/portaltela.pt\/api\/wp\/v2\/media\/426762"}],"wp:attachment":[{"href":"https:\/\/portaltela.pt\/api\/wp\/v2\/media?parent=426755"}],"wp:term":[{"taxonomy":"category","embeddable":true,"href":"https:\/\/portaltela.pt\/api\/wp\/v2\/categories?post=426755"},{"taxonomy":"post_tag","embeddable":true,"href":"https:\/\/portaltela.pt\/api\/wp\/v2\/tags?post=426755"}],"curies":[{"name":"wp","href":"https:\/\/api.w.org\/{rel}","templated":true}]}}