{"id":426753,"date":"2026-03-30T07:32:03","date_gmt":"2026-03-30T10:32:03","guid":{"rendered":"https:\/\/portaltela.pt\/noticias\/2026\/03\/30\/ue-aprova-regras-finais-de-emissoes-de-co2-para-veiculos-pesados\/"},"modified":"2026-03-30T07:32:03","modified_gmt":"2026-03-30T10:32:03","slug":"ue-aprova-regras-finais-de-emissoes-de-co2-para-veiculos-pesados","status":"publish","type":"post","link":"https:\/\/portaltela.pt\/meio-ambiente\/2026\/03\/30\/ue-aprova-regras-finais-de-emissoes-de-co2-para-veiculos-pesados\/","title":{"rendered":"UE aprova regras finais de emiss\u00f5es de CO2 para ve\u00edculos pesados"},"content":{"rendered":"<p>A Uni\u00e3o Europeia aprovou esta segunda-feira regras sobre emiss\u00f5es de CO2 para ve\u00edculos pesados, com uma janela de flexibiliza\u00e7\u00e3o at\u00e9 2029, segundo um comunicado do Conselho da UE. A medida visa facilitar o cumprimento das metas de redu\u00e7\u00e3o.<\/p>\n<p>At\u00e9 2029, os fabricantes podem acumular cr\u00e9ditos se as emiss\u00f5es ficarem abaixo das suas metas anuais espec\u00edficas de CO2. Esta op\u00e7\u00e3o decorre do regime acordado pelo Conselho da UE.<\/p>\n<p>As metas obrigat\u00f3rias apontam para 15% de redu\u00e7\u00e3o a partir de 2025, 43% a partir de 2030 e 90% em 2040, para cami\u00f5es, autocarros e turismo. O objetivo \u00e9 reduzir as emiss\u00f5es dos ve\u00edculos pesados novos.<\/p>\n<p>Para comprovar conformidade, os fabricantes podem obter cr\u00e9ditos se a frota cumprir acima de uma trajet\u00f3ria linear entre per\u00edodos de cinco anos. A flexibilidade tempor\u00e1ria facilita o cumprimento a partir de 2030.<\/p>\n<p>A medida entra em vigor vinte dias ap\u00f3s a sua publica\u00e7\u00e3o no Jornal Oficial da UE, tornando-se aplic\u00e1vel aos fabricantes de ve\u00edculos pesados em toda a UE. As novas regras mant\u00eam o foco na redu\u00e7\u00e3o progressiva de emiss\u00f5es.<\/p>\n","protected":false},"excerpt":{"rendered":"<ul>\n<li>A Uni\u00e3o Europeia deu o aval final \u00e0s regras de emiss\u00f5es de CO2 para ve\u00edculos pesados, com uma flexibiliza\u00e7\u00e3o tempor\u00e1ria at\u00e9 2029.<\/li>\n<li>At\u00e9 2029, os fabricantes podem acumular cr\u00e9ditos se as emiss\u00f5es ficarem abaixo das metas anuais espec\u00edficas de CO2.<\/li>\n<li>As metas de redu\u00e7\u00e3o para ve\u00edculos pesados novos s\u00e3o 15% a partir de 2025, 43% a partir de 2030 e 90% a partir de 2040.<\/li>\n<li>Os cr\u00e9ditos podem ser obtidos quando a frota apresentar desempenho acima de uma trajet\u00f3ria linear entre per\u00edodos de cinco anos, facilitando o cumprimento a partir de 2030.<\/li>\n<li>As regras entram em vigor 20 dias ap\u00f3s a publica\u00e7\u00e3o no Jornal Oficial da UE.<\/li>\n<\/ul>\n","protected":false},"author":2,"featured_media":426757,"comment_status":"closed","ping_status":"closed","sticky":false,"template":"","format":"standard","meta":{"footnotes":""},"categories":[7380,6725],"tags":[167,28,942,45,229,192],"class_list":["post-426753","post","type-post","status-publish","format-standard","has-post-thumbnail","hentry","category-clima","category-meio-ambiente","tag-ambiente","tag-economia","tag-emissoes-de-gases-de-efeito-de-estufa","tag-meio-ambiente","tag-politica-publica","tag-transporte"],"yoast_head":"<!-- This site is optimized with the Yoast SEO plugin v27.2 - https:\/\/yoast.com\/product\/yoast-seo-wordpress\/ -->\n<title>UE aprova regras finais de emiss\u00f5es de CO2 para ve\u00edculos pesados - Portal Tela Portugal<\/title>\n<meta name=\"robots\" content=\"index, follow, max-snippet:-1, max-image-preview:large, max-video-preview:-1\" \/>\n<meta property=\"og:locale\" content=\"pt_PT\" \/>\n<meta property=\"og:type\" content=\"article\" \/>\n<meta property=\"og:title\" content=\"UE aprova regras finais de emiss\u00f5es de CO2 para ve\u00edculos pesados - Portal Tela Portugal\" \/>\n<meta property=\"og:description\" content=\"A Uni\u00e3o Europeia deu o aval final \u00e0s regras de emiss\u00f5es de CO2 para ve\u00edculos pesados, com uma flexibiliza\u00e7\u00e3o tempor\u00e1ria at\u00e9 2029. At\u00e9 2029, os fabricantes podem acumular cr\u00e9ditos se as emiss\u00f5es ficarem abaixo das metas anuais espec\u00edficas de CO2. As metas de redu\u00e7\u00e3o para ve\u00edculos pesados novos s\u00e3o 15% a partir de 2025, 43% a partir de 2030 e 90% a partir de 2040. Os cr\u00e9ditos podem ser obtidos quando a frota apresentar desempenho acima de uma trajet\u00f3ria linear entre per\u00edodos de cinco anos, facilitando o cumprimento a partir de 2030. As regras entram em vigor 20 dias ap\u00f3s a publica\u00e7\u00e3o no Jornal Oficial da UE.\" \/>\n<meta property=\"og:url\" content=\"https:\/\/portaltela.pt\/noticias\/2026\/03\/30\/ue-aprova-regras-finais-de-emissoes-de-co2-para-veiculos-pesados\/\" \/>\n<meta property=\"og:site_name\" content=\"Portal Tela Portugal\" \/>\n<meta property=\"article:published_time\" content=\"2026-03-30T10:32:03+00:00\" \/>\n<meta name=\"author\" content=\"Telinha\" \/>\n<meta name=\"twitter:card\" content=\"summary_large_image\" \/>\n<meta name=\"twitter:label1\" content=\"Escrito por\" \/>\n\t<meta name=\"twitter:data1\" content=\"Telinha\" \/>\n\t<meta name=\"twitter:label2\" content=\"Tempo estimado de leitura\" \/>\n\t<meta name=\"twitter:data2\" content=\"1 minuto\" \/>\n<script type=\"application\/ld+json\" class=\"yoast-schema-graph\">{\"@context\":\"https:\/\/schema.org\",\"@graph\":[{\"@type\":\"Article\",\"@id\":\"https:\/\/portaltela.pt\/noticias\/2026\/03\/30\/ue-aprova-regras-finais-de-emissoes-de-co2-para-veiculos-pesados\/#article\",\"isPartOf\":{\"@id\":\"https:\/\/portaltela.pt\/noticias\/2026\/03\/30\/ue-aprova-regras-finais-de-emissoes-de-co2-para-veiculos-pesados\/\"},\"author\":{\"name\":\"Telinha\",\"@id\":\"https:\/\/portaltela.pt\/#\/schema\/person\/c4278d4a6028830caff9ee44b42d32ed\"},\"headline\":\"UE aprova regras finais de emiss\u00f5es de CO2 para ve\u00edculos pesados\",\"datePublished\":\"2026-03-30T10:32:03+00:00\",\"mainEntityOfPage\":{\"@id\":\"https:\/\/portaltela.pt\/noticias\/2026\/03\/30\/ue-aprova-regras-finais-de-emissoes-de-co2-para-veiculos-pesados\/\"},\"wordCount\":201,\"image\":{\"@id\":\"https:\/\/portaltela.pt\/noticias\/2026\/03\/30\/ue-aprova-regras-finais-de-emissoes-de-co2-para-veiculos-pesados\/#primaryimage\"},\"thumbnailUrl\":\"https:\/\/portaltela.pt\/s.01k8rhncp4jt1\/2026\/03\/img_1280x721uu2021-01-09-15-35-02-1004205.jpg\",\"keywords\":[\"ambiente\",\"economia\",\"Emiss\u00f5es de Gases de Efeito de Estufa\",\"meio-ambiente\",\"pol\u00edtica p\u00fablica\",\"transporte\"],\"articleSection\":[\"Clima\",\"Meio Ambiente\"],\"inLanguage\":\"pt-PT\"},{\"@type\":\"WebPage\",\"@id\":\"https:\/\/portaltela.pt\/noticias\/2026\/03\/30\/ue-aprova-regras-finais-de-emissoes-de-co2-para-veiculos-pesados\/\",\"url\":\"https:\/\/portaltela.pt\/noticias\/2026\/03\/30\/ue-aprova-regras-finais-de-emissoes-de-co2-para-veiculos-pesados\/\",\"name\":\"UE aprova regras finais de emiss\u00f5es de CO2 para ve\u00edculos pesados - Portal Tela Portugal\",\"isPartOf\":{\"@id\":\"https:\/\/portaltela.pt\/#website\"},\"primaryImageOfPage\":{\"@id\":\"https:\/\/portaltela.pt\/noticias\/2026\/03\/30\/ue-aprova-regras-finais-de-emissoes-de-co2-para-veiculos-pesados\/#primaryimage\"},\"image\":{\"@id\":\"https:\/\/portaltela.pt\/noticias\/2026\/03\/30\/ue-aprova-regras-finais-de-emissoes-de-co2-para-veiculos-pesados\/#primaryimage\"},\"thumbnailUrl\":\"https:\/\/portaltela.pt\/s.01k8rhncp4jt1\/2026\/03\/img_1280x721uu2021-01-09-15-35-02-1004205.jpg\",\"datePublished\":\"2026-03-30T10:32:03+00:00\",\"author\":{\"@id\":\"https:\/\/portaltela.pt\/#\/schema\/person\/c4278d4a6028830caff9ee44b42d32ed\"},\"breadcrumb\":{\"@id\":\"https:\/\/portaltela.pt\/noticias\/2026\/03\/30\/ue-aprova-regras-finais-de-emissoes-de-co2-para-veiculos-pesados\/#breadcrumb\"},\"inLanguage\":\"pt-PT\",\"potentialAction\":[{\"@type\":\"ReadAction\",\"target\":[\"https:\/\/portaltela.pt\/noticias\/2026\/03\/30\/ue-aprova-regras-finais-de-emissoes-de-co2-para-veiculos-pesados\/\"]}]},{\"@type\":\"ImageObject\",\"inLanguage\":\"pt-PT\",\"@id\":\"https:\/\/portaltela.pt\/noticias\/2026\/03\/30\/ue-aprova-regras-finais-de-emissoes-de-co2-para-veiculos-pesados\/#primaryimage\",\"url\":\"https:\/\/portaltela.pt\/s.01k8rhncp4jt1\/2026\/03\/img_1280x721uu2021-01-09-15-35-02-1004205.jpg\",\"contentUrl\":\"https:\/\/portaltela.pt\/s.01k8rhncp4jt1\/2026\/03\/img_1280x721uu2021-01-09-15-35-02-1004205.jpg\",\"width\":796,\"height\":448,\"caption\":\"Cami\u00e3o\"},{\"@type\":\"BreadcrumbList\",\"@id\":\"https:\/\/portaltela.pt\/noticias\/2026\/03\/30\/ue-aprova-regras-finais-de-emissoes-de-co2-para-veiculos-pesados\/#breadcrumb\",\"itemListElement\":[{\"@type\":\"ListItem\",\"position\":1,\"name\":\"In\u00edcio\",\"item\":\"https:\/\/portaltela.pt\/\"},{\"@type\":\"ListItem\",\"position\":2,\"name\":\"UE aprova regras finais de emiss\u00f5es de CO2 para ve\u00edculos pesados\"}]},{\"@type\":\"WebSite\",\"@id\":\"https:\/\/portaltela.pt\/#website\",\"url\":\"https:\/\/portaltela.pt\/\",\"name\":\"Portal Tela Portugal\",\"description\":\"\",\"potentialAction\":[{\"@type\":\"SearchAction\",\"target\":{\"@type\":\"EntryPoint\",\"urlTemplate\":\"https:\/\/portaltela.pt\/?s={search_term_string}\"},\"query-input\":{\"@type\":\"PropertyValueSpecification\",\"valueRequired\":true,\"valueName\":\"search_term_string\"}}],\"inLanguage\":\"pt-PT\"},{\"@type\":\"Person\",\"@id\":\"https:\/\/portaltela.pt\/#\/schema\/person\/c4278d4a6028830caff9ee44b42d32ed\",\"name\":\"Telinha\",\"image\":{\"@type\":\"ImageObject\",\"inLanguage\":\"pt-PT\",\"@id\":\"https:\/\/portaltela.pt\/s.01k8rhncp4jt1\/2025\/11\/talking-bot-125x125.png\",\"url\":\"https:\/\/portaltela.pt\/s.01k8rhncp4jt1\/2025\/11\/talking-bot-125x125.png\",\"contentUrl\":\"https:\/\/portaltela.pt\/s.01k8rhncp4jt1\/2025\/11\/talking-bot-125x125.png\",\"caption\":\"Telinha\"},\"sameAs\":[\"https:\/\/portaltela.pt\/\"],\"url\":\"https:\/\/portaltela.pt\/por\/367410592786\/\"}]}<\/script>\n<!-- \/ Yoast SEO plugin. -->","yoast_head_json":{"title":"UE aprova regras finais de emiss\u00f5es de CO2 para ve\u00edculos pesados - Portal Tela Portugal","robots":{"index":"index","follow":"follow","max-snippet":"max-snippet:-1","max-image-preview":"max-image-preview:large","max-video-preview":"max-video-preview:-1"},"og_locale":"pt_PT","og_type":"article","og_title":"UE aprova regras finais de emiss\u00f5es de CO2 para ve\u00edculos pesados - Portal Tela Portugal","og_description":"A Uni\u00e3o Europeia deu o aval final \u00e0s regras de emiss\u00f5es de CO2 para ve\u00edculos pesados, com uma flexibiliza\u00e7\u00e3o tempor\u00e1ria at\u00e9 2029. At\u00e9 2029, os fabricantes podem acumular cr\u00e9ditos se as emiss\u00f5es ficarem abaixo das metas anuais espec\u00edficas de CO2. As metas de redu\u00e7\u00e3o para ve\u00edculos pesados novos s\u00e3o 15% a partir de 2025, 43% a partir de 2030 e 90% a partir de 2040. Os cr\u00e9ditos podem ser obtidos quando a frota apresentar desempenho acima de uma trajet\u00f3ria linear entre per\u00edodos de cinco anos, facilitando o cumprimento a partir de 2030. As regras entram em vigor 20 dias ap\u00f3s a publica\u00e7\u00e3o no Jornal Oficial da UE.","og_url":"https:\/\/portaltela.pt\/noticias\/2026\/03\/30\/ue-aprova-regras-finais-de-emissoes-de-co2-para-veiculos-pesados\/","og_site_name":"Portal Tela Portugal","article_published_time":"2026-03-30T10:32:03+00:00","author":"Telinha","twitter_card":"summary_large_image","twitter_misc":{"Escrito por":"Telinha","Tempo estimado de leitura":"1 minuto"},"schema":{"@context":"https:\/\/schema.org","@graph":[{"@type":"Article","@id":"https:\/\/portaltela.pt\/noticias\/2026\/03\/30\/ue-aprova-regras-finais-de-emissoes-de-co2-para-veiculos-pesados\/#article","isPartOf":{"@id":"https:\/\/portaltela.pt\/noticias\/2026\/03\/30\/ue-aprova-regras-finais-de-emissoes-de-co2-para-veiculos-pesados\/"},"author":{"name":"Telinha","@id":"https:\/\/portaltela.pt\/#\/schema\/person\/c4278d4a6028830caff9ee44b42d32ed"},"headline":"UE aprova regras finais de emiss\u00f5es de CO2 para ve\u00edculos pesados","datePublished":"2026-03-30T10:32:03+00:00","mainEntityOfPage":{"@id":"https:\/\/portaltela.pt\/noticias\/2026\/03\/30\/ue-aprova-regras-finais-de-emissoes-de-co2-para-veiculos-pesados\/"},"wordCount":201,"image":{"@id":"https:\/\/portaltela.pt\/noticias\/2026\/03\/30\/ue-aprova-regras-finais-de-emissoes-de-co2-para-veiculos-pesados\/#primaryimage"},"thumbnailUrl":"https:\/\/portaltela.pt\/s.01k8rhncp4jt1\/2026\/03\/img_1280x721uu2021-01-09-15-35-02-1004205.jpg","keywords":["ambiente","economia","Emiss\u00f5es de Gases de Efeito de Estufa","meio-ambiente","pol\u00edtica p\u00fablica","transporte"],"articleSection":["Clima","Meio Ambiente"],"inLanguage":"pt-PT"},{"@type":"WebPage","@id":"https:\/\/portaltela.pt\/noticias\/2026\/03\/30\/ue-aprova-regras-finais-de-emissoes-de-co2-para-veiculos-pesados\/","url":"https:\/\/portaltela.pt\/noticias\/2026\/03\/30\/ue-aprova-regras-finais-de-emissoes-de-co2-para-veiculos-pesados\/","name":"UE aprova regras finais de emiss\u00f5es de CO2 para ve\u00edculos pesados - Portal Tela Portugal","isPartOf":{"@id":"https:\/\/portaltela.pt\/#website"},"primaryImageOfPage":{"@id":"https:\/\/portaltela.pt\/noticias\/2026\/03\/30\/ue-aprova-regras-finais-de-emissoes-de-co2-para-veiculos-pesados\/#primaryimage"},"image":{"@id":"https:\/\/portaltela.pt\/noticias\/2026\/03\/30\/ue-aprova-regras-finais-de-emissoes-de-co2-para-veiculos-pesados\/#primaryimage"},"thumbnailUrl":"https:\/\/portaltela.pt\/s.01k8rhncp4jt1\/2026\/03\/img_1280x721uu2021-01-09-15-35-02-1004205.jpg","datePublished":"2026-03-30T10:32:03+00:00","author":{"@id":"https:\/\/portaltela.pt\/#\/schema\/person\/c4278d4a6028830caff9ee44b42d32ed"},"breadcrumb":{"@id":"https:\/\/portaltela.pt\/noticias\/2026\/03\/30\/ue-aprova-regras-finais-de-emissoes-de-co2-para-veiculos-pesados\/#breadcrumb"},"inLanguage":"pt-PT","potentialAction":[{"@type":"ReadAction","target":["https:\/\/portaltela.pt\/noticias\/2026\/03\/30\/ue-aprova-regras-finais-de-emissoes-de-co2-para-veiculos-pesados\/"]}]},{"@type":"ImageObject","inLanguage":"pt-PT","@id":"https:\/\/portaltela.pt\/noticias\/2026\/03\/30\/ue-aprova-regras-finais-de-emissoes-de-co2-para-veiculos-pesados\/#primaryimage","url":"https:\/\/portaltela.pt\/s.01k8rhncp4jt1\/2026\/03\/img_1280x721uu2021-01-09-15-35-02-1004205.jpg","contentUrl":"https:\/\/portaltela.pt\/s.01k8rhncp4jt1\/2026\/03\/img_1280x721uu2021-01-09-15-35-02-1004205.jpg","width":796,"height":448,"caption":"Cami\u00e3o"},{"@type":"BreadcrumbList","@id":"https:\/\/portaltela.pt\/noticias\/2026\/03\/30\/ue-aprova-regras-finais-de-emissoes-de-co2-para-veiculos-pesados\/#breadcrumb","itemListElement":[{"@type":"ListItem","position":1,"name":"In\u00edcio","item":"https:\/\/portaltela.pt\/"},{"@type":"ListItem","position":2,"name":"UE aprova regras finais de emiss\u00f5es de CO2 para ve\u00edculos pesados"}]},{"@type":"WebSite","@id":"https:\/\/portaltela.pt\/#website","url":"https:\/\/portaltela.pt\/","name":"Portal Tela Portugal","description":"","potentialAction":[{"@type":"SearchAction","target":{"@type":"EntryPoint","urlTemplate":"https:\/\/portaltela.pt\/?s={search_term_string}"},"query-input":{"@type":"PropertyValueSpecification","valueRequired":true,"valueName":"search_term_string"}}],"inLanguage":"pt-PT"},{"@type":"Person","@id":"https:\/\/portaltela.pt\/#\/schema\/person\/c4278d4a6028830caff9ee44b42d32ed","name":"Telinha","image":{"@type":"ImageObject","inLanguage":"pt-PT","@id":"https:\/\/portaltela.pt\/s.01k8rhncp4jt1\/2025\/11\/talking-bot-125x125.png","url":"https:\/\/portaltela.pt\/s.01k8rhncp4jt1\/2025\/11\/talking-bot-125x125.png","contentUrl":"https:\/\/portaltela.pt\/s.01k8rhncp4jt1\/2025\/11\/talking-bot-125x125.png","caption":"Telinha"},"sameAs":["https:\/\/portaltela.pt\/"],"url":"https:\/\/portaltela.pt\/por\/367410592786\/"}]}},"_links":{"self":[{"href":"https:\/\/portaltela.pt\/api\/wp\/v2\/posts\/426753","targetHints":{"allow":["GET"]}}],"collection":[{"href":"https:\/\/portaltela.pt\/api\/wp\/v2\/posts"}],"about":[{"href":"https:\/\/portaltela.pt\/api\/wp\/v2\/types\/post"}],"author":[{"embeddable":true,"href":"https:\/\/portaltela.pt\/api\/wp\/v2\/users\/2"}],"replies":[{"embeddable":true,"href":"https:\/\/portaltela.pt\/api\/wp\/v2\/comments?post=426753"}],"version-history":[{"count":0,"href":"https:\/\/portaltela.pt\/api\/wp\/v2\/posts\/426753\/revisions"}],"wp:featuredmedia":[{"embeddable":true,"href":"https:\/\/portaltela.pt\/api\/wp\/v2\/media\/426757"}],"wp:attachment":[{"href":"https:\/\/portaltela.pt\/api\/wp\/v2\/media?parent=426753"}],"wp:term":[{"taxonomy":"category","embeddable":true,"href":"https:\/\/portaltela.pt\/api\/wp\/v2\/categories?post=426753"},{"taxonomy":"post_tag","embeddable":true,"href":"https:\/\/portaltela.pt\/api\/wp\/v2\/tags?post=426753"}],"curies":[{"name":"wp","href":"https:\/\/api.w.org\/{rel}","templated":true}]}}