{"id":426719,"date":"2026-03-30T07:16:58","date_gmt":"2026-03-30T10:16:58","guid":{"rendered":"https:\/\/portaltela.pt\/noticias\/2026\/03\/30\/mais-empresas-na-alemanha-preveem-subida-de-precos-segundo-ifo\/"},"modified":"2026-03-30T07:16:58","modified_gmt":"2026-03-30T10:16:58","slug":"mais-empresas-na-alemanha-preveem-subida-de-precos-segundo-ifo","status":"publish","type":"post","link":"https:\/\/portaltela.pt\/noticias\/economia\/2026\/03\/30\/mais-empresas-na-alemanha-preveem-subida-de-precos-segundo-ifo\/","title":{"rendered":"Mais empresas na Alemanha prev\u00eaem subida de pre\u00e7os segundo Ifo"},"content":{"rendered":"<p>O instituto Ifo divulgou uma informa\u00e7\u00e3o sobre a percep\u00e7\u00e3o das empresas na Alemanha: uma parcela maior delas espera subir os pre\u00e7os num horizonte pr\u00f3ximo. A not\u00edcia aponta para uma tend\u00eancia de aquecimento de tarifas e margens, refletindo condi\u00e7\u00f5es econ\u00f3micas atuais.<\/p>\n<p>Segundo o Ifo, o aumento previsto nas propostas de reajuste de pre\u00e7os surge num contexto de press\u00e3o de custos e infla\u00e7\u00e3o, que tem influenciado decis\u00f5es de pricing em v\u00e1rios setores. Detalhes adicionais n\u00e3o foram tornados p\u00fablicos devido ao modelo de acesso.<\/p>\n<p>O relat\u00f3rio, de momento, est\u00e1 dispon\u00edvel apenas para subscritores, limitando a divulga\u00e7\u00e3o de n\u00fameros espec\u00edficos e metodologias utilizadas. A confirma\u00e7\u00e3o dos dados completos depende da disponibiliza\u00e7\u00e3o oficial pelo instituto.<\/p>\n<p>Fontes oficiais indicam que o estudo permanece em an\u00e1lise pela equipa do Ifo, sem confirma\u00e7\u00e3o depercentagens ou sectores mais afetados. Aguardam-se publica\u00e7\u00f5es complementares para enquadrar o impacto no mercado alem\u00e3o.<\/p>\n","protected":false},"excerpt":{"rendered":"<ul>\n<li>Mais empresas na Alemanha preveem subir pre\u00e7os, segundo o instituto econ\u00f3mico Ifo.<\/li>\n<li>O conte\u00fado completo est\u00e1 dispon\u00edvel apenas para subscritores.<\/li>\n<\/ul>\n","protected":false},"author":2,"featured_media":426720,"comment_status":"closed","ping_status":"closed","sticky":false,"template":"","format":"standard","meta":{"footnotes":""},"categories":[2,6735],"tags":[1603,7407,28,3861,1676,7296],"class_list":["post-426719","post","type-post","status-publish","format-standard","has-post-thumbnail","hentry","category-economia","category-negocios","tag-alemanha","tag-conjuntura-economica","tag-economia","tag-economia-internacional","tag-inflacao","tag-precos"],"yoast_head":"<!-- This site is optimized with the Yoast SEO plugin v27.2 - https:\/\/yoast.com\/product\/yoast-seo-wordpress\/ -->\n<title>Mais empresas na Alemanha prev\u00eaem subida de pre\u00e7os segundo Ifo - Portal Tela Portugal<\/title>\n<meta name=\"robots\" content=\"index, follow, max-snippet:-1, max-image-preview:large, max-video-preview:-1\" \/>\n<meta property=\"og:locale\" content=\"pt_PT\" \/>\n<meta property=\"og:type\" content=\"article\" \/>\n<meta property=\"og:title\" content=\"Mais empresas na Alemanha prev\u00eaem subida de pre\u00e7os segundo Ifo - Portal Tela Portugal\" \/>\n<meta property=\"og:description\" content=\"Mais empresas na Alemanha preveem subir pre\u00e7os, segundo o instituto econ\u00f3mico Ifo. O conte\u00fado completo est\u00e1 dispon\u00edvel apenas para subscritores.\" \/>\n<meta property=\"og:url\" content=\"https:\/\/portaltela.pt\/noticias\/2026\/03\/30\/mais-empresas-na-alemanha-preveem-subida-de-precos-segundo-ifo\/\" \/>\n<meta property=\"og:site_name\" content=\"Portal Tela Portugal\" \/>\n<meta property=\"article:published_time\" content=\"2026-03-30T10:16:58+00:00\" \/>\n<meta name=\"author\" content=\"Telinha\" \/>\n<meta name=\"twitter:card\" content=\"summary_large_image\" \/>\n<meta name=\"twitter:label1\" content=\"Escrito por\" \/>\n\t<meta name=\"twitter:data1\" content=\"Telinha\" \/>\n\t<meta name=\"twitter:label2\" content=\"Tempo estimado de leitura\" \/>\n\t<meta name=\"twitter:data2\" content=\"1 minuto\" \/>\n<script type=\"application\/ld+json\" class=\"yoast-schema-graph\">{\"@context\":\"https:\/\/schema.org\",\"@graph\":[{\"@type\":\"Article\",\"@id\":\"https:\/\/portaltela.pt\/noticias\/2026\/03\/30\/mais-empresas-na-alemanha-preveem-subida-de-precos-segundo-ifo\/#article\",\"isPartOf\":{\"@id\":\"https:\/\/portaltela.pt\/noticias\/2026\/03\/30\/mais-empresas-na-alemanha-preveem-subida-de-precos-segundo-ifo\/\"},\"author\":{\"name\":\"Telinha\",\"@id\":\"https:\/\/portaltela.pt\/#\/schema\/person\/c4278d4a6028830caff9ee44b42d32ed\"},\"headline\":\"Mais empresas na Alemanha prev\u00eaem subida de pre\u00e7os segundo Ifo\",\"datePublished\":\"2026-03-30T10:16:58+00:00\",\"mainEntityOfPage\":{\"@id\":\"https:\/\/portaltela.pt\/noticias\/2026\/03\/30\/mais-empresas-na-alemanha-preveem-subida-de-precos-segundo-ifo\/\"},\"wordCount\":178,\"image\":{\"@id\":\"https:\/\/portaltela.pt\/noticias\/2026\/03\/30\/mais-empresas-na-alemanha-preveem-subida-de-precos-segundo-ifo\/#primaryimage\"},\"thumbnailUrl\":\"https:\/\/portaltela.pt\/s.01k8rhncp4jt1\/2026\/03\/CACHE_780X1200_ANALOG_WATERMARKED_44754280_542544618007682.jpg\",\"keywords\":[\"Alemanha\",\"conjuntura econ\u00f3mica\",\"economia\",\"economia internacional\",\"infla\u00e7\u00e3o\",\"pre\u00e7os\"],\"articleSection\":[\"Economia\",\"Neg\u00f3cios\"],\"inLanguage\":\"pt-PT\"},{\"@type\":\"WebPage\",\"@id\":\"https:\/\/portaltela.pt\/noticias\/2026\/03\/30\/mais-empresas-na-alemanha-preveem-subida-de-precos-segundo-ifo\/\",\"url\":\"https:\/\/portaltela.pt\/noticias\/2026\/03\/30\/mais-empresas-na-alemanha-preveem-subida-de-precos-segundo-ifo\/\",\"name\":\"Mais empresas na Alemanha prev\u00eaem subida de pre\u00e7os segundo Ifo - Portal Tela Portugal\",\"isPartOf\":{\"@id\":\"https:\/\/portaltela.pt\/#website\"},\"primaryImageOfPage\":{\"@id\":\"https:\/\/portaltela.pt\/noticias\/2026\/03\/30\/mais-empresas-na-alemanha-preveem-subida-de-precos-segundo-ifo\/#primaryimage\"},\"image\":{\"@id\":\"https:\/\/portaltela.pt\/noticias\/2026\/03\/30\/mais-empresas-na-alemanha-preveem-subida-de-precos-segundo-ifo\/#primaryimage\"},\"thumbnailUrl\":\"https:\/\/portaltela.pt\/s.01k8rhncp4jt1\/2026\/03\/CACHE_780X1200_ANALOG_WATERMARKED_44754280_542544618007682.jpg\",\"datePublished\":\"2026-03-30T10:16:58+00:00\",\"author\":{\"@id\":\"https:\/\/portaltela.pt\/#\/schema\/person\/c4278d4a6028830caff9ee44b42d32ed\"},\"breadcrumb\":{\"@id\":\"https:\/\/portaltela.pt\/noticias\/2026\/03\/30\/mais-empresas-na-alemanha-preveem-subida-de-precos-segundo-ifo\/#breadcrumb\"},\"inLanguage\":\"pt-PT\",\"potentialAction\":[{\"@type\":\"ReadAction\",\"target\":[\"https:\/\/portaltela.pt\/noticias\/2026\/03\/30\/mais-empresas-na-alemanha-preveem-subida-de-precos-segundo-ifo\/\"]}]},{\"@type\":\"ImageObject\",\"inLanguage\":\"pt-PT\",\"@id\":\"https:\/\/portaltela.pt\/noticias\/2026\/03\/30\/mais-empresas-na-alemanha-preveem-subida-de-precos-segundo-ifo\/#primaryimage\",\"url\":\"https:\/\/portaltela.pt\/s.01k8rhncp4jt1\/2026\/03\/CACHE_780X1200_ANALOG_WATERMARKED_44754280_542544618007682.jpg\",\"contentUrl\":\"https:\/\/portaltela.pt\/s.01k8rhncp4jt1\/2026\/03\/CACHE_780X1200_ANALOG_WATERMARKED_44754280_542544618007682.jpg\",\"width\":768,\"height\":512,\"caption\":\"Mais empresas na Alemanha preveem subir pre\u00e7os - Ifo\"},{\"@type\":\"BreadcrumbList\",\"@id\":\"https:\/\/portaltela.pt\/noticias\/2026\/03\/30\/mais-empresas-na-alemanha-preveem-subida-de-precos-segundo-ifo\/#breadcrumb\",\"itemListElement\":[{\"@type\":\"ListItem\",\"position\":1,\"name\":\"In\u00edcio\",\"item\":\"https:\/\/portaltela.pt\/\"},{\"@type\":\"ListItem\",\"position\":2,\"name\":\"Mais empresas na Alemanha prev\u00eaem subida de pre\u00e7os segundo Ifo\"}]},{\"@type\":\"WebSite\",\"@id\":\"https:\/\/portaltela.pt\/#website\",\"url\":\"https:\/\/portaltela.pt\/\",\"name\":\"Portal Tela Portugal\",\"description\":\"\",\"potentialAction\":[{\"@type\":\"SearchAction\",\"target\":{\"@type\":\"EntryPoint\",\"urlTemplate\":\"https:\/\/portaltela.pt\/?s={search_term_string}\"},\"query-input\":{\"@type\":\"PropertyValueSpecification\",\"valueRequired\":true,\"valueName\":\"search_term_string\"}}],\"inLanguage\":\"pt-PT\"},{\"@type\":\"Person\",\"@id\":\"https:\/\/portaltela.pt\/#\/schema\/person\/c4278d4a6028830caff9ee44b42d32ed\",\"name\":\"Telinha\",\"image\":{\"@type\":\"ImageObject\",\"inLanguage\":\"pt-PT\",\"@id\":\"https:\/\/portaltela.pt\/s.01k8rhncp4jt1\/2025\/11\/talking-bot-125x125.png\",\"url\":\"https:\/\/portaltela.pt\/s.01k8rhncp4jt1\/2025\/11\/talking-bot-125x125.png\",\"contentUrl\":\"https:\/\/portaltela.pt\/s.01k8rhncp4jt1\/2025\/11\/talking-bot-125x125.png\",\"caption\":\"Telinha\"},\"sameAs\":[\"https:\/\/portaltela.pt\/\"],\"url\":\"https:\/\/portaltela.pt\/por\/367410592786\/\"}]}<\/script>\n<!-- \/ Yoast SEO plugin. -->","yoast_head_json":{"title":"Mais empresas na Alemanha prev\u00eaem subida de pre\u00e7os segundo Ifo - Portal Tela Portugal","robots":{"index":"index","follow":"follow","max-snippet":"max-snippet:-1","max-image-preview":"max-image-preview:large","max-video-preview":"max-video-preview:-1"},"og_locale":"pt_PT","og_type":"article","og_title":"Mais empresas na Alemanha prev\u00eaem subida de pre\u00e7os segundo Ifo - Portal Tela Portugal","og_description":"Mais empresas na Alemanha preveem subir pre\u00e7os, segundo o instituto econ\u00f3mico Ifo. O conte\u00fado completo est\u00e1 dispon\u00edvel apenas para subscritores.","og_url":"https:\/\/portaltela.pt\/noticias\/2026\/03\/30\/mais-empresas-na-alemanha-preveem-subida-de-precos-segundo-ifo\/","og_site_name":"Portal Tela Portugal","article_published_time":"2026-03-30T10:16:58+00:00","author":"Telinha","twitter_card":"summary_large_image","twitter_misc":{"Escrito por":"Telinha","Tempo estimado de leitura":"1 minuto"},"schema":{"@context":"https:\/\/schema.org","@graph":[{"@type":"Article","@id":"https:\/\/portaltela.pt\/noticias\/2026\/03\/30\/mais-empresas-na-alemanha-preveem-subida-de-precos-segundo-ifo\/#article","isPartOf":{"@id":"https:\/\/portaltela.pt\/noticias\/2026\/03\/30\/mais-empresas-na-alemanha-preveem-subida-de-precos-segundo-ifo\/"},"author":{"name":"Telinha","@id":"https:\/\/portaltela.pt\/#\/schema\/person\/c4278d4a6028830caff9ee44b42d32ed"},"headline":"Mais empresas na Alemanha prev\u00eaem subida de pre\u00e7os segundo Ifo","datePublished":"2026-03-30T10:16:58+00:00","mainEntityOfPage":{"@id":"https:\/\/portaltela.pt\/noticias\/2026\/03\/30\/mais-empresas-na-alemanha-preveem-subida-de-precos-segundo-ifo\/"},"wordCount":178,"image":{"@id":"https:\/\/portaltela.pt\/noticias\/2026\/03\/30\/mais-empresas-na-alemanha-preveem-subida-de-precos-segundo-ifo\/#primaryimage"},"thumbnailUrl":"https:\/\/portaltela.pt\/s.01k8rhncp4jt1\/2026\/03\/CACHE_780X1200_ANALOG_WATERMARKED_44754280_542544618007682.jpg","keywords":["Alemanha","conjuntura econ\u00f3mica","economia","economia internacional","infla\u00e7\u00e3o","pre\u00e7os"],"articleSection":["Economia","Neg\u00f3cios"],"inLanguage":"pt-PT"},{"@type":"WebPage","@id":"https:\/\/portaltela.pt\/noticias\/2026\/03\/30\/mais-empresas-na-alemanha-preveem-subida-de-precos-segundo-ifo\/","url":"https:\/\/portaltela.pt\/noticias\/2026\/03\/30\/mais-empresas-na-alemanha-preveem-subida-de-precos-segundo-ifo\/","name":"Mais empresas na Alemanha prev\u00eaem subida de pre\u00e7os segundo Ifo - Portal Tela Portugal","isPartOf":{"@id":"https:\/\/portaltela.pt\/#website"},"primaryImageOfPage":{"@id":"https:\/\/portaltela.pt\/noticias\/2026\/03\/30\/mais-empresas-na-alemanha-preveem-subida-de-precos-segundo-ifo\/#primaryimage"},"image":{"@id":"https:\/\/portaltela.pt\/noticias\/2026\/03\/30\/mais-empresas-na-alemanha-preveem-subida-de-precos-segundo-ifo\/#primaryimage"},"thumbnailUrl":"https:\/\/portaltela.pt\/s.01k8rhncp4jt1\/2026\/03\/CACHE_780X1200_ANALOG_WATERMARKED_44754280_542544618007682.jpg","datePublished":"2026-03-30T10:16:58+00:00","author":{"@id":"https:\/\/portaltela.pt\/#\/schema\/person\/c4278d4a6028830caff9ee44b42d32ed"},"breadcrumb":{"@id":"https:\/\/portaltela.pt\/noticias\/2026\/03\/30\/mais-empresas-na-alemanha-preveem-subida-de-precos-segundo-ifo\/#breadcrumb"},"inLanguage":"pt-PT","potentialAction":[{"@type":"ReadAction","target":["https:\/\/portaltela.pt\/noticias\/2026\/03\/30\/mais-empresas-na-alemanha-preveem-subida-de-precos-segundo-ifo\/"]}]},{"@type":"ImageObject","inLanguage":"pt-PT","@id":"https:\/\/portaltela.pt\/noticias\/2026\/03\/30\/mais-empresas-na-alemanha-preveem-subida-de-precos-segundo-ifo\/#primaryimage","url":"https:\/\/portaltela.pt\/s.01k8rhncp4jt1\/2026\/03\/CACHE_780X1200_ANALOG_WATERMARKED_44754280_542544618007682.jpg","contentUrl":"https:\/\/portaltela.pt\/s.01k8rhncp4jt1\/2026\/03\/CACHE_780X1200_ANALOG_WATERMARKED_44754280_542544618007682.jpg","width":768,"height":512,"caption":"Mais empresas na Alemanha preveem subir pre\u00e7os - Ifo"},{"@type":"BreadcrumbList","@id":"https:\/\/portaltela.pt\/noticias\/2026\/03\/30\/mais-empresas-na-alemanha-preveem-subida-de-precos-segundo-ifo\/#breadcrumb","itemListElement":[{"@type":"ListItem","position":1,"name":"In\u00edcio","item":"https:\/\/portaltela.pt\/"},{"@type":"ListItem","position":2,"name":"Mais empresas na Alemanha prev\u00eaem subida de pre\u00e7os segundo Ifo"}]},{"@type":"WebSite","@id":"https:\/\/portaltela.pt\/#website","url":"https:\/\/portaltela.pt\/","name":"Portal Tela Portugal","description":"","potentialAction":[{"@type":"SearchAction","target":{"@type":"EntryPoint","urlTemplate":"https:\/\/portaltela.pt\/?s={search_term_string}"},"query-input":{"@type":"PropertyValueSpecification","valueRequired":true,"valueName":"search_term_string"}}],"inLanguage":"pt-PT"},{"@type":"Person","@id":"https:\/\/portaltela.pt\/#\/schema\/person\/c4278d4a6028830caff9ee44b42d32ed","name":"Telinha","image":{"@type":"ImageObject","inLanguage":"pt-PT","@id":"https:\/\/portaltela.pt\/s.01k8rhncp4jt1\/2025\/11\/talking-bot-125x125.png","url":"https:\/\/portaltela.pt\/s.01k8rhncp4jt1\/2025\/11\/talking-bot-125x125.png","contentUrl":"https:\/\/portaltela.pt\/s.01k8rhncp4jt1\/2025\/11\/talking-bot-125x125.png","caption":"Telinha"},"sameAs":["https:\/\/portaltela.pt\/"],"url":"https:\/\/portaltela.pt\/por\/367410592786\/"}]}},"_links":{"self":[{"href":"https:\/\/portaltela.pt\/api\/wp\/v2\/posts\/426719","targetHints":{"allow":["GET"]}}],"collection":[{"href":"https:\/\/portaltela.pt\/api\/wp\/v2\/posts"}],"about":[{"href":"https:\/\/portaltela.pt\/api\/wp\/v2\/types\/post"}],"author":[{"embeddable":true,"href":"https:\/\/portaltela.pt\/api\/wp\/v2\/users\/2"}],"replies":[{"embeddable":true,"href":"https:\/\/portaltela.pt\/api\/wp\/v2\/comments?post=426719"}],"version-history":[{"count":0,"href":"https:\/\/portaltela.pt\/api\/wp\/v2\/posts\/426719\/revisions"}],"wp:featuredmedia":[{"embeddable":true,"href":"https:\/\/portaltela.pt\/api\/wp\/v2\/media\/426720"}],"wp:attachment":[{"href":"https:\/\/portaltela.pt\/api\/wp\/v2\/media?parent=426719"}],"wp:term":[{"taxonomy":"category","embeddable":true,"href":"https:\/\/portaltela.pt\/api\/wp\/v2\/categories?post=426719"},{"taxonomy":"post_tag","embeddable":true,"href":"https:\/\/portaltela.pt\/api\/wp\/v2\/tags?post=426719"}],"curies":[{"name":"wp","href":"https:\/\/api.w.org\/{rel}","templated":true}]}}