{"id":426712,"date":"2026-03-30T07:02:21","date_gmt":"2026-03-30T10:02:21","guid":{"rendered":"https:\/\/portaltela.pt\/noticias\/2026\/03\/30\/autoridades-mocambicanas-detem-seis-funcionarios-por-desvio-de-medicamentos\/"},"modified":"2026-03-30T07:02:21","modified_gmt":"2026-03-30T10:02:21","slug":"autoridades-mocambicanas-detem-seis-funcionarios-por-desvio-de-medicamentos","status":"publish","type":"post","link":"https:\/\/portaltela.pt\/noticias\/2026\/03\/30\/autoridades-mocambicanas-detem-seis-funcionarios-por-desvio-de-medicamentos\/","title":{"rendered":"Autoridades mo\u00e7ambicanas det\u00eam seis funcion\u00e1rios por desvio de medicamentos"},"content":{"rendered":"<p>As autoridades da prov\u00edncia de Niassa, no norte de Mo\u00e7ambique, detiveram seis funcion\u00e1rios da sa\u00fade por suspeitas de envolvimento no desvio de medicamentos e material m\u00e9dico-cir\u00fargico. A opera\u00e7\u00e3o visa esclarecer irregularidades identificadas no sector.<\/p>\n<p>Segundo fontes oficiais, a deten\u00e7\u00e3o ocorreu no \u00e2mbito de investiga\u00e7\u00f5es em curso sobre poss\u00edveis desvios de bens de sa\u00fade p\u00fablicos. N\u00e3o foram divulgados os nomes dos detidos nem detalhes sobre as unidades em que trabalhavam.<\/p>\n<p>As autoridades n\u00e3o avan\u00e7aram com n\u00fameros exactos de itens desviados nem com o montante presumido. O objetivo \u00e9 confirmar a extens\u00e3o do desvio e identificar eventuais c\u00famplices ou redes associadas.<\/p>\n<p>As a\u00e7\u00f5es prosseguem no \u00e2mbito do refor\u00e7o de controlo e integridade na \u00e1rea da sa\u00fade, com o objetivo de garantir a disponibilidade de medicamentos para a popula\u00e7\u00e3o. As informa\u00e7\u00f5es adicionais devem ser comunicadas quando estiverem conclu\u00eddas as investiga\u00e7\u00f5es.<\/p>\n","protected":false},"excerpt":{"rendered":"<ul>\n<li>Autoridades da prov\u00edncia de Niassa, no norte de Mo\u00e7ambique, detiveram seis funcion\u00e1rios da sa\u00fade por suspeitas de desvio de medicamentos e material m\u00e9dico-cir\u00fargico.<\/li>\n<li>O caso envolve o desvio de itens farmac\u00eauticos e de equipamentos m\u00e9dicos na regi\u00e3o.<\/li>\n<li>As deten\u00e7\u00f5es fazem parte de investiga\u00e7\u00f5es para apurar responsabilidades no alegado desvio.<\/li>\n<\/ul>\n","protected":false},"author":2,"featured_media":426716,"comment_status":"closed","ping_status":"closed","sticky":false,"template":"","format":"standard","meta":{"footnotes":""},"categories":[6907,1],"tags":[168,83,5644,217,271,250],"class_list":["post-426712","post","type-post","status-publish","format-standard","has-post-thumbnail","hentry","category-crime","category-noticias","tag-administracao-publica","tag-corrupcao","tag-integridade-publica","tag-investigacao-criminal","tag-saude-publica","tag-seguranca-publica"],"yoast_head":"<!-- This site is optimized with the Yoast SEO plugin v27.2 - https:\/\/yoast.com\/product\/yoast-seo-wordpress\/ -->\n<title>Autoridades mo\u00e7ambicanas det\u00eam seis funcion\u00e1rios por desvio de medicamentos - Portal Tela Portugal<\/title>\n<meta name=\"robots\" content=\"index, follow, max-snippet:-1, max-image-preview:large, max-video-preview:-1\" \/>\n<meta property=\"og:locale\" content=\"pt_PT\" \/>\n<meta property=\"og:type\" content=\"article\" \/>\n<meta property=\"og:title\" content=\"Autoridades mo\u00e7ambicanas det\u00eam seis funcion\u00e1rios por desvio de medicamentos - Portal Tela Portugal\" \/>\n<meta property=\"og:description\" content=\"Autoridades da prov\u00edncia de Niassa, no norte de Mo\u00e7ambique, detiveram seis funcion\u00e1rios da sa\u00fade por suspeitas de desvio de medicamentos e material m\u00e9dico-cir\u00fargico. O caso envolve o desvio de itens farmac\u00eauticos e de equipamentos m\u00e9dicos na regi\u00e3o. As deten\u00e7\u00f5es fazem parte de investiga\u00e7\u00f5es para apurar responsabilidades no alegado desvio.\" \/>\n<meta property=\"og:url\" content=\"https:\/\/portaltela.pt\/noticias\/2026\/03\/30\/autoridades-mocambicanas-detem-seis-funcionarios-por-desvio-de-medicamentos\/\" \/>\n<meta property=\"og:site_name\" content=\"Portal Tela Portugal\" \/>\n<meta property=\"article:published_time\" content=\"2026-03-30T10:02:21+00:00\" \/>\n<meta name=\"author\" content=\"Telinha\" \/>\n<meta name=\"twitter:card\" content=\"summary_large_image\" \/>\n<meta name=\"twitter:label1\" content=\"Escrito por\" \/>\n\t<meta name=\"twitter:data1\" content=\"Telinha\" \/>\n\t<meta name=\"twitter:label2\" content=\"Tempo estimado de leitura\" \/>\n\t<meta name=\"twitter:data2\" content=\"1 minuto\" \/>\n<script type=\"application\/ld+json\" class=\"yoast-schema-graph\">{\"@context\":\"https:\/\/schema.org\",\"@graph\":[{\"@type\":\"Article\",\"@id\":\"https:\/\/portaltela.pt\/noticias\/2026\/03\/30\/autoridades-mocambicanas-detem-seis-funcionarios-por-desvio-de-medicamentos\/#article\",\"isPartOf\":{\"@id\":\"https:\/\/portaltela.pt\/noticias\/2026\/03\/30\/autoridades-mocambicanas-detem-seis-funcionarios-por-desvio-de-medicamentos\/\"},\"author\":{\"name\":\"Telinha\",\"@id\":\"https:\/\/portaltela.pt\/#\/schema\/person\/c4278d4a6028830caff9ee44b42d32ed\"},\"headline\":\"Autoridades mo\u00e7ambicanas det\u00eam seis funcion\u00e1rios por desvio de medicamentos\",\"datePublished\":\"2026-03-30T10:02:21+00:00\",\"mainEntityOfPage\":{\"@id\":\"https:\/\/portaltela.pt\/noticias\/2026\/03\/30\/autoridades-mocambicanas-detem-seis-funcionarios-por-desvio-de-medicamentos\/\"},\"wordCount\":173,\"image\":{\"@id\":\"https:\/\/portaltela.pt\/noticias\/2026\/03\/30\/autoridades-mocambicanas-detem-seis-funcionarios-por-desvio-de-medicamentos\/#primaryimage\"},\"thumbnailUrl\":\"https:\/\/portaltela.pt\/s.01k8rhncp4jt1\/2026\/03\/CACHE_780X1200_ANALOG_WATERMARKED_22135939_1207350_16032019105325.jpg\",\"keywords\":[\"administra\u00e7\u00e3o p\u00fablica\",\"corrup\u00e7\u00e3o\",\"integridade p\u00fablica\",\"investiga\u00e7\u00e3o criminal\",\"sa\u00fade p\u00fablica\",\"seguran\u00e7a p\u00fablica\"],\"articleSection\":[\"Crime\",\"Not\u00edcias\"],\"inLanguage\":\"pt-PT\"},{\"@type\":\"WebPage\",\"@id\":\"https:\/\/portaltela.pt\/noticias\/2026\/03\/30\/autoridades-mocambicanas-detem-seis-funcionarios-por-desvio-de-medicamentos\/\",\"url\":\"https:\/\/portaltela.pt\/noticias\/2026\/03\/30\/autoridades-mocambicanas-detem-seis-funcionarios-por-desvio-de-medicamentos\/\",\"name\":\"Autoridades mo\u00e7ambicanas det\u00eam seis funcion\u00e1rios por desvio de medicamentos - Portal Tela Portugal\",\"isPartOf\":{\"@id\":\"https:\/\/portaltela.pt\/#website\"},\"primaryImageOfPage\":{\"@id\":\"https:\/\/portaltela.pt\/noticias\/2026\/03\/30\/autoridades-mocambicanas-detem-seis-funcionarios-por-desvio-de-medicamentos\/#primaryimage\"},\"image\":{\"@id\":\"https:\/\/portaltela.pt\/noticias\/2026\/03\/30\/autoridades-mocambicanas-detem-seis-funcionarios-por-desvio-de-medicamentos\/#primaryimage\"},\"thumbnailUrl\":\"https:\/\/portaltela.pt\/s.01k8rhncp4jt1\/2026\/03\/CACHE_780X1200_ANALOG_WATERMARKED_22135939_1207350_16032019105325.jpg\",\"datePublished\":\"2026-03-30T10:02:21+00:00\",\"author\":{\"@id\":\"https:\/\/portaltela.pt\/#\/schema\/person\/c4278d4a6028830caff9ee44b42d32ed\"},\"breadcrumb\":{\"@id\":\"https:\/\/portaltela.pt\/noticias\/2026\/03\/30\/autoridades-mocambicanas-detem-seis-funcionarios-por-desvio-de-medicamentos\/#breadcrumb\"},\"inLanguage\":\"pt-PT\",\"potentialAction\":[{\"@type\":\"ReadAction\",\"target\":[\"https:\/\/portaltela.pt\/noticias\/2026\/03\/30\/autoridades-mocambicanas-detem-seis-funcionarios-por-desvio-de-medicamentos\/\"]}]},{\"@type\":\"ImageObject\",\"inLanguage\":\"pt-PT\",\"@id\":\"https:\/\/portaltela.pt\/noticias\/2026\/03\/30\/autoridades-mocambicanas-detem-seis-funcionarios-por-desvio-de-medicamentos\/#primaryimage\",\"url\":\"https:\/\/portaltela.pt\/s.01k8rhncp4jt1\/2026\/03\/CACHE_780X1200_ANALOG_WATERMARKED_22135939_1207350_16032019105325.jpg\",\"contentUrl\":\"https:\/\/portaltela.pt\/s.01k8rhncp4jt1\/2026\/03\/CACHE_780X1200_ANALOG_WATERMARKED_22135939_1207350_16032019105325.jpg\",\"width\":796,\"height\":448,\"caption\":\"Autoridades mo\u00e7ambicanas det\u00eam seis funcion\u00e1rios da sa\u00fade por desvio de medicamentos\"},{\"@type\":\"BreadcrumbList\",\"@id\":\"https:\/\/portaltela.pt\/noticias\/2026\/03\/30\/autoridades-mocambicanas-detem-seis-funcionarios-por-desvio-de-medicamentos\/#breadcrumb\",\"itemListElement\":[{\"@type\":\"ListItem\",\"position\":1,\"name\":\"In\u00edcio\",\"item\":\"https:\/\/portaltela.pt\/\"},{\"@type\":\"ListItem\",\"position\":2,\"name\":\"Autoridades mo\u00e7ambicanas det\u00eam seis funcion\u00e1rios por desvio de medicamentos\"}]},{\"@type\":\"WebSite\",\"@id\":\"https:\/\/portaltela.pt\/#website\",\"url\":\"https:\/\/portaltela.pt\/\",\"name\":\"Portal Tela Portugal\",\"description\":\"\",\"potentialAction\":[{\"@type\":\"SearchAction\",\"target\":{\"@type\":\"EntryPoint\",\"urlTemplate\":\"https:\/\/portaltela.pt\/?s={search_term_string}\"},\"query-input\":{\"@type\":\"PropertyValueSpecification\",\"valueRequired\":true,\"valueName\":\"search_term_string\"}}],\"inLanguage\":\"pt-PT\"},{\"@type\":\"Person\",\"@id\":\"https:\/\/portaltela.pt\/#\/schema\/person\/c4278d4a6028830caff9ee44b42d32ed\",\"name\":\"Telinha\",\"image\":{\"@type\":\"ImageObject\",\"inLanguage\":\"pt-PT\",\"@id\":\"https:\/\/portaltela.pt\/s.01k8rhncp4jt1\/2025\/11\/talking-bot-125x125.png\",\"url\":\"https:\/\/portaltela.pt\/s.01k8rhncp4jt1\/2025\/11\/talking-bot-125x125.png\",\"contentUrl\":\"https:\/\/portaltela.pt\/s.01k8rhncp4jt1\/2025\/11\/talking-bot-125x125.png\",\"caption\":\"Telinha\"},\"sameAs\":[\"https:\/\/portaltela.pt\/\"],\"url\":\"https:\/\/portaltela.pt\/por\/367410592786\/\"}]}<\/script>\n<!-- \/ Yoast SEO plugin. -->","yoast_head_json":{"title":"Autoridades mo\u00e7ambicanas det\u00eam seis funcion\u00e1rios por desvio de medicamentos - Portal Tela Portugal","robots":{"index":"index","follow":"follow","max-snippet":"max-snippet:-1","max-image-preview":"max-image-preview:large","max-video-preview":"max-video-preview:-1"},"og_locale":"pt_PT","og_type":"article","og_title":"Autoridades mo\u00e7ambicanas det\u00eam seis funcion\u00e1rios por desvio de medicamentos - Portal Tela Portugal","og_description":"Autoridades da prov\u00edncia de Niassa, no norte de Mo\u00e7ambique, detiveram seis funcion\u00e1rios da sa\u00fade por suspeitas de desvio de medicamentos e material m\u00e9dico-cir\u00fargico. O caso envolve o desvio de itens farmac\u00eauticos e de equipamentos m\u00e9dicos na regi\u00e3o. As deten\u00e7\u00f5es fazem parte de investiga\u00e7\u00f5es para apurar responsabilidades no alegado desvio.","og_url":"https:\/\/portaltela.pt\/noticias\/2026\/03\/30\/autoridades-mocambicanas-detem-seis-funcionarios-por-desvio-de-medicamentos\/","og_site_name":"Portal Tela Portugal","article_published_time":"2026-03-30T10:02:21+00:00","author":"Telinha","twitter_card":"summary_large_image","twitter_misc":{"Escrito por":"Telinha","Tempo estimado de leitura":"1 minuto"},"schema":{"@context":"https:\/\/schema.org","@graph":[{"@type":"Article","@id":"https:\/\/portaltela.pt\/noticias\/2026\/03\/30\/autoridades-mocambicanas-detem-seis-funcionarios-por-desvio-de-medicamentos\/#article","isPartOf":{"@id":"https:\/\/portaltela.pt\/noticias\/2026\/03\/30\/autoridades-mocambicanas-detem-seis-funcionarios-por-desvio-de-medicamentos\/"},"author":{"name":"Telinha","@id":"https:\/\/portaltela.pt\/#\/schema\/person\/c4278d4a6028830caff9ee44b42d32ed"},"headline":"Autoridades mo\u00e7ambicanas det\u00eam seis funcion\u00e1rios por desvio de medicamentos","datePublished":"2026-03-30T10:02:21+00:00","mainEntityOfPage":{"@id":"https:\/\/portaltela.pt\/noticias\/2026\/03\/30\/autoridades-mocambicanas-detem-seis-funcionarios-por-desvio-de-medicamentos\/"},"wordCount":173,"image":{"@id":"https:\/\/portaltela.pt\/noticias\/2026\/03\/30\/autoridades-mocambicanas-detem-seis-funcionarios-por-desvio-de-medicamentos\/#primaryimage"},"thumbnailUrl":"https:\/\/portaltela.pt\/s.01k8rhncp4jt1\/2026\/03\/CACHE_780X1200_ANALOG_WATERMARKED_22135939_1207350_16032019105325.jpg","keywords":["administra\u00e7\u00e3o p\u00fablica","corrup\u00e7\u00e3o","integridade p\u00fablica","investiga\u00e7\u00e3o criminal","sa\u00fade p\u00fablica","seguran\u00e7a p\u00fablica"],"articleSection":["Crime","Not\u00edcias"],"inLanguage":"pt-PT"},{"@type":"WebPage","@id":"https:\/\/portaltela.pt\/noticias\/2026\/03\/30\/autoridades-mocambicanas-detem-seis-funcionarios-por-desvio-de-medicamentos\/","url":"https:\/\/portaltela.pt\/noticias\/2026\/03\/30\/autoridades-mocambicanas-detem-seis-funcionarios-por-desvio-de-medicamentos\/","name":"Autoridades mo\u00e7ambicanas det\u00eam seis funcion\u00e1rios por desvio de medicamentos - Portal Tela Portugal","isPartOf":{"@id":"https:\/\/portaltela.pt\/#website"},"primaryImageOfPage":{"@id":"https:\/\/portaltela.pt\/noticias\/2026\/03\/30\/autoridades-mocambicanas-detem-seis-funcionarios-por-desvio-de-medicamentos\/#primaryimage"},"image":{"@id":"https:\/\/portaltela.pt\/noticias\/2026\/03\/30\/autoridades-mocambicanas-detem-seis-funcionarios-por-desvio-de-medicamentos\/#primaryimage"},"thumbnailUrl":"https:\/\/portaltela.pt\/s.01k8rhncp4jt1\/2026\/03\/CACHE_780X1200_ANALOG_WATERMARKED_22135939_1207350_16032019105325.jpg","datePublished":"2026-03-30T10:02:21+00:00","author":{"@id":"https:\/\/portaltela.pt\/#\/schema\/person\/c4278d4a6028830caff9ee44b42d32ed"},"breadcrumb":{"@id":"https:\/\/portaltela.pt\/noticias\/2026\/03\/30\/autoridades-mocambicanas-detem-seis-funcionarios-por-desvio-de-medicamentos\/#breadcrumb"},"inLanguage":"pt-PT","potentialAction":[{"@type":"ReadAction","target":["https:\/\/portaltela.pt\/noticias\/2026\/03\/30\/autoridades-mocambicanas-detem-seis-funcionarios-por-desvio-de-medicamentos\/"]}]},{"@type":"ImageObject","inLanguage":"pt-PT","@id":"https:\/\/portaltela.pt\/noticias\/2026\/03\/30\/autoridades-mocambicanas-detem-seis-funcionarios-por-desvio-de-medicamentos\/#primaryimage","url":"https:\/\/portaltela.pt\/s.01k8rhncp4jt1\/2026\/03\/CACHE_780X1200_ANALOG_WATERMARKED_22135939_1207350_16032019105325.jpg","contentUrl":"https:\/\/portaltela.pt\/s.01k8rhncp4jt1\/2026\/03\/CACHE_780X1200_ANALOG_WATERMARKED_22135939_1207350_16032019105325.jpg","width":796,"height":448,"caption":"Autoridades mo\u00e7ambicanas det\u00eam seis funcion\u00e1rios da sa\u00fade por desvio de medicamentos"},{"@type":"BreadcrumbList","@id":"https:\/\/portaltela.pt\/noticias\/2026\/03\/30\/autoridades-mocambicanas-detem-seis-funcionarios-por-desvio-de-medicamentos\/#breadcrumb","itemListElement":[{"@type":"ListItem","position":1,"name":"In\u00edcio","item":"https:\/\/portaltela.pt\/"},{"@type":"ListItem","position":2,"name":"Autoridades mo\u00e7ambicanas det\u00eam seis funcion\u00e1rios por desvio de medicamentos"}]},{"@type":"WebSite","@id":"https:\/\/portaltela.pt\/#website","url":"https:\/\/portaltela.pt\/","name":"Portal Tela Portugal","description":"","potentialAction":[{"@type":"SearchAction","target":{"@type":"EntryPoint","urlTemplate":"https:\/\/portaltela.pt\/?s={search_term_string}"},"query-input":{"@type":"PropertyValueSpecification","valueRequired":true,"valueName":"search_term_string"}}],"inLanguage":"pt-PT"},{"@type":"Person","@id":"https:\/\/portaltela.pt\/#\/schema\/person\/c4278d4a6028830caff9ee44b42d32ed","name":"Telinha","image":{"@type":"ImageObject","inLanguage":"pt-PT","@id":"https:\/\/portaltela.pt\/s.01k8rhncp4jt1\/2025\/11\/talking-bot-125x125.png","url":"https:\/\/portaltela.pt\/s.01k8rhncp4jt1\/2025\/11\/talking-bot-125x125.png","contentUrl":"https:\/\/portaltela.pt\/s.01k8rhncp4jt1\/2025\/11\/talking-bot-125x125.png","caption":"Telinha"},"sameAs":["https:\/\/portaltela.pt\/"],"url":"https:\/\/portaltela.pt\/por\/367410592786\/"}]}},"_links":{"self":[{"href":"https:\/\/portaltela.pt\/api\/wp\/v2\/posts\/426712","targetHints":{"allow":["GET"]}}],"collection":[{"href":"https:\/\/portaltela.pt\/api\/wp\/v2\/posts"}],"about":[{"href":"https:\/\/portaltela.pt\/api\/wp\/v2\/types\/post"}],"author":[{"embeddable":true,"href":"https:\/\/portaltela.pt\/api\/wp\/v2\/users\/2"}],"replies":[{"embeddable":true,"href":"https:\/\/portaltela.pt\/api\/wp\/v2\/comments?post=426712"}],"version-history":[{"count":0,"href":"https:\/\/portaltela.pt\/api\/wp\/v2\/posts\/426712\/revisions"}],"wp:featuredmedia":[{"embeddable":true,"href":"https:\/\/portaltela.pt\/api\/wp\/v2\/media\/426716"}],"wp:attachment":[{"href":"https:\/\/portaltela.pt\/api\/wp\/v2\/media?parent=426712"}],"wp:term":[{"taxonomy":"category","embeddable":true,"href":"https:\/\/portaltela.pt\/api\/wp\/v2\/categories?post=426712"},{"taxonomy":"post_tag","embeddable":true,"href":"https:\/\/portaltela.pt\/api\/wp\/v2\/tags?post=426712"}],"curies":[{"name":"wp","href":"https:\/\/api.w.org\/{rel}","templated":true}]}}