{"id":426693,"date":"2026-03-30T06:47:01","date_gmt":"2026-03-30T09:47:01","guid":{"rendered":"https:\/\/portaltela.pt\/noticias\/2026\/03\/30\/colunista-do-el-espectador-defende-luis-suarez-o-problema-pode-ser-nosso-nao-dele\/"},"modified":"2026-03-30T06:47:01","modified_gmt":"2026-03-30T09:47:01","slug":"colunista-do-el-espectador-defende-luis-suarez-o-problema-pode-ser-nosso-nao-dele","status":"publish","type":"post","link":"https:\/\/portaltela.pt\/desporto\/futebol\/2026\/03\/30\/colunista-do-el-espectador-defende-luis-suarez-o-problema-pode-ser-nosso-nao-dele\/","title":{"rendered":"Colunista do El Espectador defende Luis Su\u00e1rez: o problema pode ser nosso, n\u00e3o dele"},"content":{"rendered":"<p>A pausa FIFA deixou Luis Su\u00e1rez sob escrut\u00ednio na imprensa desportiva da Col\u00f4mbia ap\u00f3s o desperd\u00edcio no particular frente \u00e0 Cro\u00e1cia. O avan\u00e7ado do Sporting viu a equipa perder por 2-1, numa jogada constru\u00edda por James Rodr\u00edguez e Luis D\u00edaz. O epis\u00f3dio reacendeu o debate sobre quem deve ocupar o ponta-de-lan\u00e7a da Col\u00f4mbia no Mundial.<\/p>\n<p>Antonio Casale, colunista do El Espectador, saiu em defesa do jogador e criticou as piadas que se seguiram \u00e0 falha. O jornalista lembra que a carreira de um goleador \u00e9 marcada tanto pelos golos quanto pelos erros, que ficam mais expostos pela visibilidade do futebol moderno.<\/p>\n<p>Casale compara a situa\u00e7\u00e3o a falhan\u00e7os hist\u00f3ricos que n\u00e3o apagaram as carreiras, como pen\u00e1ltis falhados de Baggio e Shevchenko, ou o erro de Higua\u00edn na final do Mundial. O texto destaca que o erro \u00e9 parte do jogo e que o peso da falha n\u00e3o deve recair apenas sobre Su\u00e1rez.<\/p>\n<h3>Contexto hist\u00f3rico e impactos<\/h3>\n<p>O colunista ressalta que, na Col\u00f4mbia, o papel do avan\u00e7ado fica sob forte escrut\u00ednio, \u00e0s vezes de forma desproporcional. A not\u00edcia aponta para a press\u00e3o p\u00fablica que acompanha Lu\u00eds Su\u00e1rez, reconhecendo o talento do jogador e o valor que pode acrescentar \u00e0 sele\u00e7\u00e3o colombiana, mesmo ap\u00f3s um erro isolado.<\/p>\n<p>A reflex\u00e3o extrapola o caso individual e sugere que a cr\u00edtica pode refletir uma expectativa irreal em rela\u00e7\u00e3o aos goleadores. A coluna conclui que o foco deve permanecer no desempenho global da equipa e na prepara\u00e7\u00e3o para o Mundial. O El Espectador publicou o artigo nesta semana, citando o contexto do jogo frente \u00e0 Cro\u00e1cia.<\/p>\n","protected":false},"excerpt":{"rendered":"<ul>\n<li>O colunista Antonio Casale, do El Espectador, defendeu Luis Su\u00e1rez ap\u00f3s o desperd\u00edcio no particular contra a Cro\u00e1cia, que a Col\u00f4mbia perdeu por dois a um.<\/li>\n<li>Casale sustenta que h\u00e1 uma injusti\u00e7a com os avan\u00e7ados, que vivem do golo mas ficam expostos pelo que deixam de fazer, especialmente em momentos decisivos.<\/li>\n<li>O texto relembra falhan\u00e7os hist\u00f3ricas de grandes nomes \u2014 Roberto Baggio, Gonzalo Higua\u00edn e Andriy Shevchenko \u2014 para mostrar julgamento r\u00e1pido, mesmo em contextos complexos.<\/li>\n<li>A compara\u00e7\u00e3o com Radamel Falcao sugere que o p\u00fablico colombiano se habituou a esperar garantias de golo, o que aumenta a press\u00e3o sobre Su\u00e1rez.<\/li>\n<li>Questiona-se se vale a pena condenar o jogador por uma falha ou entender que o of\u00edcio envolve imperfei\u00e7\u00f5es e que o momento \u00e9 esperar pelo golo seguinte.<\/li>\n<\/ul>\n","protected":false},"author":2,"featured_media":426698,"comment_status":"closed","ping_status":"closed","sticky":false,"template":"","format":"standard","meta":{"footnotes":""},"categories":[21,24],"tags":[2469,32,81,2057,4151,4540],"class_list":["post-426693","post","type-post","status-publish","format-standard","has-post-thumbnail","hentry","category-desporto","category-futebol","tag-colombia","tag-futebol","tag-internacionais","tag-selecao-nacional","tag-suarez","tag-taca-do-mundo"],"yoast_head":"<!-- This site is optimized with the Yoast SEO plugin v27.2 - https:\/\/yoast.com\/product\/yoast-seo-wordpress\/ -->\n<title>Colunista do El Espectador defende Luis Su\u00e1rez: o problema pode ser nosso, n\u00e3o dele - Portal Tela Portugal<\/title>\n<meta name=\"robots\" content=\"index, follow, max-snippet:-1, max-image-preview:large, max-video-preview:-1\" \/>\n<meta property=\"og:locale\" content=\"pt_PT\" \/>\n<meta property=\"og:type\" content=\"article\" \/>\n<meta property=\"og:title\" content=\"Colunista do El Espectador defende Luis Su\u00e1rez: o problema pode ser nosso, n\u00e3o dele - Portal Tela Portugal\" \/>\n<meta property=\"og:description\" content=\"O colunista Antonio Casale, do El Espectador, defendeu Luis Su\u00e1rez ap\u00f3s o desperd\u00edcio no particular contra a Cro\u00e1cia, que a Col\u00f4mbia perdeu por dois a um. Casale sustenta que h\u00e1 uma injusti\u00e7a com os avan\u00e7ados, que vivem do golo mas ficam expostos pelo que deixam de fazer, especialmente em momentos decisivos. O texto relembra falhan\u00e7os hist\u00f3ricas de grandes nomes \u2014 Roberto Baggio, Gonzalo Higua\u00edn e Andriy Shevchenko \u2014 para mostrar julgamento r\u00e1pido, mesmo em contextos complexos. A compara\u00e7\u00e3o com Radamel Falcao sugere que o p\u00fablico colombiano se habituou a esperar garantias de golo, o que aumenta a press\u00e3o sobre Su\u00e1rez. Questiona-se se vale a pena condenar o jogador por uma falha ou entender que o of\u00edcio envolve imperfei\u00e7\u00f5es e que o momento \u00e9 esperar pelo golo seguinte.\" \/>\n<meta property=\"og:url\" content=\"https:\/\/portaltela.pt\/noticias\/2026\/03\/30\/colunista-do-el-espectador-defende-luis-suarez-o-problema-pode-ser-nosso-nao-dele\/\" \/>\n<meta property=\"og:site_name\" content=\"Portal Tela Portugal\" \/>\n<meta property=\"article:published_time\" content=\"2026-03-30T09:47:01+00:00\" \/>\n<meta name=\"author\" content=\"Telinha\" \/>\n<meta name=\"twitter:card\" content=\"summary_large_image\" \/>\n<meta name=\"twitter:label1\" content=\"Escrito por\" \/>\n\t<meta name=\"twitter:data1\" content=\"Telinha\" \/>\n\t<meta name=\"twitter:label2\" content=\"Tempo estimado de leitura\" \/>\n\t<meta name=\"twitter:data2\" content=\"1 minuto\" \/>\n<script type=\"application\/ld+json\" class=\"yoast-schema-graph\">{\"@context\":\"https:\/\/schema.org\",\"@graph\":[{\"@type\":\"Article\",\"@id\":\"https:\/\/portaltela.pt\/noticias\/2026\/03\/30\/colunista-do-el-espectador-defende-luis-suarez-o-problema-pode-ser-nosso-nao-dele\/#article\",\"isPartOf\":{\"@id\":\"https:\/\/portaltela.pt\/noticias\/2026\/03\/30\/colunista-do-el-espectador-defende-luis-suarez-o-problema-pode-ser-nosso-nao-dele\/\"},\"author\":{\"name\":\"Telinha\",\"@id\":\"https:\/\/portaltela.pt\/#\/schema\/person\/c4278d4a6028830caff9ee44b42d32ed\"},\"headline\":\"Colunista do El Espectador defende Luis Su\u00e1rez: o problema pode ser nosso, n\u00e3o dele\",\"datePublished\":\"2026-03-30T09:47:01+00:00\",\"mainEntityOfPage\":{\"@id\":\"https:\/\/portaltela.pt\/noticias\/2026\/03\/30\/colunista-do-el-espectador-defende-luis-suarez-o-problema-pode-ser-nosso-nao-dele\/\"},\"wordCount\":306,\"image\":{\"@id\":\"https:\/\/portaltela.pt\/noticias\/2026\/03\/30\/colunista-do-el-espectador-defende-luis-suarez-o-problema-pode-ser-nosso-nao-dele\/#primaryimage\"},\"thumbnailUrl\":\"https:\/\/portaltela.pt\/s.01k8rhncp4jt1\/2026\/03\/img_920x518uu2026-03-30-10-38-51-2430074.jpg\",\"keywords\":[\"Col\u00f4mbia\",\"futebol\",\"internacionais\",\"Sele\u00e7\u00e3o Nacional\",\"Su\u00e1rez\",\"Ta\u00e7a do Mundo\"],\"articleSection\":[\"Desporto\",\"Futebol\"],\"inLanguage\":\"pt-PT\"},{\"@type\":\"WebPage\",\"@id\":\"https:\/\/portaltela.pt\/noticias\/2026\/03\/30\/colunista-do-el-espectador-defende-luis-suarez-o-problema-pode-ser-nosso-nao-dele\/\",\"url\":\"https:\/\/portaltela.pt\/noticias\/2026\/03\/30\/colunista-do-el-espectador-defende-luis-suarez-o-problema-pode-ser-nosso-nao-dele\/\",\"name\":\"Colunista do El Espectador defende Luis Su\u00e1rez: o problema pode ser nosso, n\u00e3o dele - Portal Tela Portugal\",\"isPartOf\":{\"@id\":\"https:\/\/portaltela.pt\/#website\"},\"primaryImageOfPage\":{\"@id\":\"https:\/\/portaltela.pt\/noticias\/2026\/03\/30\/colunista-do-el-espectador-defende-luis-suarez-o-problema-pode-ser-nosso-nao-dele\/#primaryimage\"},\"image\":{\"@id\":\"https:\/\/portaltela.pt\/noticias\/2026\/03\/30\/colunista-do-el-espectador-defende-luis-suarez-o-problema-pode-ser-nosso-nao-dele\/#primaryimage\"},\"thumbnailUrl\":\"https:\/\/portaltela.pt\/s.01k8rhncp4jt1\/2026\/03\/img_920x518uu2026-03-30-10-38-51-2430074.jpg\",\"datePublished\":\"2026-03-30T09:47:01+00:00\",\"author\":{\"@id\":\"https:\/\/portaltela.pt\/#\/schema\/person\/c4278d4a6028830caff9ee44b42d32ed\"},\"breadcrumb\":{\"@id\":\"https:\/\/portaltela.pt\/noticias\/2026\/03\/30\/colunista-do-el-espectador-defende-luis-suarez-o-problema-pode-ser-nosso-nao-dele\/#breadcrumb\"},\"inLanguage\":\"pt-PT\",\"potentialAction\":[{\"@type\":\"ReadAction\",\"target\":[\"https:\/\/portaltela.pt\/noticias\/2026\/03\/30\/colunista-do-el-espectador-defende-luis-suarez-o-problema-pode-ser-nosso-nao-dele\/\"]}]},{\"@type\":\"ImageObject\",\"inLanguage\":\"pt-PT\",\"@id\":\"https:\/\/portaltela.pt\/noticias\/2026\/03\/30\/colunista-do-el-espectador-defende-luis-suarez-o-problema-pode-ser-nosso-nao-dele\/#primaryimage\",\"url\":\"https:\/\/portaltela.pt\/s.01k8rhncp4jt1\/2026\/03\/img_920x518uu2026-03-30-10-38-51-2430074.jpg\",\"contentUrl\":\"https:\/\/portaltela.pt\/s.01k8rhncp4jt1\/2026\/03\/img_920x518uu2026-03-30-10-38-51-2430074.jpg\",\"width\":796,\"height\":448,\"caption\":\"Luis Su\u00e1rez tenta driblar dois advers\u00e1rios croatas\"},{\"@type\":\"BreadcrumbList\",\"@id\":\"https:\/\/portaltela.pt\/noticias\/2026\/03\/30\/colunista-do-el-espectador-defende-luis-suarez-o-problema-pode-ser-nosso-nao-dele\/#breadcrumb\",\"itemListElement\":[{\"@type\":\"ListItem\",\"position\":1,\"name\":\"In\u00edcio\",\"item\":\"https:\/\/portaltela.pt\/\"},{\"@type\":\"ListItem\",\"position\":2,\"name\":\"Colunista do El Espectador defende Luis Su\u00e1rez: o problema pode ser nosso, n\u00e3o dele\"}]},{\"@type\":\"WebSite\",\"@id\":\"https:\/\/portaltela.pt\/#website\",\"url\":\"https:\/\/portaltela.pt\/\",\"name\":\"Portal Tela Portugal\",\"description\":\"\",\"potentialAction\":[{\"@type\":\"SearchAction\",\"target\":{\"@type\":\"EntryPoint\",\"urlTemplate\":\"https:\/\/portaltela.pt\/?s={search_term_string}\"},\"query-input\":{\"@type\":\"PropertyValueSpecification\",\"valueRequired\":true,\"valueName\":\"search_term_string\"}}],\"inLanguage\":\"pt-PT\"},{\"@type\":\"Person\",\"@id\":\"https:\/\/portaltela.pt\/#\/schema\/person\/c4278d4a6028830caff9ee44b42d32ed\",\"name\":\"Telinha\",\"image\":{\"@type\":\"ImageObject\",\"inLanguage\":\"pt-PT\",\"@id\":\"https:\/\/portaltela.pt\/s.01k8rhncp4jt1\/2025\/11\/talking-bot-125x125.png\",\"url\":\"https:\/\/portaltela.pt\/s.01k8rhncp4jt1\/2025\/11\/talking-bot-125x125.png\",\"contentUrl\":\"https:\/\/portaltela.pt\/s.01k8rhncp4jt1\/2025\/11\/talking-bot-125x125.png\",\"caption\":\"Telinha\"},\"sameAs\":[\"https:\/\/portaltela.pt\/\"],\"url\":\"https:\/\/portaltela.pt\/por\/367410592786\/\"}]}<\/script>\n<!-- \/ Yoast SEO plugin. -->","yoast_head_json":{"title":"Colunista do El Espectador defende Luis Su\u00e1rez: o problema pode ser nosso, n\u00e3o dele - Portal Tela Portugal","robots":{"index":"index","follow":"follow","max-snippet":"max-snippet:-1","max-image-preview":"max-image-preview:large","max-video-preview":"max-video-preview:-1"},"og_locale":"pt_PT","og_type":"article","og_title":"Colunista do El Espectador defende Luis Su\u00e1rez: o problema pode ser nosso, n\u00e3o dele - Portal Tela Portugal","og_description":"O colunista Antonio Casale, do El Espectador, defendeu Luis Su\u00e1rez ap\u00f3s o desperd\u00edcio no particular contra a Cro\u00e1cia, que a Col\u00f4mbia perdeu por dois a um. Casale sustenta que h\u00e1 uma injusti\u00e7a com os avan\u00e7ados, que vivem do golo mas ficam expostos pelo que deixam de fazer, especialmente em momentos decisivos. O texto relembra falhan\u00e7os hist\u00f3ricas de grandes nomes \u2014 Roberto Baggio, Gonzalo Higua\u00edn e Andriy Shevchenko \u2014 para mostrar julgamento r\u00e1pido, mesmo em contextos complexos. A compara\u00e7\u00e3o com Radamel Falcao sugere que o p\u00fablico colombiano se habituou a esperar garantias de golo, o que aumenta a press\u00e3o sobre Su\u00e1rez. Questiona-se se vale a pena condenar o jogador por uma falha ou entender que o of\u00edcio envolve imperfei\u00e7\u00f5es e que o momento \u00e9 esperar pelo golo seguinte.","og_url":"https:\/\/portaltela.pt\/noticias\/2026\/03\/30\/colunista-do-el-espectador-defende-luis-suarez-o-problema-pode-ser-nosso-nao-dele\/","og_site_name":"Portal Tela Portugal","article_published_time":"2026-03-30T09:47:01+00:00","author":"Telinha","twitter_card":"summary_large_image","twitter_misc":{"Escrito por":"Telinha","Tempo estimado de leitura":"1 minuto"},"schema":{"@context":"https:\/\/schema.org","@graph":[{"@type":"Article","@id":"https:\/\/portaltela.pt\/noticias\/2026\/03\/30\/colunista-do-el-espectador-defende-luis-suarez-o-problema-pode-ser-nosso-nao-dele\/#article","isPartOf":{"@id":"https:\/\/portaltela.pt\/noticias\/2026\/03\/30\/colunista-do-el-espectador-defende-luis-suarez-o-problema-pode-ser-nosso-nao-dele\/"},"author":{"name":"Telinha","@id":"https:\/\/portaltela.pt\/#\/schema\/person\/c4278d4a6028830caff9ee44b42d32ed"},"headline":"Colunista do El Espectador defende Luis Su\u00e1rez: o problema pode ser nosso, n\u00e3o dele","datePublished":"2026-03-30T09:47:01+00:00","mainEntityOfPage":{"@id":"https:\/\/portaltela.pt\/noticias\/2026\/03\/30\/colunista-do-el-espectador-defende-luis-suarez-o-problema-pode-ser-nosso-nao-dele\/"},"wordCount":306,"image":{"@id":"https:\/\/portaltela.pt\/noticias\/2026\/03\/30\/colunista-do-el-espectador-defende-luis-suarez-o-problema-pode-ser-nosso-nao-dele\/#primaryimage"},"thumbnailUrl":"https:\/\/portaltela.pt\/s.01k8rhncp4jt1\/2026\/03\/img_920x518uu2026-03-30-10-38-51-2430074.jpg","keywords":["Col\u00f4mbia","futebol","internacionais","Sele\u00e7\u00e3o Nacional","Su\u00e1rez","Ta\u00e7a do Mundo"],"articleSection":["Desporto","Futebol"],"inLanguage":"pt-PT"},{"@type":"WebPage","@id":"https:\/\/portaltela.pt\/noticias\/2026\/03\/30\/colunista-do-el-espectador-defende-luis-suarez-o-problema-pode-ser-nosso-nao-dele\/","url":"https:\/\/portaltela.pt\/noticias\/2026\/03\/30\/colunista-do-el-espectador-defende-luis-suarez-o-problema-pode-ser-nosso-nao-dele\/","name":"Colunista do El Espectador defende Luis Su\u00e1rez: o problema pode ser nosso, n\u00e3o dele - Portal Tela Portugal","isPartOf":{"@id":"https:\/\/portaltela.pt\/#website"},"primaryImageOfPage":{"@id":"https:\/\/portaltela.pt\/noticias\/2026\/03\/30\/colunista-do-el-espectador-defende-luis-suarez-o-problema-pode-ser-nosso-nao-dele\/#primaryimage"},"image":{"@id":"https:\/\/portaltela.pt\/noticias\/2026\/03\/30\/colunista-do-el-espectador-defende-luis-suarez-o-problema-pode-ser-nosso-nao-dele\/#primaryimage"},"thumbnailUrl":"https:\/\/portaltela.pt\/s.01k8rhncp4jt1\/2026\/03\/img_920x518uu2026-03-30-10-38-51-2430074.jpg","datePublished":"2026-03-30T09:47:01+00:00","author":{"@id":"https:\/\/portaltela.pt\/#\/schema\/person\/c4278d4a6028830caff9ee44b42d32ed"},"breadcrumb":{"@id":"https:\/\/portaltela.pt\/noticias\/2026\/03\/30\/colunista-do-el-espectador-defende-luis-suarez-o-problema-pode-ser-nosso-nao-dele\/#breadcrumb"},"inLanguage":"pt-PT","potentialAction":[{"@type":"ReadAction","target":["https:\/\/portaltela.pt\/noticias\/2026\/03\/30\/colunista-do-el-espectador-defende-luis-suarez-o-problema-pode-ser-nosso-nao-dele\/"]}]},{"@type":"ImageObject","inLanguage":"pt-PT","@id":"https:\/\/portaltela.pt\/noticias\/2026\/03\/30\/colunista-do-el-espectador-defende-luis-suarez-o-problema-pode-ser-nosso-nao-dele\/#primaryimage","url":"https:\/\/portaltela.pt\/s.01k8rhncp4jt1\/2026\/03\/img_920x518uu2026-03-30-10-38-51-2430074.jpg","contentUrl":"https:\/\/portaltela.pt\/s.01k8rhncp4jt1\/2026\/03\/img_920x518uu2026-03-30-10-38-51-2430074.jpg","width":796,"height":448,"caption":"Luis Su\u00e1rez tenta driblar dois advers\u00e1rios croatas"},{"@type":"BreadcrumbList","@id":"https:\/\/portaltela.pt\/noticias\/2026\/03\/30\/colunista-do-el-espectador-defende-luis-suarez-o-problema-pode-ser-nosso-nao-dele\/#breadcrumb","itemListElement":[{"@type":"ListItem","position":1,"name":"In\u00edcio","item":"https:\/\/portaltela.pt\/"},{"@type":"ListItem","position":2,"name":"Colunista do El Espectador defende Luis Su\u00e1rez: o problema pode ser nosso, n\u00e3o dele"}]},{"@type":"WebSite","@id":"https:\/\/portaltela.pt\/#website","url":"https:\/\/portaltela.pt\/","name":"Portal Tela Portugal","description":"","potentialAction":[{"@type":"SearchAction","target":{"@type":"EntryPoint","urlTemplate":"https:\/\/portaltela.pt\/?s={search_term_string}"},"query-input":{"@type":"PropertyValueSpecification","valueRequired":true,"valueName":"search_term_string"}}],"inLanguage":"pt-PT"},{"@type":"Person","@id":"https:\/\/portaltela.pt\/#\/schema\/person\/c4278d4a6028830caff9ee44b42d32ed","name":"Telinha","image":{"@type":"ImageObject","inLanguage":"pt-PT","@id":"https:\/\/portaltela.pt\/s.01k8rhncp4jt1\/2025\/11\/talking-bot-125x125.png","url":"https:\/\/portaltela.pt\/s.01k8rhncp4jt1\/2025\/11\/talking-bot-125x125.png","contentUrl":"https:\/\/portaltela.pt\/s.01k8rhncp4jt1\/2025\/11\/talking-bot-125x125.png","caption":"Telinha"},"sameAs":["https:\/\/portaltela.pt\/"],"url":"https:\/\/portaltela.pt\/por\/367410592786\/"}]}},"_links":{"self":[{"href":"https:\/\/portaltela.pt\/api\/wp\/v2\/posts\/426693","targetHints":{"allow":["GET"]}}],"collection":[{"href":"https:\/\/portaltela.pt\/api\/wp\/v2\/posts"}],"about":[{"href":"https:\/\/portaltela.pt\/api\/wp\/v2\/types\/post"}],"author":[{"embeddable":true,"href":"https:\/\/portaltela.pt\/api\/wp\/v2\/users\/2"}],"replies":[{"embeddable":true,"href":"https:\/\/portaltela.pt\/api\/wp\/v2\/comments?post=426693"}],"version-history":[{"count":0,"href":"https:\/\/portaltela.pt\/api\/wp\/v2\/posts\/426693\/revisions"}],"wp:featuredmedia":[{"embeddable":true,"href":"https:\/\/portaltela.pt\/api\/wp\/v2\/media\/426698"}],"wp:attachment":[{"href":"https:\/\/portaltela.pt\/api\/wp\/v2\/media?parent=426693"}],"wp:term":[{"taxonomy":"category","embeddable":true,"href":"https:\/\/portaltela.pt\/api\/wp\/v2\/categories?post=426693"},{"taxonomy":"post_tag","embeddable":true,"href":"https:\/\/portaltela.pt\/api\/wp\/v2\/tags?post=426693"}],"curies":[{"name":"wp","href":"https:\/\/api.w.org\/{rel}","templated":true}]}}