{"id":426686,"date":"2026-03-30T06:46:52","date_gmt":"2026-03-30T09:46:52","guid":{"rendered":"https:\/\/portaltela.pt\/noticias\/2026\/03\/30\/exposicao-alvaro-siza-do-outro-lado-do-espelho-abre-ao-publico\/"},"modified":"2026-03-30T06:46:52","modified_gmt":"2026-03-30T09:46:52","slug":"exposicao-alvaro-siza-do-outro-lado-do-espelho-abre-ao-publico","status":"publish","type":"post","link":"https:\/\/portaltela.pt\/noticias\/2026\/03\/30\/exposicao-alvaro-siza-do-outro-lado-do-espelho-abre-ao-publico\/","title":{"rendered":"Exposi\u00e7\u00e3o \u00c1lvaro Siza \u2013 Do Outro Lado do Espelho abre ao p\u00fablico"},"content":{"rendered":"<p>A exposi\u00e7\u00e3o \u201c\u00c1lvaro Siza \u2013 Do Outro Lado do Espelho\u201d chega ao Museu Carmen Miranda, em Marco de Canaveses, no dia 31 de mar\u00e7o, \u00e0s 17h00. A mostra insere-se nas comemora\u00e7\u00f5es do 174.\u00ba anivers\u00e1rio do concelho e destaca a rela\u00e7\u00e3o entre o arquiteto e a regi\u00e3o, com foco numa perspetiva mais \u00edntima do seu trabalho.<\/p>\n<p>A inaugura\u00e7\u00e3o acontece numa altura em que se assinalam tamb\u00e9m os 30 anos da Igreja de Santa Maria, obra central de Siza no concelho. A curadoria \u00e9 de Ant\u00f3nio Choupina e integra o Programa de Exposi\u00e7\u00f5es Itinerantes da Funda\u00e7\u00e3o de Serralves.<\/p>\n<p>A mostra apresenta um conjunto de desenhos que percorrem diferentes momentos da vida de \u00c1lvaro Siza Vieira, oferecendo uma leitura pessoal da sua obra. A cidade de Marco de Canaveses pretende refor\u00e7ar o reconhecimento pelo papel do arquiteto.<\/p>\n<p>Para a presidente da C\u00e2mara Municipal de Marco de Canaveses, Cristina Vieira, a exposi\u00e7\u00e3o \u00e9 uma homenagem \u00e0 liga\u00e7\u00e3o do arquiteto ao concelho e uma forma de celebrar o anivers\u00e1rio da funda\u00e7\u00e3o e os 30 anos da Igreja de Santa Maria. O certame valoriza tamb\u00e9m o prest\u00edgio e a proje\u00e7\u00e3o do territ\u00f3rio.<\/p>\n<p>A inaugura\u00e7\u00e3o \u00e9 o ponto alto das comemora\u00e7\u00f5es do anivers\u00e1rio do concelho, que come\u00e7a \u00e0s 16h30 com o hastear de bandeiras nos Pa\u00e7os do Concelho e uma homenagem ao fundador Adriano Jos\u00e9 de Carvalho e Melo. Esta sequ\u00eancia abre o programa do dia.<\/p>\n<p>\u201c\u00c1lvaro Siza \u2013 Do Outro Lado do Espelho\u201d fica patente ao p\u00fablico at\u00e9 6 de outubro, com entrada gratuita. A mostra oferece aos visitantes uma oportunidade de contacto com uma das figuras-chave da arquitetura mundial.<\/p>\n","protected":false},"excerpt":{"rendered":"<ul>\n<li>O Munic\u00edpio de Marco de Canaveses inaugura a exposi\u00e7\u00e3o \u201c\u00c1lvaro Siza &#8211; Do Outro Lado do Espelho\u201d no dia 31 de mar\u00e7o, \u00e0s 17h00, no Museu Carmen Miranda.<\/li>\n<li>A mostra, integrada no programa de exposi\u00e7\u00f5es itinerantes da Funda\u00e7\u00e3o de Serralves, apresenta desenhos que percorrem diferentes momentos da vida de \u00c1lvaro Siza Vieira, com curadoria de Ant\u00f3nio Choupina.<\/li>\n<li>O evento surge em ano de comemora\u00e7\u00e3o dos 174 anos do concelho e dos 30 anos da Igreja de Santa Maria, obra marcante de Siza na regi\u00e3o.<\/li>\n<li>A inaugura\u00e7\u00e3o abre as celebra\u00e7\u00f5es do anivers\u00e1rio, com hastear de bandeiras \u00e0s 16h30 nos Pa\u00e7os do Concelho e uma homenagem ao fundador Adriano Jos\u00e9 de Carvalho e Melo.<\/li>\n<li>A exposi\u00e7\u00e3o fica patente ao p\u00fablico at\u00e9 6 de outubro, com entrada livre, oferecendo acesso \u00e0 obra de uma das mais relevantes figuras da arquitetura mundial.<\/li>\n<\/ul>\n","protected":false},"author":2,"featured_media":426691,"comment_status":"closed","ping_status":"closed","sticky":false,"template":"","format":"standard","meta":{"footnotes":""},"categories":[7375,1],"tags":[6524,145,6708,5751,1175,1014],"class_list":["post-426686","post","type-post","status-publish","format-standard","has-post-thumbnail","hentry","category-cultura","category-noticias","tag-a-arquitetura","tag-cultura","tag-exposicao","tag-museus-e-arquivos","tag-patrimonio-cultural","tag-portugal"],"yoast_head":"<!-- This site is optimized with the Yoast SEO plugin v27.2 - https:\/\/yoast.com\/product\/yoast-seo-wordpress\/ -->\n<title>Exposi\u00e7\u00e3o \u00c1lvaro Siza \u2013 Do Outro Lado do Espelho abre ao p\u00fablico - Portal Tela Portugal<\/title>\n<meta name=\"robots\" content=\"index, follow, max-snippet:-1, max-image-preview:large, max-video-preview:-1\" \/>\n<meta property=\"og:locale\" content=\"pt_PT\" \/>\n<meta property=\"og:type\" content=\"article\" \/>\n<meta property=\"og:title\" content=\"Exposi\u00e7\u00e3o \u00c1lvaro Siza \u2013 Do Outro Lado do Espelho abre ao p\u00fablico - Portal Tela Portugal\" \/>\n<meta property=\"og:description\" content=\"O Munic\u00edpio de Marco de Canaveses inaugura a exposi\u00e7\u00e3o \u201c\u00c1lvaro Siza - Do Outro Lado do Espelho\u201d no dia 31 de mar\u00e7o, \u00e0s 17h00, no Museu Carmen Miranda. A mostra, integrada no programa de exposi\u00e7\u00f5es itinerantes da Funda\u00e7\u00e3o de Serralves, apresenta desenhos que percorrem diferentes momentos da vida de \u00c1lvaro Siza Vieira, com curadoria de Ant\u00f3nio Choupina. O evento surge em ano de comemora\u00e7\u00e3o dos 174 anos do concelho e dos 30 anos da Igreja de Santa Maria, obra marcante de Siza na regi\u00e3o. A inaugura\u00e7\u00e3o abre as celebra\u00e7\u00f5es do anivers\u00e1rio, com hastear de bandeiras \u00e0s 16h30 nos Pa\u00e7os do Concelho e uma homenagem ao fundador Adriano Jos\u00e9 de Carvalho e Melo. A exposi\u00e7\u00e3o fica patente ao p\u00fablico at\u00e9 6 de outubro, com entrada livre, oferecendo acesso \u00e0 obra de uma das mais relevantes figuras da arquitetura mundial.\" \/>\n<meta property=\"og:url\" content=\"https:\/\/portaltela.pt\/noticias\/2026\/03\/30\/exposicao-alvaro-siza-do-outro-lado-do-espelho-abre-ao-publico\/\" \/>\n<meta property=\"og:site_name\" content=\"Portal Tela Portugal\" \/>\n<meta property=\"article:published_time\" content=\"2026-03-30T09:46:52+00:00\" \/>\n<meta name=\"author\" content=\"Telinha\" \/>\n<meta name=\"twitter:card\" content=\"summary_large_image\" \/>\n<meta name=\"twitter:label1\" content=\"Escrito por\" \/>\n\t<meta name=\"twitter:data1\" content=\"Telinha\" \/>\n\t<meta name=\"twitter:label2\" content=\"Tempo estimado de leitura\" \/>\n\t<meta name=\"twitter:data2\" content=\"1 minuto\" \/>\n<script type=\"application\/ld+json\" class=\"yoast-schema-graph\">{\"@context\":\"https:\/\/schema.org\",\"@graph\":[{\"@type\":\"Article\",\"@id\":\"https:\/\/portaltela.pt\/noticias\/2026\/03\/30\/exposicao-alvaro-siza-do-outro-lado-do-espelho-abre-ao-publico\/#article\",\"isPartOf\":{\"@id\":\"https:\/\/portaltela.pt\/noticias\/2026\/03\/30\/exposicao-alvaro-siza-do-outro-lado-do-espelho-abre-ao-publico\/\"},\"author\":{\"name\":\"Telinha\",\"@id\":\"https:\/\/portaltela.pt\/#\/schema\/person\/c4278d4a6028830caff9ee44b42d32ed\"},\"headline\":\"Exposi\u00e7\u00e3o \u00c1lvaro Siza \u2013 Do Outro Lado do Espelho abre ao p\u00fablico\",\"datePublished\":\"2026-03-30T09:46:52+00:00\",\"mainEntityOfPage\":{\"@id\":\"https:\/\/portaltela.pt\/noticias\/2026\/03\/30\/exposicao-alvaro-siza-do-outro-lado-do-espelho-abre-ao-publico\/\"},\"wordCount\":294,\"image\":{\"@id\":\"https:\/\/portaltela.pt\/noticias\/2026\/03\/30\/exposicao-alvaro-siza-do-outro-lado-do-espelho-abre-ao-publico\/#primaryimage\"},\"thumbnailUrl\":\"https:\/\/portaltela.pt\/s.01k8rhncp4jt1\/2026\/03\/img_1500x1000uu2026-03-30-10-44-47-2275540.jpg\",\"keywords\":[\"a arquitetura\",\"cultura\",\"exposi\u00e7\u00e3o\",\"museus e arquivos\",\"Patrim\u00f3nio Cultural\",\"Portugal\"],\"articleSection\":[\"Cultura\",\"Not\u00edcias\"],\"inLanguage\":\"pt-PT\"},{\"@type\":\"WebPage\",\"@id\":\"https:\/\/portaltela.pt\/noticias\/2026\/03\/30\/exposicao-alvaro-siza-do-outro-lado-do-espelho-abre-ao-publico\/\",\"url\":\"https:\/\/portaltela.pt\/noticias\/2026\/03\/30\/exposicao-alvaro-siza-do-outro-lado-do-espelho-abre-ao-publico\/\",\"name\":\"Exposi\u00e7\u00e3o \u00c1lvaro Siza \u2013 Do Outro Lado do Espelho abre ao p\u00fablico - Portal Tela Portugal\",\"isPartOf\":{\"@id\":\"https:\/\/portaltela.pt\/#website\"},\"primaryImageOfPage\":{\"@id\":\"https:\/\/portaltela.pt\/noticias\/2026\/03\/30\/exposicao-alvaro-siza-do-outro-lado-do-espelho-abre-ao-publico\/#primaryimage\"},\"image\":{\"@id\":\"https:\/\/portaltela.pt\/noticias\/2026\/03\/30\/exposicao-alvaro-siza-do-outro-lado-do-espelho-abre-ao-publico\/#primaryimage\"},\"thumbnailUrl\":\"https:\/\/portaltela.pt\/s.01k8rhncp4jt1\/2026\/03\/img_1500x1000uu2026-03-30-10-44-47-2275540.jpg\",\"datePublished\":\"2026-03-30T09:46:52+00:00\",\"author\":{\"@id\":\"https:\/\/portaltela.pt\/#\/schema\/person\/c4278d4a6028830caff9ee44b42d32ed\"},\"breadcrumb\":{\"@id\":\"https:\/\/portaltela.pt\/noticias\/2026\/03\/30\/exposicao-alvaro-siza-do-outro-lado-do-espelho-abre-ao-publico\/#breadcrumb\"},\"inLanguage\":\"pt-PT\",\"potentialAction\":[{\"@type\":\"ReadAction\",\"target\":[\"https:\/\/portaltela.pt\/noticias\/2026\/03\/30\/exposicao-alvaro-siza-do-outro-lado-do-espelho-abre-ao-publico\/\"]}]},{\"@type\":\"ImageObject\",\"inLanguage\":\"pt-PT\",\"@id\":\"https:\/\/portaltela.pt\/noticias\/2026\/03\/30\/exposicao-alvaro-siza-do-outro-lado-do-espelho-abre-ao-publico\/#primaryimage\",\"url\":\"https:\/\/portaltela.pt\/s.01k8rhncp4jt1\/2026\/03\/img_1500x1000uu2026-03-30-10-44-47-2275540.jpg\",\"contentUrl\":\"https:\/\/portaltela.pt\/s.01k8rhncp4jt1\/2026\/03\/img_1500x1000uu2026-03-30-10-44-47-2275540.jpg\",\"width\":796,\"height\":448,\"caption\":\"Exposi\u00e7\u00e3o de \u00c1lvaro Siza no Marco de Canaveses celebra anivers\u00e1rio do concelho e Igreja de Santa Maria\"},{\"@type\":\"BreadcrumbList\",\"@id\":\"https:\/\/portaltela.pt\/noticias\/2026\/03\/30\/exposicao-alvaro-siza-do-outro-lado-do-espelho-abre-ao-publico\/#breadcrumb\",\"itemListElement\":[{\"@type\":\"ListItem\",\"position\":1,\"name\":\"In\u00edcio\",\"item\":\"https:\/\/portaltela.pt\/\"},{\"@type\":\"ListItem\",\"position\":2,\"name\":\"Exposi\u00e7\u00e3o \u00c1lvaro Siza \u2013 Do Outro Lado do Espelho abre ao p\u00fablico\"}]},{\"@type\":\"WebSite\",\"@id\":\"https:\/\/portaltela.pt\/#website\",\"url\":\"https:\/\/portaltela.pt\/\",\"name\":\"Portal Tela Portugal\",\"description\":\"\",\"potentialAction\":[{\"@type\":\"SearchAction\",\"target\":{\"@type\":\"EntryPoint\",\"urlTemplate\":\"https:\/\/portaltela.pt\/?s={search_term_string}\"},\"query-input\":{\"@type\":\"PropertyValueSpecification\",\"valueRequired\":true,\"valueName\":\"search_term_string\"}}],\"inLanguage\":\"pt-PT\"},{\"@type\":\"Person\",\"@id\":\"https:\/\/portaltela.pt\/#\/schema\/person\/c4278d4a6028830caff9ee44b42d32ed\",\"name\":\"Telinha\",\"image\":{\"@type\":\"ImageObject\",\"inLanguage\":\"pt-PT\",\"@id\":\"https:\/\/portaltela.pt\/s.01k8rhncp4jt1\/2025\/11\/talking-bot-125x125.png\",\"url\":\"https:\/\/portaltela.pt\/s.01k8rhncp4jt1\/2025\/11\/talking-bot-125x125.png\",\"contentUrl\":\"https:\/\/portaltela.pt\/s.01k8rhncp4jt1\/2025\/11\/talking-bot-125x125.png\",\"caption\":\"Telinha\"},\"sameAs\":[\"https:\/\/portaltela.pt\/\"],\"url\":\"https:\/\/portaltela.pt\/por\/367410592786\/\"}]}<\/script>\n<!-- \/ Yoast SEO plugin. -->","yoast_head_json":{"title":"Exposi\u00e7\u00e3o \u00c1lvaro Siza \u2013 Do Outro Lado do Espelho abre ao p\u00fablico - Portal Tela Portugal","robots":{"index":"index","follow":"follow","max-snippet":"max-snippet:-1","max-image-preview":"max-image-preview:large","max-video-preview":"max-video-preview:-1"},"og_locale":"pt_PT","og_type":"article","og_title":"Exposi\u00e7\u00e3o \u00c1lvaro Siza \u2013 Do Outro Lado do Espelho abre ao p\u00fablico - Portal Tela Portugal","og_description":"O Munic\u00edpio de Marco de Canaveses inaugura a exposi\u00e7\u00e3o \u201c\u00c1lvaro Siza - Do Outro Lado do Espelho\u201d no dia 31 de mar\u00e7o, \u00e0s 17h00, no Museu Carmen Miranda. A mostra, integrada no programa de exposi\u00e7\u00f5es itinerantes da Funda\u00e7\u00e3o de Serralves, apresenta desenhos que percorrem diferentes momentos da vida de \u00c1lvaro Siza Vieira, com curadoria de Ant\u00f3nio Choupina. O evento surge em ano de comemora\u00e7\u00e3o dos 174 anos do concelho e dos 30 anos da Igreja de Santa Maria, obra marcante de Siza na regi\u00e3o. A inaugura\u00e7\u00e3o abre as celebra\u00e7\u00f5es do anivers\u00e1rio, com hastear de bandeiras \u00e0s 16h30 nos Pa\u00e7os do Concelho e uma homenagem ao fundador Adriano Jos\u00e9 de Carvalho e Melo. A exposi\u00e7\u00e3o fica patente ao p\u00fablico at\u00e9 6 de outubro, com entrada livre, oferecendo acesso \u00e0 obra de uma das mais relevantes figuras da arquitetura mundial.","og_url":"https:\/\/portaltela.pt\/noticias\/2026\/03\/30\/exposicao-alvaro-siza-do-outro-lado-do-espelho-abre-ao-publico\/","og_site_name":"Portal Tela Portugal","article_published_time":"2026-03-30T09:46:52+00:00","author":"Telinha","twitter_card":"summary_large_image","twitter_misc":{"Escrito por":"Telinha","Tempo estimado de leitura":"1 minuto"},"schema":{"@context":"https:\/\/schema.org","@graph":[{"@type":"Article","@id":"https:\/\/portaltela.pt\/noticias\/2026\/03\/30\/exposicao-alvaro-siza-do-outro-lado-do-espelho-abre-ao-publico\/#article","isPartOf":{"@id":"https:\/\/portaltela.pt\/noticias\/2026\/03\/30\/exposicao-alvaro-siza-do-outro-lado-do-espelho-abre-ao-publico\/"},"author":{"name":"Telinha","@id":"https:\/\/portaltela.pt\/#\/schema\/person\/c4278d4a6028830caff9ee44b42d32ed"},"headline":"Exposi\u00e7\u00e3o \u00c1lvaro Siza \u2013 Do Outro Lado do Espelho abre ao p\u00fablico","datePublished":"2026-03-30T09:46:52+00:00","mainEntityOfPage":{"@id":"https:\/\/portaltela.pt\/noticias\/2026\/03\/30\/exposicao-alvaro-siza-do-outro-lado-do-espelho-abre-ao-publico\/"},"wordCount":294,"image":{"@id":"https:\/\/portaltela.pt\/noticias\/2026\/03\/30\/exposicao-alvaro-siza-do-outro-lado-do-espelho-abre-ao-publico\/#primaryimage"},"thumbnailUrl":"https:\/\/portaltela.pt\/s.01k8rhncp4jt1\/2026\/03\/img_1500x1000uu2026-03-30-10-44-47-2275540.jpg","keywords":["a arquitetura","cultura","exposi\u00e7\u00e3o","museus e arquivos","Patrim\u00f3nio Cultural","Portugal"],"articleSection":["Cultura","Not\u00edcias"],"inLanguage":"pt-PT"},{"@type":"WebPage","@id":"https:\/\/portaltela.pt\/noticias\/2026\/03\/30\/exposicao-alvaro-siza-do-outro-lado-do-espelho-abre-ao-publico\/","url":"https:\/\/portaltela.pt\/noticias\/2026\/03\/30\/exposicao-alvaro-siza-do-outro-lado-do-espelho-abre-ao-publico\/","name":"Exposi\u00e7\u00e3o \u00c1lvaro Siza \u2013 Do Outro Lado do Espelho abre ao p\u00fablico - Portal Tela Portugal","isPartOf":{"@id":"https:\/\/portaltela.pt\/#website"},"primaryImageOfPage":{"@id":"https:\/\/portaltela.pt\/noticias\/2026\/03\/30\/exposicao-alvaro-siza-do-outro-lado-do-espelho-abre-ao-publico\/#primaryimage"},"image":{"@id":"https:\/\/portaltela.pt\/noticias\/2026\/03\/30\/exposicao-alvaro-siza-do-outro-lado-do-espelho-abre-ao-publico\/#primaryimage"},"thumbnailUrl":"https:\/\/portaltela.pt\/s.01k8rhncp4jt1\/2026\/03\/img_1500x1000uu2026-03-30-10-44-47-2275540.jpg","datePublished":"2026-03-30T09:46:52+00:00","author":{"@id":"https:\/\/portaltela.pt\/#\/schema\/person\/c4278d4a6028830caff9ee44b42d32ed"},"breadcrumb":{"@id":"https:\/\/portaltela.pt\/noticias\/2026\/03\/30\/exposicao-alvaro-siza-do-outro-lado-do-espelho-abre-ao-publico\/#breadcrumb"},"inLanguage":"pt-PT","potentialAction":[{"@type":"ReadAction","target":["https:\/\/portaltela.pt\/noticias\/2026\/03\/30\/exposicao-alvaro-siza-do-outro-lado-do-espelho-abre-ao-publico\/"]}]},{"@type":"ImageObject","inLanguage":"pt-PT","@id":"https:\/\/portaltela.pt\/noticias\/2026\/03\/30\/exposicao-alvaro-siza-do-outro-lado-do-espelho-abre-ao-publico\/#primaryimage","url":"https:\/\/portaltela.pt\/s.01k8rhncp4jt1\/2026\/03\/img_1500x1000uu2026-03-30-10-44-47-2275540.jpg","contentUrl":"https:\/\/portaltela.pt\/s.01k8rhncp4jt1\/2026\/03\/img_1500x1000uu2026-03-30-10-44-47-2275540.jpg","width":796,"height":448,"caption":"Exposi\u00e7\u00e3o de \u00c1lvaro Siza no Marco de Canaveses celebra anivers\u00e1rio do concelho e Igreja de Santa Maria"},{"@type":"BreadcrumbList","@id":"https:\/\/portaltela.pt\/noticias\/2026\/03\/30\/exposicao-alvaro-siza-do-outro-lado-do-espelho-abre-ao-publico\/#breadcrumb","itemListElement":[{"@type":"ListItem","position":1,"name":"In\u00edcio","item":"https:\/\/portaltela.pt\/"},{"@type":"ListItem","position":2,"name":"Exposi\u00e7\u00e3o \u00c1lvaro Siza \u2013 Do Outro Lado do Espelho abre ao p\u00fablico"}]},{"@type":"WebSite","@id":"https:\/\/portaltela.pt\/#website","url":"https:\/\/portaltela.pt\/","name":"Portal Tela Portugal","description":"","potentialAction":[{"@type":"SearchAction","target":{"@type":"EntryPoint","urlTemplate":"https:\/\/portaltela.pt\/?s={search_term_string}"},"query-input":{"@type":"PropertyValueSpecification","valueRequired":true,"valueName":"search_term_string"}}],"inLanguage":"pt-PT"},{"@type":"Person","@id":"https:\/\/portaltela.pt\/#\/schema\/person\/c4278d4a6028830caff9ee44b42d32ed","name":"Telinha","image":{"@type":"ImageObject","inLanguage":"pt-PT","@id":"https:\/\/portaltela.pt\/s.01k8rhncp4jt1\/2025\/11\/talking-bot-125x125.png","url":"https:\/\/portaltela.pt\/s.01k8rhncp4jt1\/2025\/11\/talking-bot-125x125.png","contentUrl":"https:\/\/portaltela.pt\/s.01k8rhncp4jt1\/2025\/11\/talking-bot-125x125.png","caption":"Telinha"},"sameAs":["https:\/\/portaltela.pt\/"],"url":"https:\/\/portaltela.pt\/por\/367410592786\/"}]}},"_links":{"self":[{"href":"https:\/\/portaltela.pt\/api\/wp\/v2\/posts\/426686","targetHints":{"allow":["GET"]}}],"collection":[{"href":"https:\/\/portaltela.pt\/api\/wp\/v2\/posts"}],"about":[{"href":"https:\/\/portaltela.pt\/api\/wp\/v2\/types\/post"}],"author":[{"embeddable":true,"href":"https:\/\/portaltela.pt\/api\/wp\/v2\/users\/2"}],"replies":[{"embeddable":true,"href":"https:\/\/portaltela.pt\/api\/wp\/v2\/comments?post=426686"}],"version-history":[{"count":0,"href":"https:\/\/portaltela.pt\/api\/wp\/v2\/posts\/426686\/revisions"}],"wp:featuredmedia":[{"embeddable":true,"href":"https:\/\/portaltela.pt\/api\/wp\/v2\/media\/426691"}],"wp:attachment":[{"href":"https:\/\/portaltela.pt\/api\/wp\/v2\/media?parent=426686"}],"wp:term":[{"taxonomy":"category","embeddable":true,"href":"https:\/\/portaltela.pt\/api\/wp\/v2\/categories?post=426686"},{"taxonomy":"post_tag","embeddable":true,"href":"https:\/\/portaltela.pt\/api\/wp\/v2\/tags?post=426686"}],"curies":[{"name":"wp","href":"https:\/\/api.w.org\/{rel}","templated":true}]}}