{"id":426669,"date":"2026-03-30T06:32:20","date_gmt":"2026-03-30T09:32:20","guid":{"rendered":"https:\/\/portaltela.pt\/noticias\/2026\/03\/30\/do-ritual-ao-combustivel-a-filosofia-de-beber-cafe\/"},"modified":"2026-03-30T06:32:20","modified_gmt":"2026-03-30T09:32:20","slug":"do-ritual-ao-combustivel-a-filosofia-de-beber-cafe","status":"publish","type":"post","link":"https:\/\/portaltela.pt\/noticias\/2026\/03\/30\/do-ritual-ao-combustivel-a-filosofia-de-beber-cafe\/","title":{"rendered":"Do ritual ao combust\u00edvel: a filosofia de beber caf\u00e9"},"content":{"rendered":"<p>A bebida que hoje \u00e9 s\u00edmbolo de energia global teve origem na Eti\u00f3pia. Diz a tradi\u00e7\u00e3o que o caf\u00e9 come\u00e7ou a ser consumido ap\u00f3s um pastor perceber a energia dos seus animais ao comer frutos avermelhados do arbusto. A partir da\u00ed ganhou express\u00e3o cultural no pa\u00eds.<\/p>\n<p>A cerim\u00f3nia do caf\u00e9 na Eti\u00f3pia \u00e9 ritual. Os gr\u00e3os s\u00e3o torrados, mo\u00eddos e preparados numa jarra de barro chamada jebena. Normalmente, as mulheres conduzem o ritual e servem o caf\u00e9 em pequenas x\u00edcaras sem al\u00e7as, numa cerim\u00f3nia que pode durar at\u00e9 tr\u00eas horas.<\/p>\n<p>Este ritual tem como objetivo principal fortalecer la\u00e7os sociais. Familiares, amigos e vizinhos partilham hist\u00f3rias, resolvem desentendimentos e pedem b\u00ean\u00e7\u00e3os durante a prepara\u00e7\u00e3o e a degusta\u00e7\u00e3o da bebida.<\/p>\n<h3>A diferen\u00e7a do tempo na pr\u00e1tica<\/h3>\n<p>Ao ocidente, o consumo de caf\u00e9 aproxima-se de um tempo escasso. A bebida \u00e9 muitas vezes consumida para ganhar energia e cumprir tarefas r\u00e1pidas, sem a mesma espera ou ritual da Eti\u00f3pia.<\/p>\n<p>Especialistas em filosofia apontam que o tempo \u00e9 vivido de forma diferente consoante o contexto cultural. A pr\u00e1tica et\u00edope valoriza a qualidade do tempo partilhado, n\u00e3o apenas a sua dura\u00e7\u00e3o.<\/p>\n<p>O pensador Hannah Arendt \u00e9 citado para explicar a cr\u00edtica \u00e0 sociedade atual, onde o labor cont\u00ednuo e a busca pela abund\u00e2ncia moldam a vida. O tempo, defendem-se, tem de ser mais do que uma m\u00e9trica operacional.<\/p>\n<p>Analistas associam a ideia de que a economia molda n\u00e3o s\u00f3 o trabalho, mas toda a exist\u00eancia humana. Assim, a vida pode tornar-se uma sequ\u00eancia de a\u00e7\u00f5es repetitivas com foco na efici\u00eancia temporal.<\/p>\n<p>O debate tamb\u00e9m recorre ao conceito de tempo como experi\u00eancia interior. Para Santo Agostinho, o tempo n\u00e3o \u00e9 apenas medida, mas viv\u00eancia de mem\u00f3ria, aten\u00e7\u00e3o e expectativa, que n\u00e3o deve ser reduzida a n\u00fameros.<\/p>\n<h3>V\u00ednculos entre tradi\u00e7\u00e3o e modernidade<\/h3>\n<p>Por isso, a cerim\u00f3nia do caf\u00e9 et\u00edope pode soar estranha a quem vive uma rotina marcada pela pressa. Ela recorda que o tempo pode ser vivido com significado, n\u00e3o apenas gerido como recurso.<\/p>\n","protected":false},"excerpt":{"rendered":"<ul>\n<li>O caf\u00e9 tem origem na Eti\u00f3pia, associada \u00e0 lenda de um pastor de ovelhas que percebeu energia nos frutos vermelhos do arbusto Kaffa.<\/li>\n<\/ul>\n<p>\u2022<\/p>\n<ul>\n<li>Na Eti\u00f3pia existe uma cerim\u00f3nia tradicional de prepara\u00e7\u00e3o e consumo do caf\u00e9, que envolve torra, moagem e a prepara\u00e7\u00e3o numa jarra chamada jebena; costuma ser conduzida por mulheres e pode durar at\u00e9 tr\u00eas horas, fortalecendo rela\u00e7\u00f5es sociais.<\/li>\n<\/ul>\n<p>\u2022<\/p>\n<ul>\n<li>Em sociedades ocidentais o consumo \u00e9 geralmente r\u00e1pido, ligado a ganhar energia para tarefas, contrastando com a frui\u00e7\u00e3o de um tempo de qualidade na cerim\u00f3nia et\u00edope.<\/li>\n<\/ul>\n<p>\u2022<\/p>\n<ul>\n<li>O texto recorre a Hannah Arendt, Guy Debord e Santo Agostinho para reflectir sobre tempo, labor e a rela\u00e7\u00e3o entre economia e vida quotidiana.<\/li>\n<\/ul>\n<p>\u2022<\/p>\n<ul>\n<li>A cerim\u00f3nia do caf\u00e9 et\u00edope \u00e9 apresentada como exemplo de tempo vivido com significado, sugerindo uma experi\u00eancia mais rica do que a mera efici\u00eancia produtiva.<\/li>\n<\/ul>\n","protected":false},"author":2,"featured_media":426672,"comment_status":"closed","ping_status":"closed","sticky":false,"template":"","format":"standard","meta":{"footnotes":""},"categories":[7375,1],"tags":[145,28,2830,2894,299,2318],"class_list":["post-426669","post","type-post","status-publish","format-standard","has-post-thumbnail","hentry","category-cultura","category-noticias","tag-cultura","tag-economia","tag-etiopia","tag-filosofia","tag-historia","tag-sociedade"],"yoast_head":"<!-- This site is optimized with the Yoast SEO plugin v27.2 - https:\/\/yoast.com\/product\/yoast-seo-wordpress\/ -->\n<title>Do ritual ao combust\u00edvel: a filosofia de beber caf\u00e9 - Portal Tela Portugal<\/title>\n<meta name=\"robots\" content=\"index, follow, max-snippet:-1, max-image-preview:large, max-video-preview:-1\" \/>\n<meta property=\"og:locale\" content=\"pt_PT\" \/>\n<meta property=\"og:type\" content=\"article\" \/>\n<meta property=\"og:title\" content=\"Do ritual ao combust\u00edvel: a filosofia de beber caf\u00e9 - Portal Tela Portugal\" \/>\n<meta property=\"og:description\" content=\"O caf\u00e9 tem origem na Eti\u00f3pia, associada \u00e0 lenda de um pastor de ovelhas que percebeu energia nos frutos vermelhos do arbusto Kaffa. \u2022 Na Eti\u00f3pia existe uma cerim\u00f3nia tradicional de prepara\u00e7\u00e3o e consumo do caf\u00e9, que envolve torra, moagem e a prepara\u00e7\u00e3o numa jarra chamada jebena; costuma ser conduzida por mulheres e pode durar at\u00e9 tr\u00eas horas, fortalecendo rela\u00e7\u00f5es sociais. \u2022 Em sociedades ocidentais o consumo \u00e9 geralmente r\u00e1pido, ligado a ganhar energia para tarefas, contrastando com a frui\u00e7\u00e3o de um tempo de qualidade na cerim\u00f3nia et\u00edope. \u2022 O texto recorre a Hannah Arendt, Guy Debord e Santo Agostinho para reflectir sobre tempo, labor e a rela\u00e7\u00e3o entre economia e vida quotidiana. \u2022 A cerim\u00f3nia do caf\u00e9 et\u00edope \u00e9 apresentada como exemplo de tempo vivido com significado, sugerindo uma experi\u00eancia mais rica do que a mera efici\u00eancia produtiva.\" \/>\n<meta property=\"og:url\" content=\"https:\/\/portaltela.pt\/noticias\/2026\/03\/30\/do-ritual-ao-combustivel-a-filosofia-de-beber-cafe\/\" \/>\n<meta property=\"og:site_name\" content=\"Portal Tela Portugal\" \/>\n<meta property=\"article:published_time\" content=\"2026-03-30T09:32:20+00:00\" \/>\n<meta name=\"author\" content=\"Telinha\" \/>\n<meta name=\"twitter:card\" content=\"summary_large_image\" \/>\n<meta name=\"twitter:label1\" content=\"Escrito por\" \/>\n\t<meta name=\"twitter:data1\" content=\"Telinha\" \/>\n\t<meta name=\"twitter:label2\" content=\"Tempo estimado de leitura\" \/>\n\t<meta name=\"twitter:data2\" content=\"2 minutos\" \/>\n<script type=\"application\/ld+json\" class=\"yoast-schema-graph\">{\"@context\":\"https:\/\/schema.org\",\"@graph\":[{\"@type\":\"Article\",\"@id\":\"https:\/\/portaltela.pt\/noticias\/2026\/03\/30\/do-ritual-ao-combustivel-a-filosofia-de-beber-cafe\/#article\",\"isPartOf\":{\"@id\":\"https:\/\/portaltela.pt\/noticias\/2026\/03\/30\/do-ritual-ao-combustivel-a-filosofia-de-beber-cafe\/\"},\"author\":{\"name\":\"Telinha\",\"@id\":\"https:\/\/portaltela.pt\/#\/schema\/person\/c4278d4a6028830caff9ee44b42d32ed\"},\"headline\":\"Do ritual ao combust\u00edvel: a filosofia de beber caf\u00e9\",\"datePublished\":\"2026-03-30T09:32:20+00:00\",\"mainEntityOfPage\":{\"@id\":\"https:\/\/portaltela.pt\/noticias\/2026\/03\/30\/do-ritual-ao-combustivel-a-filosofia-de-beber-cafe\/\"},\"wordCount\":383,\"image\":{\"@id\":\"https:\/\/portaltela.pt\/noticias\/2026\/03\/30\/do-ritual-ao-combustivel-a-filosofia-de-beber-cafe\/#primaryimage\"},\"thumbnailUrl\":\"https:\/\/portaltela.pt\/s.01k8rhncp4jt1\/2026\/03\/2077889.jpg\",\"keywords\":[\"cultura\",\"economia\",\"Eti\u00f3pia\",\"filosofia\",\"hist\u00f3ria\",\"sociedade\"],\"articleSection\":[\"Cultura\",\"Not\u00edcias\"],\"inLanguage\":\"pt-PT\"},{\"@type\":\"WebPage\",\"@id\":\"https:\/\/portaltela.pt\/noticias\/2026\/03\/30\/do-ritual-ao-combustivel-a-filosofia-de-beber-cafe\/\",\"url\":\"https:\/\/portaltela.pt\/noticias\/2026\/03\/30\/do-ritual-ao-combustivel-a-filosofia-de-beber-cafe\/\",\"name\":\"Do ritual ao combust\u00edvel: a filosofia de beber caf\u00e9 - Portal Tela Portugal\",\"isPartOf\":{\"@id\":\"https:\/\/portaltela.pt\/#website\"},\"primaryImageOfPage\":{\"@id\":\"https:\/\/portaltela.pt\/noticias\/2026\/03\/30\/do-ritual-ao-combustivel-a-filosofia-de-beber-cafe\/#primaryimage\"},\"image\":{\"@id\":\"https:\/\/portaltela.pt\/noticias\/2026\/03\/30\/do-ritual-ao-combustivel-a-filosofia-de-beber-cafe\/#primaryimage\"},\"thumbnailUrl\":\"https:\/\/portaltela.pt\/s.01k8rhncp4jt1\/2026\/03\/2077889.jpg\",\"datePublished\":\"2026-03-30T09:32:20+00:00\",\"author\":{\"@id\":\"https:\/\/portaltela.pt\/#\/schema\/person\/c4278d4a6028830caff9ee44b42d32ed\"},\"breadcrumb\":{\"@id\":\"https:\/\/portaltela.pt\/noticias\/2026\/03\/30\/do-ritual-ao-combustivel-a-filosofia-de-beber-cafe\/#breadcrumb\"},\"inLanguage\":\"pt-PT\",\"potentialAction\":[{\"@type\":\"ReadAction\",\"target\":[\"https:\/\/portaltela.pt\/noticias\/2026\/03\/30\/do-ritual-ao-combustivel-a-filosofia-de-beber-cafe\/\"]}]},{\"@type\":\"ImageObject\",\"inLanguage\":\"pt-PT\",\"@id\":\"https:\/\/portaltela.pt\/noticias\/2026\/03\/30\/do-ritual-ao-combustivel-a-filosofia-de-beber-cafe\/#primaryimage\",\"url\":\"https:\/\/portaltela.pt\/s.01k8rhncp4jt1\/2026\/03\/2077889.jpg\",\"contentUrl\":\"https:\/\/portaltela.pt\/s.01k8rhncp4jt1\/2026\/03\/2077889.jpg\",\"width\":796,\"height\":448,\"caption\":\"Photo\"},{\"@type\":\"BreadcrumbList\",\"@id\":\"https:\/\/portaltela.pt\/noticias\/2026\/03\/30\/do-ritual-ao-combustivel-a-filosofia-de-beber-cafe\/#breadcrumb\",\"itemListElement\":[{\"@type\":\"ListItem\",\"position\":1,\"name\":\"In\u00edcio\",\"item\":\"https:\/\/portaltela.pt\/\"},{\"@type\":\"ListItem\",\"position\":2,\"name\":\"Do ritual ao combust\u00edvel: a filosofia de beber caf\u00e9\"}]},{\"@type\":\"WebSite\",\"@id\":\"https:\/\/portaltela.pt\/#website\",\"url\":\"https:\/\/portaltela.pt\/\",\"name\":\"Portal Tela Portugal\",\"description\":\"\",\"potentialAction\":[{\"@type\":\"SearchAction\",\"target\":{\"@type\":\"EntryPoint\",\"urlTemplate\":\"https:\/\/portaltela.pt\/?s={search_term_string}\"},\"query-input\":{\"@type\":\"PropertyValueSpecification\",\"valueRequired\":true,\"valueName\":\"search_term_string\"}}],\"inLanguage\":\"pt-PT\"},{\"@type\":\"Person\",\"@id\":\"https:\/\/portaltela.pt\/#\/schema\/person\/c4278d4a6028830caff9ee44b42d32ed\",\"name\":\"Telinha\",\"image\":{\"@type\":\"ImageObject\",\"inLanguage\":\"pt-PT\",\"@id\":\"https:\/\/portaltela.pt\/s.01k8rhncp4jt1\/2025\/11\/talking-bot-125x125.png\",\"url\":\"https:\/\/portaltela.pt\/s.01k8rhncp4jt1\/2025\/11\/talking-bot-125x125.png\",\"contentUrl\":\"https:\/\/portaltela.pt\/s.01k8rhncp4jt1\/2025\/11\/talking-bot-125x125.png\",\"caption\":\"Telinha\"},\"sameAs\":[\"https:\/\/portaltela.pt\/\"],\"url\":\"https:\/\/portaltela.pt\/por\/367410592786\/\"}]}<\/script>\n<!-- \/ Yoast SEO plugin. -->","yoast_head_json":{"title":"Do ritual ao combust\u00edvel: a filosofia de beber caf\u00e9 - Portal Tela Portugal","robots":{"index":"index","follow":"follow","max-snippet":"max-snippet:-1","max-image-preview":"max-image-preview:large","max-video-preview":"max-video-preview:-1"},"og_locale":"pt_PT","og_type":"article","og_title":"Do ritual ao combust\u00edvel: a filosofia de beber caf\u00e9 - Portal Tela Portugal","og_description":"O caf\u00e9 tem origem na Eti\u00f3pia, associada \u00e0 lenda de um pastor de ovelhas que percebeu energia nos frutos vermelhos do arbusto Kaffa. \u2022 Na Eti\u00f3pia existe uma cerim\u00f3nia tradicional de prepara\u00e7\u00e3o e consumo do caf\u00e9, que envolve torra, moagem e a prepara\u00e7\u00e3o numa jarra chamada jebena; costuma ser conduzida por mulheres e pode durar at\u00e9 tr\u00eas horas, fortalecendo rela\u00e7\u00f5es sociais. \u2022 Em sociedades ocidentais o consumo \u00e9 geralmente r\u00e1pido, ligado a ganhar energia para tarefas, contrastando com a frui\u00e7\u00e3o de um tempo de qualidade na cerim\u00f3nia et\u00edope. \u2022 O texto recorre a Hannah Arendt, Guy Debord e Santo Agostinho para reflectir sobre tempo, labor e a rela\u00e7\u00e3o entre economia e vida quotidiana. \u2022 A cerim\u00f3nia do caf\u00e9 et\u00edope \u00e9 apresentada como exemplo de tempo vivido com significado, sugerindo uma experi\u00eancia mais rica do que a mera efici\u00eancia produtiva.","og_url":"https:\/\/portaltela.pt\/noticias\/2026\/03\/30\/do-ritual-ao-combustivel-a-filosofia-de-beber-cafe\/","og_site_name":"Portal Tela Portugal","article_published_time":"2026-03-30T09:32:20+00:00","author":"Telinha","twitter_card":"summary_large_image","twitter_misc":{"Escrito por":"Telinha","Tempo estimado de leitura":"2 minutos"},"schema":{"@context":"https:\/\/schema.org","@graph":[{"@type":"Article","@id":"https:\/\/portaltela.pt\/noticias\/2026\/03\/30\/do-ritual-ao-combustivel-a-filosofia-de-beber-cafe\/#article","isPartOf":{"@id":"https:\/\/portaltela.pt\/noticias\/2026\/03\/30\/do-ritual-ao-combustivel-a-filosofia-de-beber-cafe\/"},"author":{"name":"Telinha","@id":"https:\/\/portaltela.pt\/#\/schema\/person\/c4278d4a6028830caff9ee44b42d32ed"},"headline":"Do ritual ao combust\u00edvel: a filosofia de beber caf\u00e9","datePublished":"2026-03-30T09:32:20+00:00","mainEntityOfPage":{"@id":"https:\/\/portaltela.pt\/noticias\/2026\/03\/30\/do-ritual-ao-combustivel-a-filosofia-de-beber-cafe\/"},"wordCount":383,"image":{"@id":"https:\/\/portaltela.pt\/noticias\/2026\/03\/30\/do-ritual-ao-combustivel-a-filosofia-de-beber-cafe\/#primaryimage"},"thumbnailUrl":"https:\/\/portaltela.pt\/s.01k8rhncp4jt1\/2026\/03\/2077889.jpg","keywords":["cultura","economia","Eti\u00f3pia","filosofia","hist\u00f3ria","sociedade"],"articleSection":["Cultura","Not\u00edcias"],"inLanguage":"pt-PT"},{"@type":"WebPage","@id":"https:\/\/portaltela.pt\/noticias\/2026\/03\/30\/do-ritual-ao-combustivel-a-filosofia-de-beber-cafe\/","url":"https:\/\/portaltela.pt\/noticias\/2026\/03\/30\/do-ritual-ao-combustivel-a-filosofia-de-beber-cafe\/","name":"Do ritual ao combust\u00edvel: a filosofia de beber caf\u00e9 - Portal Tela Portugal","isPartOf":{"@id":"https:\/\/portaltela.pt\/#website"},"primaryImageOfPage":{"@id":"https:\/\/portaltela.pt\/noticias\/2026\/03\/30\/do-ritual-ao-combustivel-a-filosofia-de-beber-cafe\/#primaryimage"},"image":{"@id":"https:\/\/portaltela.pt\/noticias\/2026\/03\/30\/do-ritual-ao-combustivel-a-filosofia-de-beber-cafe\/#primaryimage"},"thumbnailUrl":"https:\/\/portaltela.pt\/s.01k8rhncp4jt1\/2026\/03\/2077889.jpg","datePublished":"2026-03-30T09:32:20+00:00","author":{"@id":"https:\/\/portaltela.pt\/#\/schema\/person\/c4278d4a6028830caff9ee44b42d32ed"},"breadcrumb":{"@id":"https:\/\/portaltela.pt\/noticias\/2026\/03\/30\/do-ritual-ao-combustivel-a-filosofia-de-beber-cafe\/#breadcrumb"},"inLanguage":"pt-PT","potentialAction":[{"@type":"ReadAction","target":["https:\/\/portaltela.pt\/noticias\/2026\/03\/30\/do-ritual-ao-combustivel-a-filosofia-de-beber-cafe\/"]}]},{"@type":"ImageObject","inLanguage":"pt-PT","@id":"https:\/\/portaltela.pt\/noticias\/2026\/03\/30\/do-ritual-ao-combustivel-a-filosofia-de-beber-cafe\/#primaryimage","url":"https:\/\/portaltela.pt\/s.01k8rhncp4jt1\/2026\/03\/2077889.jpg","contentUrl":"https:\/\/portaltela.pt\/s.01k8rhncp4jt1\/2026\/03\/2077889.jpg","width":796,"height":448,"caption":"Photo"},{"@type":"BreadcrumbList","@id":"https:\/\/portaltela.pt\/noticias\/2026\/03\/30\/do-ritual-ao-combustivel-a-filosofia-de-beber-cafe\/#breadcrumb","itemListElement":[{"@type":"ListItem","position":1,"name":"In\u00edcio","item":"https:\/\/portaltela.pt\/"},{"@type":"ListItem","position":2,"name":"Do ritual ao combust\u00edvel: a filosofia de beber caf\u00e9"}]},{"@type":"WebSite","@id":"https:\/\/portaltela.pt\/#website","url":"https:\/\/portaltela.pt\/","name":"Portal Tela Portugal","description":"","potentialAction":[{"@type":"SearchAction","target":{"@type":"EntryPoint","urlTemplate":"https:\/\/portaltela.pt\/?s={search_term_string}"},"query-input":{"@type":"PropertyValueSpecification","valueRequired":true,"valueName":"search_term_string"}}],"inLanguage":"pt-PT"},{"@type":"Person","@id":"https:\/\/portaltela.pt\/#\/schema\/person\/c4278d4a6028830caff9ee44b42d32ed","name":"Telinha","image":{"@type":"ImageObject","inLanguage":"pt-PT","@id":"https:\/\/portaltela.pt\/s.01k8rhncp4jt1\/2025\/11\/talking-bot-125x125.png","url":"https:\/\/portaltela.pt\/s.01k8rhncp4jt1\/2025\/11\/talking-bot-125x125.png","contentUrl":"https:\/\/portaltela.pt\/s.01k8rhncp4jt1\/2025\/11\/talking-bot-125x125.png","caption":"Telinha"},"sameAs":["https:\/\/portaltela.pt\/"],"url":"https:\/\/portaltela.pt\/por\/367410592786\/"}]}},"_links":{"self":[{"href":"https:\/\/portaltela.pt\/api\/wp\/v2\/posts\/426669","targetHints":{"allow":["GET"]}}],"collection":[{"href":"https:\/\/portaltela.pt\/api\/wp\/v2\/posts"}],"about":[{"href":"https:\/\/portaltela.pt\/api\/wp\/v2\/types\/post"}],"author":[{"embeddable":true,"href":"https:\/\/portaltela.pt\/api\/wp\/v2\/users\/2"}],"replies":[{"embeddable":true,"href":"https:\/\/portaltela.pt\/api\/wp\/v2\/comments?post=426669"}],"version-history":[{"count":0,"href":"https:\/\/portaltela.pt\/api\/wp\/v2\/posts\/426669\/revisions"}],"wp:featuredmedia":[{"embeddable":true,"href":"https:\/\/portaltela.pt\/api\/wp\/v2\/media\/426672"}],"wp:attachment":[{"href":"https:\/\/portaltela.pt\/api\/wp\/v2\/media?parent=426669"}],"wp:term":[{"taxonomy":"category","embeddable":true,"href":"https:\/\/portaltela.pt\/api\/wp\/v2\/categories?post=426669"},{"taxonomy":"post_tag","embeddable":true,"href":"https:\/\/portaltela.pt\/api\/wp\/v2\/tags?post=426669"}],"curies":[{"name":"wp","href":"https:\/\/api.w.org\/{rel}","templated":true}]}}