{"id":426657,"date":"2026-03-30T02:26:00","date_gmt":"2026-03-30T05:26:00","guid":{"rendered":"https:\/\/portaltela.pt\/noticias\/2026\/03\/30\/lider-da-oposicao-de-taiwan-visita-china-continental-entre-7-e-12-de-abril\/"},"modified":"2026-03-30T02:26:00","modified_gmt":"2026-03-30T05:26:00","slug":"lider-da-oposicao-de-taiwan-visita-china-continental-entre-7-e-12-de-abril","status":"publish","type":"post","link":"https:\/\/portaltela.pt\/noticias\/internacional\/2026\/03\/30\/lider-da-oposicao-de-taiwan-visita-china-continental-entre-7-e-12-de-abril\/","title":{"rendered":"L\u00edder da oposi\u00e7\u00e3o de Taiwan visita China continental entre 7 e 12 de abril"},"content":{"rendered":"<p>O l\u00edder da oposi\u00e7\u00e3o de Taiwan, Cheng Li-wun, presidente do Kuomintang, aceitou um convite do Presidente chin\u00eas, Xi Jinping, para visitar a China continental entre 7 e 12 de abril. A desloca\u00e7\u00e3o foi anunciada pelo partido.<\/p>\n<p>A viagem enquadra-se em interc\u00e2mbios entre as duas partes, com o objetivo de aprofundar contactos oficiais entre o Kuomintang e autoridades da China continental. Detalhes log\u00edsticos ainda n\u00e3o foram divulgados.<\/p>\n<p>O Kuomintang \u00e9 o principal partido de oposi\u00e7\u00e3o em Taiwan. Xi Jinping \u00e9 o presidente da China. A agenda exacta da visita e os temas a abordar permanecem a ser comunicados pelo partido anfitri\u00e3o.<\/p>\n","protected":false},"excerpt":{"rendered":"<ul>\n<li>Cheng Li-wun, l\u00edder do Kuomintang, aceita o convite do presidente chin\u00eas, Xi Jinping, para visitar a China continental entre 7 e 12 de abril.<\/li>\n<li>A viagem \u00e9 organizada pela lideran\u00e7a de Taiwan e revela um esfor\u00e7o de aproxima\u00e7\u00e3o entre Taipei e Pequim.<\/li>\n<li>A desloca\u00e7\u00e3o ocorre a poucos dias de eventuais contactos pol\u00edticos entre as duas partes, em contexto de tensionamento hist\u00f3rico.<\/li>\n<li>O objetivo oficial da visita \u00e9 o aprofundamento de interc\u00e2mbios e conversa\u00e7\u00f5es entre as duas regi\u00f5es.<\/li>\n<\/ul>\n","protected":false},"author":2,"featured_media":426663,"comment_status":"closed","ping_status":"closed","sticky":false,"template":"","format":"standard","meta":{"footnotes":""},"categories":[6814,4],"tags":[5913,2290,2832,7439,5698,27],"class_list":["post-426657","post","type-post","status-publish","format-standard","has-post-thumbnail","hentry","category-geopolitica","category-internacional","tag-a-china","tag-intercambios-internacionais","tag-politica","tag-politica-externa","tag-politica-internacional","tag-relacoes-internacionais"],"yoast_head":"<!-- This site is optimized with the Yoast SEO plugin v27.2 - https:\/\/yoast.com\/product\/yoast-seo-wordpress\/ -->\n<title>L\u00edder da oposi\u00e7\u00e3o de Taiwan visita China continental entre 7 e 12 de abril - Portal Tela Portugal<\/title>\n<meta name=\"robots\" content=\"index, follow, max-snippet:-1, max-image-preview:large, max-video-preview:-1\" \/>\n<meta property=\"og:locale\" content=\"pt_PT\" \/>\n<meta property=\"og:type\" content=\"article\" \/>\n<meta property=\"og:title\" content=\"L\u00edder da oposi\u00e7\u00e3o de Taiwan visita China continental entre 7 e 12 de abril - Portal Tela Portugal\" \/>\n<meta property=\"og:description\" content=\"Cheng Li-wun, l\u00edder do Kuomintang, aceita o convite do presidente chin\u00eas, Xi Jinping, para visitar a China continental entre 7 e 12 de abril. A viagem \u00e9 organizada pela lideran\u00e7a de Taiwan e revela um esfor\u00e7o de aproxima\u00e7\u00e3o entre Taipei e Pequim. A desloca\u00e7\u00e3o ocorre a poucos dias de eventuais contactos pol\u00edticos entre as duas partes, em contexto de tensionamento hist\u00f3rico. O objetivo oficial da visita \u00e9 o aprofundamento de interc\u00e2mbios e conversa\u00e7\u00f5es entre as duas regi\u00f5es.\" \/>\n<meta property=\"og:url\" content=\"https:\/\/portaltela.pt\/noticias\/2026\/03\/30\/lider-da-oposicao-de-taiwan-visita-china-continental-entre-7-e-12-de-abril\/\" \/>\n<meta property=\"og:site_name\" content=\"Portal Tela Portugal\" \/>\n<meta property=\"article:published_time\" content=\"2026-03-30T05:26:00+00:00\" \/>\n<meta name=\"author\" content=\"Telinha\" \/>\n<meta name=\"twitter:card\" content=\"summary_large_image\" \/>\n<meta name=\"twitter:label1\" content=\"Escrito por\" \/>\n\t<meta name=\"twitter:data1\" content=\"Telinha\" \/>\n\t<meta name=\"twitter:label2\" content=\"Tempo estimado de leitura\" \/>\n\t<meta name=\"twitter:data2\" content=\"1 minuto\" \/>\n<script type=\"application\/ld+json\" class=\"yoast-schema-graph\">{\"@context\":\"https:\/\/schema.org\",\"@graph\":[{\"@type\":\"Article\",\"@id\":\"https:\/\/portaltela.pt\/noticias\/2026\/03\/30\/lider-da-oposicao-de-taiwan-visita-china-continental-entre-7-e-12-de-abril\/#article\",\"isPartOf\":{\"@id\":\"https:\/\/portaltela.pt\/noticias\/2026\/03\/30\/lider-da-oposicao-de-taiwan-visita-china-continental-entre-7-e-12-de-abril\/\"},\"author\":{\"name\":\"Telinha\",\"@id\":\"https:\/\/portaltela.pt\/#\/schema\/person\/c4278d4a6028830caff9ee44b42d32ed\"},\"headline\":\"L\u00edder da oposi\u00e7\u00e3o de Taiwan visita China continental entre 7 e 12 de abril\",\"datePublished\":\"2026-03-30T05:26:00+00:00\",\"mainEntityOfPage\":{\"@id\":\"https:\/\/portaltela.pt\/noticias\/2026\/03\/30\/lider-da-oposicao-de-taiwan-visita-china-continental-entre-7-e-12-de-abril\/\"},\"wordCount\":119,\"image\":{\"@id\":\"https:\/\/portaltela.pt\/noticias\/2026\/03\/30\/lider-da-oposicao-de-taiwan-visita-china-continental-entre-7-e-12-de-abril\/#primaryimage\"},\"thumbnailUrl\":\"https:\/\/portaltela.pt\/s.01k8rhncp4jt1\/2026\/03\/CACHE_780X1200_ANALOG_WATERMARKED_45955703_754400813504577.jpg\",\"keywords\":[\"a china\",\"interc\u00e2mbios internacionais\",\"pol\u00edtica\",\"pol\u00edtica externa\",\"pol\u00edtica internacional\",\"rela\u00e7\u00f5es internacionais\"],\"articleSection\":[\"Geopol\u00edtica\",\"Internacional\"],\"inLanguage\":\"pt-PT\"},{\"@type\":\"WebPage\",\"@id\":\"https:\/\/portaltela.pt\/noticias\/2026\/03\/30\/lider-da-oposicao-de-taiwan-visita-china-continental-entre-7-e-12-de-abril\/\",\"url\":\"https:\/\/portaltela.pt\/noticias\/2026\/03\/30\/lider-da-oposicao-de-taiwan-visita-china-continental-entre-7-e-12-de-abril\/\",\"name\":\"L\u00edder da oposi\u00e7\u00e3o de Taiwan visita China continental entre 7 e 12 de abril - Portal Tela Portugal\",\"isPartOf\":{\"@id\":\"https:\/\/portaltela.pt\/#website\"},\"primaryImageOfPage\":{\"@id\":\"https:\/\/portaltela.pt\/noticias\/2026\/03\/30\/lider-da-oposicao-de-taiwan-visita-china-continental-entre-7-e-12-de-abril\/#primaryimage\"},\"image\":{\"@id\":\"https:\/\/portaltela.pt\/noticias\/2026\/03\/30\/lider-da-oposicao-de-taiwan-visita-china-continental-entre-7-e-12-de-abril\/#primaryimage\"},\"thumbnailUrl\":\"https:\/\/portaltela.pt\/s.01k8rhncp4jt1\/2026\/03\/CACHE_780X1200_ANALOG_WATERMARKED_45955703_754400813504577.jpg\",\"datePublished\":\"2026-03-30T05:26:00+00:00\",\"author\":{\"@id\":\"https:\/\/portaltela.pt\/#\/schema\/person\/c4278d4a6028830caff9ee44b42d32ed\"},\"breadcrumb\":{\"@id\":\"https:\/\/portaltela.pt\/noticias\/2026\/03\/30\/lider-da-oposicao-de-taiwan-visita-china-continental-entre-7-e-12-de-abril\/#breadcrumb\"},\"inLanguage\":\"pt-PT\",\"potentialAction\":[{\"@type\":\"ReadAction\",\"target\":[\"https:\/\/portaltela.pt\/noticias\/2026\/03\/30\/lider-da-oposicao-de-taiwan-visita-china-continental-entre-7-e-12-de-abril\/\"]}]},{\"@type\":\"ImageObject\",\"inLanguage\":\"pt-PT\",\"@id\":\"https:\/\/portaltela.pt\/noticias\/2026\/03\/30\/lider-da-oposicao-de-taiwan-visita-china-continental-entre-7-e-12-de-abril\/#primaryimage\",\"url\":\"https:\/\/portaltela.pt\/s.01k8rhncp4jt1\/2026\/03\/CACHE_780X1200_ANALOG_WATERMARKED_45955703_754400813504577.jpg\",\"contentUrl\":\"https:\/\/portaltela.pt\/s.01k8rhncp4jt1\/2026\/03\/CACHE_780X1200_ANALOG_WATERMARKED_45955703_754400813504577.jpg\",\"width\":796,\"height\":448,\"caption\":\"Photo\"},{\"@type\":\"BreadcrumbList\",\"@id\":\"https:\/\/portaltela.pt\/noticias\/2026\/03\/30\/lider-da-oposicao-de-taiwan-visita-china-continental-entre-7-e-12-de-abril\/#breadcrumb\",\"itemListElement\":[{\"@type\":\"ListItem\",\"position\":1,\"name\":\"In\u00edcio\",\"item\":\"https:\/\/portaltela.pt\/\"},{\"@type\":\"ListItem\",\"position\":2,\"name\":\"L\u00edder da oposi\u00e7\u00e3o de Taiwan visita China continental entre 7 e 12 de abril\"}]},{\"@type\":\"WebSite\",\"@id\":\"https:\/\/portaltela.pt\/#website\",\"url\":\"https:\/\/portaltela.pt\/\",\"name\":\"Portal Tela Portugal\",\"description\":\"\",\"potentialAction\":[{\"@type\":\"SearchAction\",\"target\":{\"@type\":\"EntryPoint\",\"urlTemplate\":\"https:\/\/portaltela.pt\/?s={search_term_string}\"},\"query-input\":{\"@type\":\"PropertyValueSpecification\",\"valueRequired\":true,\"valueName\":\"search_term_string\"}}],\"inLanguage\":\"pt-PT\"},{\"@type\":\"Person\",\"@id\":\"https:\/\/portaltela.pt\/#\/schema\/person\/c4278d4a6028830caff9ee44b42d32ed\",\"name\":\"Telinha\",\"image\":{\"@type\":\"ImageObject\",\"inLanguage\":\"pt-PT\",\"@id\":\"https:\/\/portaltela.pt\/s.01k8rhncp4jt1\/2025\/11\/talking-bot-125x125.png\",\"url\":\"https:\/\/portaltela.pt\/s.01k8rhncp4jt1\/2025\/11\/talking-bot-125x125.png\",\"contentUrl\":\"https:\/\/portaltela.pt\/s.01k8rhncp4jt1\/2025\/11\/talking-bot-125x125.png\",\"caption\":\"Telinha\"},\"sameAs\":[\"https:\/\/portaltela.pt\/\"],\"url\":\"https:\/\/portaltela.pt\/por\/367410592786\/\"}]}<\/script>\n<!-- \/ Yoast SEO plugin. -->","yoast_head_json":{"title":"L\u00edder da oposi\u00e7\u00e3o de Taiwan visita China continental entre 7 e 12 de abril - Portal Tela Portugal","robots":{"index":"index","follow":"follow","max-snippet":"max-snippet:-1","max-image-preview":"max-image-preview:large","max-video-preview":"max-video-preview:-1"},"og_locale":"pt_PT","og_type":"article","og_title":"L\u00edder da oposi\u00e7\u00e3o de Taiwan visita China continental entre 7 e 12 de abril - Portal Tela Portugal","og_description":"Cheng Li-wun, l\u00edder do Kuomintang, aceita o convite do presidente chin\u00eas, Xi Jinping, para visitar a China continental entre 7 e 12 de abril. A viagem \u00e9 organizada pela lideran\u00e7a de Taiwan e revela um esfor\u00e7o de aproxima\u00e7\u00e3o entre Taipei e Pequim. A desloca\u00e7\u00e3o ocorre a poucos dias de eventuais contactos pol\u00edticos entre as duas partes, em contexto de tensionamento hist\u00f3rico. O objetivo oficial da visita \u00e9 o aprofundamento de interc\u00e2mbios e conversa\u00e7\u00f5es entre as duas regi\u00f5es.","og_url":"https:\/\/portaltela.pt\/noticias\/2026\/03\/30\/lider-da-oposicao-de-taiwan-visita-china-continental-entre-7-e-12-de-abril\/","og_site_name":"Portal Tela Portugal","article_published_time":"2026-03-30T05:26:00+00:00","author":"Telinha","twitter_card":"summary_large_image","twitter_misc":{"Escrito por":"Telinha","Tempo estimado de leitura":"1 minuto"},"schema":{"@context":"https:\/\/schema.org","@graph":[{"@type":"Article","@id":"https:\/\/portaltela.pt\/noticias\/2026\/03\/30\/lider-da-oposicao-de-taiwan-visita-china-continental-entre-7-e-12-de-abril\/#article","isPartOf":{"@id":"https:\/\/portaltela.pt\/noticias\/2026\/03\/30\/lider-da-oposicao-de-taiwan-visita-china-continental-entre-7-e-12-de-abril\/"},"author":{"name":"Telinha","@id":"https:\/\/portaltela.pt\/#\/schema\/person\/c4278d4a6028830caff9ee44b42d32ed"},"headline":"L\u00edder da oposi\u00e7\u00e3o de Taiwan visita China continental entre 7 e 12 de abril","datePublished":"2026-03-30T05:26:00+00:00","mainEntityOfPage":{"@id":"https:\/\/portaltela.pt\/noticias\/2026\/03\/30\/lider-da-oposicao-de-taiwan-visita-china-continental-entre-7-e-12-de-abril\/"},"wordCount":119,"image":{"@id":"https:\/\/portaltela.pt\/noticias\/2026\/03\/30\/lider-da-oposicao-de-taiwan-visita-china-continental-entre-7-e-12-de-abril\/#primaryimage"},"thumbnailUrl":"https:\/\/portaltela.pt\/s.01k8rhncp4jt1\/2026\/03\/CACHE_780X1200_ANALOG_WATERMARKED_45955703_754400813504577.jpg","keywords":["a china","interc\u00e2mbios internacionais","pol\u00edtica","pol\u00edtica externa","pol\u00edtica internacional","rela\u00e7\u00f5es internacionais"],"articleSection":["Geopol\u00edtica","Internacional"],"inLanguage":"pt-PT"},{"@type":"WebPage","@id":"https:\/\/portaltela.pt\/noticias\/2026\/03\/30\/lider-da-oposicao-de-taiwan-visita-china-continental-entre-7-e-12-de-abril\/","url":"https:\/\/portaltela.pt\/noticias\/2026\/03\/30\/lider-da-oposicao-de-taiwan-visita-china-continental-entre-7-e-12-de-abril\/","name":"L\u00edder da oposi\u00e7\u00e3o de Taiwan visita China continental entre 7 e 12 de abril - Portal Tela Portugal","isPartOf":{"@id":"https:\/\/portaltela.pt\/#website"},"primaryImageOfPage":{"@id":"https:\/\/portaltela.pt\/noticias\/2026\/03\/30\/lider-da-oposicao-de-taiwan-visita-china-continental-entre-7-e-12-de-abril\/#primaryimage"},"image":{"@id":"https:\/\/portaltela.pt\/noticias\/2026\/03\/30\/lider-da-oposicao-de-taiwan-visita-china-continental-entre-7-e-12-de-abril\/#primaryimage"},"thumbnailUrl":"https:\/\/portaltela.pt\/s.01k8rhncp4jt1\/2026\/03\/CACHE_780X1200_ANALOG_WATERMARKED_45955703_754400813504577.jpg","datePublished":"2026-03-30T05:26:00+00:00","author":{"@id":"https:\/\/portaltela.pt\/#\/schema\/person\/c4278d4a6028830caff9ee44b42d32ed"},"breadcrumb":{"@id":"https:\/\/portaltela.pt\/noticias\/2026\/03\/30\/lider-da-oposicao-de-taiwan-visita-china-continental-entre-7-e-12-de-abril\/#breadcrumb"},"inLanguage":"pt-PT","potentialAction":[{"@type":"ReadAction","target":["https:\/\/portaltela.pt\/noticias\/2026\/03\/30\/lider-da-oposicao-de-taiwan-visita-china-continental-entre-7-e-12-de-abril\/"]}]},{"@type":"ImageObject","inLanguage":"pt-PT","@id":"https:\/\/portaltela.pt\/noticias\/2026\/03\/30\/lider-da-oposicao-de-taiwan-visita-china-continental-entre-7-e-12-de-abril\/#primaryimage","url":"https:\/\/portaltela.pt\/s.01k8rhncp4jt1\/2026\/03\/CACHE_780X1200_ANALOG_WATERMARKED_45955703_754400813504577.jpg","contentUrl":"https:\/\/portaltela.pt\/s.01k8rhncp4jt1\/2026\/03\/CACHE_780X1200_ANALOG_WATERMARKED_45955703_754400813504577.jpg","width":796,"height":448,"caption":"Photo"},{"@type":"BreadcrumbList","@id":"https:\/\/portaltela.pt\/noticias\/2026\/03\/30\/lider-da-oposicao-de-taiwan-visita-china-continental-entre-7-e-12-de-abril\/#breadcrumb","itemListElement":[{"@type":"ListItem","position":1,"name":"In\u00edcio","item":"https:\/\/portaltela.pt\/"},{"@type":"ListItem","position":2,"name":"L\u00edder da oposi\u00e7\u00e3o de Taiwan visita China continental entre 7 e 12 de abril"}]},{"@type":"WebSite","@id":"https:\/\/portaltela.pt\/#website","url":"https:\/\/portaltela.pt\/","name":"Portal Tela Portugal","description":"","potentialAction":[{"@type":"SearchAction","target":{"@type":"EntryPoint","urlTemplate":"https:\/\/portaltela.pt\/?s={search_term_string}"},"query-input":{"@type":"PropertyValueSpecification","valueRequired":true,"valueName":"search_term_string"}}],"inLanguage":"pt-PT"},{"@type":"Person","@id":"https:\/\/portaltela.pt\/#\/schema\/person\/c4278d4a6028830caff9ee44b42d32ed","name":"Telinha","image":{"@type":"ImageObject","inLanguage":"pt-PT","@id":"https:\/\/portaltela.pt\/s.01k8rhncp4jt1\/2025\/11\/talking-bot-125x125.png","url":"https:\/\/portaltela.pt\/s.01k8rhncp4jt1\/2025\/11\/talking-bot-125x125.png","contentUrl":"https:\/\/portaltela.pt\/s.01k8rhncp4jt1\/2025\/11\/talking-bot-125x125.png","caption":"Telinha"},"sameAs":["https:\/\/portaltela.pt\/"],"url":"https:\/\/portaltela.pt\/por\/367410592786\/"}]}},"_links":{"self":[{"href":"https:\/\/portaltela.pt\/api\/wp\/v2\/posts\/426657","targetHints":{"allow":["GET"]}}],"collection":[{"href":"https:\/\/portaltela.pt\/api\/wp\/v2\/posts"}],"about":[{"href":"https:\/\/portaltela.pt\/api\/wp\/v2\/types\/post"}],"author":[{"embeddable":true,"href":"https:\/\/portaltela.pt\/api\/wp\/v2\/users\/2"}],"replies":[{"embeddable":true,"href":"https:\/\/portaltela.pt\/api\/wp\/v2\/comments?post=426657"}],"version-history":[{"count":0,"href":"https:\/\/portaltela.pt\/api\/wp\/v2\/posts\/426657\/revisions"}],"wp:featuredmedia":[{"embeddable":true,"href":"https:\/\/portaltela.pt\/api\/wp\/v2\/media\/426663"}],"wp:attachment":[{"href":"https:\/\/portaltela.pt\/api\/wp\/v2\/media?parent=426657"}],"wp:term":[{"taxonomy":"category","embeddable":true,"href":"https:\/\/portaltela.pt\/api\/wp\/v2\/categories?post=426657"},{"taxonomy":"post_tag","embeddable":true,"href":"https:\/\/portaltela.pt\/api\/wp\/v2\/tags?post=426657"}],"curies":[{"name":"wp","href":"https:\/\/api.w.org\/{rel}","templated":true}]}}