{"id":426650,"date":"2026-03-30T06:16:51","date_gmt":"2026-03-30T09:16:51","guid":{"rendered":"https:\/\/portaltela.pt\/noticias\/2026\/03\/30\/espanha-fecha-espaco-aereo-a-voos-envolvidos-nos-ataques-ao-irao\/"},"modified":"2026-03-30T06:16:51","modified_gmt":"2026-03-30T09:16:51","slug":"espanha-fecha-espaco-aereo-a-voos-envolvidos-nos-ataques-ao-irao","status":"publish","type":"post","link":"https:\/\/portaltela.pt\/noticias\/2026\/03\/30\/espanha-fecha-espaco-aereo-a-voos-envolvidos-nos-ataques-ao-irao\/","title":{"rendered":"Espanha fecha espa\u00e7o a\u00e9reo a voos envolvidos nos ataques ao Ir\u00e3o"},"content":{"rendered":"<p>Espanha fechou o espa\u00e7o a\u00e9reo a todos os voos envolvidos nos ataques ao Ir\u00e3o e recusou a utiliza\u00e7\u00e3o de duas bases militares pelos EUA, segundo o Governo e as for\u00e7as armadas espanholas. A medida foi confirmada por v\u00e1rias fontes oficiais e pela imprensa.<\/p>\n<p>Segundo o jornal El Pa\u00eds, o Governo espanhol n\u00e3o autorizou o uso das bases de Rota, em C\u00e1dis, e Mor\u00f3n de la Frontera, em Sevilha, por avi\u00f5es de combate ou de reabastecimento em voo que operam na interven\u00e7\u00e3o contra o Ir\u00e3o. A not\u00edcia foi confirmada por outras fontes.<\/p>\n<p>O primeiro-ministro Pedro S\u00e1nchez havia afirmado no Parlamento, na semana anterior, que o Governo recusou aos Estados Unidos a utiliza\u00e7\u00e3o dessas bases para a opera\u00e7\u00e3o em causa. S\u00e1nchez disse que todos os planos de voo relacionados com a interven\u00e7\u00e3o foram recusados.<\/p>\n<p>A atitude de Madrid insere-se num contexto de negocia\u00e7\u00f5es intensas entre Espanha e Washington antes dos ataques, que ocorreram a 28 de fevereiro. O objetivo espanhol, segundo o Executivo, \u00e9 manter a soberania nacional e evitar participa\u00e7\u00e3o em a\u00e7\u00f5es consideradas ilegais.<\/p>\n<p>S\u00e1nchez condenou os ataques ao Ir\u00e3o e, posteriormente, a resposta de Teer\u00e3o. O chefe de Governo afirmou que a guerra \u00e9 ilegal e que o mundo enfrenta um cen\u00e1rio com consequ\u00eancias graves, referindo-se a um desfecho potencialmente mais severo do que 2003, no Iraque.<\/p>\n","protected":false},"excerpt":{"rendered":"<ul>\n<li>Espanha fechou o espa\u00e7o a\u00e9reo a todos os voos envolvidos nos ataques ao Ir\u00e3o.<\/li>\n<li>O Governo espanhol tamb\u00e9m recusou a utiliza\u00e7\u00e3o das bases de Rota (C\u00e0diz) e Mor\u00f3n de la Frontera (Sevilha) por avi\u00f5es norte\u2011americanos.<\/li>\n<li>A informa\u00e7\u00e3o foi inicialmente publicada pelo jornal El Pa\u00eds, citando fontes militares, e depois confirmada por fontes oficiais.<\/li>\n<li>O primeiro-ministro Pedro S\u00e1nchez afirmou que a decis\u00e3o foi tomada por motivos de soberania e para n\u00e3o participar em guerras ilegais.<\/li>\n<li>Segundo o El Pa\u00eds, houve negocia\u00e7\u00f5es intensas entre Madrid e Washington antes de os ataques, que decorreram na \u00faltima semana, terem sido lan\u00e7ados.<\/li>\n<\/ul>\n","protected":false},"author":2,"featured_media":426658,"comment_status":"closed","ping_status":"closed","sticky":false,"template":"","format":"standard","meta":{"footnotes":""},"categories":[6814,1],"tags":[4558,2031,1600,2108,3153,27],"class_list":["post-426650","post","type-post","status-publish","format-standard","has-post-thumbnail","hentry","category-geopolitica","category-noticias","tag-a-aeronautica","tag-espanha","tag-estados-unidos","tag-intervencao-internacional","tag-ira","tag-relacoes-internacionais"],"yoast_head":"<!-- This site is optimized with the Yoast SEO plugin v27.2 - https:\/\/yoast.com\/product\/yoast-seo-wordpress\/ -->\n<title>Espanha fecha espa\u00e7o a\u00e9reo a voos envolvidos nos ataques ao Ir\u00e3o - Portal Tela Portugal<\/title>\n<meta name=\"robots\" content=\"index, follow, max-snippet:-1, max-image-preview:large, max-video-preview:-1\" \/>\n<meta property=\"og:locale\" content=\"pt_PT\" \/>\n<meta property=\"og:type\" content=\"article\" \/>\n<meta property=\"og:title\" content=\"Espanha fecha espa\u00e7o a\u00e9reo a voos envolvidos nos ataques ao Ir\u00e3o - Portal Tela Portugal\" \/>\n<meta property=\"og:description\" content=\"Espanha fechou o espa\u00e7o a\u00e9reo a todos os voos envolvidos nos ataques ao Ir\u00e3o. O Governo espanhol tamb\u00e9m recusou a utiliza\u00e7\u00e3o das bases de Rota (C\u00e0diz) e Mor\u00f3n de la Frontera (Sevilha) por avi\u00f5es norte\u2011americanos. A informa\u00e7\u00e3o foi inicialmente publicada pelo jornal El Pa\u00eds, citando fontes militares, e depois confirmada por fontes oficiais. O primeiro-ministro Pedro S\u00e1nchez afirmou que a decis\u00e3o foi tomada por motivos de soberania e para n\u00e3o participar em guerras ilegais. Segundo o El Pa\u00eds, houve negocia\u00e7\u00f5es intensas entre Madrid e Washington antes de os ataques, que decorreram na \u00faltima semana, terem sido lan\u00e7ados.\" \/>\n<meta property=\"og:url\" content=\"https:\/\/portaltela.pt\/noticias\/2026\/03\/30\/espanha-fecha-espaco-aereo-a-voos-envolvidos-nos-ataques-ao-irao\/\" \/>\n<meta property=\"og:site_name\" content=\"Portal Tela Portugal\" \/>\n<meta property=\"article:published_time\" content=\"2026-03-30T09:16:51+00:00\" \/>\n<meta name=\"author\" content=\"Telinha\" \/>\n<meta name=\"twitter:card\" content=\"summary_large_image\" \/>\n<meta name=\"twitter:label1\" content=\"Escrito por\" \/>\n\t<meta name=\"twitter:data1\" content=\"Telinha\" \/>\n\t<meta name=\"twitter:label2\" content=\"Tempo estimado de leitura\" \/>\n\t<meta name=\"twitter:data2\" content=\"1 minuto\" \/>\n<script type=\"application\/ld+json\" class=\"yoast-schema-graph\">{\"@context\":\"https:\/\/schema.org\",\"@graph\":[{\"@type\":\"Article\",\"@id\":\"https:\/\/portaltela.pt\/noticias\/2026\/03\/30\/espanha-fecha-espaco-aereo-a-voos-envolvidos-nos-ataques-ao-irao\/#article\",\"isPartOf\":{\"@id\":\"https:\/\/portaltela.pt\/noticias\/2026\/03\/30\/espanha-fecha-espaco-aereo-a-voos-envolvidos-nos-ataques-ao-irao\/\"},\"author\":{\"name\":\"Telinha\",\"@id\":\"https:\/\/portaltela.pt\/#\/schema\/person\/c4278d4a6028830caff9ee44b42d32ed\"},\"headline\":\"Espanha fecha espa\u00e7o a\u00e9reo a voos envolvidos nos ataques ao Ir\u00e3o\",\"datePublished\":\"2026-03-30T09:16:51+00:00\",\"mainEntityOfPage\":{\"@id\":\"https:\/\/portaltela.pt\/noticias\/2026\/03\/30\/espanha-fecha-espaco-aereo-a-voos-envolvidos-nos-ataques-ao-irao\/\"},\"wordCount\":254,\"image\":{\"@id\":\"https:\/\/portaltela.pt\/noticias\/2026\/03\/30\/espanha-fecha-espaco-aereo-a-voos-envolvidos-nos-ataques-ao-irao\/#primaryimage\"},\"thumbnailUrl\":\"https:\/\/portaltela.pt\/s.01k8rhncp4jt1\/2026\/03\/image-1783.jpg\",\"keywords\":[\"a aeron\u00e1utica\",\"Espanha\",\"Estados Unidos\",\"interven\u00e7\u00e3o internacional\",\"Ir\u00e3\",\"rela\u00e7\u00f5es internacionais\"],\"articleSection\":[\"Geopol\u00edtica\",\"Not\u00edcias\"],\"inLanguage\":\"pt-PT\"},{\"@type\":\"WebPage\",\"@id\":\"https:\/\/portaltela.pt\/noticias\/2026\/03\/30\/espanha-fecha-espaco-aereo-a-voos-envolvidos-nos-ataques-ao-irao\/\",\"url\":\"https:\/\/portaltela.pt\/noticias\/2026\/03\/30\/espanha-fecha-espaco-aereo-a-voos-envolvidos-nos-ataques-ao-irao\/\",\"name\":\"Espanha fecha espa\u00e7o a\u00e9reo a voos envolvidos nos ataques ao Ir\u00e3o - Portal Tela Portugal\",\"isPartOf\":{\"@id\":\"https:\/\/portaltela.pt\/#website\"},\"primaryImageOfPage\":{\"@id\":\"https:\/\/portaltela.pt\/noticias\/2026\/03\/30\/espanha-fecha-espaco-aereo-a-voos-envolvidos-nos-ataques-ao-irao\/#primaryimage\"},\"image\":{\"@id\":\"https:\/\/portaltela.pt\/noticias\/2026\/03\/30\/espanha-fecha-espaco-aereo-a-voos-envolvidos-nos-ataques-ao-irao\/#primaryimage\"},\"thumbnailUrl\":\"https:\/\/portaltela.pt\/s.01k8rhncp4jt1\/2026\/03\/image-1783.jpg\",\"datePublished\":\"2026-03-30T09:16:51+00:00\",\"author\":{\"@id\":\"https:\/\/portaltela.pt\/#\/schema\/person\/c4278d4a6028830caff9ee44b42d32ed\"},\"breadcrumb\":{\"@id\":\"https:\/\/portaltela.pt\/noticias\/2026\/03\/30\/espanha-fecha-espaco-aereo-a-voos-envolvidos-nos-ataques-ao-irao\/#breadcrumb\"},\"inLanguage\":\"pt-PT\",\"potentialAction\":[{\"@type\":\"ReadAction\",\"target\":[\"https:\/\/portaltela.pt\/noticias\/2026\/03\/30\/espanha-fecha-espaco-aereo-a-voos-envolvidos-nos-ataques-ao-irao\/\"]}]},{\"@type\":\"ImageObject\",\"inLanguage\":\"pt-PT\",\"@id\":\"https:\/\/portaltela.pt\/noticias\/2026\/03\/30\/espanha-fecha-espaco-aereo-a-voos-envolvidos-nos-ataques-ao-irao\/#primaryimage\",\"url\":\"https:\/\/portaltela.pt\/s.01k8rhncp4jt1\/2026\/03\/image-1783.jpg\",\"contentUrl\":\"https:\/\/portaltela.pt\/s.01k8rhncp4jt1\/2026\/03\/image-1783.jpg\",\"width\":796,\"height\":448,\"caption\":\"A informa\u00e7\u00e3o foi confirmada por fontes do Governo espanhol\"},{\"@type\":\"BreadcrumbList\",\"@id\":\"https:\/\/portaltela.pt\/noticias\/2026\/03\/30\/espanha-fecha-espaco-aereo-a-voos-envolvidos-nos-ataques-ao-irao\/#breadcrumb\",\"itemListElement\":[{\"@type\":\"ListItem\",\"position\":1,\"name\":\"In\u00edcio\",\"item\":\"https:\/\/portaltela.pt\/\"},{\"@type\":\"ListItem\",\"position\":2,\"name\":\"Espanha fecha espa\u00e7o a\u00e9reo a voos envolvidos nos ataques ao Ir\u00e3o\"}]},{\"@type\":\"WebSite\",\"@id\":\"https:\/\/portaltela.pt\/#website\",\"url\":\"https:\/\/portaltela.pt\/\",\"name\":\"Portal Tela Portugal\",\"description\":\"\",\"potentialAction\":[{\"@type\":\"SearchAction\",\"target\":{\"@type\":\"EntryPoint\",\"urlTemplate\":\"https:\/\/portaltela.pt\/?s={search_term_string}\"},\"query-input\":{\"@type\":\"PropertyValueSpecification\",\"valueRequired\":true,\"valueName\":\"search_term_string\"}}],\"inLanguage\":\"pt-PT\"},{\"@type\":\"Person\",\"@id\":\"https:\/\/portaltela.pt\/#\/schema\/person\/c4278d4a6028830caff9ee44b42d32ed\",\"name\":\"Telinha\",\"image\":{\"@type\":\"ImageObject\",\"inLanguage\":\"pt-PT\",\"@id\":\"https:\/\/portaltela.pt\/s.01k8rhncp4jt1\/2025\/11\/talking-bot-125x125.png\",\"url\":\"https:\/\/portaltela.pt\/s.01k8rhncp4jt1\/2025\/11\/talking-bot-125x125.png\",\"contentUrl\":\"https:\/\/portaltela.pt\/s.01k8rhncp4jt1\/2025\/11\/talking-bot-125x125.png\",\"caption\":\"Telinha\"},\"sameAs\":[\"https:\/\/portaltela.pt\/\"],\"url\":\"https:\/\/portaltela.pt\/por\/367410592786\/\"}]}<\/script>\n<!-- \/ Yoast SEO plugin. -->","yoast_head_json":{"title":"Espanha fecha espa\u00e7o a\u00e9reo a voos envolvidos nos ataques ao Ir\u00e3o - Portal Tela Portugal","robots":{"index":"index","follow":"follow","max-snippet":"max-snippet:-1","max-image-preview":"max-image-preview:large","max-video-preview":"max-video-preview:-1"},"og_locale":"pt_PT","og_type":"article","og_title":"Espanha fecha espa\u00e7o a\u00e9reo a voos envolvidos nos ataques ao Ir\u00e3o - Portal Tela Portugal","og_description":"Espanha fechou o espa\u00e7o a\u00e9reo a todos os voos envolvidos nos ataques ao Ir\u00e3o. O Governo espanhol tamb\u00e9m recusou a utiliza\u00e7\u00e3o das bases de Rota (C\u00e0diz) e Mor\u00f3n de la Frontera (Sevilha) por avi\u00f5es norte\u2011americanos. A informa\u00e7\u00e3o foi inicialmente publicada pelo jornal El Pa\u00eds, citando fontes militares, e depois confirmada por fontes oficiais. O primeiro-ministro Pedro S\u00e1nchez afirmou que a decis\u00e3o foi tomada por motivos de soberania e para n\u00e3o participar em guerras ilegais. Segundo o El Pa\u00eds, houve negocia\u00e7\u00f5es intensas entre Madrid e Washington antes de os ataques, que decorreram na \u00faltima semana, terem sido lan\u00e7ados.","og_url":"https:\/\/portaltela.pt\/noticias\/2026\/03\/30\/espanha-fecha-espaco-aereo-a-voos-envolvidos-nos-ataques-ao-irao\/","og_site_name":"Portal Tela Portugal","article_published_time":"2026-03-30T09:16:51+00:00","author":"Telinha","twitter_card":"summary_large_image","twitter_misc":{"Escrito por":"Telinha","Tempo estimado de leitura":"1 minuto"},"schema":{"@context":"https:\/\/schema.org","@graph":[{"@type":"Article","@id":"https:\/\/portaltela.pt\/noticias\/2026\/03\/30\/espanha-fecha-espaco-aereo-a-voos-envolvidos-nos-ataques-ao-irao\/#article","isPartOf":{"@id":"https:\/\/portaltela.pt\/noticias\/2026\/03\/30\/espanha-fecha-espaco-aereo-a-voos-envolvidos-nos-ataques-ao-irao\/"},"author":{"name":"Telinha","@id":"https:\/\/portaltela.pt\/#\/schema\/person\/c4278d4a6028830caff9ee44b42d32ed"},"headline":"Espanha fecha espa\u00e7o a\u00e9reo a voos envolvidos nos ataques ao Ir\u00e3o","datePublished":"2026-03-30T09:16:51+00:00","mainEntityOfPage":{"@id":"https:\/\/portaltela.pt\/noticias\/2026\/03\/30\/espanha-fecha-espaco-aereo-a-voos-envolvidos-nos-ataques-ao-irao\/"},"wordCount":254,"image":{"@id":"https:\/\/portaltela.pt\/noticias\/2026\/03\/30\/espanha-fecha-espaco-aereo-a-voos-envolvidos-nos-ataques-ao-irao\/#primaryimage"},"thumbnailUrl":"https:\/\/portaltela.pt\/s.01k8rhncp4jt1\/2026\/03\/image-1783.jpg","keywords":["a aeron\u00e1utica","Espanha","Estados Unidos","interven\u00e7\u00e3o internacional","Ir\u00e3","rela\u00e7\u00f5es internacionais"],"articleSection":["Geopol\u00edtica","Not\u00edcias"],"inLanguage":"pt-PT"},{"@type":"WebPage","@id":"https:\/\/portaltela.pt\/noticias\/2026\/03\/30\/espanha-fecha-espaco-aereo-a-voos-envolvidos-nos-ataques-ao-irao\/","url":"https:\/\/portaltela.pt\/noticias\/2026\/03\/30\/espanha-fecha-espaco-aereo-a-voos-envolvidos-nos-ataques-ao-irao\/","name":"Espanha fecha espa\u00e7o a\u00e9reo a voos envolvidos nos ataques ao Ir\u00e3o - Portal Tela Portugal","isPartOf":{"@id":"https:\/\/portaltela.pt\/#website"},"primaryImageOfPage":{"@id":"https:\/\/portaltela.pt\/noticias\/2026\/03\/30\/espanha-fecha-espaco-aereo-a-voos-envolvidos-nos-ataques-ao-irao\/#primaryimage"},"image":{"@id":"https:\/\/portaltela.pt\/noticias\/2026\/03\/30\/espanha-fecha-espaco-aereo-a-voos-envolvidos-nos-ataques-ao-irao\/#primaryimage"},"thumbnailUrl":"https:\/\/portaltela.pt\/s.01k8rhncp4jt1\/2026\/03\/image-1783.jpg","datePublished":"2026-03-30T09:16:51+00:00","author":{"@id":"https:\/\/portaltela.pt\/#\/schema\/person\/c4278d4a6028830caff9ee44b42d32ed"},"breadcrumb":{"@id":"https:\/\/portaltela.pt\/noticias\/2026\/03\/30\/espanha-fecha-espaco-aereo-a-voos-envolvidos-nos-ataques-ao-irao\/#breadcrumb"},"inLanguage":"pt-PT","potentialAction":[{"@type":"ReadAction","target":["https:\/\/portaltela.pt\/noticias\/2026\/03\/30\/espanha-fecha-espaco-aereo-a-voos-envolvidos-nos-ataques-ao-irao\/"]}]},{"@type":"ImageObject","inLanguage":"pt-PT","@id":"https:\/\/portaltela.pt\/noticias\/2026\/03\/30\/espanha-fecha-espaco-aereo-a-voos-envolvidos-nos-ataques-ao-irao\/#primaryimage","url":"https:\/\/portaltela.pt\/s.01k8rhncp4jt1\/2026\/03\/image-1783.jpg","contentUrl":"https:\/\/portaltela.pt\/s.01k8rhncp4jt1\/2026\/03\/image-1783.jpg","width":796,"height":448,"caption":"A informa\u00e7\u00e3o foi confirmada por fontes do Governo espanhol"},{"@type":"BreadcrumbList","@id":"https:\/\/portaltela.pt\/noticias\/2026\/03\/30\/espanha-fecha-espaco-aereo-a-voos-envolvidos-nos-ataques-ao-irao\/#breadcrumb","itemListElement":[{"@type":"ListItem","position":1,"name":"In\u00edcio","item":"https:\/\/portaltela.pt\/"},{"@type":"ListItem","position":2,"name":"Espanha fecha espa\u00e7o a\u00e9reo a voos envolvidos nos ataques ao Ir\u00e3o"}]},{"@type":"WebSite","@id":"https:\/\/portaltela.pt\/#website","url":"https:\/\/portaltela.pt\/","name":"Portal Tela Portugal","description":"","potentialAction":[{"@type":"SearchAction","target":{"@type":"EntryPoint","urlTemplate":"https:\/\/portaltela.pt\/?s={search_term_string}"},"query-input":{"@type":"PropertyValueSpecification","valueRequired":true,"valueName":"search_term_string"}}],"inLanguage":"pt-PT"},{"@type":"Person","@id":"https:\/\/portaltela.pt\/#\/schema\/person\/c4278d4a6028830caff9ee44b42d32ed","name":"Telinha","image":{"@type":"ImageObject","inLanguage":"pt-PT","@id":"https:\/\/portaltela.pt\/s.01k8rhncp4jt1\/2025\/11\/talking-bot-125x125.png","url":"https:\/\/portaltela.pt\/s.01k8rhncp4jt1\/2025\/11\/talking-bot-125x125.png","contentUrl":"https:\/\/portaltela.pt\/s.01k8rhncp4jt1\/2025\/11\/talking-bot-125x125.png","caption":"Telinha"},"sameAs":["https:\/\/portaltela.pt\/"],"url":"https:\/\/portaltela.pt\/por\/367410592786\/"}]}},"_links":{"self":[{"href":"https:\/\/portaltela.pt\/api\/wp\/v2\/posts\/426650","targetHints":{"allow":["GET"]}}],"collection":[{"href":"https:\/\/portaltela.pt\/api\/wp\/v2\/posts"}],"about":[{"href":"https:\/\/portaltela.pt\/api\/wp\/v2\/types\/post"}],"author":[{"embeddable":true,"href":"https:\/\/portaltela.pt\/api\/wp\/v2\/users\/2"}],"replies":[{"embeddable":true,"href":"https:\/\/portaltela.pt\/api\/wp\/v2\/comments?post=426650"}],"version-history":[{"count":0,"href":"https:\/\/portaltela.pt\/api\/wp\/v2\/posts\/426650\/revisions"}],"wp:featuredmedia":[{"embeddable":true,"href":"https:\/\/portaltela.pt\/api\/wp\/v2\/media\/426658"}],"wp:attachment":[{"href":"https:\/\/portaltela.pt\/api\/wp\/v2\/media?parent=426650"}],"wp:term":[{"taxonomy":"category","embeddable":true,"href":"https:\/\/portaltela.pt\/api\/wp\/v2\/categories?post=426650"},{"taxonomy":"post_tag","embeddable":true,"href":"https:\/\/portaltela.pt\/api\/wp\/v2\/tags?post=426650"}],"curies":[{"name":"wp","href":"https:\/\/api.w.org\/{rel}","templated":true}]}}