{"id":426645,"date":"2026-03-30T06:03:35","date_gmt":"2026-03-30T09:03:35","guid":{"rendered":"https:\/\/portaltela.pt\/noticias\/2026\/03\/30\/quais-falhas-persistem-que-levam-a-morte-de-mulheres\/"},"modified":"2026-03-30T06:03:35","modified_gmt":"2026-03-30T09:03:35","slug":"quais-falhas-persistem-que-levam-a-morte-de-mulheres","status":"publish","type":"post","link":"https:\/\/portaltela.pt\/noticias\/2026\/03\/30\/quais-falhas-persistem-que-levam-a-morte-de-mulheres\/","title":{"rendered":"Quais falhas persistem que levam \u00e0 morte de mulheres"},"content":{"rendered":"<p>Nos \u00faltimos anos, o termo femic\u00eddio ganhou visibilidade no debate p\u00fablico sobre viol\u00eancia contra mulheres. A discuss\u00e3o jur\u00eddica centrou-se na possibilidade de autonomizar o crime no direito penal portugu\u00eas.<\/p>\n<p>O conceito descreve a morte de uma mulher por raz\u00f5es associadas ao g\u00e9nero. Muitas vezes ocorre no \u00e2mbito da viol\u00eancia dom\u00e9stica ou de rela\u00e7\u00f5es marcais por controlo ou domina\u00e7\u00e3o.<\/p>\n<p>Paralelamente, o ordenamento penal j\u00e1 prev\u00ea homic\u00eddio qualificado e viol\u00eancia dom\u00e9stica, que podem enquadrar facs semelhantes. A d\u00favida persiste: \u00e9 preciso criar um crime aut\u00f3nomo?<\/p>\n<h3>Contexto jur\u00eddico e n\u00fameros<\/h3>\n<p>Alguns juristas questionam a utilidade de uma nova incrimina\u00e7\u00e3o, dado que existem figuras penais que j\u00e1 punem os factos com agrava\u00e7\u00f5es. Avalia-se se a autonomiza\u00e7\u00e3o acrescenta prote\u00e7\u00e3o efetiva.<\/p>\n<p>H\u00e1 quem sustente, no entanto, que a cria\u00e7\u00e3o de um tipo pr\u00f3prio tem valor simb\u00f3lico e permite evidenciar padr\u00f5es de viol\u00eancia e desigualdade de g\u00e9nero.<\/p>\n<p>A experi\u00eancia comparada mostra caminhos diversos. Em alguns pa\u00edses da Am\u00e9rica Latina surgiram tipos penais espec\u00edficos; na Europa h\u00e1 movimentos mais contidos, com dificuldades de prova da motiva\u00e7\u00e3o de g\u00e9nero.<\/p>\n<h3>Dados em Portugal e pr\u00f3ximos passos<\/h3>\n<p>Em 2024 houve mais de 30 mil queixas por viol\u00eancia dom\u00e9stica e 22 mortes nesse contexto, a maioria mulheres. Em 2025, o n\u00famero de v\u00edtimas chegou a 25, incluindo 21 mulheres, 2 crian\u00e7as e 2 homens.<\/p>\n<p>A partir destes n\u00fameros, a reflex\u00e3o n\u00e3o \u00e9 apenas sobre a exist\u00eancia de um novo crime, mas sobre a efic\u00e1cia das respostas atuais do sistema de prote\u00e7\u00e3o. A rapidez da atua\u00e7\u00e3o e a articula\u00e7\u00e3o entre pol\u00edcia, tribunais e servi\u00e7os sociais s\u00e3o centrais.<\/p>\n<p>A viol\u00eancia de g\u00e9nero exige n\u00e3o s\u00f3 mudan\u00e7as legais, mas transforma\u00e7\u00e3o cultural profunda. A discuss\u00e3o permanece aberta entre nomear a viol\u00eancia e agir com efic\u00e1cia, sem perder o foco na prote\u00e7\u00e3o \u00e0s v\u00edtimas.<\/p>\n<p>A perspetiva \u00e9 que o essencial pode residir mais na melhoria pr\u00e1tica das respostas existentes do que na cria\u00e7\u00e3o de novas categorias jur\u00eddicas.<\/p>\n","protected":false},"excerpt":{"rendered":"<ul>\n<li>O femic\u00eddio \u00e9 a morte de uma mulher por motivos relacionados com o seu g\u00e9nero, frequentemente ligada \u00e0 viol\u00eancia dom\u00e9stica.<\/li>\n<li>Em Portugal, em 2024 houve mais de trinta mil queixas por viol\u00eancia dom\u00e9stica e vinte e duas mortes nesse contexto; em 2025 houve vinte e cinco v\u00edtimas (21 mulheres, 2 crian\u00e7as e 2 homens).<\/li>\n<li>O debate jur\u00eddico questiona se criar um crime aut\u00f3nomo de femic\u00eddio \u00e9 necess\u00e1rio ou redundante face ao homic\u00eddio qualificado e \u00e0 viol\u00eancia dom\u00e9stica j\u00e1 punidos.<\/li>\n<li>A experi\u00eancia internacional mostra caminhos diferentes, com alguns pa\u00edses a adoptarem crimes espec\u00edficos, embora haja dificuldades em provar a motiva\u00e7\u00e3o de g\u00e9nero; na Europa o movimento \u00e9 mais t\u00edmido.<\/li>\n<li>Al\u00e9m da lei, a efic\u00e1cia depende da prote\u00e7\u00e3o \u00e0s v\u00edtimas, da rapidez das respostas institucionais e da coordena\u00e7\u00e3o entre pol\u00edcia, tribunais e servi\u00e7os sociais, bem como de uma transforma\u00e7\u00e3o cultural mais ampla.<\/li>\n<\/ul>\n","protected":false},"author":2,"featured_media":426646,"comment_status":"closed","ping_status":"closed","sticky":false,"template":"","format":"standard","meta":{"footnotes":""},"categories":[6815,1],"tags":[5656,6484,6719,1165,214],"class_list":["post-426645","post","type-post","status-publish","format-standard","has-post-thumbnail","hentry","category-justica","category-noticias","tag-criminalidade","tag-direito-penal","tag-femicidio","tag-violencia-de-genero","tag-violencia-domestica"],"yoast_head":"<!-- This site is optimized with the Yoast SEO plugin v27.2 - https:\/\/yoast.com\/product\/yoast-seo-wordpress\/ -->\n<title>Quais falhas persistem que levam \u00e0 morte de mulheres - Portal Tela Portugal<\/title>\n<meta name=\"robots\" content=\"index, follow, max-snippet:-1, max-image-preview:large, max-video-preview:-1\" \/>\n<meta property=\"og:locale\" content=\"pt_PT\" \/>\n<meta property=\"og:type\" content=\"article\" \/>\n<meta property=\"og:title\" content=\"Quais falhas persistem que levam \u00e0 morte de mulheres - Portal Tela Portugal\" \/>\n<meta property=\"og:description\" content=\"O femic\u00eddio \u00e9 a morte de uma mulher por motivos relacionados com o seu g\u00e9nero, frequentemente ligada \u00e0 viol\u00eancia dom\u00e9stica. Em Portugal, em 2024 houve mais de trinta mil queixas por viol\u00eancia dom\u00e9stica e vinte e duas mortes nesse contexto; em 2025 houve vinte e cinco v\u00edtimas (21 mulheres, 2 crian\u00e7as e 2 homens). O debate jur\u00eddico questiona se criar um crime aut\u00f3nomo de femic\u00eddio \u00e9 necess\u00e1rio ou redundante face ao homic\u00eddio qualificado e \u00e0 viol\u00eancia dom\u00e9stica j\u00e1 punidos. A experi\u00eancia internacional mostra caminhos diferentes, com alguns pa\u00edses a adoptarem crimes espec\u00edficos, embora haja dificuldades em provar a motiva\u00e7\u00e3o de g\u00e9nero; na Europa o movimento \u00e9 mais t\u00edmido. Al\u00e9m da lei, a efic\u00e1cia depende da prote\u00e7\u00e3o \u00e0s v\u00edtimas, da rapidez das respostas institucionais e da coordena\u00e7\u00e3o entre pol\u00edcia, tribunais e servi\u00e7os sociais, bem como de uma transforma\u00e7\u00e3o cultural mais ampla.\" \/>\n<meta property=\"og:url\" content=\"https:\/\/portaltela.pt\/noticias\/2026\/03\/30\/quais-falhas-persistem-que-levam-a-morte-de-mulheres\/\" \/>\n<meta property=\"og:site_name\" content=\"Portal Tela Portugal\" \/>\n<meta property=\"article:published_time\" content=\"2026-03-30T09:03:35+00:00\" \/>\n<meta name=\"author\" content=\"Telinha\" \/>\n<meta name=\"twitter:card\" content=\"summary_large_image\" \/>\n<meta name=\"twitter:label1\" content=\"Escrito por\" \/>\n\t<meta name=\"twitter:data1\" content=\"Telinha\" \/>\n\t<meta name=\"twitter:label2\" content=\"Tempo estimado de leitura\" \/>\n\t<meta name=\"twitter:data2\" content=\"2 minutos\" \/>\n<script type=\"application\/ld+json\" class=\"yoast-schema-graph\">{\"@context\":\"https:\/\/schema.org\",\"@graph\":[{\"@type\":\"Article\",\"@id\":\"https:\/\/portaltela.pt\/noticias\/2026\/03\/30\/quais-falhas-persistem-que-levam-a-morte-de-mulheres\/#article\",\"isPartOf\":{\"@id\":\"https:\/\/portaltela.pt\/noticias\/2026\/03\/30\/quais-falhas-persistem-que-levam-a-morte-de-mulheres\/\"},\"author\":{\"name\":\"Telinha\",\"@id\":\"https:\/\/portaltela.pt\/#\/schema\/person\/c4278d4a6028830caff9ee44b42d32ed\"},\"headline\":\"Quais falhas persistem que levam \u00e0 morte de mulheres\",\"datePublished\":\"2026-03-30T09:03:35+00:00\",\"mainEntityOfPage\":{\"@id\":\"https:\/\/portaltela.pt\/noticias\/2026\/03\/30\/quais-falhas-persistem-que-levam-a-morte-de-mulheres\/\"},\"wordCount\":372,\"image\":{\"@id\":\"https:\/\/portaltela.pt\/noticias\/2026\/03\/30\/quais-falhas-persistem-que-levam-a-morte-de-mulheres\/#primaryimage\"},\"thumbnailUrl\":\"https:\/\/portaltela.pt\/s.01k8rhncp4jt1\/2026\/03\/02525418-6036-4332-89ab-52c1060e8b52_1200x675.jpg\",\"keywords\":[\"criminalidade\",\"Direito Penal\",\"femic\u00eddio\",\"viol\u00eancia de g\u00e9nero\",\"viol\u00eancia dom\u00e9stica\"],\"articleSection\":[\"Justi\u00e7a\",\"Not\u00edcias\"],\"inLanguage\":\"pt-PT\"},{\"@type\":\"WebPage\",\"@id\":\"https:\/\/portaltela.pt\/noticias\/2026\/03\/30\/quais-falhas-persistem-que-levam-a-morte-de-mulheres\/\",\"url\":\"https:\/\/portaltela.pt\/noticias\/2026\/03\/30\/quais-falhas-persistem-que-levam-a-morte-de-mulheres\/\",\"name\":\"Quais falhas persistem que levam \u00e0 morte de mulheres - Portal Tela Portugal\",\"isPartOf\":{\"@id\":\"https:\/\/portaltela.pt\/#website\"},\"primaryImageOfPage\":{\"@id\":\"https:\/\/portaltela.pt\/noticias\/2026\/03\/30\/quais-falhas-persistem-que-levam-a-morte-de-mulheres\/#primaryimage\"},\"image\":{\"@id\":\"https:\/\/portaltela.pt\/noticias\/2026\/03\/30\/quais-falhas-persistem-que-levam-a-morte-de-mulheres\/#primaryimage\"},\"thumbnailUrl\":\"https:\/\/portaltela.pt\/s.01k8rhncp4jt1\/2026\/03\/02525418-6036-4332-89ab-52c1060e8b52_1200x675.jpg\",\"datePublished\":\"2026-03-30T09:03:35+00:00\",\"author\":{\"@id\":\"https:\/\/portaltela.pt\/#\/schema\/person\/c4278d4a6028830caff9ee44b42d32ed\"},\"breadcrumb\":{\"@id\":\"https:\/\/portaltela.pt\/noticias\/2026\/03\/30\/quais-falhas-persistem-que-levam-a-morte-de-mulheres\/#breadcrumb\"},\"inLanguage\":\"pt-PT\",\"potentialAction\":[{\"@type\":\"ReadAction\",\"target\":[\"https:\/\/portaltela.pt\/noticias\/2026\/03\/30\/quais-falhas-persistem-que-levam-a-morte-de-mulheres\/\"]}]},{\"@type\":\"ImageObject\",\"inLanguage\":\"pt-PT\",\"@id\":\"https:\/\/portaltela.pt\/noticias\/2026\/03\/30\/quais-falhas-persistem-que-levam-a-morte-de-mulheres\/#primaryimage\",\"url\":\"https:\/\/portaltela.pt\/s.01k8rhncp4jt1\/2026\/03\/02525418-6036-4332-89ab-52c1060e8b52_1200x675.jpg\",\"contentUrl\":\"https:\/\/portaltela.pt\/s.01k8rhncp4jt1\/2026\/03\/02525418-6036-4332-89ab-52c1060e8b52_1200x675.jpg\",\"width\":796,\"height\":448,\"caption\":\"Photo\"},{\"@type\":\"BreadcrumbList\",\"@id\":\"https:\/\/portaltela.pt\/noticias\/2026\/03\/30\/quais-falhas-persistem-que-levam-a-morte-de-mulheres\/#breadcrumb\",\"itemListElement\":[{\"@type\":\"ListItem\",\"position\":1,\"name\":\"In\u00edcio\",\"item\":\"https:\/\/portaltela.pt\/\"},{\"@type\":\"ListItem\",\"position\":2,\"name\":\"Quais falhas persistem que levam \u00e0 morte de mulheres\"}]},{\"@type\":\"WebSite\",\"@id\":\"https:\/\/portaltela.pt\/#website\",\"url\":\"https:\/\/portaltela.pt\/\",\"name\":\"Portal Tela Portugal\",\"description\":\"\",\"potentialAction\":[{\"@type\":\"SearchAction\",\"target\":{\"@type\":\"EntryPoint\",\"urlTemplate\":\"https:\/\/portaltela.pt\/?s={search_term_string}\"},\"query-input\":{\"@type\":\"PropertyValueSpecification\",\"valueRequired\":true,\"valueName\":\"search_term_string\"}}],\"inLanguage\":\"pt-PT\"},{\"@type\":\"Person\",\"@id\":\"https:\/\/portaltela.pt\/#\/schema\/person\/c4278d4a6028830caff9ee44b42d32ed\",\"name\":\"Telinha\",\"image\":{\"@type\":\"ImageObject\",\"inLanguage\":\"pt-PT\",\"@id\":\"https:\/\/portaltela.pt\/s.01k8rhncp4jt1\/2025\/11\/talking-bot-125x125.png\",\"url\":\"https:\/\/portaltela.pt\/s.01k8rhncp4jt1\/2025\/11\/talking-bot-125x125.png\",\"contentUrl\":\"https:\/\/portaltela.pt\/s.01k8rhncp4jt1\/2025\/11\/talking-bot-125x125.png\",\"caption\":\"Telinha\"},\"sameAs\":[\"https:\/\/portaltela.pt\/\"],\"url\":\"https:\/\/portaltela.pt\/por\/367410592786\/\"}]}<\/script>\n<!-- \/ Yoast SEO plugin. -->","yoast_head_json":{"title":"Quais falhas persistem que levam \u00e0 morte de mulheres - Portal Tela Portugal","robots":{"index":"index","follow":"follow","max-snippet":"max-snippet:-1","max-image-preview":"max-image-preview:large","max-video-preview":"max-video-preview:-1"},"og_locale":"pt_PT","og_type":"article","og_title":"Quais falhas persistem que levam \u00e0 morte de mulheres - Portal Tela Portugal","og_description":"O femic\u00eddio \u00e9 a morte de uma mulher por motivos relacionados com o seu g\u00e9nero, frequentemente ligada \u00e0 viol\u00eancia dom\u00e9stica. Em Portugal, em 2024 houve mais de trinta mil queixas por viol\u00eancia dom\u00e9stica e vinte e duas mortes nesse contexto; em 2025 houve vinte e cinco v\u00edtimas (21 mulheres, 2 crian\u00e7as e 2 homens). O debate jur\u00eddico questiona se criar um crime aut\u00f3nomo de femic\u00eddio \u00e9 necess\u00e1rio ou redundante face ao homic\u00eddio qualificado e \u00e0 viol\u00eancia dom\u00e9stica j\u00e1 punidos. A experi\u00eancia internacional mostra caminhos diferentes, com alguns pa\u00edses a adoptarem crimes espec\u00edficos, embora haja dificuldades em provar a motiva\u00e7\u00e3o de g\u00e9nero; na Europa o movimento \u00e9 mais t\u00edmido. Al\u00e9m da lei, a efic\u00e1cia depende da prote\u00e7\u00e3o \u00e0s v\u00edtimas, da rapidez das respostas institucionais e da coordena\u00e7\u00e3o entre pol\u00edcia, tribunais e servi\u00e7os sociais, bem como de uma transforma\u00e7\u00e3o cultural mais ampla.","og_url":"https:\/\/portaltela.pt\/noticias\/2026\/03\/30\/quais-falhas-persistem-que-levam-a-morte-de-mulheres\/","og_site_name":"Portal Tela Portugal","article_published_time":"2026-03-30T09:03:35+00:00","author":"Telinha","twitter_card":"summary_large_image","twitter_misc":{"Escrito por":"Telinha","Tempo estimado de leitura":"2 minutos"},"schema":{"@context":"https:\/\/schema.org","@graph":[{"@type":"Article","@id":"https:\/\/portaltela.pt\/noticias\/2026\/03\/30\/quais-falhas-persistem-que-levam-a-morte-de-mulheres\/#article","isPartOf":{"@id":"https:\/\/portaltela.pt\/noticias\/2026\/03\/30\/quais-falhas-persistem-que-levam-a-morte-de-mulheres\/"},"author":{"name":"Telinha","@id":"https:\/\/portaltela.pt\/#\/schema\/person\/c4278d4a6028830caff9ee44b42d32ed"},"headline":"Quais falhas persistem que levam \u00e0 morte de mulheres","datePublished":"2026-03-30T09:03:35+00:00","mainEntityOfPage":{"@id":"https:\/\/portaltela.pt\/noticias\/2026\/03\/30\/quais-falhas-persistem-que-levam-a-morte-de-mulheres\/"},"wordCount":372,"image":{"@id":"https:\/\/portaltela.pt\/noticias\/2026\/03\/30\/quais-falhas-persistem-que-levam-a-morte-de-mulheres\/#primaryimage"},"thumbnailUrl":"https:\/\/portaltela.pt\/s.01k8rhncp4jt1\/2026\/03\/02525418-6036-4332-89ab-52c1060e8b52_1200x675.jpg","keywords":["criminalidade","Direito Penal","femic\u00eddio","viol\u00eancia de g\u00e9nero","viol\u00eancia dom\u00e9stica"],"articleSection":["Justi\u00e7a","Not\u00edcias"],"inLanguage":"pt-PT"},{"@type":"WebPage","@id":"https:\/\/portaltela.pt\/noticias\/2026\/03\/30\/quais-falhas-persistem-que-levam-a-morte-de-mulheres\/","url":"https:\/\/portaltela.pt\/noticias\/2026\/03\/30\/quais-falhas-persistem-que-levam-a-morte-de-mulheres\/","name":"Quais falhas persistem que levam \u00e0 morte de mulheres - Portal Tela Portugal","isPartOf":{"@id":"https:\/\/portaltela.pt\/#website"},"primaryImageOfPage":{"@id":"https:\/\/portaltela.pt\/noticias\/2026\/03\/30\/quais-falhas-persistem-que-levam-a-morte-de-mulheres\/#primaryimage"},"image":{"@id":"https:\/\/portaltela.pt\/noticias\/2026\/03\/30\/quais-falhas-persistem-que-levam-a-morte-de-mulheres\/#primaryimage"},"thumbnailUrl":"https:\/\/portaltela.pt\/s.01k8rhncp4jt1\/2026\/03\/02525418-6036-4332-89ab-52c1060e8b52_1200x675.jpg","datePublished":"2026-03-30T09:03:35+00:00","author":{"@id":"https:\/\/portaltela.pt\/#\/schema\/person\/c4278d4a6028830caff9ee44b42d32ed"},"breadcrumb":{"@id":"https:\/\/portaltela.pt\/noticias\/2026\/03\/30\/quais-falhas-persistem-que-levam-a-morte-de-mulheres\/#breadcrumb"},"inLanguage":"pt-PT","potentialAction":[{"@type":"ReadAction","target":["https:\/\/portaltela.pt\/noticias\/2026\/03\/30\/quais-falhas-persistem-que-levam-a-morte-de-mulheres\/"]}]},{"@type":"ImageObject","inLanguage":"pt-PT","@id":"https:\/\/portaltela.pt\/noticias\/2026\/03\/30\/quais-falhas-persistem-que-levam-a-morte-de-mulheres\/#primaryimage","url":"https:\/\/portaltela.pt\/s.01k8rhncp4jt1\/2026\/03\/02525418-6036-4332-89ab-52c1060e8b52_1200x675.jpg","contentUrl":"https:\/\/portaltela.pt\/s.01k8rhncp4jt1\/2026\/03\/02525418-6036-4332-89ab-52c1060e8b52_1200x675.jpg","width":796,"height":448,"caption":"Photo"},{"@type":"BreadcrumbList","@id":"https:\/\/portaltela.pt\/noticias\/2026\/03\/30\/quais-falhas-persistem-que-levam-a-morte-de-mulheres\/#breadcrumb","itemListElement":[{"@type":"ListItem","position":1,"name":"In\u00edcio","item":"https:\/\/portaltela.pt\/"},{"@type":"ListItem","position":2,"name":"Quais falhas persistem que levam \u00e0 morte de mulheres"}]},{"@type":"WebSite","@id":"https:\/\/portaltela.pt\/#website","url":"https:\/\/portaltela.pt\/","name":"Portal Tela Portugal","description":"","potentialAction":[{"@type":"SearchAction","target":{"@type":"EntryPoint","urlTemplate":"https:\/\/portaltela.pt\/?s={search_term_string}"},"query-input":{"@type":"PropertyValueSpecification","valueRequired":true,"valueName":"search_term_string"}}],"inLanguage":"pt-PT"},{"@type":"Person","@id":"https:\/\/portaltela.pt\/#\/schema\/person\/c4278d4a6028830caff9ee44b42d32ed","name":"Telinha","image":{"@type":"ImageObject","inLanguage":"pt-PT","@id":"https:\/\/portaltela.pt\/s.01k8rhncp4jt1\/2025\/11\/talking-bot-125x125.png","url":"https:\/\/portaltela.pt\/s.01k8rhncp4jt1\/2025\/11\/talking-bot-125x125.png","contentUrl":"https:\/\/portaltela.pt\/s.01k8rhncp4jt1\/2025\/11\/talking-bot-125x125.png","caption":"Telinha"},"sameAs":["https:\/\/portaltela.pt\/"],"url":"https:\/\/portaltela.pt\/por\/367410592786\/"}]}},"_links":{"self":[{"href":"https:\/\/portaltela.pt\/api\/wp\/v2\/posts\/426645","targetHints":{"allow":["GET"]}}],"collection":[{"href":"https:\/\/portaltela.pt\/api\/wp\/v2\/posts"}],"about":[{"href":"https:\/\/portaltela.pt\/api\/wp\/v2\/types\/post"}],"author":[{"embeddable":true,"href":"https:\/\/portaltela.pt\/api\/wp\/v2\/users\/2"}],"replies":[{"embeddable":true,"href":"https:\/\/portaltela.pt\/api\/wp\/v2\/comments?post=426645"}],"version-history":[{"count":0,"href":"https:\/\/portaltela.pt\/api\/wp\/v2\/posts\/426645\/revisions"}],"wp:featuredmedia":[{"embeddable":true,"href":"https:\/\/portaltela.pt\/api\/wp\/v2\/media\/426646"}],"wp:attachment":[{"href":"https:\/\/portaltela.pt\/api\/wp\/v2\/media?parent=426645"}],"wp:term":[{"taxonomy":"category","embeddable":true,"href":"https:\/\/portaltela.pt\/api\/wp\/v2\/categories?post=426645"},{"taxonomy":"post_tag","embeddable":true,"href":"https:\/\/portaltela.pt\/api\/wp\/v2\/tags?post=426645"}],"curies":[{"name":"wp","href":"https:\/\/api.w.org\/{rel}","templated":true}]}}