{"id":426622,"date":"2026-03-30T05:32:20","date_gmt":"2026-03-30T08:32:20","guid":{"rendered":"https:\/\/portaltela.pt\/noticias\/2026\/03\/30\/advogado-condenado-por-associar-colega-a-prostituicao\/"},"modified":"2026-03-30T05:32:20","modified_gmt":"2026-03-30T08:32:20","slug":"advogado-condenado-por-associar-colega-a-prostituicao","status":"publish","type":"post","link":"https:\/\/portaltela.pt\/noticias\/2026\/03\/30\/advogado-condenado-por-associar-colega-a-prostituicao\/","title":{"rendered":"Advogado condenado por associar colega a prostitui\u00e7\u00e3o"},"content":{"rendered":"<p>Um advogado foi condenado por dois crimes de inj\u00faria agravada depois de, durante duas dilig\u00eancias judiciais, dirigir-se a uma colega com uma express\u00e3o que associava o exerc\u00edcio da advocacia a um local de Santa Maria da Feira ligado \u00e0 prostitui\u00e7\u00e3o. A decis\u00e3o foi tomada sem a divulga\u00e7\u00e3o de datas espec\u00edficas no texto original.<\/p>\n<p>A senten\u00e7a, proferida por um ju\u00edzo local criminal da Comarca de Aveiro e confirmada pelo Tribunal da Rela\u00e7\u00e3o do Porto, imp\u00f5e ao arguido uma pena \u00fanica de 200 dias de multa, \u00e0 taxa de 15 euros por dia, totalizando 3000 euros. O tribunal decidiu ainda parcialmente procedente o pedido de indemniza\u00e7\u00e3o civil apresentado pela advogada que assistiu no processo, fixando-a em 1500 euros por danos n\u00e3o patrimoniais.<\/p>\n<h3>Decis\u00e3o e montantes<\/h3>\n<p>A condena\u00e7\u00e3o visou duas dilig\u00eancias judiciais em que o arguido teria proferido a express\u00e3o mencionada. A senten\u00e7a mant\u00e9m, assim, a qualifica\u00e7\u00e3o de inj\u00faria agravada e refor\u00e7a o peso do impacto institucional de coment\u00e1rios que associem a atividade profissional a estigmas de natureza sexual. A indemniza\u00e7\u00e3o civil tem natureza n\u00e3o patrimonial e foi atribu\u00edda \u00e0 advogada que participou como assistente no processo.<\/p>\n","protected":false},"excerpt":{"rendered":"<ul>\n<li>Um advogado foi condenado por dois crimes de inj\u00faria agravada ap\u00f3s, em dilig\u00eancias judiciais, ter dito a uma colega: \u201cIsto n\u00e3o \u00e9 a mata de Pigeiros\u201d, associando o local a prostitui\u00e7\u00e3o em Santa Maria da Feira.<\/li>\n<li>A senten\u00e7a, proferida por um ju\u00edzo local criminal da Comarca de Aveiro, foi confirmada pelo Tribunal da Rela\u00e7\u00e3o do Porto.<\/li>\n<li>O arguido recebeu uma pena \u00fanica de duzentos dias de multa, \u00e0 taxa di\u00e1ria de quinze euros, totalizando tr\u00eas mil euros.<\/li>\n<li>A advogada assistente no processo teve o indemniza\u00e7\u00e3o civil parcialmente atribu\u00edda, fixada em mil e quinhentos euros por danos n\u00e3o patrimoniais.<\/li>\n<li>O caso envolve a rela\u00e7\u00e3o entre a atividade da advogacia e um local associado \u00e0 prostitui\u00e7\u00e3o na regi\u00e3o de Santa Maria da Feira.<\/li>\n<\/ul>\n","protected":false},"author":2,"featured_media":426625,"comment_status":"closed","ping_status":"closed","sticky":false,"template":"","format":"standard","meta":{"footnotes":""},"categories":[6815,1],"tags":[6618,1059,147,2745,847,1308],"class_list":["post-426622","post","type-post","status-publish","format-standard","has-post-thumbnail","hentry","category-justica","category-noticias","tag-advogados","tag-aveiro","tag-crime","tag-indenizacoes","tag-injuria-agravada","tag-santa-maria-da-feira"],"yoast_head":"<!-- This site is optimized with the Yoast SEO plugin v27.2 - https:\/\/yoast.com\/product\/yoast-seo-wordpress\/ -->\n<title>Advogado condenado por associar colega a prostitui\u00e7\u00e3o - Portal Tela Portugal<\/title>\n<meta name=\"robots\" content=\"index, follow, max-snippet:-1, max-image-preview:large, max-video-preview:-1\" \/>\n<meta property=\"og:locale\" content=\"pt_PT\" \/>\n<meta property=\"og:type\" content=\"article\" \/>\n<meta property=\"og:title\" content=\"Advogado condenado por associar colega a prostitui\u00e7\u00e3o - Portal Tela Portugal\" \/>\n<meta property=\"og:description\" content=\"Um advogado foi condenado por dois crimes de inj\u00faria agravada ap\u00f3s, em dilig\u00eancias judiciais, ter dito a uma colega: \u201cIsto n\u00e3o \u00e9 a mata de Pigeiros\u201d, associando o local a prostitui\u00e7\u00e3o em Santa Maria da Feira. A senten\u00e7a, proferida por um ju\u00edzo local criminal da Comarca de Aveiro, foi confirmada pelo Tribunal da Rela\u00e7\u00e3o do Porto. O arguido recebeu uma pena \u00fanica de duzentos dias de multa, \u00e0 taxa di\u00e1ria de quinze euros, totalizando tr\u00eas mil euros. A advogada assistente no processo teve o indemniza\u00e7\u00e3o civil parcialmente atribu\u00edda, fixada em mil e quinhentos euros por danos n\u00e3o patrimoniais. O caso envolve a rela\u00e7\u00e3o entre a atividade da advogacia e um local associado \u00e0 prostitui\u00e7\u00e3o na regi\u00e3o de Santa Maria da Feira.\" \/>\n<meta property=\"og:url\" content=\"https:\/\/portaltela.pt\/noticias\/2026\/03\/30\/advogado-condenado-por-associar-colega-a-prostituicao\/\" \/>\n<meta property=\"og:site_name\" content=\"Portal Tela Portugal\" \/>\n<meta property=\"article:published_time\" content=\"2026-03-30T08:32:20+00:00\" \/>\n<meta name=\"author\" content=\"Telinha\" \/>\n<meta name=\"twitter:card\" content=\"summary_large_image\" \/>\n<meta name=\"twitter:label1\" content=\"Escrito por\" \/>\n\t<meta name=\"twitter:data1\" content=\"Telinha\" \/>\n\t<meta name=\"twitter:label2\" content=\"Tempo estimado de leitura\" \/>\n\t<meta name=\"twitter:data2\" content=\"1 minuto\" \/>\n<script type=\"application\/ld+json\" class=\"yoast-schema-graph\">{\"@context\":\"https:\/\/schema.org\",\"@graph\":[{\"@type\":\"Article\",\"@id\":\"https:\/\/portaltela.pt\/noticias\/2026\/03\/30\/advogado-condenado-por-associar-colega-a-prostituicao\/#article\",\"isPartOf\":{\"@id\":\"https:\/\/portaltela.pt\/noticias\/2026\/03\/30\/advogado-condenado-por-associar-colega-a-prostituicao\/\"},\"author\":{\"name\":\"Telinha\",\"@id\":\"https:\/\/portaltela.pt\/#\/schema\/person\/c4278d4a6028830caff9ee44b42d32ed\"},\"headline\":\"Advogado condenado por associar colega a prostitui\u00e7\u00e3o\",\"datePublished\":\"2026-03-30T08:32:20+00:00\",\"mainEntityOfPage\":{\"@id\":\"https:\/\/portaltela.pt\/noticias\/2026\/03\/30\/advogado-condenado-por-associar-colega-a-prostituicao\/\"},\"wordCount\":212,\"image\":{\"@id\":\"https:\/\/portaltela.pt\/noticias\/2026\/03\/30\/advogado-condenado-por-associar-colega-a-prostituicao\/#primaryimage\"},\"thumbnailUrl\":\"https:\/\/portaltela.pt\/s.01k8rhncp4jt1\/2026\/03\/image-1781.jpg\",\"keywords\":[\"Advogados\",\"Aveiro\",\"crime\",\"indeniza\u00e7\u00f5es\",\"inj\u00faria agravada\",\"Santa Maria da Feira\"],\"articleSection\":[\"Justi\u00e7a\",\"Not\u00edcias\"],\"inLanguage\":\"pt-PT\"},{\"@type\":\"WebPage\",\"@id\":\"https:\/\/portaltela.pt\/noticias\/2026\/03\/30\/advogado-condenado-por-associar-colega-a-prostituicao\/\",\"url\":\"https:\/\/portaltela.pt\/noticias\/2026\/03\/30\/advogado-condenado-por-associar-colega-a-prostituicao\/\",\"name\":\"Advogado condenado por associar colega a prostitui\u00e7\u00e3o - Portal Tela Portugal\",\"isPartOf\":{\"@id\":\"https:\/\/portaltela.pt\/#website\"},\"primaryImageOfPage\":{\"@id\":\"https:\/\/portaltela.pt\/noticias\/2026\/03\/30\/advogado-condenado-por-associar-colega-a-prostituicao\/#primaryimage\"},\"image\":{\"@id\":\"https:\/\/portaltela.pt\/noticias\/2026\/03\/30\/advogado-condenado-por-associar-colega-a-prostituicao\/#primaryimage\"},\"thumbnailUrl\":\"https:\/\/portaltela.pt\/s.01k8rhncp4jt1\/2026\/03\/image-1781.jpg\",\"datePublished\":\"2026-03-30T08:32:20+00:00\",\"author\":{\"@id\":\"https:\/\/portaltela.pt\/#\/schema\/person\/c4278d4a6028830caff9ee44b42d32ed\"},\"breadcrumb\":{\"@id\":\"https:\/\/portaltela.pt\/noticias\/2026\/03\/30\/advogado-condenado-por-associar-colega-a-prostituicao\/#breadcrumb\"},\"inLanguage\":\"pt-PT\",\"potentialAction\":[{\"@type\":\"ReadAction\",\"target\":[\"https:\/\/portaltela.pt\/noticias\/2026\/03\/30\/advogado-condenado-por-associar-colega-a-prostituicao\/\"]}]},{\"@type\":\"ImageObject\",\"inLanguage\":\"pt-PT\",\"@id\":\"https:\/\/portaltela.pt\/noticias\/2026\/03\/30\/advogado-condenado-por-associar-colega-a-prostituicao\/#primaryimage\",\"url\":\"https:\/\/portaltela.pt\/s.01k8rhncp4jt1\/2026\/03\/image-1781.jpg\",\"contentUrl\":\"https:\/\/portaltela.pt\/s.01k8rhncp4jt1\/2026\/03\/image-1781.jpg\",\"width\":796,\"height\":448,\"caption\":\"A mata de Pigeiros \u00e9 um local, em Santa Maria da Feira, conotado com a prostitui\u00e7\u00e3o\"},{\"@type\":\"BreadcrumbList\",\"@id\":\"https:\/\/portaltela.pt\/noticias\/2026\/03\/30\/advogado-condenado-por-associar-colega-a-prostituicao\/#breadcrumb\",\"itemListElement\":[{\"@type\":\"ListItem\",\"position\":1,\"name\":\"In\u00edcio\",\"item\":\"https:\/\/portaltela.pt\/\"},{\"@type\":\"ListItem\",\"position\":2,\"name\":\"Advogado condenado por associar colega a prostitui\u00e7\u00e3o\"}]},{\"@type\":\"WebSite\",\"@id\":\"https:\/\/portaltela.pt\/#website\",\"url\":\"https:\/\/portaltela.pt\/\",\"name\":\"Portal Tela Portugal\",\"description\":\"\",\"potentialAction\":[{\"@type\":\"SearchAction\",\"target\":{\"@type\":\"EntryPoint\",\"urlTemplate\":\"https:\/\/portaltela.pt\/?s={search_term_string}\"},\"query-input\":{\"@type\":\"PropertyValueSpecification\",\"valueRequired\":true,\"valueName\":\"search_term_string\"}}],\"inLanguage\":\"pt-PT\"},{\"@type\":\"Person\",\"@id\":\"https:\/\/portaltela.pt\/#\/schema\/person\/c4278d4a6028830caff9ee44b42d32ed\",\"name\":\"Telinha\",\"image\":{\"@type\":\"ImageObject\",\"inLanguage\":\"pt-PT\",\"@id\":\"https:\/\/portaltela.pt\/s.01k8rhncp4jt1\/2025\/11\/talking-bot-125x125.png\",\"url\":\"https:\/\/portaltela.pt\/s.01k8rhncp4jt1\/2025\/11\/talking-bot-125x125.png\",\"contentUrl\":\"https:\/\/portaltela.pt\/s.01k8rhncp4jt1\/2025\/11\/talking-bot-125x125.png\",\"caption\":\"Telinha\"},\"sameAs\":[\"https:\/\/portaltela.pt\/\"],\"url\":\"https:\/\/portaltela.pt\/por\/367410592786\/\"}]}<\/script>\n<!-- \/ Yoast SEO plugin. -->","yoast_head_json":{"title":"Advogado condenado por associar colega a prostitui\u00e7\u00e3o - Portal Tela Portugal","robots":{"index":"index","follow":"follow","max-snippet":"max-snippet:-1","max-image-preview":"max-image-preview:large","max-video-preview":"max-video-preview:-1"},"og_locale":"pt_PT","og_type":"article","og_title":"Advogado condenado por associar colega a prostitui\u00e7\u00e3o - Portal Tela Portugal","og_description":"Um advogado foi condenado por dois crimes de inj\u00faria agravada ap\u00f3s, em dilig\u00eancias judiciais, ter dito a uma colega: \u201cIsto n\u00e3o \u00e9 a mata de Pigeiros\u201d, associando o local a prostitui\u00e7\u00e3o em Santa Maria da Feira. A senten\u00e7a, proferida por um ju\u00edzo local criminal da Comarca de Aveiro, foi confirmada pelo Tribunal da Rela\u00e7\u00e3o do Porto. O arguido recebeu uma pena \u00fanica de duzentos dias de multa, \u00e0 taxa di\u00e1ria de quinze euros, totalizando tr\u00eas mil euros. A advogada assistente no processo teve o indemniza\u00e7\u00e3o civil parcialmente atribu\u00edda, fixada em mil e quinhentos euros por danos n\u00e3o patrimoniais. O caso envolve a rela\u00e7\u00e3o entre a atividade da advogacia e um local associado \u00e0 prostitui\u00e7\u00e3o na regi\u00e3o de Santa Maria da Feira.","og_url":"https:\/\/portaltela.pt\/noticias\/2026\/03\/30\/advogado-condenado-por-associar-colega-a-prostituicao\/","og_site_name":"Portal Tela Portugal","article_published_time":"2026-03-30T08:32:20+00:00","author":"Telinha","twitter_card":"summary_large_image","twitter_misc":{"Escrito por":"Telinha","Tempo estimado de leitura":"1 minuto"},"schema":{"@context":"https:\/\/schema.org","@graph":[{"@type":"Article","@id":"https:\/\/portaltela.pt\/noticias\/2026\/03\/30\/advogado-condenado-por-associar-colega-a-prostituicao\/#article","isPartOf":{"@id":"https:\/\/portaltela.pt\/noticias\/2026\/03\/30\/advogado-condenado-por-associar-colega-a-prostituicao\/"},"author":{"name":"Telinha","@id":"https:\/\/portaltela.pt\/#\/schema\/person\/c4278d4a6028830caff9ee44b42d32ed"},"headline":"Advogado condenado por associar colega a prostitui\u00e7\u00e3o","datePublished":"2026-03-30T08:32:20+00:00","mainEntityOfPage":{"@id":"https:\/\/portaltela.pt\/noticias\/2026\/03\/30\/advogado-condenado-por-associar-colega-a-prostituicao\/"},"wordCount":212,"image":{"@id":"https:\/\/portaltela.pt\/noticias\/2026\/03\/30\/advogado-condenado-por-associar-colega-a-prostituicao\/#primaryimage"},"thumbnailUrl":"https:\/\/portaltela.pt\/s.01k8rhncp4jt1\/2026\/03\/image-1781.jpg","keywords":["Advogados","Aveiro","crime","indeniza\u00e7\u00f5es","inj\u00faria agravada","Santa Maria da Feira"],"articleSection":["Justi\u00e7a","Not\u00edcias"],"inLanguage":"pt-PT"},{"@type":"WebPage","@id":"https:\/\/portaltela.pt\/noticias\/2026\/03\/30\/advogado-condenado-por-associar-colega-a-prostituicao\/","url":"https:\/\/portaltela.pt\/noticias\/2026\/03\/30\/advogado-condenado-por-associar-colega-a-prostituicao\/","name":"Advogado condenado por associar colega a prostitui\u00e7\u00e3o - Portal Tela Portugal","isPartOf":{"@id":"https:\/\/portaltela.pt\/#website"},"primaryImageOfPage":{"@id":"https:\/\/portaltela.pt\/noticias\/2026\/03\/30\/advogado-condenado-por-associar-colega-a-prostituicao\/#primaryimage"},"image":{"@id":"https:\/\/portaltela.pt\/noticias\/2026\/03\/30\/advogado-condenado-por-associar-colega-a-prostituicao\/#primaryimage"},"thumbnailUrl":"https:\/\/portaltela.pt\/s.01k8rhncp4jt1\/2026\/03\/image-1781.jpg","datePublished":"2026-03-30T08:32:20+00:00","author":{"@id":"https:\/\/portaltela.pt\/#\/schema\/person\/c4278d4a6028830caff9ee44b42d32ed"},"breadcrumb":{"@id":"https:\/\/portaltela.pt\/noticias\/2026\/03\/30\/advogado-condenado-por-associar-colega-a-prostituicao\/#breadcrumb"},"inLanguage":"pt-PT","potentialAction":[{"@type":"ReadAction","target":["https:\/\/portaltela.pt\/noticias\/2026\/03\/30\/advogado-condenado-por-associar-colega-a-prostituicao\/"]}]},{"@type":"ImageObject","inLanguage":"pt-PT","@id":"https:\/\/portaltela.pt\/noticias\/2026\/03\/30\/advogado-condenado-por-associar-colega-a-prostituicao\/#primaryimage","url":"https:\/\/portaltela.pt\/s.01k8rhncp4jt1\/2026\/03\/image-1781.jpg","contentUrl":"https:\/\/portaltela.pt\/s.01k8rhncp4jt1\/2026\/03\/image-1781.jpg","width":796,"height":448,"caption":"A mata de Pigeiros \u00e9 um local, em Santa Maria da Feira, conotado com a prostitui\u00e7\u00e3o"},{"@type":"BreadcrumbList","@id":"https:\/\/portaltela.pt\/noticias\/2026\/03\/30\/advogado-condenado-por-associar-colega-a-prostituicao\/#breadcrumb","itemListElement":[{"@type":"ListItem","position":1,"name":"In\u00edcio","item":"https:\/\/portaltela.pt\/"},{"@type":"ListItem","position":2,"name":"Advogado condenado por associar colega a prostitui\u00e7\u00e3o"}]},{"@type":"WebSite","@id":"https:\/\/portaltela.pt\/#website","url":"https:\/\/portaltela.pt\/","name":"Portal Tela Portugal","description":"","potentialAction":[{"@type":"SearchAction","target":{"@type":"EntryPoint","urlTemplate":"https:\/\/portaltela.pt\/?s={search_term_string}"},"query-input":{"@type":"PropertyValueSpecification","valueRequired":true,"valueName":"search_term_string"}}],"inLanguage":"pt-PT"},{"@type":"Person","@id":"https:\/\/portaltela.pt\/#\/schema\/person\/c4278d4a6028830caff9ee44b42d32ed","name":"Telinha","image":{"@type":"ImageObject","inLanguage":"pt-PT","@id":"https:\/\/portaltela.pt\/s.01k8rhncp4jt1\/2025\/11\/talking-bot-125x125.png","url":"https:\/\/portaltela.pt\/s.01k8rhncp4jt1\/2025\/11\/talking-bot-125x125.png","contentUrl":"https:\/\/portaltela.pt\/s.01k8rhncp4jt1\/2025\/11\/talking-bot-125x125.png","caption":"Telinha"},"sameAs":["https:\/\/portaltela.pt\/"],"url":"https:\/\/portaltela.pt\/por\/367410592786\/"}]}},"_links":{"self":[{"href":"https:\/\/portaltela.pt\/api\/wp\/v2\/posts\/426622","targetHints":{"allow":["GET"]}}],"collection":[{"href":"https:\/\/portaltela.pt\/api\/wp\/v2\/posts"}],"about":[{"href":"https:\/\/portaltela.pt\/api\/wp\/v2\/types\/post"}],"author":[{"embeddable":true,"href":"https:\/\/portaltela.pt\/api\/wp\/v2\/users\/2"}],"replies":[{"embeddable":true,"href":"https:\/\/portaltela.pt\/api\/wp\/v2\/comments?post=426622"}],"version-history":[{"count":0,"href":"https:\/\/portaltela.pt\/api\/wp\/v2\/posts\/426622\/revisions"}],"wp:featuredmedia":[{"embeddable":true,"href":"https:\/\/portaltela.pt\/api\/wp\/v2\/media\/426625"}],"wp:attachment":[{"href":"https:\/\/portaltela.pt\/api\/wp\/v2\/media?parent=426622"}],"wp:term":[{"taxonomy":"category","embeddable":true,"href":"https:\/\/portaltela.pt\/api\/wp\/v2\/categories?post=426622"},{"taxonomy":"post_tag","embeddable":true,"href":"https:\/\/portaltela.pt\/api\/wp\/v2\/tags?post=426622"}],"curies":[{"name":"wp","href":"https:\/\/api.w.org\/{rel}","templated":true}]}}