{"id":426617,"date":"2026-03-30T05:32:14","date_gmt":"2026-03-30T08:32:14","guid":{"rendered":"https:\/\/portaltela.pt\/noticias\/2026\/03\/30\/espanha-fecha-espaco-aereo-a-voos-envolvidos-em-ataques-ao-irao\/"},"modified":"2026-03-30T05:32:14","modified_gmt":"2026-03-30T08:32:14","slug":"espanha-fecha-espaco-aereo-a-voos-envolvidos-em-ataques-ao-irao","status":"publish","type":"post","link":"https:\/\/portaltela.pt\/noticias\/internacional\/2026\/03\/30\/espanha-fecha-espaco-aereo-a-voos-envolvidos-em-ataques-ao-irao\/","title":{"rendered":"Espanha fecha espa\u00e7o a\u00e9reo a voos envolvidos em ataques ao Ir\u00e3o"},"content":{"rendered":"<p>Espanha fechou o espa\u00e7o a\u00e9reo a todos os voos envolvidos nos ataques ao Ir\u00e3o e recusou a utiliza\u00e7\u00e3o de duas bases militares pelos EUA, anunciaram o Governo espanhol e as for\u00e7as armadas.<\/p>\n<p>Segundo o jornal El Pa\u00eds, com base em fontes militares, Madrid n\u00e3o permite o acesso de aeronaves de combate ou de reabastecimento em voo que estejam a cooperar nos ataques, nem autoriza o espa\u00e7o a\u00e9reo a aeronaves norte-americanas destacadas em bases de terceiros pa\u00edses, como o Reino Unido ou Fran\u00e7a.<\/p>\n<p>A informa\u00e7\u00e3o foi avan\u00e7ada pelo jornal e posteriormente confirmada por fontes do Governo espanhol citadas por outros meios de comunica\u00e7\u00e3o, incluindo a ag\u00eancia Europa Press.<\/p>\n","protected":false},"excerpt":{"rendered":"<ul>\n<li>Espanha fechou o espa\u00e7o a\u00e9reo a todos os voos envolvidos nos ataques ao Ir\u00e3o.<\/li>\n<li>O governo espanhol informou ainda que n\u00e3o autorizou a utiliza\u00e7\u00e3o das bases militares de Rota, em C\u00e1diz, nem de Mor\u00f3n de la Frontera, na Andaluzia, por parte de avi\u00f5es de combate ou de reabastecimento em voo que participem nos ataques.<\/li>\n<li>Al\u00e9m disso, n\u00e3o autorizou o uso do seu espa\u00e7o a\u00e9reo a aeronaves norte-americanas destacadas em terceiros pa\u00edses.<\/li>\n<li>A not\u00edcia foi adiantada pelo jornal El Pa\u00eds, que cita fontes militares espanholas.<\/li>\n<li>A confirma\u00e7\u00e3o tamb\u00e9m veio de fontes do Governo espanhol, citadas por outros meios de comunica\u00e7\u00e3o, como a ag\u00eancia Europa Press.<\/li>\n<\/ul>\n","protected":false},"author":2,"featured_media":426621,"comment_status":"closed","ping_status":"closed","sticky":false,"template":"","format":"standard","meta":{"footnotes":""},"categories":[6814,4],"tags":[3143,6789,2189,1600,1779,3153],"class_list":["post-426617","post","type-post","status-publish","format-standard","has-post-thumbnail","hentry","category-geopolitica","category-internacional","tag-ataques-internacionais","tag-avioes","tag-espana","tag-estados-unidos","tag-forcas-armadas","tag-ira"],"yoast_head":"<!-- This site is optimized with the Yoast SEO plugin v27.2 - https:\/\/yoast.com\/product\/yoast-seo-wordpress\/ -->\n<title>Espanha fecha espa\u00e7o a\u00e9reo a voos envolvidos em ataques ao Ir\u00e3o - Portal Tela Portugal<\/title>\n<meta name=\"robots\" content=\"index, follow, max-snippet:-1, max-image-preview:large, max-video-preview:-1\" \/>\n<meta property=\"og:locale\" content=\"pt_PT\" \/>\n<meta property=\"og:type\" content=\"article\" \/>\n<meta property=\"og:title\" content=\"Espanha fecha espa\u00e7o a\u00e9reo a voos envolvidos em ataques ao Ir\u00e3o - Portal Tela Portugal\" \/>\n<meta property=\"og:description\" content=\"Espanha fechou o espa\u00e7o a\u00e9reo a todos os voos envolvidos nos ataques ao Ir\u00e3o. O governo espanhol informou ainda que n\u00e3o autorizou a utiliza\u00e7\u00e3o das bases militares de Rota, em C\u00e1diz, nem de Mor\u00f3n de la Frontera, na Andaluzia, por parte de avi\u00f5es de combate ou de reabastecimento em voo que participem nos ataques. Al\u00e9m disso, n\u00e3o autorizou o uso do seu espa\u00e7o a\u00e9reo a aeronaves norte-americanas destacadas em terceiros pa\u00edses. A not\u00edcia foi adiantada pelo jornal El Pa\u00eds, que cita fontes militares espanholas. A confirma\u00e7\u00e3o tamb\u00e9m veio de fontes do Governo espanhol, citadas por outros meios de comunica\u00e7\u00e3o, como a ag\u00eancia Europa Press.\" \/>\n<meta property=\"og:url\" content=\"https:\/\/portaltela.pt\/noticias\/2026\/03\/30\/espanha-fecha-espaco-aereo-a-voos-envolvidos-em-ataques-ao-irao\/\" \/>\n<meta property=\"og:site_name\" content=\"Portal Tela Portugal\" \/>\n<meta property=\"article:published_time\" content=\"2026-03-30T08:32:14+00:00\" \/>\n<meta name=\"author\" content=\"Telinha\" \/>\n<meta name=\"twitter:card\" content=\"summary_large_image\" \/>\n<meta name=\"twitter:label1\" content=\"Escrito por\" \/>\n\t<meta name=\"twitter:data1\" content=\"Telinha\" \/>\n\t<meta name=\"twitter:label2\" content=\"Tempo estimado de leitura\" \/>\n\t<meta name=\"twitter:data2\" content=\"1 minuto\" \/>\n<script type=\"application\/ld+json\" class=\"yoast-schema-graph\">{\"@context\":\"https:\/\/schema.org\",\"@graph\":[{\"@type\":\"Article\",\"@id\":\"https:\/\/portaltela.pt\/noticias\/2026\/03\/30\/espanha-fecha-espaco-aereo-a-voos-envolvidos-em-ataques-ao-irao\/#article\",\"isPartOf\":{\"@id\":\"https:\/\/portaltela.pt\/noticias\/2026\/03\/30\/espanha-fecha-espaco-aereo-a-voos-envolvidos-em-ataques-ao-irao\/\"},\"author\":{\"name\":\"Telinha\",\"@id\":\"https:\/\/portaltela.pt\/#\/schema\/person\/c4278d4a6028830caff9ee44b42d32ed\"},\"headline\":\"Espanha fecha espa\u00e7o a\u00e9reo a voos envolvidos em ataques ao Ir\u00e3o\",\"datePublished\":\"2026-03-30T08:32:14+00:00\",\"mainEntityOfPage\":{\"@id\":\"https:\/\/portaltela.pt\/noticias\/2026\/03\/30\/espanha-fecha-espaco-aereo-a-voos-envolvidos-em-ataques-ao-irao\/\"},\"wordCount\":136,\"image\":{\"@id\":\"https:\/\/portaltela.pt\/noticias\/2026\/03\/30\/espanha-fecha-espaco-aereo-a-voos-envolvidos-em-ataques-ao-irao\/#primaryimage\"},\"thumbnailUrl\":\"https:\/\/portaltela.pt\/s.01k8rhncp4jt1\/2026\/03\/img_920x518uu2026-03-30-09-23-30-2430069.jpg\",\"keywords\":[\"ataques internacionais\",\"avi\u00f5es\",\"Espa\u00f1a\",\"Estados Unidos\",\"For\u00e7as Armadas\",\"Ir\u00e3\"],\"articleSection\":[\"Geopol\u00edtica\",\"Internacional\"],\"inLanguage\":\"pt-PT\"},{\"@type\":\"WebPage\",\"@id\":\"https:\/\/portaltela.pt\/noticias\/2026\/03\/30\/espanha-fecha-espaco-aereo-a-voos-envolvidos-em-ataques-ao-irao\/\",\"url\":\"https:\/\/portaltela.pt\/noticias\/2026\/03\/30\/espanha-fecha-espaco-aereo-a-voos-envolvidos-em-ataques-ao-irao\/\",\"name\":\"Espanha fecha espa\u00e7o a\u00e9reo a voos envolvidos em ataques ao Ir\u00e3o - Portal Tela Portugal\",\"isPartOf\":{\"@id\":\"https:\/\/portaltela.pt\/#website\"},\"primaryImageOfPage\":{\"@id\":\"https:\/\/portaltela.pt\/noticias\/2026\/03\/30\/espanha-fecha-espaco-aereo-a-voos-envolvidos-em-ataques-ao-irao\/#primaryimage\"},\"image\":{\"@id\":\"https:\/\/portaltela.pt\/noticias\/2026\/03\/30\/espanha-fecha-espaco-aereo-a-voos-envolvidos-em-ataques-ao-irao\/#primaryimage\"},\"thumbnailUrl\":\"https:\/\/portaltela.pt\/s.01k8rhncp4jt1\/2026\/03\/img_920x518uu2026-03-30-09-23-30-2430069.jpg\",\"datePublished\":\"2026-03-30T08:32:14+00:00\",\"author\":{\"@id\":\"https:\/\/portaltela.pt\/#\/schema\/person\/c4278d4a6028830caff9ee44b42d32ed\"},\"breadcrumb\":{\"@id\":\"https:\/\/portaltela.pt\/noticias\/2026\/03\/30\/espanha-fecha-espaco-aereo-a-voos-envolvidos-em-ataques-ao-irao\/#breadcrumb\"},\"inLanguage\":\"pt-PT\",\"potentialAction\":[{\"@type\":\"ReadAction\",\"target\":[\"https:\/\/portaltela.pt\/noticias\/2026\/03\/30\/espanha-fecha-espaco-aereo-a-voos-envolvidos-em-ataques-ao-irao\/\"]}]},{\"@type\":\"ImageObject\",\"inLanguage\":\"pt-PT\",\"@id\":\"https:\/\/portaltela.pt\/noticias\/2026\/03\/30\/espanha-fecha-espaco-aereo-a-voos-envolvidos-em-ataques-ao-irao\/#primaryimage\",\"url\":\"https:\/\/portaltela.pt\/s.01k8rhncp4jt1\/2026\/03\/img_920x518uu2026-03-30-09-23-30-2430069.jpg\",\"contentUrl\":\"https:\/\/portaltela.pt\/s.01k8rhncp4jt1\/2026\/03\/img_920x518uu2026-03-30-09-23-30-2430069.jpg\",\"width\":796,\"height\":448,\"caption\":\"Pedro S\u00e1nchez\"},{\"@type\":\"BreadcrumbList\",\"@id\":\"https:\/\/portaltela.pt\/noticias\/2026\/03\/30\/espanha-fecha-espaco-aereo-a-voos-envolvidos-em-ataques-ao-irao\/#breadcrumb\",\"itemListElement\":[{\"@type\":\"ListItem\",\"position\":1,\"name\":\"In\u00edcio\",\"item\":\"https:\/\/portaltela.pt\/\"},{\"@type\":\"ListItem\",\"position\":2,\"name\":\"Espanha fecha espa\u00e7o a\u00e9reo a voos envolvidos em ataques ao Ir\u00e3o\"}]},{\"@type\":\"WebSite\",\"@id\":\"https:\/\/portaltela.pt\/#website\",\"url\":\"https:\/\/portaltela.pt\/\",\"name\":\"Portal Tela Portugal\",\"description\":\"\",\"potentialAction\":[{\"@type\":\"SearchAction\",\"target\":{\"@type\":\"EntryPoint\",\"urlTemplate\":\"https:\/\/portaltela.pt\/?s={search_term_string}\"},\"query-input\":{\"@type\":\"PropertyValueSpecification\",\"valueRequired\":true,\"valueName\":\"search_term_string\"}}],\"inLanguage\":\"pt-PT\"},{\"@type\":\"Person\",\"@id\":\"https:\/\/portaltela.pt\/#\/schema\/person\/c4278d4a6028830caff9ee44b42d32ed\",\"name\":\"Telinha\",\"image\":{\"@type\":\"ImageObject\",\"inLanguage\":\"pt-PT\",\"@id\":\"https:\/\/portaltela.pt\/s.01k8rhncp4jt1\/2025\/11\/talking-bot-125x125.png\",\"url\":\"https:\/\/portaltela.pt\/s.01k8rhncp4jt1\/2025\/11\/talking-bot-125x125.png\",\"contentUrl\":\"https:\/\/portaltela.pt\/s.01k8rhncp4jt1\/2025\/11\/talking-bot-125x125.png\",\"caption\":\"Telinha\"},\"sameAs\":[\"https:\/\/portaltela.pt\/\"],\"url\":\"https:\/\/portaltela.pt\/por\/367410592786\/\"}]}<\/script>\n<!-- \/ Yoast SEO plugin. -->","yoast_head_json":{"title":"Espanha fecha espa\u00e7o a\u00e9reo a voos envolvidos em ataques ao Ir\u00e3o - Portal Tela Portugal","robots":{"index":"index","follow":"follow","max-snippet":"max-snippet:-1","max-image-preview":"max-image-preview:large","max-video-preview":"max-video-preview:-1"},"og_locale":"pt_PT","og_type":"article","og_title":"Espanha fecha espa\u00e7o a\u00e9reo a voos envolvidos em ataques ao Ir\u00e3o - Portal Tela Portugal","og_description":"Espanha fechou o espa\u00e7o a\u00e9reo a todos os voos envolvidos nos ataques ao Ir\u00e3o. O governo espanhol informou ainda que n\u00e3o autorizou a utiliza\u00e7\u00e3o das bases militares de Rota, em C\u00e1diz, nem de Mor\u00f3n de la Frontera, na Andaluzia, por parte de avi\u00f5es de combate ou de reabastecimento em voo que participem nos ataques. Al\u00e9m disso, n\u00e3o autorizou o uso do seu espa\u00e7o a\u00e9reo a aeronaves norte-americanas destacadas em terceiros pa\u00edses. A not\u00edcia foi adiantada pelo jornal El Pa\u00eds, que cita fontes militares espanholas. A confirma\u00e7\u00e3o tamb\u00e9m veio de fontes do Governo espanhol, citadas por outros meios de comunica\u00e7\u00e3o, como a ag\u00eancia Europa Press.","og_url":"https:\/\/portaltela.pt\/noticias\/2026\/03\/30\/espanha-fecha-espaco-aereo-a-voos-envolvidos-em-ataques-ao-irao\/","og_site_name":"Portal Tela Portugal","article_published_time":"2026-03-30T08:32:14+00:00","author":"Telinha","twitter_card":"summary_large_image","twitter_misc":{"Escrito por":"Telinha","Tempo estimado de leitura":"1 minuto"},"schema":{"@context":"https:\/\/schema.org","@graph":[{"@type":"Article","@id":"https:\/\/portaltela.pt\/noticias\/2026\/03\/30\/espanha-fecha-espaco-aereo-a-voos-envolvidos-em-ataques-ao-irao\/#article","isPartOf":{"@id":"https:\/\/portaltela.pt\/noticias\/2026\/03\/30\/espanha-fecha-espaco-aereo-a-voos-envolvidos-em-ataques-ao-irao\/"},"author":{"name":"Telinha","@id":"https:\/\/portaltela.pt\/#\/schema\/person\/c4278d4a6028830caff9ee44b42d32ed"},"headline":"Espanha fecha espa\u00e7o a\u00e9reo a voos envolvidos em ataques ao Ir\u00e3o","datePublished":"2026-03-30T08:32:14+00:00","mainEntityOfPage":{"@id":"https:\/\/portaltela.pt\/noticias\/2026\/03\/30\/espanha-fecha-espaco-aereo-a-voos-envolvidos-em-ataques-ao-irao\/"},"wordCount":136,"image":{"@id":"https:\/\/portaltela.pt\/noticias\/2026\/03\/30\/espanha-fecha-espaco-aereo-a-voos-envolvidos-em-ataques-ao-irao\/#primaryimage"},"thumbnailUrl":"https:\/\/portaltela.pt\/s.01k8rhncp4jt1\/2026\/03\/img_920x518uu2026-03-30-09-23-30-2430069.jpg","keywords":["ataques internacionais","avi\u00f5es","Espa\u00f1a","Estados Unidos","For\u00e7as Armadas","Ir\u00e3"],"articleSection":["Geopol\u00edtica","Internacional"],"inLanguage":"pt-PT"},{"@type":"WebPage","@id":"https:\/\/portaltela.pt\/noticias\/2026\/03\/30\/espanha-fecha-espaco-aereo-a-voos-envolvidos-em-ataques-ao-irao\/","url":"https:\/\/portaltela.pt\/noticias\/2026\/03\/30\/espanha-fecha-espaco-aereo-a-voos-envolvidos-em-ataques-ao-irao\/","name":"Espanha fecha espa\u00e7o a\u00e9reo a voos envolvidos em ataques ao Ir\u00e3o - Portal Tela Portugal","isPartOf":{"@id":"https:\/\/portaltela.pt\/#website"},"primaryImageOfPage":{"@id":"https:\/\/portaltela.pt\/noticias\/2026\/03\/30\/espanha-fecha-espaco-aereo-a-voos-envolvidos-em-ataques-ao-irao\/#primaryimage"},"image":{"@id":"https:\/\/portaltela.pt\/noticias\/2026\/03\/30\/espanha-fecha-espaco-aereo-a-voos-envolvidos-em-ataques-ao-irao\/#primaryimage"},"thumbnailUrl":"https:\/\/portaltela.pt\/s.01k8rhncp4jt1\/2026\/03\/img_920x518uu2026-03-30-09-23-30-2430069.jpg","datePublished":"2026-03-30T08:32:14+00:00","author":{"@id":"https:\/\/portaltela.pt\/#\/schema\/person\/c4278d4a6028830caff9ee44b42d32ed"},"breadcrumb":{"@id":"https:\/\/portaltela.pt\/noticias\/2026\/03\/30\/espanha-fecha-espaco-aereo-a-voos-envolvidos-em-ataques-ao-irao\/#breadcrumb"},"inLanguage":"pt-PT","potentialAction":[{"@type":"ReadAction","target":["https:\/\/portaltela.pt\/noticias\/2026\/03\/30\/espanha-fecha-espaco-aereo-a-voos-envolvidos-em-ataques-ao-irao\/"]}]},{"@type":"ImageObject","inLanguage":"pt-PT","@id":"https:\/\/portaltela.pt\/noticias\/2026\/03\/30\/espanha-fecha-espaco-aereo-a-voos-envolvidos-em-ataques-ao-irao\/#primaryimage","url":"https:\/\/portaltela.pt\/s.01k8rhncp4jt1\/2026\/03\/img_920x518uu2026-03-30-09-23-30-2430069.jpg","contentUrl":"https:\/\/portaltela.pt\/s.01k8rhncp4jt1\/2026\/03\/img_920x518uu2026-03-30-09-23-30-2430069.jpg","width":796,"height":448,"caption":"Pedro S\u00e1nchez"},{"@type":"BreadcrumbList","@id":"https:\/\/portaltela.pt\/noticias\/2026\/03\/30\/espanha-fecha-espaco-aereo-a-voos-envolvidos-em-ataques-ao-irao\/#breadcrumb","itemListElement":[{"@type":"ListItem","position":1,"name":"In\u00edcio","item":"https:\/\/portaltela.pt\/"},{"@type":"ListItem","position":2,"name":"Espanha fecha espa\u00e7o a\u00e9reo a voos envolvidos em ataques ao Ir\u00e3o"}]},{"@type":"WebSite","@id":"https:\/\/portaltela.pt\/#website","url":"https:\/\/portaltela.pt\/","name":"Portal Tela Portugal","description":"","potentialAction":[{"@type":"SearchAction","target":{"@type":"EntryPoint","urlTemplate":"https:\/\/portaltela.pt\/?s={search_term_string}"},"query-input":{"@type":"PropertyValueSpecification","valueRequired":true,"valueName":"search_term_string"}}],"inLanguage":"pt-PT"},{"@type":"Person","@id":"https:\/\/portaltela.pt\/#\/schema\/person\/c4278d4a6028830caff9ee44b42d32ed","name":"Telinha","image":{"@type":"ImageObject","inLanguage":"pt-PT","@id":"https:\/\/portaltela.pt\/s.01k8rhncp4jt1\/2025\/11\/talking-bot-125x125.png","url":"https:\/\/portaltela.pt\/s.01k8rhncp4jt1\/2025\/11\/talking-bot-125x125.png","contentUrl":"https:\/\/portaltela.pt\/s.01k8rhncp4jt1\/2025\/11\/talking-bot-125x125.png","caption":"Telinha"},"sameAs":["https:\/\/portaltela.pt\/"],"url":"https:\/\/portaltela.pt\/por\/367410592786\/"}]}},"_links":{"self":[{"href":"https:\/\/portaltela.pt\/api\/wp\/v2\/posts\/426617","targetHints":{"allow":["GET"]}}],"collection":[{"href":"https:\/\/portaltela.pt\/api\/wp\/v2\/posts"}],"about":[{"href":"https:\/\/portaltela.pt\/api\/wp\/v2\/types\/post"}],"author":[{"embeddable":true,"href":"https:\/\/portaltela.pt\/api\/wp\/v2\/users\/2"}],"replies":[{"embeddable":true,"href":"https:\/\/portaltela.pt\/api\/wp\/v2\/comments?post=426617"}],"version-history":[{"count":0,"href":"https:\/\/portaltela.pt\/api\/wp\/v2\/posts\/426617\/revisions"}],"wp:featuredmedia":[{"embeddable":true,"href":"https:\/\/portaltela.pt\/api\/wp\/v2\/media\/426621"}],"wp:attachment":[{"href":"https:\/\/portaltela.pt\/api\/wp\/v2\/media?parent=426617"}],"wp:term":[{"taxonomy":"category","embeddable":true,"href":"https:\/\/portaltela.pt\/api\/wp\/v2\/categories?post=426617"},{"taxonomy":"post_tag","embeddable":true,"href":"https:\/\/portaltela.pt\/api\/wp\/v2\/tags?post=426617"}],"curies":[{"name":"wp","href":"https:\/\/api.w.org\/{rel}","templated":true}]}}