{"id":426614,"date":"2026-03-30T05:32:13","date_gmt":"2026-03-30T08:32:13","guid":{"rendered":"https:\/\/portaltela.pt\/noticias\/2026\/03\/30\/carris-planeia-voltar-a-recolocar-algumas-linhas-de-electrico-em-lisboa\/"},"modified":"2026-03-30T05:32:13","modified_gmt":"2026-03-30T08:32:13","slug":"carris-planeia-voltar-a-recolocar-algumas-linhas-de-electrico-em-lisboa","status":"publish","type":"post","link":"https:\/\/portaltela.pt\/noticias\/politica\/2026\/03\/30\/carris-planeia-voltar-a-recolocar-algumas-linhas-de-electrico-em-lisboa\/","title":{"rendered":"Carris planeia voltar a recolocar algumas linhas de el\u00e9ctrico em Lisboa"},"content":{"rendered":"<p>O novo presidente do conselho de administra\u00e7\u00e3o da Carris afirmou que a empresa j\u00e1 est\u00e1 a analisar mapas para reativar linhas hist\u00f3ricas de el\u00e9ctrico em Lisboa. A prioridade recai sobre as linhas onde os carris ainda est\u00e3o no solo.<\/p>\n<p>Segundo Rui Lopo, est\u00e3o em avalia\u00e7\u00e3o v\u00e1rias op\u00e7\u00f5es para que algumas vias antigas voltem a funcionar, com especial aten\u00e7\u00e3o \u00e0s que mant\u00eam carris vis\u00edveis. N\u00e3o est\u00e1 descartada a recoloca\u00e7\u00e3o de vias que foram removidas.<\/p>\n<p>O respons\u00e1vel acrescentou que a rede de autocarros deve sofrer altera\u00e7\u00f5es frequentes para acompanhar o planeamento. Ageda\u00e7\u00f5es dever\u00e3o refletir a prioridade de manter servi\u00e7os est\u00e1veis enquanto se avaliam op\u00e7\u00f5es de reativa\u00e7\u00e3o de linhas hist\u00f3ricas.<\/p>\n","protected":false},"excerpt":{"rendered":"<ul>\n<li>O novo presidente da Carris, Rui Lopo, afirma que a empresa est\u00e1 a analisar mapas para reactivar linhas hist\u00f3ricas de el\u00e9ctrico j\u00e1 desactivadas.<\/li>\n<li>A prioridade recai sobre as linhas em que os carris ainda se mant\u00eam no ch\u00e3o.<\/li>\n<li>N\u00e3o est\u00e1 afastada a hip\u00f3tese de recolocar vias que foram retiradas.<\/li>\n<li>A rede de autocarros deve sofrer mudan\u00e7as frequentes.<\/li>\n<li>Ainda n\u00e3o foram divulgados cronogramas ou datas para estas a\u00e7\u00f5es.<\/li>\n<\/ul>\n","protected":false},"author":2,"featured_media":426618,"comment_status":"closed","ping_status":"closed","sticky":false,"template":"","format":"standard","meta":{"footnotes":""},"categories":[1,5],"tags":[3769,4326,981,3263,192,4535],"class_list":["post-426614","post","type-post","status-publish","format-standard","has-post-thumbnail","hentry","category-noticias","category-politica","tag-autocarros","tag-electrico","tag-lisboa","tag-mobilidade-urbana","tag-transporte","tag-transporte-publico"],"yoast_head":"<!-- This site is optimized with the Yoast SEO plugin v27.2 - https:\/\/yoast.com\/product\/yoast-seo-wordpress\/ -->\n<title>Carris planeia voltar a recolocar algumas linhas de el\u00e9ctrico em Lisboa - Portal Tela Portugal<\/title>\n<meta name=\"robots\" content=\"index, follow, max-snippet:-1, max-image-preview:large, max-video-preview:-1\" \/>\n<meta property=\"og:locale\" content=\"pt_PT\" \/>\n<meta property=\"og:type\" content=\"article\" \/>\n<meta property=\"og:title\" content=\"Carris planeia voltar a recolocar algumas linhas de el\u00e9ctrico em Lisboa - Portal Tela Portugal\" \/>\n<meta property=\"og:description\" content=\"O novo presidente da Carris, Rui Lopo, afirma que a empresa est\u00e1 a analisar mapas para reactivar linhas hist\u00f3ricas de el\u00e9ctrico j\u00e1 desactivadas. A prioridade recai sobre as linhas em que os carris ainda se mant\u00eam no ch\u00e3o. N\u00e3o est\u00e1 afastada a hip\u00f3tese de recolocar vias que foram retiradas. A rede de autocarros deve sofrer mudan\u00e7as frequentes. Ainda n\u00e3o foram divulgados cronogramas ou datas para estas a\u00e7\u00f5es.\" \/>\n<meta property=\"og:url\" content=\"https:\/\/portaltela.pt\/noticias\/2026\/03\/30\/carris-planeia-voltar-a-recolocar-algumas-linhas-de-electrico-em-lisboa\/\" \/>\n<meta property=\"og:site_name\" content=\"Portal Tela Portugal\" \/>\n<meta property=\"article:published_time\" content=\"2026-03-30T08:32:13+00:00\" \/>\n<meta name=\"author\" content=\"Telinha\" \/>\n<meta name=\"twitter:card\" content=\"summary_large_image\" \/>\n<meta name=\"twitter:label1\" content=\"Escrito por\" \/>\n\t<meta name=\"twitter:data1\" content=\"Telinha\" \/>\n\t<meta name=\"twitter:label2\" content=\"Tempo estimado de leitura\" \/>\n\t<meta name=\"twitter:data2\" content=\"1 minuto\" \/>\n<script type=\"application\/ld+json\" class=\"yoast-schema-graph\">{\"@context\":\"https:\/\/schema.org\",\"@graph\":[{\"@type\":\"Article\",\"@id\":\"https:\/\/portaltela.pt\/noticias\/2026\/03\/30\/carris-planeia-voltar-a-recolocar-algumas-linhas-de-electrico-em-lisboa\/#article\",\"isPartOf\":{\"@id\":\"https:\/\/portaltela.pt\/noticias\/2026\/03\/30\/carris-planeia-voltar-a-recolocar-algumas-linhas-de-electrico-em-lisboa\/\"},\"author\":{\"name\":\"Telinha\",\"@id\":\"https:\/\/portaltela.pt\/#\/schema\/person\/c4278d4a6028830caff9ee44b42d32ed\"},\"headline\":\"Carris planeia voltar a recolocar algumas linhas de el\u00e9ctrico em Lisboa\",\"datePublished\":\"2026-03-30T08:32:13+00:00\",\"mainEntityOfPage\":{\"@id\":\"https:\/\/portaltela.pt\/noticias\/2026\/03\/30\/carris-planeia-voltar-a-recolocar-algumas-linhas-de-electrico-em-lisboa\/\"},\"wordCount\":141,\"image\":{\"@id\":\"https:\/\/portaltela.pt\/noticias\/2026\/03\/30\/carris-planeia-voltar-a-recolocar-algumas-linhas-de-electrico-em-lisboa\/#primaryimage\"},\"thumbnailUrl\":\"https:\/\/portaltela.pt\/s.01k8rhncp4jt1\/2026\/03\/2077313.jpg\",\"keywords\":[\"autocarros\",\"El\u00e9ctrico\",\"Lisboa\",\"mobilidade urbana\",\"transporte\",\"transporte p\u00fablico\"],\"articleSection\":[\"Not\u00edcias\",\"Pol\u00edtica\"],\"inLanguage\":\"pt-PT\"},{\"@type\":\"WebPage\",\"@id\":\"https:\/\/portaltela.pt\/noticias\/2026\/03\/30\/carris-planeia-voltar-a-recolocar-algumas-linhas-de-electrico-em-lisboa\/\",\"url\":\"https:\/\/portaltela.pt\/noticias\/2026\/03\/30\/carris-planeia-voltar-a-recolocar-algumas-linhas-de-electrico-em-lisboa\/\",\"name\":\"Carris planeia voltar a recolocar algumas linhas de el\u00e9ctrico em Lisboa - Portal Tela Portugal\",\"isPartOf\":{\"@id\":\"https:\/\/portaltela.pt\/#website\"},\"primaryImageOfPage\":{\"@id\":\"https:\/\/portaltela.pt\/noticias\/2026\/03\/30\/carris-planeia-voltar-a-recolocar-algumas-linhas-de-electrico-em-lisboa\/#primaryimage\"},\"image\":{\"@id\":\"https:\/\/portaltela.pt\/noticias\/2026\/03\/30\/carris-planeia-voltar-a-recolocar-algumas-linhas-de-electrico-em-lisboa\/#primaryimage\"},\"thumbnailUrl\":\"https:\/\/portaltela.pt\/s.01k8rhncp4jt1\/2026\/03\/2077313.jpg\",\"datePublished\":\"2026-03-30T08:32:13+00:00\",\"author\":{\"@id\":\"https:\/\/portaltela.pt\/#\/schema\/person\/c4278d4a6028830caff9ee44b42d32ed\"},\"breadcrumb\":{\"@id\":\"https:\/\/portaltela.pt\/noticias\/2026\/03\/30\/carris-planeia-voltar-a-recolocar-algumas-linhas-de-electrico-em-lisboa\/#breadcrumb\"},\"inLanguage\":\"pt-PT\",\"potentialAction\":[{\"@type\":\"ReadAction\",\"target\":[\"https:\/\/portaltela.pt\/noticias\/2026\/03\/30\/carris-planeia-voltar-a-recolocar-algumas-linhas-de-electrico-em-lisboa\/\"]}]},{\"@type\":\"ImageObject\",\"inLanguage\":\"pt-PT\",\"@id\":\"https:\/\/portaltela.pt\/noticias\/2026\/03\/30\/carris-planeia-voltar-a-recolocar-algumas-linhas-de-electrico-em-lisboa\/#primaryimage\",\"url\":\"https:\/\/portaltela.pt\/s.01k8rhncp4jt1\/2026\/03\/2077313.jpg\",\"contentUrl\":\"https:\/\/portaltela.pt\/s.01k8rhncp4jt1\/2026\/03\/2077313.jpg\",\"width\":796,\"height\":448,\"caption\":\"Rui Lopo pretende quer ver a empresa a aumentar a sua oferta de transporte\"},{\"@type\":\"BreadcrumbList\",\"@id\":\"https:\/\/portaltela.pt\/noticias\/2026\/03\/30\/carris-planeia-voltar-a-recolocar-algumas-linhas-de-electrico-em-lisboa\/#breadcrumb\",\"itemListElement\":[{\"@type\":\"ListItem\",\"position\":1,\"name\":\"In\u00edcio\",\"item\":\"https:\/\/portaltela.pt\/\"},{\"@type\":\"ListItem\",\"position\":2,\"name\":\"Carris planeia voltar a recolocar algumas linhas de el\u00e9ctrico em Lisboa\"}]},{\"@type\":\"WebSite\",\"@id\":\"https:\/\/portaltela.pt\/#website\",\"url\":\"https:\/\/portaltela.pt\/\",\"name\":\"Portal Tela Portugal\",\"description\":\"\",\"potentialAction\":[{\"@type\":\"SearchAction\",\"target\":{\"@type\":\"EntryPoint\",\"urlTemplate\":\"https:\/\/portaltela.pt\/?s={search_term_string}\"},\"query-input\":{\"@type\":\"PropertyValueSpecification\",\"valueRequired\":true,\"valueName\":\"search_term_string\"}}],\"inLanguage\":\"pt-PT\"},{\"@type\":\"Person\",\"@id\":\"https:\/\/portaltela.pt\/#\/schema\/person\/c4278d4a6028830caff9ee44b42d32ed\",\"name\":\"Telinha\",\"image\":{\"@type\":\"ImageObject\",\"inLanguage\":\"pt-PT\",\"@id\":\"https:\/\/portaltela.pt\/s.01k8rhncp4jt1\/2025\/11\/talking-bot-125x125.png\",\"url\":\"https:\/\/portaltela.pt\/s.01k8rhncp4jt1\/2025\/11\/talking-bot-125x125.png\",\"contentUrl\":\"https:\/\/portaltela.pt\/s.01k8rhncp4jt1\/2025\/11\/talking-bot-125x125.png\",\"caption\":\"Telinha\"},\"sameAs\":[\"https:\/\/portaltela.pt\/\"],\"url\":\"https:\/\/portaltela.pt\/por\/367410592786\/\"}]}<\/script>\n<!-- \/ Yoast SEO plugin. -->","yoast_head_json":{"title":"Carris planeia voltar a recolocar algumas linhas de el\u00e9ctrico em Lisboa - Portal Tela Portugal","robots":{"index":"index","follow":"follow","max-snippet":"max-snippet:-1","max-image-preview":"max-image-preview:large","max-video-preview":"max-video-preview:-1"},"og_locale":"pt_PT","og_type":"article","og_title":"Carris planeia voltar a recolocar algumas linhas de el\u00e9ctrico em Lisboa - Portal Tela Portugal","og_description":"O novo presidente da Carris, Rui Lopo, afirma que a empresa est\u00e1 a analisar mapas para reactivar linhas hist\u00f3ricas de el\u00e9ctrico j\u00e1 desactivadas. A prioridade recai sobre as linhas em que os carris ainda se mant\u00eam no ch\u00e3o. N\u00e3o est\u00e1 afastada a hip\u00f3tese de recolocar vias que foram retiradas. A rede de autocarros deve sofrer mudan\u00e7as frequentes. Ainda n\u00e3o foram divulgados cronogramas ou datas para estas a\u00e7\u00f5es.","og_url":"https:\/\/portaltela.pt\/noticias\/2026\/03\/30\/carris-planeia-voltar-a-recolocar-algumas-linhas-de-electrico-em-lisboa\/","og_site_name":"Portal Tela Portugal","article_published_time":"2026-03-30T08:32:13+00:00","author":"Telinha","twitter_card":"summary_large_image","twitter_misc":{"Escrito por":"Telinha","Tempo estimado de leitura":"1 minuto"},"schema":{"@context":"https:\/\/schema.org","@graph":[{"@type":"Article","@id":"https:\/\/portaltela.pt\/noticias\/2026\/03\/30\/carris-planeia-voltar-a-recolocar-algumas-linhas-de-electrico-em-lisboa\/#article","isPartOf":{"@id":"https:\/\/portaltela.pt\/noticias\/2026\/03\/30\/carris-planeia-voltar-a-recolocar-algumas-linhas-de-electrico-em-lisboa\/"},"author":{"name":"Telinha","@id":"https:\/\/portaltela.pt\/#\/schema\/person\/c4278d4a6028830caff9ee44b42d32ed"},"headline":"Carris planeia voltar a recolocar algumas linhas de el\u00e9ctrico em Lisboa","datePublished":"2026-03-30T08:32:13+00:00","mainEntityOfPage":{"@id":"https:\/\/portaltela.pt\/noticias\/2026\/03\/30\/carris-planeia-voltar-a-recolocar-algumas-linhas-de-electrico-em-lisboa\/"},"wordCount":141,"image":{"@id":"https:\/\/portaltela.pt\/noticias\/2026\/03\/30\/carris-planeia-voltar-a-recolocar-algumas-linhas-de-electrico-em-lisboa\/#primaryimage"},"thumbnailUrl":"https:\/\/portaltela.pt\/s.01k8rhncp4jt1\/2026\/03\/2077313.jpg","keywords":["autocarros","El\u00e9ctrico","Lisboa","mobilidade urbana","transporte","transporte p\u00fablico"],"articleSection":["Not\u00edcias","Pol\u00edtica"],"inLanguage":"pt-PT"},{"@type":"WebPage","@id":"https:\/\/portaltela.pt\/noticias\/2026\/03\/30\/carris-planeia-voltar-a-recolocar-algumas-linhas-de-electrico-em-lisboa\/","url":"https:\/\/portaltela.pt\/noticias\/2026\/03\/30\/carris-planeia-voltar-a-recolocar-algumas-linhas-de-electrico-em-lisboa\/","name":"Carris planeia voltar a recolocar algumas linhas de el\u00e9ctrico em Lisboa - Portal Tela Portugal","isPartOf":{"@id":"https:\/\/portaltela.pt\/#website"},"primaryImageOfPage":{"@id":"https:\/\/portaltela.pt\/noticias\/2026\/03\/30\/carris-planeia-voltar-a-recolocar-algumas-linhas-de-electrico-em-lisboa\/#primaryimage"},"image":{"@id":"https:\/\/portaltela.pt\/noticias\/2026\/03\/30\/carris-planeia-voltar-a-recolocar-algumas-linhas-de-electrico-em-lisboa\/#primaryimage"},"thumbnailUrl":"https:\/\/portaltela.pt\/s.01k8rhncp4jt1\/2026\/03\/2077313.jpg","datePublished":"2026-03-30T08:32:13+00:00","author":{"@id":"https:\/\/portaltela.pt\/#\/schema\/person\/c4278d4a6028830caff9ee44b42d32ed"},"breadcrumb":{"@id":"https:\/\/portaltela.pt\/noticias\/2026\/03\/30\/carris-planeia-voltar-a-recolocar-algumas-linhas-de-electrico-em-lisboa\/#breadcrumb"},"inLanguage":"pt-PT","potentialAction":[{"@type":"ReadAction","target":["https:\/\/portaltela.pt\/noticias\/2026\/03\/30\/carris-planeia-voltar-a-recolocar-algumas-linhas-de-electrico-em-lisboa\/"]}]},{"@type":"ImageObject","inLanguage":"pt-PT","@id":"https:\/\/portaltela.pt\/noticias\/2026\/03\/30\/carris-planeia-voltar-a-recolocar-algumas-linhas-de-electrico-em-lisboa\/#primaryimage","url":"https:\/\/portaltela.pt\/s.01k8rhncp4jt1\/2026\/03\/2077313.jpg","contentUrl":"https:\/\/portaltela.pt\/s.01k8rhncp4jt1\/2026\/03\/2077313.jpg","width":796,"height":448,"caption":"Rui Lopo pretende quer ver a empresa a aumentar a sua oferta de transporte"},{"@type":"BreadcrumbList","@id":"https:\/\/portaltela.pt\/noticias\/2026\/03\/30\/carris-planeia-voltar-a-recolocar-algumas-linhas-de-electrico-em-lisboa\/#breadcrumb","itemListElement":[{"@type":"ListItem","position":1,"name":"In\u00edcio","item":"https:\/\/portaltela.pt\/"},{"@type":"ListItem","position":2,"name":"Carris planeia voltar a recolocar algumas linhas de el\u00e9ctrico em Lisboa"}]},{"@type":"WebSite","@id":"https:\/\/portaltela.pt\/#website","url":"https:\/\/portaltela.pt\/","name":"Portal Tela Portugal","description":"","potentialAction":[{"@type":"SearchAction","target":{"@type":"EntryPoint","urlTemplate":"https:\/\/portaltela.pt\/?s={search_term_string}"},"query-input":{"@type":"PropertyValueSpecification","valueRequired":true,"valueName":"search_term_string"}}],"inLanguage":"pt-PT"},{"@type":"Person","@id":"https:\/\/portaltela.pt\/#\/schema\/person\/c4278d4a6028830caff9ee44b42d32ed","name":"Telinha","image":{"@type":"ImageObject","inLanguage":"pt-PT","@id":"https:\/\/portaltela.pt\/s.01k8rhncp4jt1\/2025\/11\/talking-bot-125x125.png","url":"https:\/\/portaltela.pt\/s.01k8rhncp4jt1\/2025\/11\/talking-bot-125x125.png","contentUrl":"https:\/\/portaltela.pt\/s.01k8rhncp4jt1\/2025\/11\/talking-bot-125x125.png","caption":"Telinha"},"sameAs":["https:\/\/portaltela.pt\/"],"url":"https:\/\/portaltela.pt\/por\/367410592786\/"}]}},"_links":{"self":[{"href":"https:\/\/portaltela.pt\/api\/wp\/v2\/posts\/426614","targetHints":{"allow":["GET"]}}],"collection":[{"href":"https:\/\/portaltela.pt\/api\/wp\/v2\/posts"}],"about":[{"href":"https:\/\/portaltela.pt\/api\/wp\/v2\/types\/post"}],"author":[{"embeddable":true,"href":"https:\/\/portaltela.pt\/api\/wp\/v2\/users\/2"}],"replies":[{"embeddable":true,"href":"https:\/\/portaltela.pt\/api\/wp\/v2\/comments?post=426614"}],"version-history":[{"count":0,"href":"https:\/\/portaltela.pt\/api\/wp\/v2\/posts\/426614\/revisions"}],"wp:featuredmedia":[{"embeddable":true,"href":"https:\/\/portaltela.pt\/api\/wp\/v2\/media\/426618"}],"wp:attachment":[{"href":"https:\/\/portaltela.pt\/api\/wp\/v2\/media?parent=426614"}],"wp:term":[{"taxonomy":"category","embeddable":true,"href":"https:\/\/portaltela.pt\/api\/wp\/v2\/categories?post=426614"},{"taxonomy":"post_tag","embeddable":true,"href":"https:\/\/portaltela.pt\/api\/wp\/v2\/tags?post=426614"}],"curies":[{"name":"wp","href":"https:\/\/api.w.org\/{rel}","templated":true}]}}