{"id":426597,"date":"2026-03-30T05:16:53","date_gmt":"2026-03-30T08:16:53","guid":{"rendered":"https:\/\/portaltela.pt\/noticias\/2026\/03\/30\/david-e-victoria-beckham-em-disputa-com-vizinhos-por-projeto-milionario\/"},"modified":"2026-03-30T05:16:53","modified_gmt":"2026-03-30T08:16:53","slug":"david-e-victoria-beckham-em-disputa-com-vizinhos-por-projeto-milionario","status":"publish","type":"post","link":"https:\/\/portaltela.pt\/celebridades\/2026\/03\/30\/david-e-victoria-beckham-em-disputa-com-vizinhos-por-projeto-milionario\/","title":{"rendered":"David e Victoria Beckham em disputa com vizinhos por projeto milion\u00e1rio"},"content":{"rendered":"<p>A tranquilidade da aldeia de Great Tew, nos Cotswolds, volta a ficar em foco devido a um novo projeto dos Beckham. O casal prop\u00f5e iluminar com LEDs o lago artificial da sua propriedade, numa \u00e1rea conhecida pela paisagem rural e casas de pedra dourada.<\/p>\n<p>Vizinhos j\u00e1 apresentaram obje\u00e7\u00f5es formais junto do conselho distrital de West Oxfordshire. Alegam que as grinaldas luminosas, associadas a festivais, n\u00e3o se enquadram no ambiente rural da regi\u00e3o.<\/p>\n<p>Entre as objec\u00e7\u00f5es, um morador descreveu o projeto como suburbano e comparou-o a Blackpool, questionando se a ilumina\u00e7\u00e3o artificial n\u00e3o arruinaria as paisagens escuras de Great Tew. A discuss\u00e3o envolve a preserva\u00e7\u00e3o do cen\u00e1rio local.<\/p>\n<p>Desde 2016, quando adquiriram a propriedade, os Beckham t\u00eam promovido mudan\u00e7as significativas no espa\u00e7o, que j\u00e1 inclui lago, campo de futebol, court de t\u00e9nis, piscina, adega subterr\u00e2nea e hortas elevadas.<\/p>\n<p>Em 2025, moradores j\u00e1 tinham contestado 31 pedidos de altera\u00e7\u00f5es, incluindo uma nova estrada privada e mudan\u00e7as de paisagismo, refletindo uma disputa continuada sobre o impacto das obras.<\/p>\n<p>Os respons\u00e1veis pelo projeto sustentam que as medidas cumprem normas ambientais e integram um plano de valoriza\u00e7\u00e3o da biodiversidade. Entre as medidas previstas, est\u00e1 a prote\u00e7\u00e3o de esp\u00e9cies com abrigo subterr\u00e2neo para morcegos e outros animais.<\/p>\n<p>Especialistas alertam que a ilumina\u00e7\u00e3o artificial pode perturbar h\u00e1bitos de animais noturnos, principalmente morcegos que dependem da escurid\u00e3o para orienta\u00e7\u00e3o e alimenta\u00e7\u00e3o. O caso encontra-se em an\u00e1lise pelos t\u00e9cnicos de planeamento.<\/p>\n","protected":false},"excerpt":{"rendered":"<ul>\n<li>David e Victoria Beckham enfrentam obje\u00e7\u00f5es de moradores de Great Tew, em West Oxfordshire, a um projeto de ilumina\u00e7\u00e3o LED ao redor do lago artificial da sua quinta em Cotswolds.<\/li>\n<li>V\u00e1rios residentes j\u00e1 apresentaram queixas formais ao conselho distrital, dizendo que as luzes LED ficam demasiado &#8220;suburbanas&#8221; para a paisagem rural.<\/li>\n<li>Um vizinho descreveu o projeto como semelhante a Blackpool e afirmou que a ilumina\u00e7\u00e3o pode arruinar as paisagens escuras de Great Tew.<\/li>\n<li>Desde 2016, o casal tem feito altera\u00e7\u00f5es significativas na propriedade, incluindo lago, campo de futebol, court de t\u00e9nis, piscina e adega subterr\u00e2nea, gerando controv\u00e9rsia local.<\/li>\n<li>Os Beckham dizem que o projeto cumpre normas ambientais e visa a biodiversidade, incluindo um abrigo subterr\u00e2neo para morcegos, r\u00e9pteis e insetos; especialistas alertam para impactos da ilumina\u00e7\u00e3o na fauna nocturna enquanto o planeamento analisa o pedido.<\/li>\n<\/ul>\n","protected":false},"author":2,"featured_media":426598,"comment_status":"closed","ping_status":"closed","sticky":false,"template":"","format":"standard","meta":{"footnotes":""},"categories":[6675],"tags":[167,1701,735,45,7626,4399],"class_list":["post-426597","post","type-post","status-publish","format-standard","has-post-thumbnail","hentry","category-celebridades","tag-ambiente","tag-biodiversidade","tag-iluminacao-publica","tag-meio-ambiente","tag-morcegos","tag-paisagens"],"yoast_head":"<!-- This site is optimized with the Yoast SEO plugin v27.2 - https:\/\/yoast.com\/product\/yoast-seo-wordpress\/ -->\n<title>David e Victoria Beckham em disputa com vizinhos por projeto milion\u00e1rio - Portal Tela Portugal<\/title>\n<meta name=\"robots\" content=\"index, follow, max-snippet:-1, max-image-preview:large, max-video-preview:-1\" \/>\n<meta property=\"og:locale\" content=\"pt_PT\" \/>\n<meta property=\"og:type\" content=\"article\" \/>\n<meta property=\"og:title\" content=\"David e Victoria Beckham em disputa com vizinhos por projeto milion\u00e1rio - Portal Tela Portugal\" \/>\n<meta property=\"og:description\" content=\"David e Victoria Beckham enfrentam obje\u00e7\u00f5es de moradores de Great Tew, em West Oxfordshire, a um projeto de ilumina\u00e7\u00e3o LED ao redor do lago artificial da sua quinta em Cotswolds. V\u00e1rios residentes j\u00e1 apresentaram queixas formais ao conselho distrital, dizendo que as luzes LED ficam demasiado &quot;suburbanas&quot; para a paisagem rural. Um vizinho descreveu o projeto como semelhante a Blackpool e afirmou que a ilumina\u00e7\u00e3o pode arruinar as paisagens escuras de Great Tew. Desde 2016, o casal tem feito altera\u00e7\u00f5es significativas na propriedade, incluindo lago, campo de futebol, court de t\u00e9nis, piscina e adega subterr\u00e2nea, gerando controv\u00e9rsia local. Os Beckham dizem que o projeto cumpre normas ambientais e visa a biodiversidade, incluindo um abrigo subterr\u00e2neo para morcegos, r\u00e9pteis e insetos; especialistas alertam para impactos da ilumina\u00e7\u00e3o na fauna nocturna enquanto o planeamento analisa o pedido.\" \/>\n<meta property=\"og:url\" content=\"https:\/\/portaltela.pt\/noticias\/2026\/03\/30\/david-e-victoria-beckham-em-disputa-com-vizinhos-por-projeto-milionario\/\" \/>\n<meta property=\"og:site_name\" content=\"Portal Tela Portugal\" \/>\n<meta property=\"article:published_time\" content=\"2026-03-30T08:16:53+00:00\" \/>\n<meta name=\"author\" content=\"Telinha\" \/>\n<meta name=\"twitter:card\" content=\"summary_large_image\" \/>\n<meta name=\"twitter:label1\" content=\"Escrito por\" \/>\n\t<meta name=\"twitter:data1\" content=\"Telinha\" \/>\n\t<meta name=\"twitter:label2\" content=\"Tempo estimado de leitura\" \/>\n\t<meta name=\"twitter:data2\" content=\"1 minuto\" \/>\n<script type=\"application\/ld+json\" class=\"yoast-schema-graph\">{\"@context\":\"https:\/\/schema.org\",\"@graph\":[{\"@type\":\"Article\",\"@id\":\"https:\/\/portaltela.pt\/noticias\/2026\/03\/30\/david-e-victoria-beckham-em-disputa-com-vizinhos-por-projeto-milionario\/#article\",\"isPartOf\":{\"@id\":\"https:\/\/portaltela.pt\/noticias\/2026\/03\/30\/david-e-victoria-beckham-em-disputa-com-vizinhos-por-projeto-milionario\/\"},\"author\":{\"name\":\"Telinha\",\"@id\":\"https:\/\/portaltela.pt\/#\/schema\/person\/c4278d4a6028830caff9ee44b42d32ed\"},\"headline\":\"David e Victoria Beckham em disputa com vizinhos por projeto milion\u00e1rio\",\"datePublished\":\"2026-03-30T08:16:53+00:00\",\"mainEntityOfPage\":{\"@id\":\"https:\/\/portaltela.pt\/noticias\/2026\/03\/30\/david-e-victoria-beckham-em-disputa-com-vizinhos-por-projeto-milionario\/\"},\"wordCount\":270,\"image\":{\"@id\":\"https:\/\/portaltela.pt\/noticias\/2026\/03\/30\/david-e-victoria-beckham-em-disputa-com-vizinhos-por-projeto-milionario\/#primaryimage\"},\"thumbnailUrl\":\"https:\/\/portaltela.pt\/s.01k8rhncp4jt1\/2026\/03\/img_1280x718uu2020-05-08-17-21-51-2147019-im-639103795078181788.jpg\",\"keywords\":[\"ambiente\",\"biodiversidade\",\"ilumina\u00e7\u00e3o p\u00fablica\",\"meio-ambiente\",\"morcegos\",\"Paisagens\"],\"articleSection\":[\"Celebridades\"],\"inLanguage\":\"pt-PT\"},{\"@type\":\"WebPage\",\"@id\":\"https:\/\/portaltela.pt\/noticias\/2026\/03\/30\/david-e-victoria-beckham-em-disputa-com-vizinhos-por-projeto-milionario\/\",\"url\":\"https:\/\/portaltela.pt\/noticias\/2026\/03\/30\/david-e-victoria-beckham-em-disputa-com-vizinhos-por-projeto-milionario\/\",\"name\":\"David e Victoria Beckham em disputa com vizinhos por projeto milion\u00e1rio - Portal Tela Portugal\",\"isPartOf\":{\"@id\":\"https:\/\/portaltela.pt\/#website\"},\"primaryImageOfPage\":{\"@id\":\"https:\/\/portaltela.pt\/noticias\/2026\/03\/30\/david-e-victoria-beckham-em-disputa-com-vizinhos-por-projeto-milionario\/#primaryimage\"},\"image\":{\"@id\":\"https:\/\/portaltela.pt\/noticias\/2026\/03\/30\/david-e-victoria-beckham-em-disputa-com-vizinhos-por-projeto-milionario\/#primaryimage\"},\"thumbnailUrl\":\"https:\/\/portaltela.pt\/s.01k8rhncp4jt1\/2026\/03\/img_1280x718uu2020-05-08-17-21-51-2147019-im-639103795078181788.jpg\",\"datePublished\":\"2026-03-30T08:16:53+00:00\",\"author\":{\"@id\":\"https:\/\/portaltela.pt\/#\/schema\/person\/c4278d4a6028830caff9ee44b42d32ed\"},\"breadcrumb\":{\"@id\":\"https:\/\/portaltela.pt\/noticias\/2026\/03\/30\/david-e-victoria-beckham-em-disputa-com-vizinhos-por-projeto-milionario\/#breadcrumb\"},\"inLanguage\":\"pt-PT\",\"potentialAction\":[{\"@type\":\"ReadAction\",\"target\":[\"https:\/\/portaltela.pt\/noticias\/2026\/03\/30\/david-e-victoria-beckham-em-disputa-com-vizinhos-por-projeto-milionario\/\"]}]},{\"@type\":\"ImageObject\",\"inLanguage\":\"pt-PT\",\"@id\":\"https:\/\/portaltela.pt\/noticias\/2026\/03\/30\/david-e-victoria-beckham-em-disputa-com-vizinhos-por-projeto-milionario\/#primaryimage\",\"url\":\"https:\/\/portaltela.pt\/s.01k8rhncp4jt1\/2026\/03\/img_1280x718uu2020-05-08-17-21-51-2147019-im-639103795078181788.jpg\",\"contentUrl\":\"https:\/\/portaltela.pt\/s.01k8rhncp4jt1\/2026\/03\/img_1280x718uu2020-05-08-17-21-51-2147019-im-639103795078181788.jpg\",\"width\":796,\"height\":448,\"caption\":\"Victoria e David Beckham\"},{\"@type\":\"BreadcrumbList\",\"@id\":\"https:\/\/portaltela.pt\/noticias\/2026\/03\/30\/david-e-victoria-beckham-em-disputa-com-vizinhos-por-projeto-milionario\/#breadcrumb\",\"itemListElement\":[{\"@type\":\"ListItem\",\"position\":1,\"name\":\"In\u00edcio\",\"item\":\"https:\/\/portaltela.pt\/\"},{\"@type\":\"ListItem\",\"position\":2,\"name\":\"David e Victoria Beckham em disputa com vizinhos por projeto milion\u00e1rio\"}]},{\"@type\":\"WebSite\",\"@id\":\"https:\/\/portaltela.pt\/#website\",\"url\":\"https:\/\/portaltela.pt\/\",\"name\":\"Portal Tela Portugal\",\"description\":\"\",\"potentialAction\":[{\"@type\":\"SearchAction\",\"target\":{\"@type\":\"EntryPoint\",\"urlTemplate\":\"https:\/\/portaltela.pt\/?s={search_term_string}\"},\"query-input\":{\"@type\":\"PropertyValueSpecification\",\"valueRequired\":true,\"valueName\":\"search_term_string\"}}],\"inLanguage\":\"pt-PT\"},{\"@type\":\"Person\",\"@id\":\"https:\/\/portaltela.pt\/#\/schema\/person\/c4278d4a6028830caff9ee44b42d32ed\",\"name\":\"Telinha\",\"image\":{\"@type\":\"ImageObject\",\"inLanguage\":\"pt-PT\",\"@id\":\"https:\/\/portaltela.pt\/s.01k8rhncp4jt1\/2025\/11\/talking-bot-125x125.png\",\"url\":\"https:\/\/portaltela.pt\/s.01k8rhncp4jt1\/2025\/11\/talking-bot-125x125.png\",\"contentUrl\":\"https:\/\/portaltela.pt\/s.01k8rhncp4jt1\/2025\/11\/talking-bot-125x125.png\",\"caption\":\"Telinha\"},\"sameAs\":[\"https:\/\/portaltela.pt\/\"],\"url\":\"https:\/\/portaltela.pt\/por\/367410592786\/\"}]}<\/script>\n<!-- \/ Yoast SEO plugin. -->","yoast_head_json":{"title":"David e Victoria Beckham em disputa com vizinhos por projeto milion\u00e1rio - Portal Tela Portugal","robots":{"index":"index","follow":"follow","max-snippet":"max-snippet:-1","max-image-preview":"max-image-preview:large","max-video-preview":"max-video-preview:-1"},"og_locale":"pt_PT","og_type":"article","og_title":"David e Victoria Beckham em disputa com vizinhos por projeto milion\u00e1rio - Portal Tela Portugal","og_description":"David e Victoria Beckham enfrentam obje\u00e7\u00f5es de moradores de Great Tew, em West Oxfordshire, a um projeto de ilumina\u00e7\u00e3o LED ao redor do lago artificial da sua quinta em Cotswolds. V\u00e1rios residentes j\u00e1 apresentaram queixas formais ao conselho distrital, dizendo que as luzes LED ficam demasiado \"suburbanas\" para a paisagem rural. Um vizinho descreveu o projeto como semelhante a Blackpool e afirmou que a ilumina\u00e7\u00e3o pode arruinar as paisagens escuras de Great Tew. Desde 2016, o casal tem feito altera\u00e7\u00f5es significativas na propriedade, incluindo lago, campo de futebol, court de t\u00e9nis, piscina e adega subterr\u00e2nea, gerando controv\u00e9rsia local. Os Beckham dizem que o projeto cumpre normas ambientais e visa a biodiversidade, incluindo um abrigo subterr\u00e2neo para morcegos, r\u00e9pteis e insetos; especialistas alertam para impactos da ilumina\u00e7\u00e3o na fauna nocturna enquanto o planeamento analisa o pedido.","og_url":"https:\/\/portaltela.pt\/noticias\/2026\/03\/30\/david-e-victoria-beckham-em-disputa-com-vizinhos-por-projeto-milionario\/","og_site_name":"Portal Tela Portugal","article_published_time":"2026-03-30T08:16:53+00:00","author":"Telinha","twitter_card":"summary_large_image","twitter_misc":{"Escrito por":"Telinha","Tempo estimado de leitura":"1 minuto"},"schema":{"@context":"https:\/\/schema.org","@graph":[{"@type":"Article","@id":"https:\/\/portaltela.pt\/noticias\/2026\/03\/30\/david-e-victoria-beckham-em-disputa-com-vizinhos-por-projeto-milionario\/#article","isPartOf":{"@id":"https:\/\/portaltela.pt\/noticias\/2026\/03\/30\/david-e-victoria-beckham-em-disputa-com-vizinhos-por-projeto-milionario\/"},"author":{"name":"Telinha","@id":"https:\/\/portaltela.pt\/#\/schema\/person\/c4278d4a6028830caff9ee44b42d32ed"},"headline":"David e Victoria Beckham em disputa com vizinhos por projeto milion\u00e1rio","datePublished":"2026-03-30T08:16:53+00:00","mainEntityOfPage":{"@id":"https:\/\/portaltela.pt\/noticias\/2026\/03\/30\/david-e-victoria-beckham-em-disputa-com-vizinhos-por-projeto-milionario\/"},"wordCount":270,"image":{"@id":"https:\/\/portaltela.pt\/noticias\/2026\/03\/30\/david-e-victoria-beckham-em-disputa-com-vizinhos-por-projeto-milionario\/#primaryimage"},"thumbnailUrl":"https:\/\/portaltela.pt\/s.01k8rhncp4jt1\/2026\/03\/img_1280x718uu2020-05-08-17-21-51-2147019-im-639103795078181788.jpg","keywords":["ambiente","biodiversidade","ilumina\u00e7\u00e3o p\u00fablica","meio-ambiente","morcegos","Paisagens"],"articleSection":["Celebridades"],"inLanguage":"pt-PT"},{"@type":"WebPage","@id":"https:\/\/portaltela.pt\/noticias\/2026\/03\/30\/david-e-victoria-beckham-em-disputa-com-vizinhos-por-projeto-milionario\/","url":"https:\/\/portaltela.pt\/noticias\/2026\/03\/30\/david-e-victoria-beckham-em-disputa-com-vizinhos-por-projeto-milionario\/","name":"David e Victoria Beckham em disputa com vizinhos por projeto milion\u00e1rio - Portal Tela Portugal","isPartOf":{"@id":"https:\/\/portaltela.pt\/#website"},"primaryImageOfPage":{"@id":"https:\/\/portaltela.pt\/noticias\/2026\/03\/30\/david-e-victoria-beckham-em-disputa-com-vizinhos-por-projeto-milionario\/#primaryimage"},"image":{"@id":"https:\/\/portaltela.pt\/noticias\/2026\/03\/30\/david-e-victoria-beckham-em-disputa-com-vizinhos-por-projeto-milionario\/#primaryimage"},"thumbnailUrl":"https:\/\/portaltela.pt\/s.01k8rhncp4jt1\/2026\/03\/img_1280x718uu2020-05-08-17-21-51-2147019-im-639103795078181788.jpg","datePublished":"2026-03-30T08:16:53+00:00","author":{"@id":"https:\/\/portaltela.pt\/#\/schema\/person\/c4278d4a6028830caff9ee44b42d32ed"},"breadcrumb":{"@id":"https:\/\/portaltela.pt\/noticias\/2026\/03\/30\/david-e-victoria-beckham-em-disputa-com-vizinhos-por-projeto-milionario\/#breadcrumb"},"inLanguage":"pt-PT","potentialAction":[{"@type":"ReadAction","target":["https:\/\/portaltela.pt\/noticias\/2026\/03\/30\/david-e-victoria-beckham-em-disputa-com-vizinhos-por-projeto-milionario\/"]}]},{"@type":"ImageObject","inLanguage":"pt-PT","@id":"https:\/\/portaltela.pt\/noticias\/2026\/03\/30\/david-e-victoria-beckham-em-disputa-com-vizinhos-por-projeto-milionario\/#primaryimage","url":"https:\/\/portaltela.pt\/s.01k8rhncp4jt1\/2026\/03\/img_1280x718uu2020-05-08-17-21-51-2147019-im-639103795078181788.jpg","contentUrl":"https:\/\/portaltela.pt\/s.01k8rhncp4jt1\/2026\/03\/img_1280x718uu2020-05-08-17-21-51-2147019-im-639103795078181788.jpg","width":796,"height":448,"caption":"Victoria e David Beckham"},{"@type":"BreadcrumbList","@id":"https:\/\/portaltela.pt\/noticias\/2026\/03\/30\/david-e-victoria-beckham-em-disputa-com-vizinhos-por-projeto-milionario\/#breadcrumb","itemListElement":[{"@type":"ListItem","position":1,"name":"In\u00edcio","item":"https:\/\/portaltela.pt\/"},{"@type":"ListItem","position":2,"name":"David e Victoria Beckham em disputa com vizinhos por projeto milion\u00e1rio"}]},{"@type":"WebSite","@id":"https:\/\/portaltela.pt\/#website","url":"https:\/\/portaltela.pt\/","name":"Portal Tela Portugal","description":"","potentialAction":[{"@type":"SearchAction","target":{"@type":"EntryPoint","urlTemplate":"https:\/\/portaltela.pt\/?s={search_term_string}"},"query-input":{"@type":"PropertyValueSpecification","valueRequired":true,"valueName":"search_term_string"}}],"inLanguage":"pt-PT"},{"@type":"Person","@id":"https:\/\/portaltela.pt\/#\/schema\/person\/c4278d4a6028830caff9ee44b42d32ed","name":"Telinha","image":{"@type":"ImageObject","inLanguage":"pt-PT","@id":"https:\/\/portaltela.pt\/s.01k8rhncp4jt1\/2025\/11\/talking-bot-125x125.png","url":"https:\/\/portaltela.pt\/s.01k8rhncp4jt1\/2025\/11\/talking-bot-125x125.png","contentUrl":"https:\/\/portaltela.pt\/s.01k8rhncp4jt1\/2025\/11\/talking-bot-125x125.png","caption":"Telinha"},"sameAs":["https:\/\/portaltela.pt\/"],"url":"https:\/\/portaltela.pt\/por\/367410592786\/"}]}},"_links":{"self":[{"href":"https:\/\/portaltela.pt\/api\/wp\/v2\/posts\/426597","targetHints":{"allow":["GET"]}}],"collection":[{"href":"https:\/\/portaltela.pt\/api\/wp\/v2\/posts"}],"about":[{"href":"https:\/\/portaltela.pt\/api\/wp\/v2\/types\/post"}],"author":[{"embeddable":true,"href":"https:\/\/portaltela.pt\/api\/wp\/v2\/users\/2"}],"replies":[{"embeddable":true,"href":"https:\/\/portaltela.pt\/api\/wp\/v2\/comments?post=426597"}],"version-history":[{"count":0,"href":"https:\/\/portaltela.pt\/api\/wp\/v2\/posts\/426597\/revisions"}],"wp:featuredmedia":[{"embeddable":true,"href":"https:\/\/portaltela.pt\/api\/wp\/v2\/media\/426598"}],"wp:attachment":[{"href":"https:\/\/portaltela.pt\/api\/wp\/v2\/media?parent=426597"}],"wp:term":[{"taxonomy":"category","embeddable":true,"href":"https:\/\/portaltela.pt\/api\/wp\/v2\/categories?post=426597"},{"taxonomy":"post_tag","embeddable":true,"href":"https:\/\/portaltela.pt\/api\/wp\/v2\/tags?post=426597"}],"curies":[{"name":"wp","href":"https:\/\/api.w.org\/{rel}","templated":true}]}}