{"id":426584,"date":"2026-03-30T05:02:37","date_gmt":"2026-03-30T08:02:37","guid":{"rendered":"https:\/\/portaltela.pt\/noticias\/2026\/03\/30\/mil-toneladas-de-alimentos-sao-desperdicadas-por-familias-portuguesas-diariamente\/"},"modified":"2026-03-30T05:02:37","modified_gmt":"2026-03-30T08:02:37","slug":"mil-toneladas-de-alimentos-sao-desperdicadas-por-familias-portuguesas-diariamente","status":"publish","type":"post","link":"https:\/\/portaltela.pt\/meio-ambiente\/2026\/03\/30\/mil-toneladas-de-alimentos-sao-desperdicadas-por-familias-portuguesas-diariamente\/","title":{"rendered":"Mil toneladas de alimentos s\u00e3o desperdi\u00e7adas por fam\u00edlias portuguesas diariamente"},"content":{"rendered":"<p>A associa\u00e7\u00e3o ambiental Zero alerta para um desperd\u00edcio alimentar elevado em Portugal, com base num estudo piloto em Ourique, no Alentejo. Segundo a organiza\u00e7\u00e3o, as fam\u00edlias podem chegar a desperdi\u00e7ar mil toneladas de alimentos por dia, numa extrapola\u00e7\u00e3o nacional.<\/p>\n<p>O relat\u00f3rio foi apresentado no \u00e2mbito do Dia Internacional do Res\u00edduo Zero, reconhecido pela ONU, em 14 de dezembro de 2022. O estudo conclui que uma popula\u00e7\u00e3o de apenas 300 habitantes pode desperdi\u00e7ar at\u00e9 12 toneladas de alimentos por ano.<\/p>\n<h3>Metodologia e alcance<\/h3>\n<p>O trabalho, desenvolvido com o munic\u00edpio de Ourique, analisa res\u00edduos indiferenciados de tr\u00eas circuitos porta-a-porta, com uma amostra de 250 kg recolhida ao longo de um ano. O texto explica que a separa\u00e7\u00e3o de biorres\u00edduos n\u00e3o elimina o desperd\u00edcio de comida no agregado familiar.<\/p>\n<h3>Resultados-chave<\/h3>\n<p>Entre os tr\u00eas bairros estudados, com 150 habita\u00e7\u00f5es e dois estabelecimentos do setor HORECA, 51% dos res\u00edduos indiferenciados s\u00e3o biorres\u00edduos. O desperd\u00edcio alimentar representa 28% dos biorres\u00edduos e 16% do total de res\u00edduos caracterizados.<\/p>\n<h3>Perspetiva nacional<\/h3>\n<p>Partindo da amostra de Ourique, a Zero estima que o desperd\u00edcio anual em Portugal rondaria as 376 mil toneladas, ou 38 kg por habitante por ano, equivalentes a cerca de mil toneladas por dia. A organiza\u00e7\u00e3o revela que restos de refei\u00e7\u00f5es, frutas, legumes e p\u00e3o a granel concentram o volume de alimento descartado.<\/p>\n","protected":false},"excerpt":{"rendered":"<ul>\n<li>Um estudo da associa\u00e7\u00e3o Zero estimou que as fam\u00edlias portuguesas podem desperdi\u00e7ar mil toneladas de alimentos por dia, a partir de uma amostra em Ourique, no Alentejo.<\/li>\n<li>A extrapola\u00e7\u00e3o nacional, com base nesses dados, aponta para cerca de 376 mil toneladas de desperd\u00edcio alimentar por ano, ou 38 kg por habitante por ano.<\/li>\n<li>Se a situa\u00e7\u00e3o se mantiver, uma cidade de 100 mil habitantes poder\u00e1 gerar 3.760 toneladas de alimentos desperdi\u00e7ados anualmente, que acabam em res\u00edduos ou aterro.<\/li>\n<li>O trabalho analisou res\u00edduos indiferenciados de tr\u00eas circuitos porta-a-porta em Ourique, com uma amostra total de 250 kg ao longo de um ano.<\/li>\n<li>Em Ourique, 51% dos res\u00edduos indiferenciados s\u00e3o biorres\u00edduos; o desperd\u00edcio alimentar representa 28% dos biorres\u00edduos e 16% do total de res\u00edduos caracterizados.<\/li>\n<\/ul>\n","protected":false},"author":2,"featured_media":426587,"comment_status":"closed","ping_status":"closed","sticky":false,"template":"","format":"standard","meta":{"footnotes":""},"categories":[6725],"tags":[86,5585,45,5123,1014,645],"class_list":["post-426584","post","type-post","status-publish","format-standard","has-post-thumbnail","hentry","category-meio-ambiente","tag-alimentacao","tag-desperdicios","tag-meio-ambiente","tag-onu","tag-portugal","tag-residuos"],"yoast_head":"<!-- This site is optimized with the Yoast SEO plugin v27.2 - https:\/\/yoast.com\/product\/yoast-seo-wordpress\/ -->\n<title>Mil toneladas de alimentos s\u00e3o desperdi\u00e7adas por fam\u00edlias portuguesas diariamente - Portal Tela Portugal<\/title>\n<meta name=\"robots\" content=\"index, follow, max-snippet:-1, max-image-preview:large, max-video-preview:-1\" \/>\n<meta property=\"og:locale\" content=\"pt_PT\" \/>\n<meta property=\"og:type\" content=\"article\" \/>\n<meta property=\"og:title\" content=\"Mil toneladas de alimentos s\u00e3o desperdi\u00e7adas por fam\u00edlias portuguesas diariamente - Portal Tela Portugal\" \/>\n<meta property=\"og:description\" content=\"Um estudo da associa\u00e7\u00e3o Zero estimou que as fam\u00edlias portuguesas podem desperdi\u00e7ar mil toneladas de alimentos por dia, a partir de uma amostra em Ourique, no Alentejo. A extrapola\u00e7\u00e3o nacional, com base nesses dados, aponta para cerca de 376 mil toneladas de desperd\u00edcio alimentar por ano, ou 38 kg por habitante por ano. Se a situa\u00e7\u00e3o se mantiver, uma cidade de 100 mil habitantes poder\u00e1 gerar 3.760 toneladas de alimentos desperdi\u00e7ados anualmente, que acabam em res\u00edduos ou aterro. O trabalho analisou res\u00edduos indiferenciados de tr\u00eas circuitos porta-a-porta em Ourique, com uma amostra total de 250 kg ao longo de um ano. Em Ourique, 51% dos res\u00edduos indiferenciados s\u00e3o biorres\u00edduos; o desperd\u00edcio alimentar representa 28% dos biorres\u00edduos e 16% do total de res\u00edduos caracterizados.\" \/>\n<meta property=\"og:url\" content=\"https:\/\/portaltela.pt\/noticias\/2026\/03\/30\/mil-toneladas-de-alimentos-sao-desperdicadas-por-familias-portuguesas-diariamente\/\" \/>\n<meta property=\"og:site_name\" content=\"Portal Tela Portugal\" \/>\n<meta property=\"article:published_time\" content=\"2026-03-30T08:02:37+00:00\" \/>\n<meta name=\"author\" content=\"Telinha\" \/>\n<meta name=\"twitter:card\" content=\"summary_large_image\" \/>\n<meta name=\"twitter:label1\" content=\"Escrito por\" \/>\n\t<meta name=\"twitter:data1\" content=\"Telinha\" \/>\n\t<meta name=\"twitter:label2\" content=\"Tempo estimado de leitura\" \/>\n\t<meta name=\"twitter:data2\" content=\"1 minuto\" \/>\n<script type=\"application\/ld+json\" class=\"yoast-schema-graph\">{\"@context\":\"https:\/\/schema.org\",\"@graph\":[{\"@type\":\"Article\",\"@id\":\"https:\/\/portaltela.pt\/noticias\/2026\/03\/30\/mil-toneladas-de-alimentos-sao-desperdicadas-por-familias-portuguesas-diariamente\/#article\",\"isPartOf\":{\"@id\":\"https:\/\/portaltela.pt\/noticias\/2026\/03\/30\/mil-toneladas-de-alimentos-sao-desperdicadas-por-familias-portuguesas-diariamente\/\"},\"author\":{\"name\":\"Telinha\",\"@id\":\"https:\/\/portaltela.pt\/#\/schema\/person\/c4278d4a6028830caff9ee44b42d32ed\"},\"headline\":\"Mil toneladas de alimentos s\u00e3o desperdi\u00e7adas por fam\u00edlias portuguesas diariamente\",\"datePublished\":\"2026-03-30T08:02:37+00:00\",\"mainEntityOfPage\":{\"@id\":\"https:\/\/portaltela.pt\/noticias\/2026\/03\/30\/mil-toneladas-de-alimentos-sao-desperdicadas-por-familias-portuguesas-diariamente\/\"},\"wordCount\":247,\"image\":{\"@id\":\"https:\/\/portaltela.pt\/noticias\/2026\/03\/30\/mil-toneladas-de-alimentos-sao-desperdicadas-por-familias-portuguesas-diariamente\/#primaryimage\"},\"thumbnailUrl\":\"https:\/\/portaltela.pt\/s.01k8rhncp4jt1\/2026\/03\/img_1280x721uu2024-02-17-20-37-06-1574289.jpg\",\"keywords\":[\"alimenta\u00e7\u00e3o\",\"desperd\u00edcios\",\"meio-ambiente\",\"ONU\",\"Portugal\",\"res\u00edduos\"],\"articleSection\":[\"Meio Ambiente\"],\"inLanguage\":\"pt-PT\"},{\"@type\":\"WebPage\",\"@id\":\"https:\/\/portaltela.pt\/noticias\/2026\/03\/30\/mil-toneladas-de-alimentos-sao-desperdicadas-por-familias-portuguesas-diariamente\/\",\"url\":\"https:\/\/portaltela.pt\/noticias\/2026\/03\/30\/mil-toneladas-de-alimentos-sao-desperdicadas-por-familias-portuguesas-diariamente\/\",\"name\":\"Mil toneladas de alimentos s\u00e3o desperdi\u00e7adas por fam\u00edlias portuguesas diariamente - Portal Tela Portugal\",\"isPartOf\":{\"@id\":\"https:\/\/portaltela.pt\/#website\"},\"primaryImageOfPage\":{\"@id\":\"https:\/\/portaltela.pt\/noticias\/2026\/03\/30\/mil-toneladas-de-alimentos-sao-desperdicadas-por-familias-portuguesas-diariamente\/#primaryimage\"},\"image\":{\"@id\":\"https:\/\/portaltela.pt\/noticias\/2026\/03\/30\/mil-toneladas-de-alimentos-sao-desperdicadas-por-familias-portuguesas-diariamente\/#primaryimage\"},\"thumbnailUrl\":\"https:\/\/portaltela.pt\/s.01k8rhncp4jt1\/2026\/03\/img_1280x721uu2024-02-17-20-37-06-1574289.jpg\",\"datePublished\":\"2026-03-30T08:02:37+00:00\",\"author\":{\"@id\":\"https:\/\/portaltela.pt\/#\/schema\/person\/c4278d4a6028830caff9ee44b42d32ed\"},\"breadcrumb\":{\"@id\":\"https:\/\/portaltela.pt\/noticias\/2026\/03\/30\/mil-toneladas-de-alimentos-sao-desperdicadas-por-familias-portuguesas-diariamente\/#breadcrumb\"},\"inLanguage\":\"pt-PT\",\"potentialAction\":[{\"@type\":\"ReadAction\",\"target\":[\"https:\/\/portaltela.pt\/noticias\/2026\/03\/30\/mil-toneladas-de-alimentos-sao-desperdicadas-por-familias-portuguesas-diariamente\/\"]}]},{\"@type\":\"ImageObject\",\"inLanguage\":\"pt-PT\",\"@id\":\"https:\/\/portaltela.pt\/noticias\/2026\/03\/30\/mil-toneladas-de-alimentos-sao-desperdicadas-por-familias-portuguesas-diariamente\/#primaryimage\",\"url\":\"https:\/\/portaltela.pt\/s.01k8rhncp4jt1\/2026\/03\/img_1280x721uu2024-02-17-20-37-06-1574289.jpg\",\"contentUrl\":\"https:\/\/portaltela.pt\/s.01k8rhncp4jt1\/2026\/03\/img_1280x721uu2024-02-17-20-37-06-1574289.jpg\",\"width\":796,\"height\":448,\"caption\":\"Photo\"},{\"@type\":\"BreadcrumbList\",\"@id\":\"https:\/\/portaltela.pt\/noticias\/2026\/03\/30\/mil-toneladas-de-alimentos-sao-desperdicadas-por-familias-portuguesas-diariamente\/#breadcrumb\",\"itemListElement\":[{\"@type\":\"ListItem\",\"position\":1,\"name\":\"In\u00edcio\",\"item\":\"https:\/\/portaltela.pt\/\"},{\"@type\":\"ListItem\",\"position\":2,\"name\":\"Mil toneladas de alimentos s\u00e3o desperdi\u00e7adas por fam\u00edlias portuguesas diariamente\"}]},{\"@type\":\"WebSite\",\"@id\":\"https:\/\/portaltela.pt\/#website\",\"url\":\"https:\/\/portaltela.pt\/\",\"name\":\"Portal Tela Portugal\",\"description\":\"\",\"potentialAction\":[{\"@type\":\"SearchAction\",\"target\":{\"@type\":\"EntryPoint\",\"urlTemplate\":\"https:\/\/portaltela.pt\/?s={search_term_string}\"},\"query-input\":{\"@type\":\"PropertyValueSpecification\",\"valueRequired\":true,\"valueName\":\"search_term_string\"}}],\"inLanguage\":\"pt-PT\"},{\"@type\":\"Person\",\"@id\":\"https:\/\/portaltela.pt\/#\/schema\/person\/c4278d4a6028830caff9ee44b42d32ed\",\"name\":\"Telinha\",\"image\":{\"@type\":\"ImageObject\",\"inLanguage\":\"pt-PT\",\"@id\":\"https:\/\/portaltela.pt\/s.01k8rhncp4jt1\/2025\/11\/talking-bot-125x125.png\",\"url\":\"https:\/\/portaltela.pt\/s.01k8rhncp4jt1\/2025\/11\/talking-bot-125x125.png\",\"contentUrl\":\"https:\/\/portaltela.pt\/s.01k8rhncp4jt1\/2025\/11\/talking-bot-125x125.png\",\"caption\":\"Telinha\"},\"sameAs\":[\"https:\/\/portaltela.pt\/\"],\"url\":\"https:\/\/portaltela.pt\/por\/367410592786\/\"}]}<\/script>\n<!-- \/ Yoast SEO plugin. -->","yoast_head_json":{"title":"Mil toneladas de alimentos s\u00e3o desperdi\u00e7adas por fam\u00edlias portuguesas diariamente - Portal Tela Portugal","robots":{"index":"index","follow":"follow","max-snippet":"max-snippet:-1","max-image-preview":"max-image-preview:large","max-video-preview":"max-video-preview:-1"},"og_locale":"pt_PT","og_type":"article","og_title":"Mil toneladas de alimentos s\u00e3o desperdi\u00e7adas por fam\u00edlias portuguesas diariamente - Portal Tela Portugal","og_description":"Um estudo da associa\u00e7\u00e3o Zero estimou que as fam\u00edlias portuguesas podem desperdi\u00e7ar mil toneladas de alimentos por dia, a partir de uma amostra em Ourique, no Alentejo. A extrapola\u00e7\u00e3o nacional, com base nesses dados, aponta para cerca de 376 mil toneladas de desperd\u00edcio alimentar por ano, ou 38 kg por habitante por ano. Se a situa\u00e7\u00e3o se mantiver, uma cidade de 100 mil habitantes poder\u00e1 gerar 3.760 toneladas de alimentos desperdi\u00e7ados anualmente, que acabam em res\u00edduos ou aterro. O trabalho analisou res\u00edduos indiferenciados de tr\u00eas circuitos porta-a-porta em Ourique, com uma amostra total de 250 kg ao longo de um ano. Em Ourique, 51% dos res\u00edduos indiferenciados s\u00e3o biorres\u00edduos; o desperd\u00edcio alimentar representa 28% dos biorres\u00edduos e 16% do total de res\u00edduos caracterizados.","og_url":"https:\/\/portaltela.pt\/noticias\/2026\/03\/30\/mil-toneladas-de-alimentos-sao-desperdicadas-por-familias-portuguesas-diariamente\/","og_site_name":"Portal Tela Portugal","article_published_time":"2026-03-30T08:02:37+00:00","author":"Telinha","twitter_card":"summary_large_image","twitter_misc":{"Escrito por":"Telinha","Tempo estimado de leitura":"1 minuto"},"schema":{"@context":"https:\/\/schema.org","@graph":[{"@type":"Article","@id":"https:\/\/portaltela.pt\/noticias\/2026\/03\/30\/mil-toneladas-de-alimentos-sao-desperdicadas-por-familias-portuguesas-diariamente\/#article","isPartOf":{"@id":"https:\/\/portaltela.pt\/noticias\/2026\/03\/30\/mil-toneladas-de-alimentos-sao-desperdicadas-por-familias-portuguesas-diariamente\/"},"author":{"name":"Telinha","@id":"https:\/\/portaltela.pt\/#\/schema\/person\/c4278d4a6028830caff9ee44b42d32ed"},"headline":"Mil toneladas de alimentos s\u00e3o desperdi\u00e7adas por fam\u00edlias portuguesas diariamente","datePublished":"2026-03-30T08:02:37+00:00","mainEntityOfPage":{"@id":"https:\/\/portaltela.pt\/noticias\/2026\/03\/30\/mil-toneladas-de-alimentos-sao-desperdicadas-por-familias-portuguesas-diariamente\/"},"wordCount":247,"image":{"@id":"https:\/\/portaltela.pt\/noticias\/2026\/03\/30\/mil-toneladas-de-alimentos-sao-desperdicadas-por-familias-portuguesas-diariamente\/#primaryimage"},"thumbnailUrl":"https:\/\/portaltela.pt\/s.01k8rhncp4jt1\/2026\/03\/img_1280x721uu2024-02-17-20-37-06-1574289.jpg","keywords":["alimenta\u00e7\u00e3o","desperd\u00edcios","meio-ambiente","ONU","Portugal","res\u00edduos"],"articleSection":["Meio Ambiente"],"inLanguage":"pt-PT"},{"@type":"WebPage","@id":"https:\/\/portaltela.pt\/noticias\/2026\/03\/30\/mil-toneladas-de-alimentos-sao-desperdicadas-por-familias-portuguesas-diariamente\/","url":"https:\/\/portaltela.pt\/noticias\/2026\/03\/30\/mil-toneladas-de-alimentos-sao-desperdicadas-por-familias-portuguesas-diariamente\/","name":"Mil toneladas de alimentos s\u00e3o desperdi\u00e7adas por fam\u00edlias portuguesas diariamente - Portal Tela Portugal","isPartOf":{"@id":"https:\/\/portaltela.pt\/#website"},"primaryImageOfPage":{"@id":"https:\/\/portaltela.pt\/noticias\/2026\/03\/30\/mil-toneladas-de-alimentos-sao-desperdicadas-por-familias-portuguesas-diariamente\/#primaryimage"},"image":{"@id":"https:\/\/portaltela.pt\/noticias\/2026\/03\/30\/mil-toneladas-de-alimentos-sao-desperdicadas-por-familias-portuguesas-diariamente\/#primaryimage"},"thumbnailUrl":"https:\/\/portaltela.pt\/s.01k8rhncp4jt1\/2026\/03\/img_1280x721uu2024-02-17-20-37-06-1574289.jpg","datePublished":"2026-03-30T08:02:37+00:00","author":{"@id":"https:\/\/portaltela.pt\/#\/schema\/person\/c4278d4a6028830caff9ee44b42d32ed"},"breadcrumb":{"@id":"https:\/\/portaltela.pt\/noticias\/2026\/03\/30\/mil-toneladas-de-alimentos-sao-desperdicadas-por-familias-portuguesas-diariamente\/#breadcrumb"},"inLanguage":"pt-PT","potentialAction":[{"@type":"ReadAction","target":["https:\/\/portaltela.pt\/noticias\/2026\/03\/30\/mil-toneladas-de-alimentos-sao-desperdicadas-por-familias-portuguesas-diariamente\/"]}]},{"@type":"ImageObject","inLanguage":"pt-PT","@id":"https:\/\/portaltela.pt\/noticias\/2026\/03\/30\/mil-toneladas-de-alimentos-sao-desperdicadas-por-familias-portuguesas-diariamente\/#primaryimage","url":"https:\/\/portaltela.pt\/s.01k8rhncp4jt1\/2026\/03\/img_1280x721uu2024-02-17-20-37-06-1574289.jpg","contentUrl":"https:\/\/portaltela.pt\/s.01k8rhncp4jt1\/2026\/03\/img_1280x721uu2024-02-17-20-37-06-1574289.jpg","width":796,"height":448,"caption":"Photo"},{"@type":"BreadcrumbList","@id":"https:\/\/portaltela.pt\/noticias\/2026\/03\/30\/mil-toneladas-de-alimentos-sao-desperdicadas-por-familias-portuguesas-diariamente\/#breadcrumb","itemListElement":[{"@type":"ListItem","position":1,"name":"In\u00edcio","item":"https:\/\/portaltela.pt\/"},{"@type":"ListItem","position":2,"name":"Mil toneladas de alimentos s\u00e3o desperdi\u00e7adas por fam\u00edlias portuguesas diariamente"}]},{"@type":"WebSite","@id":"https:\/\/portaltela.pt\/#website","url":"https:\/\/portaltela.pt\/","name":"Portal Tela Portugal","description":"","potentialAction":[{"@type":"SearchAction","target":{"@type":"EntryPoint","urlTemplate":"https:\/\/portaltela.pt\/?s={search_term_string}"},"query-input":{"@type":"PropertyValueSpecification","valueRequired":true,"valueName":"search_term_string"}}],"inLanguage":"pt-PT"},{"@type":"Person","@id":"https:\/\/portaltela.pt\/#\/schema\/person\/c4278d4a6028830caff9ee44b42d32ed","name":"Telinha","image":{"@type":"ImageObject","inLanguage":"pt-PT","@id":"https:\/\/portaltela.pt\/s.01k8rhncp4jt1\/2025\/11\/talking-bot-125x125.png","url":"https:\/\/portaltela.pt\/s.01k8rhncp4jt1\/2025\/11\/talking-bot-125x125.png","contentUrl":"https:\/\/portaltela.pt\/s.01k8rhncp4jt1\/2025\/11\/talking-bot-125x125.png","caption":"Telinha"},"sameAs":["https:\/\/portaltela.pt\/"],"url":"https:\/\/portaltela.pt\/por\/367410592786\/"}]}},"_links":{"self":[{"href":"https:\/\/portaltela.pt\/api\/wp\/v2\/posts\/426584","targetHints":{"allow":["GET"]}}],"collection":[{"href":"https:\/\/portaltela.pt\/api\/wp\/v2\/posts"}],"about":[{"href":"https:\/\/portaltela.pt\/api\/wp\/v2\/types\/post"}],"author":[{"embeddable":true,"href":"https:\/\/portaltela.pt\/api\/wp\/v2\/users\/2"}],"replies":[{"embeddable":true,"href":"https:\/\/portaltela.pt\/api\/wp\/v2\/comments?post=426584"}],"version-history":[{"count":0,"href":"https:\/\/portaltela.pt\/api\/wp\/v2\/posts\/426584\/revisions"}],"wp:featuredmedia":[{"embeddable":true,"href":"https:\/\/portaltela.pt\/api\/wp\/v2\/media\/426587"}],"wp:attachment":[{"href":"https:\/\/portaltela.pt\/api\/wp\/v2\/media?parent=426584"}],"wp:term":[{"taxonomy":"category","embeddable":true,"href":"https:\/\/portaltela.pt\/api\/wp\/v2\/categories?post=426584"},{"taxonomy":"post_tag","embeddable":true,"href":"https:\/\/portaltela.pt\/api\/wp\/v2\/tags?post=426584"}],"curies":[{"name":"wp","href":"https:\/\/api.w.org\/{rel}","templated":true}]}}