{"id":426581,"date":"2026-03-30T05:02:26","date_gmt":"2026-03-30T08:02:26","guid":{"rendered":"https:\/\/portaltela.pt\/noticias\/2026\/03\/30\/barcelona-mostra-grande-interesse-em-schjelderup-extremo-do-benfica\/"},"modified":"2026-03-30T05:02:26","modified_gmt":"2026-03-30T08:02:26","slug":"barcelona-mostra-grande-interesse-em-schjelderup-extremo-do-benfica","status":"publish","type":"post","link":"https:\/\/portaltela.pt\/desporto\/futebol\/2026\/03\/30\/barcelona-mostra-grande-interesse-em-schjelderup-extremo-do-benfica\/","title":{"rendered":"Barcelona mostra grande interesse em Schjelderup, extremo do Benfica"},"content":{"rendered":"<p>Andreas Schjelderup atravessa a melhor fase da carreira no Benfica, ap\u00f3s ter estado perto de partir no \u00faltimo mercado de inverno. O extremo noruegu\u00eas tornou-se titular de Jos\u00e9 Mourinho e j\u00e1 marcou pela sele\u00e7\u00e3o principal da Noruega.<\/p>\n<p>A ascens\u00e3o do jogador coincide com interesse de clubes europeus, nomeadamente o Barcelona. O di\u00e1rio espanhol Sport coloca Schjelderup entre as principais op\u00e7\u00f5es para refor\u00e7ar as alas do ataque azulgrana, com avalia\u00e7\u00e3o positiva sobre o rendimento do atleta.<\/p>\n<h3>Inter\u00easse do Barcelona ganha for\u00e7a<\/h3>\n<p>Segundo o Sport, o Barcelona est\u00e1 atento ao desempenho do jogador desde o duelo com o Benfica pela Liga dos Campe\u00f5es, ganho pelo Bar\u00e7a por 5-4. O jornal sustenta que Schjelderup agradou \u00e0 dupla forma\u00e7\u00e3o t\u00e9cnica de Hansi Flick e \u00e0 dire\u00e7\u00e3o do clube.<\/p>\n<p>O interesse de Barcelona tem antecedentes: em janeiro de 2025 o Sport j\u00e1 relatava a surpresa dos respons\u00e1veis catal\u00e3es com a exibi\u00e7\u00e3o do noruegu\u00eas. Na altura, Schjelderup reagiu destacando que \u00e9 benfiquista e que est\u00e1 focado no clube onde atua.<\/p>\n<h3>Situa\u00e7\u00e3o contratual e pr\u00f3ximos passos<\/h3>\n<p>Schjelderup tem contrato com o Benfica at\u00e9 junho de 2028 e cl\u00e1usula de rescis\u00e3o de 100 milh\u00f5es de euros. A dire\u00e7\u00e3o da Benfica SAD j\u00e1 iniciou conversas para renovar o v\u00ednculo, com revis\u00e3o salarial prevista, conforme relatos da imprensa.<\/p>\n<p>Mais recentemente, o di\u00e1rio catal\u00e3o mencionou que Deco, respons\u00e1vel pela \u00e1rea desportiva do Bar\u00e7a, acompanha discretamente a evolu\u00e7\u00e3o do jogador. A federa\u00e7\u00e3o internacional n\u00e3o confirmou qualquer negocia\u00e7\u00e3o em curso.<\/p>\n","protected":false},"excerpt":{"rendered":"<ul>\n<li>Andreas Schjelderup, extremo noruegu\u00eas de 21 anos do Benfica, tornou-se titular e atravessa a melhor fase da carreira.<\/li>\n<li>O jornal espanhol Sport apresenta-o como uma das principais op\u00e7\u00f5es do Barcelona para refor\u00e7ar as alas, destacando que agrada muito ao treinador e \u00e0 dire\u00e7\u00e3o.<\/li>\n<li>O interesse do Barcelona j\u00e1 era conhecido desde o encontro entre Benfica e Bar\u00e7a na Liga dos Campe\u00f5es, que o clube catal\u00e3o acompanhou de perto.<\/li>\n<li>Schjelderup j\u00e1 foi alvo de observa\u00e7\u00e3o do Bar\u00e7a e disse ficar feliz com o reconhecimento, mantendo-se, contudo, jogador do Benfica.<\/li>\n<li>O Benfica tem contrato at\u00e9 junho de 2028 com Schjelderup, com cl\u00e1usula de rescis\u00e3o de 100 milh\u00f5es de euros, tendo a SAD j\u00e1 abordado uma poss\u00edvel renova\u00e7\u00e3o.<\/li>\n<\/ul>\n","protected":false},"author":2,"featured_media":426582,"comment_status":"closed","ping_status":"closed","sticky":false,"template":"","format":"standard","meta":{"footnotes":""},"categories":[21,24],"tags":[2587,1946,3577,1125,32,2125],"class_list":["post-426581","post","type-post","status-publish","format-standard","has-post-thumbnail","hentry","category-desporto","category-futebol","tag-barcelona","tag-benfica","tag-champions-league","tag-contratos","tag-futebol","tag-noruega"],"yoast_head":"<!-- This site is optimized with the Yoast SEO plugin v27.2 - https:\/\/yoast.com\/product\/yoast-seo-wordpress\/ -->\n<title>Barcelona mostra grande interesse em Schjelderup, extremo do Benfica - Portal Tela Portugal<\/title>\n<meta name=\"robots\" content=\"index, follow, max-snippet:-1, max-image-preview:large, max-video-preview:-1\" \/>\n<meta property=\"og:locale\" content=\"pt_PT\" \/>\n<meta property=\"og:type\" content=\"article\" \/>\n<meta property=\"og:title\" content=\"Barcelona mostra grande interesse em Schjelderup, extremo do Benfica - Portal Tela Portugal\" \/>\n<meta property=\"og:description\" content=\"Andreas Schjelderup, extremo noruegu\u00eas de 21 anos do Benfica, tornou-se titular e atravessa a melhor fase da carreira. O jornal espanhol Sport apresenta-o como uma das principais op\u00e7\u00f5es do Barcelona para refor\u00e7ar as alas, destacando que agrada muito ao treinador e \u00e0 dire\u00e7\u00e3o. O interesse do Barcelona j\u00e1 era conhecido desde o encontro entre Benfica e Bar\u00e7a na Liga dos Campe\u00f5es, que o clube catal\u00e3o acompanhou de perto. Schjelderup j\u00e1 foi alvo de observa\u00e7\u00e3o do Bar\u00e7a e disse ficar feliz com o reconhecimento, mantendo-se, contudo, jogador do Benfica. O Benfica tem contrato at\u00e9 junho de 2028 com Schjelderup, com cl\u00e1usula de rescis\u00e3o de 100 milh\u00f5es de euros, tendo a SAD j\u00e1 abordado uma poss\u00edvel renova\u00e7\u00e3o.\" \/>\n<meta property=\"og:url\" content=\"https:\/\/portaltela.pt\/noticias\/2026\/03\/30\/barcelona-mostra-grande-interesse-em-schjelderup-extremo-do-benfica\/\" \/>\n<meta property=\"og:site_name\" content=\"Portal Tela Portugal\" \/>\n<meta property=\"article:published_time\" content=\"2026-03-30T08:02:26+00:00\" \/>\n<meta name=\"author\" content=\"Telinha\" \/>\n<meta name=\"twitter:card\" content=\"summary_large_image\" \/>\n<meta name=\"twitter:label1\" content=\"Escrito por\" \/>\n\t<meta name=\"twitter:data1\" content=\"Telinha\" \/>\n\t<meta name=\"twitter:label2\" content=\"Tempo estimado de leitura\" \/>\n\t<meta name=\"twitter:data2\" content=\"1 minuto\" \/>\n<script type=\"application\/ld+json\" class=\"yoast-schema-graph\">{\"@context\":\"https:\/\/schema.org\",\"@graph\":[{\"@type\":\"Article\",\"@id\":\"https:\/\/portaltela.pt\/noticias\/2026\/03\/30\/barcelona-mostra-grande-interesse-em-schjelderup-extremo-do-benfica\/#article\",\"isPartOf\":{\"@id\":\"https:\/\/portaltela.pt\/noticias\/2026\/03\/30\/barcelona-mostra-grande-interesse-em-schjelderup-extremo-do-benfica\/\"},\"author\":{\"name\":\"Telinha\",\"@id\":\"https:\/\/portaltela.pt\/#\/schema\/person\/c4278d4a6028830caff9ee44b42d32ed\"},\"headline\":\"Barcelona mostra grande interesse em Schjelderup, extremo do Benfica\",\"datePublished\":\"2026-03-30T08:02:26+00:00\",\"mainEntityOfPage\":{\"@id\":\"https:\/\/portaltela.pt\/noticias\/2026\/03\/30\/barcelona-mostra-grande-interesse-em-schjelderup-extremo-do-benfica\/\"},\"wordCount\":275,\"image\":{\"@id\":\"https:\/\/portaltela.pt\/noticias\/2026\/03\/30\/barcelona-mostra-grande-interesse-em-schjelderup-extremo-do-benfica\/#primaryimage\"},\"thumbnailUrl\":\"https:\/\/portaltela.pt\/s.01k8rhncp4jt1\/2026\/03\/img_920x518uu2026-03-30-08-43-15-2430064.jpg\",\"keywords\":[\"Barcelona\",\"Benfica\",\"Champions League\",\"contratos\",\"futebol\",\"Noruega\"],\"articleSection\":[\"Desporto\",\"Futebol\"],\"inLanguage\":\"pt-PT\"},{\"@type\":\"WebPage\",\"@id\":\"https:\/\/portaltela.pt\/noticias\/2026\/03\/30\/barcelona-mostra-grande-interesse-em-schjelderup-extremo-do-benfica\/\",\"url\":\"https:\/\/portaltela.pt\/noticias\/2026\/03\/30\/barcelona-mostra-grande-interesse-em-schjelderup-extremo-do-benfica\/\",\"name\":\"Barcelona mostra grande interesse em Schjelderup, extremo do Benfica - Portal Tela Portugal\",\"isPartOf\":{\"@id\":\"https:\/\/portaltela.pt\/#website\"},\"primaryImageOfPage\":{\"@id\":\"https:\/\/portaltela.pt\/noticias\/2026\/03\/30\/barcelona-mostra-grande-interesse-em-schjelderup-extremo-do-benfica\/#primaryimage\"},\"image\":{\"@id\":\"https:\/\/portaltela.pt\/noticias\/2026\/03\/30\/barcelona-mostra-grande-interesse-em-schjelderup-extremo-do-benfica\/#primaryimage\"},\"thumbnailUrl\":\"https:\/\/portaltela.pt\/s.01k8rhncp4jt1\/2026\/03\/img_920x518uu2026-03-30-08-43-15-2430064.jpg\",\"datePublished\":\"2026-03-30T08:02:26+00:00\",\"author\":{\"@id\":\"https:\/\/portaltela.pt\/#\/schema\/person\/c4278d4a6028830caff9ee44b42d32ed\"},\"breadcrumb\":{\"@id\":\"https:\/\/portaltela.pt\/noticias\/2026\/03\/30\/barcelona-mostra-grande-interesse-em-schjelderup-extremo-do-benfica\/#breadcrumb\"},\"inLanguage\":\"pt-PT\",\"potentialAction\":[{\"@type\":\"ReadAction\",\"target\":[\"https:\/\/portaltela.pt\/noticias\/2026\/03\/30\/barcelona-mostra-grande-interesse-em-schjelderup-extremo-do-benfica\/\"]}]},{\"@type\":\"ImageObject\",\"inLanguage\":\"pt-PT\",\"@id\":\"https:\/\/portaltela.pt\/noticias\/2026\/03\/30\/barcelona-mostra-grande-interesse-em-schjelderup-extremo-do-benfica\/#primaryimage\",\"url\":\"https:\/\/portaltela.pt\/s.01k8rhncp4jt1\/2026\/03\/img_920x518uu2026-03-30-08-43-15-2430064.jpg\",\"contentUrl\":\"https:\/\/portaltela.pt\/s.01k8rhncp4jt1\/2026\/03\/img_920x518uu2026-03-30-08-43-15-2430064.jpg\",\"width\":796,\"height\":448,\"caption\":\"Schjelderup festeja o primeiro golo pela sele\u00e7\u00e3o principal da Noruega\"},{\"@type\":\"BreadcrumbList\",\"@id\":\"https:\/\/portaltela.pt\/noticias\/2026\/03\/30\/barcelona-mostra-grande-interesse-em-schjelderup-extremo-do-benfica\/#breadcrumb\",\"itemListElement\":[{\"@type\":\"ListItem\",\"position\":1,\"name\":\"In\u00edcio\",\"item\":\"https:\/\/portaltela.pt\/\"},{\"@type\":\"ListItem\",\"position\":2,\"name\":\"Barcelona mostra grande interesse em Schjelderup, extremo do Benfica\"}]},{\"@type\":\"WebSite\",\"@id\":\"https:\/\/portaltela.pt\/#website\",\"url\":\"https:\/\/portaltela.pt\/\",\"name\":\"Portal Tela Portugal\",\"description\":\"\",\"potentialAction\":[{\"@type\":\"SearchAction\",\"target\":{\"@type\":\"EntryPoint\",\"urlTemplate\":\"https:\/\/portaltela.pt\/?s={search_term_string}\"},\"query-input\":{\"@type\":\"PropertyValueSpecification\",\"valueRequired\":true,\"valueName\":\"search_term_string\"}}],\"inLanguage\":\"pt-PT\"},{\"@type\":\"Person\",\"@id\":\"https:\/\/portaltela.pt\/#\/schema\/person\/c4278d4a6028830caff9ee44b42d32ed\",\"name\":\"Telinha\",\"image\":{\"@type\":\"ImageObject\",\"inLanguage\":\"pt-PT\",\"@id\":\"https:\/\/portaltela.pt\/s.01k8rhncp4jt1\/2025\/11\/talking-bot-125x125.png\",\"url\":\"https:\/\/portaltela.pt\/s.01k8rhncp4jt1\/2025\/11\/talking-bot-125x125.png\",\"contentUrl\":\"https:\/\/portaltela.pt\/s.01k8rhncp4jt1\/2025\/11\/talking-bot-125x125.png\",\"caption\":\"Telinha\"},\"sameAs\":[\"https:\/\/portaltela.pt\/\"],\"url\":\"https:\/\/portaltela.pt\/por\/367410592786\/\"}]}<\/script>\n<!-- \/ Yoast SEO plugin. -->","yoast_head_json":{"title":"Barcelona mostra grande interesse em Schjelderup, extremo do Benfica - Portal Tela Portugal","robots":{"index":"index","follow":"follow","max-snippet":"max-snippet:-1","max-image-preview":"max-image-preview:large","max-video-preview":"max-video-preview:-1"},"og_locale":"pt_PT","og_type":"article","og_title":"Barcelona mostra grande interesse em Schjelderup, extremo do Benfica - Portal Tela Portugal","og_description":"Andreas Schjelderup, extremo noruegu\u00eas de 21 anos do Benfica, tornou-se titular e atravessa a melhor fase da carreira. O jornal espanhol Sport apresenta-o como uma das principais op\u00e7\u00f5es do Barcelona para refor\u00e7ar as alas, destacando que agrada muito ao treinador e \u00e0 dire\u00e7\u00e3o. O interesse do Barcelona j\u00e1 era conhecido desde o encontro entre Benfica e Bar\u00e7a na Liga dos Campe\u00f5es, que o clube catal\u00e3o acompanhou de perto. Schjelderup j\u00e1 foi alvo de observa\u00e7\u00e3o do Bar\u00e7a e disse ficar feliz com o reconhecimento, mantendo-se, contudo, jogador do Benfica. O Benfica tem contrato at\u00e9 junho de 2028 com Schjelderup, com cl\u00e1usula de rescis\u00e3o de 100 milh\u00f5es de euros, tendo a SAD j\u00e1 abordado uma poss\u00edvel renova\u00e7\u00e3o.","og_url":"https:\/\/portaltela.pt\/noticias\/2026\/03\/30\/barcelona-mostra-grande-interesse-em-schjelderup-extremo-do-benfica\/","og_site_name":"Portal Tela Portugal","article_published_time":"2026-03-30T08:02:26+00:00","author":"Telinha","twitter_card":"summary_large_image","twitter_misc":{"Escrito por":"Telinha","Tempo estimado de leitura":"1 minuto"},"schema":{"@context":"https:\/\/schema.org","@graph":[{"@type":"Article","@id":"https:\/\/portaltela.pt\/noticias\/2026\/03\/30\/barcelona-mostra-grande-interesse-em-schjelderup-extremo-do-benfica\/#article","isPartOf":{"@id":"https:\/\/portaltela.pt\/noticias\/2026\/03\/30\/barcelona-mostra-grande-interesse-em-schjelderup-extremo-do-benfica\/"},"author":{"name":"Telinha","@id":"https:\/\/portaltela.pt\/#\/schema\/person\/c4278d4a6028830caff9ee44b42d32ed"},"headline":"Barcelona mostra grande interesse em Schjelderup, extremo do Benfica","datePublished":"2026-03-30T08:02:26+00:00","mainEntityOfPage":{"@id":"https:\/\/portaltela.pt\/noticias\/2026\/03\/30\/barcelona-mostra-grande-interesse-em-schjelderup-extremo-do-benfica\/"},"wordCount":275,"image":{"@id":"https:\/\/portaltela.pt\/noticias\/2026\/03\/30\/barcelona-mostra-grande-interesse-em-schjelderup-extremo-do-benfica\/#primaryimage"},"thumbnailUrl":"https:\/\/portaltela.pt\/s.01k8rhncp4jt1\/2026\/03\/img_920x518uu2026-03-30-08-43-15-2430064.jpg","keywords":["Barcelona","Benfica","Champions League","contratos","futebol","Noruega"],"articleSection":["Desporto","Futebol"],"inLanguage":"pt-PT"},{"@type":"WebPage","@id":"https:\/\/portaltela.pt\/noticias\/2026\/03\/30\/barcelona-mostra-grande-interesse-em-schjelderup-extremo-do-benfica\/","url":"https:\/\/portaltela.pt\/noticias\/2026\/03\/30\/barcelona-mostra-grande-interesse-em-schjelderup-extremo-do-benfica\/","name":"Barcelona mostra grande interesse em Schjelderup, extremo do Benfica - Portal Tela Portugal","isPartOf":{"@id":"https:\/\/portaltela.pt\/#website"},"primaryImageOfPage":{"@id":"https:\/\/portaltela.pt\/noticias\/2026\/03\/30\/barcelona-mostra-grande-interesse-em-schjelderup-extremo-do-benfica\/#primaryimage"},"image":{"@id":"https:\/\/portaltela.pt\/noticias\/2026\/03\/30\/barcelona-mostra-grande-interesse-em-schjelderup-extremo-do-benfica\/#primaryimage"},"thumbnailUrl":"https:\/\/portaltela.pt\/s.01k8rhncp4jt1\/2026\/03\/img_920x518uu2026-03-30-08-43-15-2430064.jpg","datePublished":"2026-03-30T08:02:26+00:00","author":{"@id":"https:\/\/portaltela.pt\/#\/schema\/person\/c4278d4a6028830caff9ee44b42d32ed"},"breadcrumb":{"@id":"https:\/\/portaltela.pt\/noticias\/2026\/03\/30\/barcelona-mostra-grande-interesse-em-schjelderup-extremo-do-benfica\/#breadcrumb"},"inLanguage":"pt-PT","potentialAction":[{"@type":"ReadAction","target":["https:\/\/portaltela.pt\/noticias\/2026\/03\/30\/barcelona-mostra-grande-interesse-em-schjelderup-extremo-do-benfica\/"]}]},{"@type":"ImageObject","inLanguage":"pt-PT","@id":"https:\/\/portaltela.pt\/noticias\/2026\/03\/30\/barcelona-mostra-grande-interesse-em-schjelderup-extremo-do-benfica\/#primaryimage","url":"https:\/\/portaltela.pt\/s.01k8rhncp4jt1\/2026\/03\/img_920x518uu2026-03-30-08-43-15-2430064.jpg","contentUrl":"https:\/\/portaltela.pt\/s.01k8rhncp4jt1\/2026\/03\/img_920x518uu2026-03-30-08-43-15-2430064.jpg","width":796,"height":448,"caption":"Schjelderup festeja o primeiro golo pela sele\u00e7\u00e3o principal da Noruega"},{"@type":"BreadcrumbList","@id":"https:\/\/portaltela.pt\/noticias\/2026\/03\/30\/barcelona-mostra-grande-interesse-em-schjelderup-extremo-do-benfica\/#breadcrumb","itemListElement":[{"@type":"ListItem","position":1,"name":"In\u00edcio","item":"https:\/\/portaltela.pt\/"},{"@type":"ListItem","position":2,"name":"Barcelona mostra grande interesse em Schjelderup, extremo do Benfica"}]},{"@type":"WebSite","@id":"https:\/\/portaltela.pt\/#website","url":"https:\/\/portaltela.pt\/","name":"Portal Tela Portugal","description":"","potentialAction":[{"@type":"SearchAction","target":{"@type":"EntryPoint","urlTemplate":"https:\/\/portaltela.pt\/?s={search_term_string}"},"query-input":{"@type":"PropertyValueSpecification","valueRequired":true,"valueName":"search_term_string"}}],"inLanguage":"pt-PT"},{"@type":"Person","@id":"https:\/\/portaltela.pt\/#\/schema\/person\/c4278d4a6028830caff9ee44b42d32ed","name":"Telinha","image":{"@type":"ImageObject","inLanguage":"pt-PT","@id":"https:\/\/portaltela.pt\/s.01k8rhncp4jt1\/2025\/11\/talking-bot-125x125.png","url":"https:\/\/portaltela.pt\/s.01k8rhncp4jt1\/2025\/11\/talking-bot-125x125.png","contentUrl":"https:\/\/portaltela.pt\/s.01k8rhncp4jt1\/2025\/11\/talking-bot-125x125.png","caption":"Telinha"},"sameAs":["https:\/\/portaltela.pt\/"],"url":"https:\/\/portaltela.pt\/por\/367410592786\/"}]}},"_links":{"self":[{"href":"https:\/\/portaltela.pt\/api\/wp\/v2\/posts\/426581","targetHints":{"allow":["GET"]}}],"collection":[{"href":"https:\/\/portaltela.pt\/api\/wp\/v2\/posts"}],"about":[{"href":"https:\/\/portaltela.pt\/api\/wp\/v2\/types\/post"}],"author":[{"embeddable":true,"href":"https:\/\/portaltela.pt\/api\/wp\/v2\/users\/2"}],"replies":[{"embeddable":true,"href":"https:\/\/portaltela.pt\/api\/wp\/v2\/comments?post=426581"}],"version-history":[{"count":0,"href":"https:\/\/portaltela.pt\/api\/wp\/v2\/posts\/426581\/revisions"}],"wp:featuredmedia":[{"embeddable":true,"href":"https:\/\/portaltela.pt\/api\/wp\/v2\/media\/426582"}],"wp:attachment":[{"href":"https:\/\/portaltela.pt\/api\/wp\/v2\/media?parent=426581"}],"wp:term":[{"taxonomy":"category","embeddable":true,"href":"https:\/\/portaltela.pt\/api\/wp\/v2\/categories?post=426581"},{"taxonomy":"post_tag","embeddable":true,"href":"https:\/\/portaltela.pt\/api\/wp\/v2\/tags?post=426581"}],"curies":[{"name":"wp","href":"https:\/\/api.w.org\/{rel}","templated":true}]}}