{"id":426578,"date":"2026-03-30T05:02:22","date_gmt":"2026-03-30T08:02:22","guid":{"rendered":"https:\/\/portaltela.pt\/noticias\/2026\/03\/30\/diogo-tomas-afirma-que-um-dia-jogara-em-portugal\/"},"modified":"2026-03-30T05:02:22","modified_gmt":"2026-03-30T08:02:22","slug":"diogo-tomas-afirma-que-um-dia-jogara-em-portugal","status":"publish","type":"post","link":"https:\/\/portaltela.pt\/desporto\/futebol\/2026\/03\/30\/diogo-tomas-afirma-que-um-dia-jogara-em-portugal\/","title":{"rendered":"Diogo Tom\u00e1s afirma que um dia jogar\u00e1 em Portugal"},"content":{"rendered":"<p>Diogo Tom\u00e1s, defesa luso-finland\u00eas de 28 anos, ficou viral pelas celebra\u00e7\u00f5es da subida do Ado Den Haag ao principal escal\u00e3o do futebol holand\u00eas, a Eredivisie, nos Pa\u00edses Baixos. O momento gerou enorme destaque nas redes.<\/p>\n<p>O jogador \u00e9 conhecido pela sua veia combativa dentro de campo e pela liga\u00e7\u00e3o ao Benfica, bem como pela admira\u00e7\u00e3o por Lu\u00eds Figo, detalhes que acompanham a sua figura entre os adeptos e imprensa desportiva.<\/p>\n<p>A imagem associada \u00e0 not\u00edcia \u00e9 do Instagram de Diogo Tom\u00e1s, retratando-o durante as celebra\u00e7\u00f5es da subida do clube.<\/p>\n","protected":false},"excerpt":{"rendered":"<ul>\n<li>Diogo Tom\u00e1s \u00e9 um defesa luso-finland\u00eas de 28 anos.<\/li>\n<li>Tornou-se viral pelas celebra\u00e7\u00f5es da subida do Ado Den Haag ao primeiro escal\u00e3o do futebol holand\u00eas.<\/li>\n<li>O jogador integra o plantel do Ado Den Haag e ganhou notoriedade pelas comemora\u00e7\u00f5es.<\/li>\n<li>O defesa revela gosto pelo Benfica e por Lu\u00eds Figo.<\/li>\n<\/ul>\n","protected":false},"author":2,"featured_media":426579,"comment_status":"closed","ping_status":"closed","sticky":false,"template":"","format":"standard","meta":{"footnotes":""},"categories":[21,24],"tags":[1946,32,2227,1809],"class_list":["post-426578","post","type-post","status-publish","format-standard","has-post-thumbnail","hentry","category-desporto","category-futebol","tag-benfica","tag-futebol","tag-holanda","tag-paises-baixos"],"yoast_head":"<!-- This site is optimized with the Yoast SEO plugin v27.2 - https:\/\/yoast.com\/product\/yoast-seo-wordpress\/ -->\n<title>Diogo Tom\u00e1s afirma que um dia jogar\u00e1 em Portugal - Portal Tela Portugal<\/title>\n<meta name=\"robots\" content=\"index, follow, max-snippet:-1, max-image-preview:large, max-video-preview:-1\" \/>\n<meta property=\"og:locale\" content=\"pt_PT\" \/>\n<meta property=\"og:type\" content=\"article\" \/>\n<meta property=\"og:title\" content=\"Diogo Tom\u00e1s afirma que um dia jogar\u00e1 em Portugal - Portal Tela Portugal\" \/>\n<meta property=\"og:description\" content=\"Diogo Tom\u00e1s \u00e9 um defesa luso-finland\u00eas de 28 anos. Tornou-se viral pelas celebra\u00e7\u00f5es da subida do Ado Den Haag ao primeiro escal\u00e3o do futebol holand\u00eas. O jogador integra o plantel do Ado Den Haag e ganhou notoriedade pelas comemora\u00e7\u00f5es. O defesa revela gosto pelo Benfica e por Lu\u00eds Figo.\" \/>\n<meta property=\"og:url\" content=\"https:\/\/portaltela.pt\/noticias\/2026\/03\/30\/diogo-tomas-afirma-que-um-dia-jogara-em-portugal\/\" \/>\n<meta property=\"og:site_name\" content=\"Portal Tela Portugal\" \/>\n<meta property=\"article:published_time\" content=\"2026-03-30T08:02:22+00:00\" \/>\n<meta name=\"author\" content=\"Telinha\" \/>\n<meta name=\"twitter:card\" content=\"summary_large_image\" \/>\n<meta name=\"twitter:label1\" content=\"Escrito por\" \/>\n\t<meta name=\"twitter:data1\" content=\"Telinha\" \/>\n<script type=\"application\/ld+json\" class=\"yoast-schema-graph\">{\"@context\":\"https:\/\/schema.org\",\"@graph\":[{\"@type\":\"Article\",\"@id\":\"https:\/\/portaltela.pt\/noticias\/2026\/03\/30\/diogo-tomas-afirma-que-um-dia-jogara-em-portugal\/#article\",\"isPartOf\":{\"@id\":\"https:\/\/portaltela.pt\/noticias\/2026\/03\/30\/diogo-tomas-afirma-que-um-dia-jogara-em-portugal\/\"},\"author\":{\"name\":\"Telinha\",\"@id\":\"https:\/\/portaltela.pt\/#\/schema\/person\/c4278d4a6028830caff9ee44b42d32ed\"},\"headline\":\"Diogo Tom\u00e1s afirma que um dia jogar\u00e1 em Portugal\",\"datePublished\":\"2026-03-30T08:02:22+00:00\",\"mainEntityOfPage\":{\"@id\":\"https:\/\/portaltela.pt\/noticias\/2026\/03\/30\/diogo-tomas-afirma-que-um-dia-jogara-em-portugal\/\"},\"wordCount\":107,\"image\":{\"@id\":\"https:\/\/portaltela.pt\/noticias\/2026\/03\/30\/diogo-tomas-afirma-que-um-dia-jogara-em-portugal\/#primaryimage\"},\"thumbnailUrl\":\"https:\/\/portaltela.pt\/s.01k8rhncp4jt1\/2026\/03\/img_920x518uu2026-03-29-19-51-13-2430025.jpg\",\"keywords\":[\"Benfica\",\"futebol\",\"Holanda\",\"Pa\u00edses Baixos\"],\"articleSection\":[\"Desporto\",\"Futebol\"],\"inLanguage\":\"pt-PT\"},{\"@type\":\"WebPage\",\"@id\":\"https:\/\/portaltela.pt\/noticias\/2026\/03\/30\/diogo-tomas-afirma-que-um-dia-jogara-em-portugal\/\",\"url\":\"https:\/\/portaltela.pt\/noticias\/2026\/03\/30\/diogo-tomas-afirma-que-um-dia-jogara-em-portugal\/\",\"name\":\"Diogo Tom\u00e1s afirma que um dia jogar\u00e1 em Portugal - Portal Tela Portugal\",\"isPartOf\":{\"@id\":\"https:\/\/portaltela.pt\/#website\"},\"primaryImageOfPage\":{\"@id\":\"https:\/\/portaltela.pt\/noticias\/2026\/03\/30\/diogo-tomas-afirma-que-um-dia-jogara-em-portugal\/#primaryimage\"},\"image\":{\"@id\":\"https:\/\/portaltela.pt\/noticias\/2026\/03\/30\/diogo-tomas-afirma-que-um-dia-jogara-em-portugal\/#primaryimage\"},\"thumbnailUrl\":\"https:\/\/portaltela.pt\/s.01k8rhncp4jt1\/2026\/03\/img_920x518uu2026-03-29-19-51-13-2430025.jpg\",\"datePublished\":\"2026-03-30T08:02:22+00:00\",\"author\":{\"@id\":\"https:\/\/portaltela.pt\/#\/schema\/person\/c4278d4a6028830caff9ee44b42d32ed\"},\"breadcrumb\":{\"@id\":\"https:\/\/portaltela.pt\/noticias\/2026\/03\/30\/diogo-tomas-afirma-que-um-dia-jogara-em-portugal\/#breadcrumb\"},\"inLanguage\":\"pt-PT\",\"potentialAction\":[{\"@type\":\"ReadAction\",\"target\":[\"https:\/\/portaltela.pt\/noticias\/2026\/03\/30\/diogo-tomas-afirma-que-um-dia-jogara-em-portugal\/\"]}]},{\"@type\":\"ImageObject\",\"inLanguage\":\"pt-PT\",\"@id\":\"https:\/\/portaltela.pt\/noticias\/2026\/03\/30\/diogo-tomas-afirma-que-um-dia-jogara-em-portugal\/#primaryimage\",\"url\":\"https:\/\/portaltela.pt\/s.01k8rhncp4jt1\/2026\/03\/img_920x518uu2026-03-29-19-51-13-2430025.jpg\",\"contentUrl\":\"https:\/\/portaltela.pt\/s.01k8rhncp4jt1\/2026\/03\/img_920x518uu2026-03-29-19-51-13-2430025.jpg\",\"width\":796,\"height\":448,\"caption\":\"Diogo Tom\u00e1s com a camisola do Ado Den Haag\"},{\"@type\":\"BreadcrumbList\",\"@id\":\"https:\/\/portaltela.pt\/noticias\/2026\/03\/30\/diogo-tomas-afirma-que-um-dia-jogara-em-portugal\/#breadcrumb\",\"itemListElement\":[{\"@type\":\"ListItem\",\"position\":1,\"name\":\"In\u00edcio\",\"item\":\"https:\/\/portaltela.pt\/\"},{\"@type\":\"ListItem\",\"position\":2,\"name\":\"Diogo Tom\u00e1s afirma que um dia jogar\u00e1 em Portugal\"}]},{\"@type\":\"WebSite\",\"@id\":\"https:\/\/portaltela.pt\/#website\",\"url\":\"https:\/\/portaltela.pt\/\",\"name\":\"Portal Tela Portugal\",\"description\":\"\",\"potentialAction\":[{\"@type\":\"SearchAction\",\"target\":{\"@type\":\"EntryPoint\",\"urlTemplate\":\"https:\/\/portaltela.pt\/?s={search_term_string}\"},\"query-input\":{\"@type\":\"PropertyValueSpecification\",\"valueRequired\":true,\"valueName\":\"search_term_string\"}}],\"inLanguage\":\"pt-PT\"},{\"@type\":\"Person\",\"@id\":\"https:\/\/portaltela.pt\/#\/schema\/person\/c4278d4a6028830caff9ee44b42d32ed\",\"name\":\"Telinha\",\"image\":{\"@type\":\"ImageObject\",\"inLanguage\":\"pt-PT\",\"@id\":\"https:\/\/portaltela.pt\/s.01k8rhncp4jt1\/2025\/11\/talking-bot-125x125.png\",\"url\":\"https:\/\/portaltela.pt\/s.01k8rhncp4jt1\/2025\/11\/talking-bot-125x125.png\",\"contentUrl\":\"https:\/\/portaltela.pt\/s.01k8rhncp4jt1\/2025\/11\/talking-bot-125x125.png\",\"caption\":\"Telinha\"},\"sameAs\":[\"https:\/\/portaltela.pt\/\"],\"url\":\"https:\/\/portaltela.pt\/por\/367410592786\/\"}]}<\/script>\n<!-- \/ Yoast SEO plugin. -->","yoast_head_json":{"title":"Diogo Tom\u00e1s afirma que um dia jogar\u00e1 em Portugal - Portal Tela Portugal","robots":{"index":"index","follow":"follow","max-snippet":"max-snippet:-1","max-image-preview":"max-image-preview:large","max-video-preview":"max-video-preview:-1"},"og_locale":"pt_PT","og_type":"article","og_title":"Diogo Tom\u00e1s afirma que um dia jogar\u00e1 em Portugal - Portal Tela Portugal","og_description":"Diogo Tom\u00e1s \u00e9 um defesa luso-finland\u00eas de 28 anos. Tornou-se viral pelas celebra\u00e7\u00f5es da subida do Ado Den Haag ao primeiro escal\u00e3o do futebol holand\u00eas. O jogador integra o plantel do Ado Den Haag e ganhou notoriedade pelas comemora\u00e7\u00f5es. O defesa revela gosto pelo Benfica e por Lu\u00eds Figo.","og_url":"https:\/\/portaltela.pt\/noticias\/2026\/03\/30\/diogo-tomas-afirma-que-um-dia-jogara-em-portugal\/","og_site_name":"Portal Tela Portugal","article_published_time":"2026-03-30T08:02:22+00:00","author":"Telinha","twitter_card":"summary_large_image","twitter_misc":{"Escrito por":"Telinha"},"schema":{"@context":"https:\/\/schema.org","@graph":[{"@type":"Article","@id":"https:\/\/portaltela.pt\/noticias\/2026\/03\/30\/diogo-tomas-afirma-que-um-dia-jogara-em-portugal\/#article","isPartOf":{"@id":"https:\/\/portaltela.pt\/noticias\/2026\/03\/30\/diogo-tomas-afirma-que-um-dia-jogara-em-portugal\/"},"author":{"name":"Telinha","@id":"https:\/\/portaltela.pt\/#\/schema\/person\/c4278d4a6028830caff9ee44b42d32ed"},"headline":"Diogo Tom\u00e1s afirma que um dia jogar\u00e1 em Portugal","datePublished":"2026-03-30T08:02:22+00:00","mainEntityOfPage":{"@id":"https:\/\/portaltela.pt\/noticias\/2026\/03\/30\/diogo-tomas-afirma-que-um-dia-jogara-em-portugal\/"},"wordCount":107,"image":{"@id":"https:\/\/portaltela.pt\/noticias\/2026\/03\/30\/diogo-tomas-afirma-que-um-dia-jogara-em-portugal\/#primaryimage"},"thumbnailUrl":"https:\/\/portaltela.pt\/s.01k8rhncp4jt1\/2026\/03\/img_920x518uu2026-03-29-19-51-13-2430025.jpg","keywords":["Benfica","futebol","Holanda","Pa\u00edses Baixos"],"articleSection":["Desporto","Futebol"],"inLanguage":"pt-PT"},{"@type":"WebPage","@id":"https:\/\/portaltela.pt\/noticias\/2026\/03\/30\/diogo-tomas-afirma-que-um-dia-jogara-em-portugal\/","url":"https:\/\/portaltela.pt\/noticias\/2026\/03\/30\/diogo-tomas-afirma-que-um-dia-jogara-em-portugal\/","name":"Diogo Tom\u00e1s afirma que um dia jogar\u00e1 em Portugal - Portal Tela Portugal","isPartOf":{"@id":"https:\/\/portaltela.pt\/#website"},"primaryImageOfPage":{"@id":"https:\/\/portaltela.pt\/noticias\/2026\/03\/30\/diogo-tomas-afirma-que-um-dia-jogara-em-portugal\/#primaryimage"},"image":{"@id":"https:\/\/portaltela.pt\/noticias\/2026\/03\/30\/diogo-tomas-afirma-que-um-dia-jogara-em-portugal\/#primaryimage"},"thumbnailUrl":"https:\/\/portaltela.pt\/s.01k8rhncp4jt1\/2026\/03\/img_920x518uu2026-03-29-19-51-13-2430025.jpg","datePublished":"2026-03-30T08:02:22+00:00","author":{"@id":"https:\/\/portaltela.pt\/#\/schema\/person\/c4278d4a6028830caff9ee44b42d32ed"},"breadcrumb":{"@id":"https:\/\/portaltela.pt\/noticias\/2026\/03\/30\/diogo-tomas-afirma-que-um-dia-jogara-em-portugal\/#breadcrumb"},"inLanguage":"pt-PT","potentialAction":[{"@type":"ReadAction","target":["https:\/\/portaltela.pt\/noticias\/2026\/03\/30\/diogo-tomas-afirma-que-um-dia-jogara-em-portugal\/"]}]},{"@type":"ImageObject","inLanguage":"pt-PT","@id":"https:\/\/portaltela.pt\/noticias\/2026\/03\/30\/diogo-tomas-afirma-que-um-dia-jogara-em-portugal\/#primaryimage","url":"https:\/\/portaltela.pt\/s.01k8rhncp4jt1\/2026\/03\/img_920x518uu2026-03-29-19-51-13-2430025.jpg","contentUrl":"https:\/\/portaltela.pt\/s.01k8rhncp4jt1\/2026\/03\/img_920x518uu2026-03-29-19-51-13-2430025.jpg","width":796,"height":448,"caption":"Diogo Tom\u00e1s com a camisola do Ado Den Haag"},{"@type":"BreadcrumbList","@id":"https:\/\/portaltela.pt\/noticias\/2026\/03\/30\/diogo-tomas-afirma-que-um-dia-jogara-em-portugal\/#breadcrumb","itemListElement":[{"@type":"ListItem","position":1,"name":"In\u00edcio","item":"https:\/\/portaltela.pt\/"},{"@type":"ListItem","position":2,"name":"Diogo Tom\u00e1s afirma que um dia jogar\u00e1 em Portugal"}]},{"@type":"WebSite","@id":"https:\/\/portaltela.pt\/#website","url":"https:\/\/portaltela.pt\/","name":"Portal Tela Portugal","description":"","potentialAction":[{"@type":"SearchAction","target":{"@type":"EntryPoint","urlTemplate":"https:\/\/portaltela.pt\/?s={search_term_string}"},"query-input":{"@type":"PropertyValueSpecification","valueRequired":true,"valueName":"search_term_string"}}],"inLanguage":"pt-PT"},{"@type":"Person","@id":"https:\/\/portaltela.pt\/#\/schema\/person\/c4278d4a6028830caff9ee44b42d32ed","name":"Telinha","image":{"@type":"ImageObject","inLanguage":"pt-PT","@id":"https:\/\/portaltela.pt\/s.01k8rhncp4jt1\/2025\/11\/talking-bot-125x125.png","url":"https:\/\/portaltela.pt\/s.01k8rhncp4jt1\/2025\/11\/talking-bot-125x125.png","contentUrl":"https:\/\/portaltela.pt\/s.01k8rhncp4jt1\/2025\/11\/talking-bot-125x125.png","caption":"Telinha"},"sameAs":["https:\/\/portaltela.pt\/"],"url":"https:\/\/portaltela.pt\/por\/367410592786\/"}]}},"_links":{"self":[{"href":"https:\/\/portaltela.pt\/api\/wp\/v2\/posts\/426578","targetHints":{"allow":["GET"]}}],"collection":[{"href":"https:\/\/portaltela.pt\/api\/wp\/v2\/posts"}],"about":[{"href":"https:\/\/portaltela.pt\/api\/wp\/v2\/types\/post"}],"author":[{"embeddable":true,"href":"https:\/\/portaltela.pt\/api\/wp\/v2\/users\/2"}],"replies":[{"embeddable":true,"href":"https:\/\/portaltela.pt\/api\/wp\/v2\/comments?post=426578"}],"version-history":[{"count":0,"href":"https:\/\/portaltela.pt\/api\/wp\/v2\/posts\/426578\/revisions"}],"wp:featuredmedia":[{"embeddable":true,"href":"https:\/\/portaltela.pt\/api\/wp\/v2\/media\/426579"}],"wp:attachment":[{"href":"https:\/\/portaltela.pt\/api\/wp\/v2\/media?parent=426578"}],"wp:term":[{"taxonomy":"category","embeddable":true,"href":"https:\/\/portaltela.pt\/api\/wp\/v2\/categories?post=426578"},{"taxonomy":"post_tag","embeddable":true,"href":"https:\/\/portaltela.pt\/api\/wp\/v2\/tags?post=426578"}],"curies":[{"name":"wp","href":"https:\/\/api.w.org\/{rel}","templated":true}]}}