{"id":426577,"date":"2026-03-30T05:02:22","date_gmt":"2026-03-30T08:02:22","guid":{"rendered":"https:\/\/portaltela.pt\/noticias\/2026\/03\/30\/ue-o-veto-e-arma-de-pressao-pergunte-ao-chatbot-da-euronews\/"},"modified":"2026-03-30T05:02:22","modified_gmt":"2026-03-30T08:02:22","slug":"ue-o-veto-e-arma-de-pressao-pergunte-ao-chatbot-da-euronews","status":"publish","type":"post","link":"https:\/\/portaltela.pt\/noticias\/internacional\/2026\/03\/30\/ue-o-veto-e-arma-de-pressao-pergunte-ao-chatbot-da-euronews\/","title":{"rendered":"UE: o veto \u00e9 arma de press\u00e3o? Pergunte ao chatbot da Euronews"},"content":{"rendered":"<p>Desde meados de 2011, os Estados\u2011Membros da UE usaram o veto 48 vezes para bloquear ou adiar decis\u00f5es no Conselho Europeu. O caso mais recente envolve a Hungria, que travou o \u00faltimo pacote de 90 mil milh\u00f5es de euros para a Ucr\u00e2nia. A situa\u00e7\u00e3o ilustra como o veto funciona na pr\u00e1tica.<\/p>\n<p>Segundo dados citados pelo docente Michal Ov\u00e1dek, da University College London, o veto permanece uma ferramenta central do poder de cada pa\u00eds. A Hungria lidera as obje\u00e7\u00f5es com 21 decis\u00f5es, seguida pela Pol\u00f3nia, com sete. A Es\u00adt\u00f3nsia, a Eslov\u00e1quia, os Pa\u00edses Baixos, a \u00c1ustria e a Gr\u00e9cia tamb\u00e9m recorram a este instrumento.<\/p>\n<h3>Desafios e propostas de reforma<\/h3>\n<p>A exig\u00eancia de unanimidade para v\u00e1rias decis\u00f5es, defendida por alguns, acarreta riscos de paralisia pol\u00edtica na UE. Cr\u00edticos alertam para a necessidade de respostas r\u00e1pidas a desafios globais, o que pode exigir mudan\u00e7as no funcionamento do Conselho.<\/p>\n<p>Entre as propostas em estudo est\u00e3o a substitui\u00e7\u00e3o da unanimidade por maioria qualificada e mecanismos jur\u00eddicos de rea\u00e7\u00e3o com condicionalidades mais r\u00edgidas. Contudo, qualquer altera\u00e7\u00e3o requereria consenso entre os Estados\u2011Membros, mantendo o veto como possibilidade.<\/p>\n<h3>Caminhos para o futuro da governan\u00e7a europeia<\/h3>\n<p>Outras op\u00e7\u00f5es discutidas incluem acordos pol\u00edticos e financiamento condicionado para incentivar compromissos entre os pa\u00edses. A reforma permanece complexa, dado que muitos Estados resistem a abdicar do direito de veto.<\/p>\n<p>O debate sobre a regra da unanimidade permanece aberto, com a procura de um equil\u00edbrio entre soberania nacional e efic\u00e1cia da a\u00e7\u00e3o comum da UE. A discuss\u00e3o continua no \u00e2mbito de Bruxelas e dos Estados\u2011Membros.<\/p>\n","protected":false},"excerpt":{"rendered":"<ul>\n<li>Desde 2011, os Estados\u2011Membros usaram o veto 48 vezes; a Hungria bloqueou o \u00faltimo pacote de 90 mil milh\u00f5es de euros para a Ucr\u00e2nia.<\/li>\n<li>O poder de veto permite bloquear e adiar decis\u00f5es no Conselho Europeu; o que era uma salvaguarda da soberania pode tornar\u2011se uma forma de press\u00e3o para obter concess\u00f5es.<\/li>\n<li>Segundo Michal Ov\u00e1dek, foram registados 48 vetos desde 2011; a Hungria travou 21 decis\u00f5es; a Pol\u00f3nia surge em segundo com sete vetos; Eslov\u00e1quia, Pa\u00edses Baixos, \u00c1ustria e Gr\u00e9cia tamb\u00e9m o fizeram, entre outros.<\/li>\n<li>Embora a unanimidade seja democr\u00e1tica, cr\u00edticos alertam que o uso frequente do veto pode levar \u00e0 paralisa\u00e7\u00e3o da Europa e atrasar decis\u00f5es r\u00e1pidas em contextos globais.<\/li>\n<li>Discute\u2011se reformar as regras de vota\u00e7\u00e3o, incluindo a op\u00e7\u00e3o pela maioria qualificada; altera\u00e7\u00f5es exigem unanimidade, e h\u00e1 resist\u00eancia a abdicar do veto.<\/li>\n<\/ul>\n","protected":false},"author":2,"featured_media":426580,"comment_status":"closed","ping_status":"closed","sticky":false,"template":"","format":"standard","meta":{"footnotes":""},"categories":[6814,4],"tags":[3161,2502,34,7439,5698,2055],"class_list":["post-426577","post","type-post","status-publish","format-standard","has-post-thumbnail","hentry","category-geopolitica","category-internacional","tag-bruxelas","tag-conselho-europeu","tag-governo","tag-politica-externa","tag-politica-internacional","tag-uniao-europeia"],"yoast_head":"<!-- This site is optimized with the Yoast SEO plugin v27.2 - https:\/\/yoast.com\/product\/yoast-seo-wordpress\/ -->\n<title>UE: o veto \u00e9 arma de press\u00e3o? Pergunte ao chatbot da Euronews - Portal Tela Portugal<\/title>\n<meta name=\"robots\" content=\"index, follow, max-snippet:-1, max-image-preview:large, max-video-preview:-1\" \/>\n<meta property=\"og:locale\" content=\"pt_PT\" \/>\n<meta property=\"og:type\" content=\"article\" \/>\n<meta property=\"og:title\" content=\"UE: o veto \u00e9 arma de press\u00e3o? Pergunte ao chatbot da Euronews - Portal Tela Portugal\" \/>\n<meta property=\"og:description\" content=\"Desde 2011, os Estados\u2011Membros usaram o veto 48 vezes; a Hungria bloqueou o \u00faltimo pacote de 90 mil milh\u00f5es de euros para a Ucr\u00e2nia. O poder de veto permite bloquear e adiar decis\u00f5es no Conselho Europeu; o que era uma salvaguarda da soberania pode tornar\u2011se uma forma de press\u00e3o para obter concess\u00f5es. Segundo Michal Ov\u00e1dek, foram registados 48 vetos desde 2011; a Hungria travou 21 decis\u00f5es; a Pol\u00f3nia surge em segundo com sete vetos; Eslov\u00e1quia, Pa\u00edses Baixos, \u00c1ustria e Gr\u00e9cia tamb\u00e9m o fizeram, entre outros. Embora a unanimidade seja democr\u00e1tica, cr\u00edticos alertam que o uso frequente do veto pode levar \u00e0 paralisa\u00e7\u00e3o da Europa e atrasar decis\u00f5es r\u00e1pidas em contextos globais. Discute\u2011se reformar as regras de vota\u00e7\u00e3o, incluindo a op\u00e7\u00e3o pela maioria qualificada; altera\u00e7\u00f5es exigem unanimidade, e h\u00e1 resist\u00eancia a abdicar do veto.\" \/>\n<meta property=\"og:url\" content=\"https:\/\/portaltela.pt\/noticias\/2026\/03\/30\/ue-o-veto-e-arma-de-pressao-pergunte-ao-chatbot-da-euronews\/\" \/>\n<meta property=\"og:site_name\" content=\"Portal Tela Portugal\" \/>\n<meta property=\"article:published_time\" content=\"2026-03-30T08:02:22+00:00\" \/>\n<meta name=\"author\" content=\"Telinha\" \/>\n<meta name=\"twitter:card\" content=\"summary_large_image\" \/>\n<meta name=\"twitter:label1\" content=\"Escrito por\" \/>\n\t<meta name=\"twitter:data1\" content=\"Telinha\" \/>\n\t<meta name=\"twitter:label2\" content=\"Tempo estimado de leitura\" \/>\n\t<meta name=\"twitter:data2\" content=\"1 minuto\" \/>\n<script type=\"application\/ld+json\" class=\"yoast-schema-graph\">{\"@context\":\"https:\/\/schema.org\",\"@graph\":[{\"@type\":\"Article\",\"@id\":\"https:\/\/portaltela.pt\/noticias\/2026\/03\/30\/ue-o-veto-e-arma-de-pressao-pergunte-ao-chatbot-da-euronews\/#article\",\"isPartOf\":{\"@id\":\"https:\/\/portaltela.pt\/noticias\/2026\/03\/30\/ue-o-veto-e-arma-de-pressao-pergunte-ao-chatbot-da-euronews\/\"},\"author\":{\"name\":\"Telinha\",\"@id\":\"https:\/\/portaltela.pt\/#\/schema\/person\/c4278d4a6028830caff9ee44b42d32ed\"},\"headline\":\"UE: o veto \u00e9 arma de press\u00e3o? Pergunte ao chatbot da Euronews\",\"datePublished\":\"2026-03-30T08:02:22+00:00\",\"mainEntityOfPage\":{\"@id\":\"https:\/\/portaltela.pt\/noticias\/2026\/03\/30\/ue-o-veto-e-arma-de-pressao-pergunte-ao-chatbot-da-euronews\/\"},\"wordCount\":300,\"image\":{\"@id\":\"https:\/\/portaltela.pt\/noticias\/2026\/03\/30\/ue-o-veto-e-arma-de-pressao-pergunte-ao-chatbot-da-euronews\/#primaryimage\"},\"thumbnailUrl\":\"https:\/\/portaltela.pt\/s.01k8rhncp4jt1\/2026\/03\/1536x864_cmsv2_4cf9381f-3c6a-5000-8899-2caa3a41aa45-9701009.jpg\",\"keywords\":[\"Bruxelas\",\"Conselho Europeu\",\"governo\",\"pol\u00edtica externa\",\"pol\u00edtica internacional\",\"Uni\u00e3o Europeia\"],\"articleSection\":[\"Geopol\u00edtica\",\"Internacional\"],\"inLanguage\":\"pt-PT\"},{\"@type\":\"WebPage\",\"@id\":\"https:\/\/portaltela.pt\/noticias\/2026\/03\/30\/ue-o-veto-e-arma-de-pressao-pergunte-ao-chatbot-da-euronews\/\",\"url\":\"https:\/\/portaltela.pt\/noticias\/2026\/03\/30\/ue-o-veto-e-arma-de-pressao-pergunte-ao-chatbot-da-euronews\/\",\"name\":\"UE: o veto \u00e9 arma de press\u00e3o? Pergunte ao chatbot da Euronews - Portal Tela Portugal\",\"isPartOf\":{\"@id\":\"https:\/\/portaltela.pt\/#website\"},\"primaryImageOfPage\":{\"@id\":\"https:\/\/portaltela.pt\/noticias\/2026\/03\/30\/ue-o-veto-e-arma-de-pressao-pergunte-ao-chatbot-da-euronews\/#primaryimage\"},\"image\":{\"@id\":\"https:\/\/portaltela.pt\/noticias\/2026\/03\/30\/ue-o-veto-e-arma-de-pressao-pergunte-ao-chatbot-da-euronews\/#primaryimage\"},\"thumbnailUrl\":\"https:\/\/portaltela.pt\/s.01k8rhncp4jt1\/2026\/03\/1536x864_cmsv2_4cf9381f-3c6a-5000-8899-2caa3a41aa45-9701009.jpg\",\"datePublished\":\"2026-03-30T08:02:22+00:00\",\"author\":{\"@id\":\"https:\/\/portaltela.pt\/#\/schema\/person\/c4278d4a6028830caff9ee44b42d32ed\"},\"breadcrumb\":{\"@id\":\"https:\/\/portaltela.pt\/noticias\/2026\/03\/30\/ue-o-veto-e-arma-de-pressao-pergunte-ao-chatbot-da-euronews\/#breadcrumb\"},\"inLanguage\":\"pt-PT\",\"potentialAction\":[{\"@type\":\"ReadAction\",\"target\":[\"https:\/\/portaltela.pt\/noticias\/2026\/03\/30\/ue-o-veto-e-arma-de-pressao-pergunte-ao-chatbot-da-euronews\/\"]}]},{\"@type\":\"ImageObject\",\"inLanguage\":\"pt-PT\",\"@id\":\"https:\/\/portaltela.pt\/noticias\/2026\/03\/30\/ue-o-veto-e-arma-de-pressao-pergunte-ao-chatbot-da-euronews\/#primaryimage\",\"url\":\"https:\/\/portaltela.pt\/s.01k8rhncp4jt1\/2026\/03\/1536x864_cmsv2_4cf9381f-3c6a-5000-8899-2caa3a41aa45-9701009.jpg\",\"contentUrl\":\"https:\/\/portaltela.pt\/s.01k8rhncp4jt1\/2026\/03\/1536x864_cmsv2_4cf9381f-3c6a-5000-8899-2caa3a41aa45-9701009.jpg\",\"width\":796,\"height\":448,\"caption\":\"Da esquerda: PM da Let\u00f3nia Evika Silina, presidente do Conselho Europeu Ant\u00f3nio Costa, PR de Chipre Nikos Christodoulides, PM da Finl\u00e2ndia Petteri Orpo e eu\"},{\"@type\":\"BreadcrumbList\",\"@id\":\"https:\/\/portaltela.pt\/noticias\/2026\/03\/30\/ue-o-veto-e-arma-de-pressao-pergunte-ao-chatbot-da-euronews\/#breadcrumb\",\"itemListElement\":[{\"@type\":\"ListItem\",\"position\":1,\"name\":\"In\u00edcio\",\"item\":\"https:\/\/portaltela.pt\/\"},{\"@type\":\"ListItem\",\"position\":2,\"name\":\"UE: o veto \u00e9 arma de press\u00e3o? Pergunte ao chatbot da Euronews\"}]},{\"@type\":\"WebSite\",\"@id\":\"https:\/\/portaltela.pt\/#website\",\"url\":\"https:\/\/portaltela.pt\/\",\"name\":\"Portal Tela Portugal\",\"description\":\"\",\"potentialAction\":[{\"@type\":\"SearchAction\",\"target\":{\"@type\":\"EntryPoint\",\"urlTemplate\":\"https:\/\/portaltela.pt\/?s={search_term_string}\"},\"query-input\":{\"@type\":\"PropertyValueSpecification\",\"valueRequired\":true,\"valueName\":\"search_term_string\"}}],\"inLanguage\":\"pt-PT\"},{\"@type\":\"Person\",\"@id\":\"https:\/\/portaltela.pt\/#\/schema\/person\/c4278d4a6028830caff9ee44b42d32ed\",\"name\":\"Telinha\",\"image\":{\"@type\":\"ImageObject\",\"inLanguage\":\"pt-PT\",\"@id\":\"https:\/\/portaltela.pt\/s.01k8rhncp4jt1\/2025\/11\/talking-bot-125x125.png\",\"url\":\"https:\/\/portaltela.pt\/s.01k8rhncp4jt1\/2025\/11\/talking-bot-125x125.png\",\"contentUrl\":\"https:\/\/portaltela.pt\/s.01k8rhncp4jt1\/2025\/11\/talking-bot-125x125.png\",\"caption\":\"Telinha\"},\"sameAs\":[\"https:\/\/portaltela.pt\/\"],\"url\":\"https:\/\/portaltela.pt\/por\/367410592786\/\"}]}<\/script>\n<!-- \/ Yoast SEO plugin. -->","yoast_head_json":{"title":"UE: o veto \u00e9 arma de press\u00e3o? Pergunte ao chatbot da Euronews - Portal Tela Portugal","robots":{"index":"index","follow":"follow","max-snippet":"max-snippet:-1","max-image-preview":"max-image-preview:large","max-video-preview":"max-video-preview:-1"},"og_locale":"pt_PT","og_type":"article","og_title":"UE: o veto \u00e9 arma de press\u00e3o? Pergunte ao chatbot da Euronews - Portal Tela Portugal","og_description":"Desde 2011, os Estados\u2011Membros usaram o veto 48 vezes; a Hungria bloqueou o \u00faltimo pacote de 90 mil milh\u00f5es de euros para a Ucr\u00e2nia. O poder de veto permite bloquear e adiar decis\u00f5es no Conselho Europeu; o que era uma salvaguarda da soberania pode tornar\u2011se uma forma de press\u00e3o para obter concess\u00f5es. Segundo Michal Ov\u00e1dek, foram registados 48 vetos desde 2011; a Hungria travou 21 decis\u00f5es; a Pol\u00f3nia surge em segundo com sete vetos; Eslov\u00e1quia, Pa\u00edses Baixos, \u00c1ustria e Gr\u00e9cia tamb\u00e9m o fizeram, entre outros. Embora a unanimidade seja democr\u00e1tica, cr\u00edticos alertam que o uso frequente do veto pode levar \u00e0 paralisa\u00e7\u00e3o da Europa e atrasar decis\u00f5es r\u00e1pidas em contextos globais. Discute\u2011se reformar as regras de vota\u00e7\u00e3o, incluindo a op\u00e7\u00e3o pela maioria qualificada; altera\u00e7\u00f5es exigem unanimidade, e h\u00e1 resist\u00eancia a abdicar do veto.","og_url":"https:\/\/portaltela.pt\/noticias\/2026\/03\/30\/ue-o-veto-e-arma-de-pressao-pergunte-ao-chatbot-da-euronews\/","og_site_name":"Portal Tela Portugal","article_published_time":"2026-03-30T08:02:22+00:00","author":"Telinha","twitter_card":"summary_large_image","twitter_misc":{"Escrito por":"Telinha","Tempo estimado de leitura":"1 minuto"},"schema":{"@context":"https:\/\/schema.org","@graph":[{"@type":"Article","@id":"https:\/\/portaltela.pt\/noticias\/2026\/03\/30\/ue-o-veto-e-arma-de-pressao-pergunte-ao-chatbot-da-euronews\/#article","isPartOf":{"@id":"https:\/\/portaltela.pt\/noticias\/2026\/03\/30\/ue-o-veto-e-arma-de-pressao-pergunte-ao-chatbot-da-euronews\/"},"author":{"name":"Telinha","@id":"https:\/\/portaltela.pt\/#\/schema\/person\/c4278d4a6028830caff9ee44b42d32ed"},"headline":"UE: o veto \u00e9 arma de press\u00e3o? Pergunte ao chatbot da Euronews","datePublished":"2026-03-30T08:02:22+00:00","mainEntityOfPage":{"@id":"https:\/\/portaltela.pt\/noticias\/2026\/03\/30\/ue-o-veto-e-arma-de-pressao-pergunte-ao-chatbot-da-euronews\/"},"wordCount":300,"image":{"@id":"https:\/\/portaltela.pt\/noticias\/2026\/03\/30\/ue-o-veto-e-arma-de-pressao-pergunte-ao-chatbot-da-euronews\/#primaryimage"},"thumbnailUrl":"https:\/\/portaltela.pt\/s.01k8rhncp4jt1\/2026\/03\/1536x864_cmsv2_4cf9381f-3c6a-5000-8899-2caa3a41aa45-9701009.jpg","keywords":["Bruxelas","Conselho Europeu","governo","pol\u00edtica externa","pol\u00edtica internacional","Uni\u00e3o Europeia"],"articleSection":["Geopol\u00edtica","Internacional"],"inLanguage":"pt-PT"},{"@type":"WebPage","@id":"https:\/\/portaltela.pt\/noticias\/2026\/03\/30\/ue-o-veto-e-arma-de-pressao-pergunte-ao-chatbot-da-euronews\/","url":"https:\/\/portaltela.pt\/noticias\/2026\/03\/30\/ue-o-veto-e-arma-de-pressao-pergunte-ao-chatbot-da-euronews\/","name":"UE: o veto \u00e9 arma de press\u00e3o? Pergunte ao chatbot da Euronews - Portal Tela Portugal","isPartOf":{"@id":"https:\/\/portaltela.pt\/#website"},"primaryImageOfPage":{"@id":"https:\/\/portaltela.pt\/noticias\/2026\/03\/30\/ue-o-veto-e-arma-de-pressao-pergunte-ao-chatbot-da-euronews\/#primaryimage"},"image":{"@id":"https:\/\/portaltela.pt\/noticias\/2026\/03\/30\/ue-o-veto-e-arma-de-pressao-pergunte-ao-chatbot-da-euronews\/#primaryimage"},"thumbnailUrl":"https:\/\/portaltela.pt\/s.01k8rhncp4jt1\/2026\/03\/1536x864_cmsv2_4cf9381f-3c6a-5000-8899-2caa3a41aa45-9701009.jpg","datePublished":"2026-03-30T08:02:22+00:00","author":{"@id":"https:\/\/portaltela.pt\/#\/schema\/person\/c4278d4a6028830caff9ee44b42d32ed"},"breadcrumb":{"@id":"https:\/\/portaltela.pt\/noticias\/2026\/03\/30\/ue-o-veto-e-arma-de-pressao-pergunte-ao-chatbot-da-euronews\/#breadcrumb"},"inLanguage":"pt-PT","potentialAction":[{"@type":"ReadAction","target":["https:\/\/portaltela.pt\/noticias\/2026\/03\/30\/ue-o-veto-e-arma-de-pressao-pergunte-ao-chatbot-da-euronews\/"]}]},{"@type":"ImageObject","inLanguage":"pt-PT","@id":"https:\/\/portaltela.pt\/noticias\/2026\/03\/30\/ue-o-veto-e-arma-de-pressao-pergunte-ao-chatbot-da-euronews\/#primaryimage","url":"https:\/\/portaltela.pt\/s.01k8rhncp4jt1\/2026\/03\/1536x864_cmsv2_4cf9381f-3c6a-5000-8899-2caa3a41aa45-9701009.jpg","contentUrl":"https:\/\/portaltela.pt\/s.01k8rhncp4jt1\/2026\/03\/1536x864_cmsv2_4cf9381f-3c6a-5000-8899-2caa3a41aa45-9701009.jpg","width":796,"height":448,"caption":"Da esquerda: PM da Let\u00f3nia Evika Silina, presidente do Conselho Europeu Ant\u00f3nio Costa, PR de Chipre Nikos Christodoulides, PM da Finl\u00e2ndia Petteri Orpo e eu"},{"@type":"BreadcrumbList","@id":"https:\/\/portaltela.pt\/noticias\/2026\/03\/30\/ue-o-veto-e-arma-de-pressao-pergunte-ao-chatbot-da-euronews\/#breadcrumb","itemListElement":[{"@type":"ListItem","position":1,"name":"In\u00edcio","item":"https:\/\/portaltela.pt\/"},{"@type":"ListItem","position":2,"name":"UE: o veto \u00e9 arma de press\u00e3o? Pergunte ao chatbot da Euronews"}]},{"@type":"WebSite","@id":"https:\/\/portaltela.pt\/#website","url":"https:\/\/portaltela.pt\/","name":"Portal Tela Portugal","description":"","potentialAction":[{"@type":"SearchAction","target":{"@type":"EntryPoint","urlTemplate":"https:\/\/portaltela.pt\/?s={search_term_string}"},"query-input":{"@type":"PropertyValueSpecification","valueRequired":true,"valueName":"search_term_string"}}],"inLanguage":"pt-PT"},{"@type":"Person","@id":"https:\/\/portaltela.pt\/#\/schema\/person\/c4278d4a6028830caff9ee44b42d32ed","name":"Telinha","image":{"@type":"ImageObject","inLanguage":"pt-PT","@id":"https:\/\/portaltela.pt\/s.01k8rhncp4jt1\/2025\/11\/talking-bot-125x125.png","url":"https:\/\/portaltela.pt\/s.01k8rhncp4jt1\/2025\/11\/talking-bot-125x125.png","contentUrl":"https:\/\/portaltela.pt\/s.01k8rhncp4jt1\/2025\/11\/talking-bot-125x125.png","caption":"Telinha"},"sameAs":["https:\/\/portaltela.pt\/"],"url":"https:\/\/portaltela.pt\/por\/367410592786\/"}]}},"_links":{"self":[{"href":"https:\/\/portaltela.pt\/api\/wp\/v2\/posts\/426577","targetHints":{"allow":["GET"]}}],"collection":[{"href":"https:\/\/portaltela.pt\/api\/wp\/v2\/posts"}],"about":[{"href":"https:\/\/portaltela.pt\/api\/wp\/v2\/types\/post"}],"author":[{"embeddable":true,"href":"https:\/\/portaltela.pt\/api\/wp\/v2\/users\/2"}],"replies":[{"embeddable":true,"href":"https:\/\/portaltela.pt\/api\/wp\/v2\/comments?post=426577"}],"version-history":[{"count":0,"href":"https:\/\/portaltela.pt\/api\/wp\/v2\/posts\/426577\/revisions"}],"wp:featuredmedia":[{"embeddable":true,"href":"https:\/\/portaltela.pt\/api\/wp\/v2\/media\/426580"}],"wp:attachment":[{"href":"https:\/\/portaltela.pt\/api\/wp\/v2\/media?parent=426577"}],"wp:term":[{"taxonomy":"category","embeddable":true,"href":"https:\/\/portaltela.pt\/api\/wp\/v2\/categories?post=426577"},{"taxonomy":"post_tag","embeddable":true,"href":"https:\/\/portaltela.pt\/api\/wp\/v2\/tags?post=426577"}],"curies":[{"name":"wp","href":"https:\/\/api.w.org\/{rel}","templated":true}]}}