{"id":426575,"date":"2026-03-30T05:02:18","date_gmt":"2026-03-30T08:02:18","guid":{"rendered":"https:\/\/portaltela.pt\/noticias\/2026\/03\/30\/portugal-lanca-seis-satelites-ao-espaco-a-bordo-do-falcon-9-da-spacex\/"},"modified":"2026-03-30T05:02:18","modified_gmt":"2026-03-30T08:02:18","slug":"portugal-lanca-seis-satelites-ao-espaco-a-bordo-do-falcon-9-da-spacex","status":"publish","type":"post","link":"https:\/\/portaltela.pt\/tecnologia\/2026\/03\/30\/portugal-lanca-seis-satelites-ao-espaco-a-bordo-do-falcon-9-da-spacex\/","title":{"rendered":"Portugal lan\u00e7a seis sat\u00e9lites ao espa\u00e7o a bordo do Falcon 9 da SpaceX"},"content":{"rendered":"<p>A miss\u00e3o Transporter-16, da SpaceX, ir\u00e1 lan\u00e7ar seis sat\u00e9lites portugueses a partir da base de Vandenberg, Calif\u00f3rnia, na segunda-feira, 30 de mar\u00e7o. O lan\u00e7amento decorre durante o fim de prepara\u00e7\u00e3o para a opera\u00e7\u00e3o, que visa expandir a presen\u00e7a de Portugal no espa\u00e7o.<\/p>\n<p>O programa, integrado na Agenda New Space Portugal, \u00e9 liderado pela Geosat e envolve a For\u00e7a A\u00e9rea Portuguesa, o CEiiA e a LusoSpace. O objetivo \u00e9 ampliar a vigil\u00e2ncia, a monitoriza\u00e7\u00e3o ambiental e as comunica\u00e7\u00f5es mar\u00edtimas.<\/p>\n<h3>Sat\u00e9lites e fun\u00e7\u00f5es<\/h3>\n<p>Entre os aparelhos, destaca-se um sat\u00e9lite SAR da For\u00e7a A\u00e9rea Portuguesa, capaz de operar sob qualquer condi\u00e7\u00e3o ou \u00e0 noite, para vigil\u00e2ncia mar\u00edtima e prote\u00e7\u00e3o da ZEE. Outro \u00e9 o VHRLight NexGen, do CEiiA com parceiros, com resolu\u00e7\u00e3o de at\u00e9 70 cm.<\/p>\n<p>A constela\u00e7\u00e3o lusitano-espanhola evolui para 12 unidades, misturando capacidades \u00f3ticas e de radar, com aplica\u00e7\u00f5es na resposta a cat\u00e1strofes, monitoriza\u00e7\u00e3o ambiental e seguran\u00e7a mar\u00edtima. O projeto visa um sistema h\u00edbrido de observa\u00e7\u00e3o.<\/p>\n<h3>Lus\u00edada e comunica\u00e7\u00f5es no mar<\/h3>\n<p>Quatro sat\u00e9lites da LusoSpace integram a Constela\u00e7\u00e3o Lus\u00edada para refor\u00e7ar as comunica\u00e7\u00f5es mar\u00edtimas via VDES, tecnologia de troca de dados em mar aberto. Os sat\u00e9lites, batizados Cam\u00f5es, Pessoa, Saramago e Agustina, servir\u00e3o de base ao \u201cWaze dos oceanos\u201d.<\/p>\n<p>Isto permitir\u00e1 partilhar informa\u00e7\u00f5es, alertas de perigos e dados de navega\u00e7\u00e3o para navegadores e autoridades, com custos reduzidos. O CEO da LusoSpace descreveu a vis\u00e3o de uma comunidade mar\u00edtima global.<\/p>\n<p>O lan\u00e7amento est\u00e1 marcado para as 11h20 (hora de Lisboa) desta segunda-feira. A opera\u00e7\u00e3o pode ser acompanhada em directo atrav\u00e9s do site da SpaceX.<\/p>\n","protected":false},"excerpt":{"rendered":"<ul>\n<li>Portugal vai lan\u00e7ar seis sat\u00e9lites a partir da base de Vandenberg, Calif\u00f3rnia, na miss\u00e3o Transporter\u201116 da SpaceX, nesta segunda-feira, 30 de mar\u00e7o, \u00e0s 11h20 (hora de Lisboa).<\/li>\n<li>A opera\u00e7\u00e3o integra a Agenda New Space Portugal, liderada pela Geosat, envolvendo a For\u00e7a A\u00e9rea Portuguesa, o CEiiA e a LusoSpace.<\/li>\n<li>Os novos sat\u00e9lites incluem um radar de abertura sint\u00e9tica da For\u00e7a A\u00e9rea Portuguesa e o sat\u00e9lite \u00f3tico VHRLight NexGen, com resolu\u00e7\u00e3o de at\u00e9 quarenta cent\u00edmetros por pixel para imagens multiespectrais.<\/li>\n<li>Quatro units da Lus\u00edada, da LusoSpace, destinam\u2011se a refor\u00e7ar comunica\u00e7\u00f5es mar\u00edtimas via VDES, com nomes de escritores portugueses: Cam\u00f5es, Pessoa, Saramago e Agustina.<\/li>\n<li>A constela\u00e7\u00e3o dever\u00e1 evoluir para doze sat\u00e9lites, com usos que v\u00e3o desde resposta a cat\u00e1strofes at\u00e9 monitoriza\u00e7\u00e3o ambiental e vigil\u00e2ncia mar\u00edtima; o lan\u00e7amento pode ser acompanhado em direto no site da SpaceX.<\/li>\n<\/ul>\n","protected":false},"author":2,"featured_media":426576,"comment_status":"closed","ping_status":"closed","sticky":false,"template":"","format":"standard","meta":{"footnotes":""},"categories":[6716],"tags":[4558,5376,2206,787,1014,153],"class_list":["post-426575","post","type-post","status-publish","format-standard","has-post-thumbnail","hentry","category-tecnologia","tag-a-aeronautica","tag-a-forca-aerea","tag-comunicacoes","tag-observacao","tag-portugal","tag-tecnologia"],"yoast_head":"<!-- This site is optimized with the Yoast SEO plugin v27.2 - https:\/\/yoast.com\/product\/yoast-seo-wordpress\/ -->\n<title>Portugal lan\u00e7a seis sat\u00e9lites ao espa\u00e7o a bordo do Falcon 9 da SpaceX - Portal Tela Portugal<\/title>\n<meta name=\"robots\" content=\"index, follow, max-snippet:-1, max-image-preview:large, max-video-preview:-1\" \/>\n<meta property=\"og:locale\" content=\"pt_PT\" \/>\n<meta property=\"og:type\" content=\"article\" \/>\n<meta property=\"og:title\" content=\"Portugal lan\u00e7a seis sat\u00e9lites ao espa\u00e7o a bordo do Falcon 9 da SpaceX - Portal Tela Portugal\" \/>\n<meta property=\"og:description\" content=\"Portugal vai lan\u00e7ar seis sat\u00e9lites a partir da base de Vandenberg, Calif\u00f3rnia, na miss\u00e3o Transporter\u201116 da SpaceX, nesta segunda-feira, 30 de mar\u00e7o, \u00e0s 11h20 (hora de Lisboa). A opera\u00e7\u00e3o integra a Agenda New Space Portugal, liderada pela Geosat, envolvendo a For\u00e7a A\u00e9rea Portuguesa, o CEiiA e a LusoSpace. Os novos sat\u00e9lites incluem um radar de abertura sint\u00e9tica da For\u00e7a A\u00e9rea Portuguesa e o sat\u00e9lite \u00f3tico VHRLight NexGen, com resolu\u00e7\u00e3o de at\u00e9 quarenta cent\u00edmetros por pixel para imagens multiespectrais. Quatro units da Lus\u00edada, da LusoSpace, destinam\u2011se a refor\u00e7ar comunica\u00e7\u00f5es mar\u00edtimas via VDES, com nomes de escritores portugueses: Cam\u00f5es, Pessoa, Saramago e Agustina. A constela\u00e7\u00e3o dever\u00e1 evoluir para doze sat\u00e9lites, com usos que v\u00e3o desde resposta a cat\u00e1strofes at\u00e9 monitoriza\u00e7\u00e3o ambiental e vigil\u00e2ncia mar\u00edtima; o lan\u00e7amento pode ser acompanhado em direto no site da SpaceX.\" \/>\n<meta property=\"og:url\" content=\"https:\/\/portaltela.pt\/noticias\/2026\/03\/30\/portugal-lanca-seis-satelites-ao-espaco-a-bordo-do-falcon-9-da-spacex\/\" \/>\n<meta property=\"og:site_name\" content=\"Portal Tela Portugal\" \/>\n<meta property=\"article:published_time\" content=\"2026-03-30T08:02:18+00:00\" \/>\n<meta name=\"author\" content=\"Telinha\" \/>\n<meta name=\"twitter:card\" content=\"summary_large_image\" \/>\n<meta name=\"twitter:label1\" content=\"Escrito por\" \/>\n\t<meta name=\"twitter:data1\" content=\"Telinha\" \/>\n\t<meta name=\"twitter:label2\" content=\"Tempo estimado de leitura\" \/>\n\t<meta name=\"twitter:data2\" content=\"1 minuto\" \/>\n<script type=\"application\/ld+json\" class=\"yoast-schema-graph\">{\"@context\":\"https:\/\/schema.org\",\"@graph\":[{\"@type\":\"Article\",\"@id\":\"https:\/\/portaltela.pt\/noticias\/2026\/03\/30\/portugal-lanca-seis-satelites-ao-espaco-a-bordo-do-falcon-9-da-spacex\/#article\",\"isPartOf\":{\"@id\":\"https:\/\/portaltela.pt\/noticias\/2026\/03\/30\/portugal-lanca-seis-satelites-ao-espaco-a-bordo-do-falcon-9-da-spacex\/\"},\"author\":{\"name\":\"Telinha\",\"@id\":\"https:\/\/portaltela.pt\/#\/schema\/person\/c4278d4a6028830caff9ee44b42d32ed\"},\"headline\":\"Portugal lan\u00e7a seis sat\u00e9lites ao espa\u00e7o a bordo do Falcon 9 da SpaceX\",\"datePublished\":\"2026-03-30T08:02:18+00:00\",\"mainEntityOfPage\":{\"@id\":\"https:\/\/portaltela.pt\/noticias\/2026\/03\/30\/portugal-lanca-seis-satelites-ao-espaco-a-bordo-do-falcon-9-da-spacex\/\"},\"wordCount\":312,\"image\":{\"@id\":\"https:\/\/portaltela.pt\/noticias\/2026\/03\/30\/portugal-lanca-seis-satelites-ao-espaco-a-bordo-do-falcon-9-da-spacex\/#primaryimage\"},\"thumbnailUrl\":\"https:\/\/portaltela.pt\/s.01k8rhncp4jt1\/2026\/03\/1536x864_cmsv2_223eea0c-6d0a-5a1c-ae92-924a7b1c29af-9703311.jpg\",\"keywords\":[\"a aeron\u00e1utica\",\"A For\u00e7a A\u00e9rea\",\"comunica\u00e7\u00f5es\",\"observa\u00e7\u00e3o\",\"Portugal\",\"tecnologia\"],\"articleSection\":[\"Tecnologia\"],\"inLanguage\":\"pt-PT\"},{\"@type\":\"WebPage\",\"@id\":\"https:\/\/portaltela.pt\/noticias\/2026\/03\/30\/portugal-lanca-seis-satelites-ao-espaco-a-bordo-do-falcon-9-da-spacex\/\",\"url\":\"https:\/\/portaltela.pt\/noticias\/2026\/03\/30\/portugal-lanca-seis-satelites-ao-espaco-a-bordo-do-falcon-9-da-spacex\/\",\"name\":\"Portugal lan\u00e7a seis sat\u00e9lites ao espa\u00e7o a bordo do Falcon 9 da SpaceX - Portal Tela Portugal\",\"isPartOf\":{\"@id\":\"https:\/\/portaltela.pt\/#website\"},\"primaryImageOfPage\":{\"@id\":\"https:\/\/portaltela.pt\/noticias\/2026\/03\/30\/portugal-lanca-seis-satelites-ao-espaco-a-bordo-do-falcon-9-da-spacex\/#primaryimage\"},\"image\":{\"@id\":\"https:\/\/portaltela.pt\/noticias\/2026\/03\/30\/portugal-lanca-seis-satelites-ao-espaco-a-bordo-do-falcon-9-da-spacex\/#primaryimage\"},\"thumbnailUrl\":\"https:\/\/portaltela.pt\/s.01k8rhncp4jt1\/2026\/03\/1536x864_cmsv2_223eea0c-6d0a-5a1c-ae92-924a7b1c29af-9703311.jpg\",\"datePublished\":\"2026-03-30T08:02:18+00:00\",\"author\":{\"@id\":\"https:\/\/portaltela.pt\/#\/schema\/person\/c4278d4a6028830caff9ee44b42d32ed\"},\"breadcrumb\":{\"@id\":\"https:\/\/portaltela.pt\/noticias\/2026\/03\/30\/portugal-lanca-seis-satelites-ao-espaco-a-bordo-do-falcon-9-da-spacex\/#breadcrumb\"},\"inLanguage\":\"pt-PT\",\"potentialAction\":[{\"@type\":\"ReadAction\",\"target\":[\"https:\/\/portaltela.pt\/noticias\/2026\/03\/30\/portugal-lanca-seis-satelites-ao-espaco-a-bordo-do-falcon-9-da-spacex\/\"]}]},{\"@type\":\"ImageObject\",\"inLanguage\":\"pt-PT\",\"@id\":\"https:\/\/portaltela.pt\/noticias\/2026\/03\/30\/portugal-lanca-seis-satelites-ao-espaco-a-bordo-do-falcon-9-da-spacex\/#primaryimage\",\"url\":\"https:\/\/portaltela.pt\/s.01k8rhncp4jt1\/2026\/03\/1536x864_cmsv2_223eea0c-6d0a-5a1c-ae92-924a7b1c29af-9703311.jpg\",\"contentUrl\":\"https:\/\/portaltela.pt\/s.01k8rhncp4jt1\/2026\/03\/1536x864_cmsv2_223eea0c-6d0a-5a1c-ae92-924a7b1c29af-9703311.jpg\",\"width\":1536,\"height\":864,\"caption\":\"Os quatro sat\u00e9lites da LusoSpace que v\u00e3o integrar a constela\u00e7\u00e3o Lus\u00edada\"},{\"@type\":\"BreadcrumbList\",\"@id\":\"https:\/\/portaltela.pt\/noticias\/2026\/03\/30\/portugal-lanca-seis-satelites-ao-espaco-a-bordo-do-falcon-9-da-spacex\/#breadcrumb\",\"itemListElement\":[{\"@type\":\"ListItem\",\"position\":1,\"name\":\"In\u00edcio\",\"item\":\"https:\/\/portaltela.pt\/\"},{\"@type\":\"ListItem\",\"position\":2,\"name\":\"Portugal lan\u00e7a seis sat\u00e9lites ao espa\u00e7o a bordo do Falcon 9 da SpaceX\"}]},{\"@type\":\"WebSite\",\"@id\":\"https:\/\/portaltela.pt\/#website\",\"url\":\"https:\/\/portaltela.pt\/\",\"name\":\"Portal Tela Portugal\",\"description\":\"\",\"potentialAction\":[{\"@type\":\"SearchAction\",\"target\":{\"@type\":\"EntryPoint\",\"urlTemplate\":\"https:\/\/portaltela.pt\/?s={search_term_string}\"},\"query-input\":{\"@type\":\"PropertyValueSpecification\",\"valueRequired\":true,\"valueName\":\"search_term_string\"}}],\"inLanguage\":\"pt-PT\"},{\"@type\":\"Person\",\"@id\":\"https:\/\/portaltela.pt\/#\/schema\/person\/c4278d4a6028830caff9ee44b42d32ed\",\"name\":\"Telinha\",\"image\":{\"@type\":\"ImageObject\",\"inLanguage\":\"pt-PT\",\"@id\":\"https:\/\/portaltela.pt\/s.01k8rhncp4jt1\/2025\/11\/talking-bot-125x125.png\",\"url\":\"https:\/\/portaltela.pt\/s.01k8rhncp4jt1\/2025\/11\/talking-bot-125x125.png\",\"contentUrl\":\"https:\/\/portaltela.pt\/s.01k8rhncp4jt1\/2025\/11\/talking-bot-125x125.png\",\"caption\":\"Telinha\"},\"sameAs\":[\"https:\/\/portaltela.pt\/\"],\"url\":\"https:\/\/portaltela.pt\/por\/367410592786\/\"}]}<\/script>\n<!-- \/ Yoast SEO plugin. -->","yoast_head_json":{"title":"Portugal lan\u00e7a seis sat\u00e9lites ao espa\u00e7o a bordo do Falcon 9 da SpaceX - Portal Tela Portugal","robots":{"index":"index","follow":"follow","max-snippet":"max-snippet:-1","max-image-preview":"max-image-preview:large","max-video-preview":"max-video-preview:-1"},"og_locale":"pt_PT","og_type":"article","og_title":"Portugal lan\u00e7a seis sat\u00e9lites ao espa\u00e7o a bordo do Falcon 9 da SpaceX - Portal Tela Portugal","og_description":"Portugal vai lan\u00e7ar seis sat\u00e9lites a partir da base de Vandenberg, Calif\u00f3rnia, na miss\u00e3o Transporter\u201116 da SpaceX, nesta segunda-feira, 30 de mar\u00e7o, \u00e0s 11h20 (hora de Lisboa). A opera\u00e7\u00e3o integra a Agenda New Space Portugal, liderada pela Geosat, envolvendo a For\u00e7a A\u00e9rea Portuguesa, o CEiiA e a LusoSpace. Os novos sat\u00e9lites incluem um radar de abertura sint\u00e9tica da For\u00e7a A\u00e9rea Portuguesa e o sat\u00e9lite \u00f3tico VHRLight NexGen, com resolu\u00e7\u00e3o de at\u00e9 quarenta cent\u00edmetros por pixel para imagens multiespectrais. Quatro units da Lus\u00edada, da LusoSpace, destinam\u2011se a refor\u00e7ar comunica\u00e7\u00f5es mar\u00edtimas via VDES, com nomes de escritores portugueses: Cam\u00f5es, Pessoa, Saramago e Agustina. A constela\u00e7\u00e3o dever\u00e1 evoluir para doze sat\u00e9lites, com usos que v\u00e3o desde resposta a cat\u00e1strofes at\u00e9 monitoriza\u00e7\u00e3o ambiental e vigil\u00e2ncia mar\u00edtima; o lan\u00e7amento pode ser acompanhado em direto no site da SpaceX.","og_url":"https:\/\/portaltela.pt\/noticias\/2026\/03\/30\/portugal-lanca-seis-satelites-ao-espaco-a-bordo-do-falcon-9-da-spacex\/","og_site_name":"Portal Tela Portugal","article_published_time":"2026-03-30T08:02:18+00:00","author":"Telinha","twitter_card":"summary_large_image","twitter_misc":{"Escrito por":"Telinha","Tempo estimado de leitura":"1 minuto"},"schema":{"@context":"https:\/\/schema.org","@graph":[{"@type":"Article","@id":"https:\/\/portaltela.pt\/noticias\/2026\/03\/30\/portugal-lanca-seis-satelites-ao-espaco-a-bordo-do-falcon-9-da-spacex\/#article","isPartOf":{"@id":"https:\/\/portaltela.pt\/noticias\/2026\/03\/30\/portugal-lanca-seis-satelites-ao-espaco-a-bordo-do-falcon-9-da-spacex\/"},"author":{"name":"Telinha","@id":"https:\/\/portaltela.pt\/#\/schema\/person\/c4278d4a6028830caff9ee44b42d32ed"},"headline":"Portugal lan\u00e7a seis sat\u00e9lites ao espa\u00e7o a bordo do Falcon 9 da SpaceX","datePublished":"2026-03-30T08:02:18+00:00","mainEntityOfPage":{"@id":"https:\/\/portaltela.pt\/noticias\/2026\/03\/30\/portugal-lanca-seis-satelites-ao-espaco-a-bordo-do-falcon-9-da-spacex\/"},"wordCount":312,"image":{"@id":"https:\/\/portaltela.pt\/noticias\/2026\/03\/30\/portugal-lanca-seis-satelites-ao-espaco-a-bordo-do-falcon-9-da-spacex\/#primaryimage"},"thumbnailUrl":"https:\/\/portaltela.pt\/s.01k8rhncp4jt1\/2026\/03\/1536x864_cmsv2_223eea0c-6d0a-5a1c-ae92-924a7b1c29af-9703311.jpg","keywords":["a aeron\u00e1utica","A For\u00e7a A\u00e9rea","comunica\u00e7\u00f5es","observa\u00e7\u00e3o","Portugal","tecnologia"],"articleSection":["Tecnologia"],"inLanguage":"pt-PT"},{"@type":"WebPage","@id":"https:\/\/portaltela.pt\/noticias\/2026\/03\/30\/portugal-lanca-seis-satelites-ao-espaco-a-bordo-do-falcon-9-da-spacex\/","url":"https:\/\/portaltela.pt\/noticias\/2026\/03\/30\/portugal-lanca-seis-satelites-ao-espaco-a-bordo-do-falcon-9-da-spacex\/","name":"Portugal lan\u00e7a seis sat\u00e9lites ao espa\u00e7o a bordo do Falcon 9 da SpaceX - Portal Tela Portugal","isPartOf":{"@id":"https:\/\/portaltela.pt\/#website"},"primaryImageOfPage":{"@id":"https:\/\/portaltela.pt\/noticias\/2026\/03\/30\/portugal-lanca-seis-satelites-ao-espaco-a-bordo-do-falcon-9-da-spacex\/#primaryimage"},"image":{"@id":"https:\/\/portaltela.pt\/noticias\/2026\/03\/30\/portugal-lanca-seis-satelites-ao-espaco-a-bordo-do-falcon-9-da-spacex\/#primaryimage"},"thumbnailUrl":"https:\/\/portaltela.pt\/s.01k8rhncp4jt1\/2026\/03\/1536x864_cmsv2_223eea0c-6d0a-5a1c-ae92-924a7b1c29af-9703311.jpg","datePublished":"2026-03-30T08:02:18+00:00","author":{"@id":"https:\/\/portaltela.pt\/#\/schema\/person\/c4278d4a6028830caff9ee44b42d32ed"},"breadcrumb":{"@id":"https:\/\/portaltela.pt\/noticias\/2026\/03\/30\/portugal-lanca-seis-satelites-ao-espaco-a-bordo-do-falcon-9-da-spacex\/#breadcrumb"},"inLanguage":"pt-PT","potentialAction":[{"@type":"ReadAction","target":["https:\/\/portaltela.pt\/noticias\/2026\/03\/30\/portugal-lanca-seis-satelites-ao-espaco-a-bordo-do-falcon-9-da-spacex\/"]}]},{"@type":"ImageObject","inLanguage":"pt-PT","@id":"https:\/\/portaltela.pt\/noticias\/2026\/03\/30\/portugal-lanca-seis-satelites-ao-espaco-a-bordo-do-falcon-9-da-spacex\/#primaryimage","url":"https:\/\/portaltela.pt\/s.01k8rhncp4jt1\/2026\/03\/1536x864_cmsv2_223eea0c-6d0a-5a1c-ae92-924a7b1c29af-9703311.jpg","contentUrl":"https:\/\/portaltela.pt\/s.01k8rhncp4jt1\/2026\/03\/1536x864_cmsv2_223eea0c-6d0a-5a1c-ae92-924a7b1c29af-9703311.jpg","width":1536,"height":864,"caption":"Os quatro sat\u00e9lites da LusoSpace que v\u00e3o integrar a constela\u00e7\u00e3o Lus\u00edada"},{"@type":"BreadcrumbList","@id":"https:\/\/portaltela.pt\/noticias\/2026\/03\/30\/portugal-lanca-seis-satelites-ao-espaco-a-bordo-do-falcon-9-da-spacex\/#breadcrumb","itemListElement":[{"@type":"ListItem","position":1,"name":"In\u00edcio","item":"https:\/\/portaltela.pt\/"},{"@type":"ListItem","position":2,"name":"Portugal lan\u00e7a seis sat\u00e9lites ao espa\u00e7o a bordo do Falcon 9 da SpaceX"}]},{"@type":"WebSite","@id":"https:\/\/portaltela.pt\/#website","url":"https:\/\/portaltela.pt\/","name":"Portal Tela Portugal","description":"","potentialAction":[{"@type":"SearchAction","target":{"@type":"EntryPoint","urlTemplate":"https:\/\/portaltela.pt\/?s={search_term_string}"},"query-input":{"@type":"PropertyValueSpecification","valueRequired":true,"valueName":"search_term_string"}}],"inLanguage":"pt-PT"},{"@type":"Person","@id":"https:\/\/portaltela.pt\/#\/schema\/person\/c4278d4a6028830caff9ee44b42d32ed","name":"Telinha","image":{"@type":"ImageObject","inLanguage":"pt-PT","@id":"https:\/\/portaltela.pt\/s.01k8rhncp4jt1\/2025\/11\/talking-bot-125x125.png","url":"https:\/\/portaltela.pt\/s.01k8rhncp4jt1\/2025\/11\/talking-bot-125x125.png","contentUrl":"https:\/\/portaltela.pt\/s.01k8rhncp4jt1\/2025\/11\/talking-bot-125x125.png","caption":"Telinha"},"sameAs":["https:\/\/portaltela.pt\/"],"url":"https:\/\/portaltela.pt\/por\/367410592786\/"}]}},"_links":{"self":[{"href":"https:\/\/portaltela.pt\/api\/wp\/v2\/posts\/426575","targetHints":{"allow":["GET"]}}],"collection":[{"href":"https:\/\/portaltela.pt\/api\/wp\/v2\/posts"}],"about":[{"href":"https:\/\/portaltela.pt\/api\/wp\/v2\/types\/post"}],"author":[{"embeddable":true,"href":"https:\/\/portaltela.pt\/api\/wp\/v2\/users\/2"}],"replies":[{"embeddable":true,"href":"https:\/\/portaltela.pt\/api\/wp\/v2\/comments?post=426575"}],"version-history":[{"count":0,"href":"https:\/\/portaltela.pt\/api\/wp\/v2\/posts\/426575\/revisions"}],"wp:featuredmedia":[{"embeddable":true,"href":"https:\/\/portaltela.pt\/api\/wp\/v2\/media\/426576"}],"wp:attachment":[{"href":"https:\/\/portaltela.pt\/api\/wp\/v2\/media?parent=426575"}],"wp:term":[{"taxonomy":"category","embeddable":true,"href":"https:\/\/portaltela.pt\/api\/wp\/v2\/categories?post=426575"},{"taxonomy":"post_tag","embeddable":true,"href":"https:\/\/portaltela.pt\/api\/wp\/v2\/tags?post=426575"}],"curies":[{"name":"wp","href":"https:\/\/api.w.org\/{rel}","templated":true}]}}