{"id":426546,"date":"2026-03-30T04:02:30","date_gmt":"2026-03-30T07:02:30","guid":{"rendered":"https:\/\/portaltela.pt\/noticias\/2026\/03\/30\/constituicao-da-republica-portuguesa-ja-foi-revista-sete-vezes-desde-1976\/"},"modified":"2026-03-30T04:02:30","modified_gmt":"2026-03-30T07:02:30","slug":"constituicao-da-republica-portuguesa-ja-foi-revista-sete-vezes-desde-1976","status":"publish","type":"post","link":"https:\/\/portaltela.pt\/noticias\/2026\/03\/30\/constituicao-da-republica-portuguesa-ja-foi-revista-sete-vezes-desde-1976\/","title":{"rendered":"Constitui\u00e7\u00e3o da Rep\u00fablica Portuguesa j\u00e1 foi revista sete vezes desde 1976"},"content":{"rendered":"<p>A Constitui\u00e7\u00e3o da Rep\u00fablica Portuguesa (CRP) foi aprovada a 2 de abril de 1976, dois anos ap\u00f3s a Revolu\u00e7\u00e3o dos Cravos. Desde ent\u00e3o, j\u00e1 sofreu sete altera\u00e7\u00f5es, algumas mais estruturais, outras mais t\u00e9cnicas, associadas a compromissos internacionais.<\/p>\n<p>A vers\u00e3o original manteve a participa\u00e7\u00e3o do MFA atrav\u00e9s do Conselho da Revolu\u00e7\u00e3o, que fiscalizava a constitucionalidade das leis. Sete revis\u00f5es remodelaram o texto ao longo de d\u00e9cadas, com mudan\u00e7as profundas e ajustamentos mais espec\u00edficos.<\/p>\n<h3>Hist\u00f3rico de revis\u00f5es<\/h3>\n<p>A primeira revis\u00e3o, em 1982, extinguiu o Conselho da Revolu\u00e7\u00e3o e criou o Tribunal Constitucional e o Conselho de Estado, reduzindo a dimens\u00e3o militar do regime. A mudan\u00e7a visou flexibilizar o sistema econ\u00f3mico e pol\u00edtico.<\/p>\n<p>Em 1989, houve a aboli\u00e7\u00e3o da irreversibilidade de nacionaliza\u00e7\u00f5es p\u00f3s-1974 e a possibilidade de reprivatiza\u00e7\u00f5es por maioria absoluta. Foram tamb\u00e9m introduzidos referendos e altera\u00e7\u00f5es ao tema agr\u00e1rio.<\/p>\n<p>As revis\u00f5es de 1992 e 1997 aproximaram o texto dos princ\u00edpios dos Tratados da UE, Maastricht e Amesterd\u00e3o. Na pr\u00e1tica, refor\u00e7aram a capacidade eleitoral de estrangeiros, criaram c\u00edrculos uninominais e ampliaram poderes da Assembleia da Rep\u00fablica.<\/p>\n<p>Em 2001, a CRP foi alterada para permitir a ratifica\u00e7\u00e3o da Conven\u00e7\u00e3o do Tribunal Penal Internacional, ajustando regras de extradi\u00e7\u00e3o. Em 2004, a autonomia regional dos A\u00e7ores e Madeira ganhou maior express\u00e3o, com novas Assembleias Legislativas.<\/p>\n<p>A revis\u00e3o de 2004 tamb\u00e9m introduziu o fim da figura de Ministro da Rep\u00fablica, criando o Representante da Rep\u00fablica, e refor\u00e7ou a limita\u00e7\u00e3o de mandatos, al\u00e9m de reconhecer o direito \u00e0 n\u00e3o discrimina\u00e7\u00e3o por orienta\u00e7\u00e3o sexual.<\/p>\n<p>Em 2005, a s\u00e9tima revis\u00e3o permitiu referendo sobre tratados que visassem a constru\u00e7\u00e3o da Uni\u00e3o Europeia. Desde ent\u00e3o, o texto n\u00e3o sofreu altera\u00e7\u00f5es formais por muito tempo.<\/p>\n<p>H\u00e1 mais de duas d\u00e9cadas que a CRP n\u00e3o \u00e9 alterada de forma efetiva, apesar de tentativas e de processos que ficaram pelo caminho. Em 2010 abriu-se um novo processo de revis\u00e3o ordin\u00e1ria, suspenso pela convoca\u00e7\u00e3o de elei\u00e7\u00f5es.<\/p>\n<p>Em 2021, um projeto do Chega foi apresentado, mas o processo terminou rapidamente com as altera\u00e7\u00f5es rejeitadas. Entre 2022 e 2024 houve novo esfor\u00e7o conjunto de v\u00e1rios partidos, interrompido pela dissolu\u00e7\u00e3o do parlamento.<\/p>\n<p>O debate sobre a revisita\u00e7\u00e3o da CRP mant\u00e9m-se, ainda sem data definida, refletindo o equil\u00edbrio entre renovar mecanismos constitucionais e preservar estabilidade jur\u00eddica. As pr\u00f3ximas etapas dependem da vontade pol\u00edtica e do calend\u00e1rio parlamentar.<\/p>\n","protected":false},"excerpt":{"rendered":"<ul>\n<li>Sete revis\u00f5es foram feitas \u00e0 Constitui\u00e7\u00e3o da Rep\u00fablica Portuguesa desde a sua aprova\u00e7\u00e3o, em 1976, com altera\u00e7\u00f5es de maior ou menor alcance ligadas \u00e0 integra\u00e7\u00e3o em tratados internacionais.<\/li>\n<li>A primeira revis\u00e3o, em 1982, extinguiu o Conselho da Revolu\u00e7\u00e3o, criou o Tribunal Constitucional e o Conselho de Estado, e reduziu a presen\u00e7a militar no poder.<\/li>\n<li>Em 1989 eliminou\u2011se a irreversibilidade das nacionaliza\u00e7\u00f5es e passou a permitir reprivatiza\u00e7\u00f5es por maioria absoluta; abriu-se a possibilidade de referendos.<\/li>\n<li>As revis\u00f5es de 1992 e 1997 ajustaram o texto aos tratados da Uni\u00e3o Europeia (Maastricht e Amesterd\u00e3o) e fortaleceram direitos, incluindo a iniciativa legislativa por cidad\u00e3os.<\/li>\n<li>Desde 2005 n\u00e3o houve altera\u00e7\u00f5es aprovadas; v\u00e1rias tentativas (2010, 2021 e 2022\u20112024) n\u00e3o chegaram a conclus\u00e3o.<\/li>\n<\/ul>\n","protected":false},"author":2,"featured_media":426547,"comment_status":"closed","ping_status":"closed","sticky":false,"template":"","format":"standard","meta":{"footnotes":""},"categories":[6815,1],"tags":[4057,6373,1465,2832,1014,6208],"class_list":["post-426546","post","type-post","status-publish","format-standard","has-post-thumbnail","hentry","category-justica","category-noticias","tag-constituicao","tag-direitos","tag-direitos-internacionais","tag-politica","tag-portugal","tag-tribunais"],"yoast_head":"<!-- This site is optimized with the Yoast SEO plugin v27.2 - https:\/\/yoast.com\/product\/yoast-seo-wordpress\/ -->\n<title>Constitui\u00e7\u00e3o da Rep\u00fablica Portuguesa j\u00e1 foi revista sete vezes desde 1976 - Portal Tela Portugal<\/title>\n<meta name=\"robots\" content=\"index, follow, max-snippet:-1, max-image-preview:large, max-video-preview:-1\" \/>\n<meta property=\"og:locale\" content=\"pt_PT\" \/>\n<meta property=\"og:type\" content=\"article\" \/>\n<meta property=\"og:title\" content=\"Constitui\u00e7\u00e3o da Rep\u00fablica Portuguesa j\u00e1 foi revista sete vezes desde 1976 - Portal Tela Portugal\" \/>\n<meta property=\"og:description\" content=\"Sete revis\u00f5es foram feitas \u00e0 Constitui\u00e7\u00e3o da Rep\u00fablica Portuguesa desde a sua aprova\u00e7\u00e3o, em 1976, com altera\u00e7\u00f5es de maior ou menor alcance ligadas \u00e0 integra\u00e7\u00e3o em tratados internacionais. A primeira revis\u00e3o, em 1982, extinguiu o Conselho da Revolu\u00e7\u00e3o, criou o Tribunal Constitucional e o Conselho de Estado, e reduziu a presen\u00e7a militar no poder. Em 1989 eliminou\u2011se a irreversibilidade das nacionaliza\u00e7\u00f5es e passou a permitir reprivatiza\u00e7\u00f5es por maioria absoluta; abriu-se a possibilidade de referendos. As revis\u00f5es de 1992 e 1997 ajustaram o texto aos tratados da Uni\u00e3o Europeia (Maastricht e Amesterd\u00e3o) e fortaleceram direitos, incluindo a iniciativa legislativa por cidad\u00e3os. Desde 2005 n\u00e3o houve altera\u00e7\u00f5es aprovadas; v\u00e1rias tentativas (2010, 2021 e 2022\u20112024) n\u00e3o chegaram a conclus\u00e3o.\" \/>\n<meta property=\"og:url\" content=\"https:\/\/portaltela.pt\/noticias\/2026\/03\/30\/constituicao-da-republica-portuguesa-ja-foi-revista-sete-vezes-desde-1976\/\" \/>\n<meta property=\"og:site_name\" content=\"Portal Tela Portugal\" \/>\n<meta property=\"article:published_time\" content=\"2026-03-30T07:02:30+00:00\" \/>\n<meta name=\"author\" content=\"Telinha\" \/>\n<meta name=\"twitter:card\" content=\"summary_large_image\" \/>\n<meta name=\"twitter:label1\" content=\"Escrito por\" \/>\n\t<meta name=\"twitter:data1\" content=\"Telinha\" \/>\n\t<meta name=\"twitter:label2\" content=\"Tempo estimado de leitura\" \/>\n\t<meta name=\"twitter:data2\" content=\"2 minutos\" \/>\n<script type=\"application\/ld+json\" class=\"yoast-schema-graph\">{\"@context\":\"https:\/\/schema.org\",\"@graph\":[{\"@type\":\"Article\",\"@id\":\"https:\/\/portaltela.pt\/noticias\/2026\/03\/30\/constituicao-da-republica-portuguesa-ja-foi-revista-sete-vezes-desde-1976\/#article\",\"isPartOf\":{\"@id\":\"https:\/\/portaltela.pt\/noticias\/2026\/03\/30\/constituicao-da-republica-portuguesa-ja-foi-revista-sete-vezes-desde-1976\/\"},\"author\":{\"name\":\"Telinha\",\"@id\":\"https:\/\/portaltela.pt\/#\/schema\/person\/c4278d4a6028830caff9ee44b42d32ed\"},\"headline\":\"Constitui\u00e7\u00e3o da Rep\u00fablica Portuguesa j\u00e1 foi revista sete vezes desde 1976\",\"datePublished\":\"2026-03-30T07:02:30+00:00\",\"mainEntityOfPage\":{\"@id\":\"https:\/\/portaltela.pt\/noticias\/2026\/03\/30\/constituicao-da-republica-portuguesa-ja-foi-revista-sete-vezes-desde-1976\/\"},\"wordCount\":449,\"image\":{\"@id\":\"https:\/\/portaltela.pt\/noticias\/2026\/03\/30\/constituicao-da-republica-portuguesa-ja-foi-revista-sete-vezes-desde-1976\/#primaryimage\"},\"thumbnailUrl\":\"https:\/\/portaltela.pt\/s.01k8rhncp4jt1\/2026\/03\/img_1280x721uu2025-06-17-14-43-57-2216924.jpg\",\"keywords\":[\"constitui\u00e7\u00e3o\",\"direitos\",\"direitos internacionais\",\"pol\u00edtica\",\"Portugal\",\"Tribunais\"],\"articleSection\":[\"Justi\u00e7a\",\"Not\u00edcias\"],\"inLanguage\":\"pt-PT\"},{\"@type\":\"WebPage\",\"@id\":\"https:\/\/portaltela.pt\/noticias\/2026\/03\/30\/constituicao-da-republica-portuguesa-ja-foi-revista-sete-vezes-desde-1976\/\",\"url\":\"https:\/\/portaltela.pt\/noticias\/2026\/03\/30\/constituicao-da-republica-portuguesa-ja-foi-revista-sete-vezes-desde-1976\/\",\"name\":\"Constitui\u00e7\u00e3o da Rep\u00fablica Portuguesa j\u00e1 foi revista sete vezes desde 1976 - Portal Tela Portugal\",\"isPartOf\":{\"@id\":\"https:\/\/portaltela.pt\/#website\"},\"primaryImageOfPage\":{\"@id\":\"https:\/\/portaltela.pt\/noticias\/2026\/03\/30\/constituicao-da-republica-portuguesa-ja-foi-revista-sete-vezes-desde-1976\/#primaryimage\"},\"image\":{\"@id\":\"https:\/\/portaltela.pt\/noticias\/2026\/03\/30\/constituicao-da-republica-portuguesa-ja-foi-revista-sete-vezes-desde-1976\/#primaryimage\"},\"thumbnailUrl\":\"https:\/\/portaltela.pt\/s.01k8rhncp4jt1\/2026\/03\/img_1280x721uu2025-06-17-14-43-57-2216924.jpg\",\"datePublished\":\"2026-03-30T07:02:30+00:00\",\"author\":{\"@id\":\"https:\/\/portaltela.pt\/#\/schema\/person\/c4278d4a6028830caff9ee44b42d32ed\"},\"breadcrumb\":{\"@id\":\"https:\/\/portaltela.pt\/noticias\/2026\/03\/30\/constituicao-da-republica-portuguesa-ja-foi-revista-sete-vezes-desde-1976\/#breadcrumb\"},\"inLanguage\":\"pt-PT\",\"potentialAction\":[{\"@type\":\"ReadAction\",\"target\":[\"https:\/\/portaltela.pt\/noticias\/2026\/03\/30\/constituicao-da-republica-portuguesa-ja-foi-revista-sete-vezes-desde-1976\/\"]}]},{\"@type\":\"ImageObject\",\"inLanguage\":\"pt-PT\",\"@id\":\"https:\/\/portaltela.pt\/noticias\/2026\/03\/30\/constituicao-da-republica-portuguesa-ja-foi-revista-sete-vezes-desde-1976\/#primaryimage\",\"url\":\"https:\/\/portaltela.pt\/s.01k8rhncp4jt1\/2026\/03\/img_1280x721uu2025-06-17-14-43-57-2216924.jpg\",\"contentUrl\":\"https:\/\/portaltela.pt\/s.01k8rhncp4jt1\/2026\/03\/img_1280x721uu2025-06-17-14-43-57-2216924.jpg\",\"width\":796,\"height\":448,\"caption\":\"Constitui\u00e7\u00e3o da Rep\u00fablica Portuguesa foi revisto sete vezes desde 1976\"},{\"@type\":\"BreadcrumbList\",\"@id\":\"https:\/\/portaltela.pt\/noticias\/2026\/03\/30\/constituicao-da-republica-portuguesa-ja-foi-revista-sete-vezes-desde-1976\/#breadcrumb\",\"itemListElement\":[{\"@type\":\"ListItem\",\"position\":1,\"name\":\"In\u00edcio\",\"item\":\"https:\/\/portaltela.pt\/\"},{\"@type\":\"ListItem\",\"position\":2,\"name\":\"Constitui\u00e7\u00e3o da Rep\u00fablica Portuguesa j\u00e1 foi revista sete vezes desde 1976\"}]},{\"@type\":\"WebSite\",\"@id\":\"https:\/\/portaltela.pt\/#website\",\"url\":\"https:\/\/portaltela.pt\/\",\"name\":\"Portal Tela Portugal\",\"description\":\"\",\"potentialAction\":[{\"@type\":\"SearchAction\",\"target\":{\"@type\":\"EntryPoint\",\"urlTemplate\":\"https:\/\/portaltela.pt\/?s={search_term_string}\"},\"query-input\":{\"@type\":\"PropertyValueSpecification\",\"valueRequired\":true,\"valueName\":\"search_term_string\"}}],\"inLanguage\":\"pt-PT\"},{\"@type\":\"Person\",\"@id\":\"https:\/\/portaltela.pt\/#\/schema\/person\/c4278d4a6028830caff9ee44b42d32ed\",\"name\":\"Telinha\",\"image\":{\"@type\":\"ImageObject\",\"inLanguage\":\"pt-PT\",\"@id\":\"https:\/\/portaltela.pt\/s.01k8rhncp4jt1\/2025\/11\/talking-bot-125x125.png\",\"url\":\"https:\/\/portaltela.pt\/s.01k8rhncp4jt1\/2025\/11\/talking-bot-125x125.png\",\"contentUrl\":\"https:\/\/portaltela.pt\/s.01k8rhncp4jt1\/2025\/11\/talking-bot-125x125.png\",\"caption\":\"Telinha\"},\"sameAs\":[\"https:\/\/portaltela.pt\/\"],\"url\":\"https:\/\/portaltela.pt\/por\/367410592786\/\"}]}<\/script>\n<!-- \/ Yoast SEO plugin. -->","yoast_head_json":{"title":"Constitui\u00e7\u00e3o da Rep\u00fablica Portuguesa j\u00e1 foi revista sete vezes desde 1976 - Portal Tela Portugal","robots":{"index":"index","follow":"follow","max-snippet":"max-snippet:-1","max-image-preview":"max-image-preview:large","max-video-preview":"max-video-preview:-1"},"og_locale":"pt_PT","og_type":"article","og_title":"Constitui\u00e7\u00e3o da Rep\u00fablica Portuguesa j\u00e1 foi revista sete vezes desde 1976 - Portal Tela Portugal","og_description":"Sete revis\u00f5es foram feitas \u00e0 Constitui\u00e7\u00e3o da Rep\u00fablica Portuguesa desde a sua aprova\u00e7\u00e3o, em 1976, com altera\u00e7\u00f5es de maior ou menor alcance ligadas \u00e0 integra\u00e7\u00e3o em tratados internacionais. A primeira revis\u00e3o, em 1982, extinguiu o Conselho da Revolu\u00e7\u00e3o, criou o Tribunal Constitucional e o Conselho de Estado, e reduziu a presen\u00e7a militar no poder. Em 1989 eliminou\u2011se a irreversibilidade das nacionaliza\u00e7\u00f5es e passou a permitir reprivatiza\u00e7\u00f5es por maioria absoluta; abriu-se a possibilidade de referendos. As revis\u00f5es de 1992 e 1997 ajustaram o texto aos tratados da Uni\u00e3o Europeia (Maastricht e Amesterd\u00e3o) e fortaleceram direitos, incluindo a iniciativa legislativa por cidad\u00e3os. Desde 2005 n\u00e3o houve altera\u00e7\u00f5es aprovadas; v\u00e1rias tentativas (2010, 2021 e 2022\u20112024) n\u00e3o chegaram a conclus\u00e3o.","og_url":"https:\/\/portaltela.pt\/noticias\/2026\/03\/30\/constituicao-da-republica-portuguesa-ja-foi-revista-sete-vezes-desde-1976\/","og_site_name":"Portal Tela Portugal","article_published_time":"2026-03-30T07:02:30+00:00","author":"Telinha","twitter_card":"summary_large_image","twitter_misc":{"Escrito por":"Telinha","Tempo estimado de leitura":"2 minutos"},"schema":{"@context":"https:\/\/schema.org","@graph":[{"@type":"Article","@id":"https:\/\/portaltela.pt\/noticias\/2026\/03\/30\/constituicao-da-republica-portuguesa-ja-foi-revista-sete-vezes-desde-1976\/#article","isPartOf":{"@id":"https:\/\/portaltela.pt\/noticias\/2026\/03\/30\/constituicao-da-republica-portuguesa-ja-foi-revista-sete-vezes-desde-1976\/"},"author":{"name":"Telinha","@id":"https:\/\/portaltela.pt\/#\/schema\/person\/c4278d4a6028830caff9ee44b42d32ed"},"headline":"Constitui\u00e7\u00e3o da Rep\u00fablica Portuguesa j\u00e1 foi revista sete vezes desde 1976","datePublished":"2026-03-30T07:02:30+00:00","mainEntityOfPage":{"@id":"https:\/\/portaltela.pt\/noticias\/2026\/03\/30\/constituicao-da-republica-portuguesa-ja-foi-revista-sete-vezes-desde-1976\/"},"wordCount":449,"image":{"@id":"https:\/\/portaltela.pt\/noticias\/2026\/03\/30\/constituicao-da-republica-portuguesa-ja-foi-revista-sete-vezes-desde-1976\/#primaryimage"},"thumbnailUrl":"https:\/\/portaltela.pt\/s.01k8rhncp4jt1\/2026\/03\/img_1280x721uu2025-06-17-14-43-57-2216924.jpg","keywords":["constitui\u00e7\u00e3o","direitos","direitos internacionais","pol\u00edtica","Portugal","Tribunais"],"articleSection":["Justi\u00e7a","Not\u00edcias"],"inLanguage":"pt-PT"},{"@type":"WebPage","@id":"https:\/\/portaltela.pt\/noticias\/2026\/03\/30\/constituicao-da-republica-portuguesa-ja-foi-revista-sete-vezes-desde-1976\/","url":"https:\/\/portaltela.pt\/noticias\/2026\/03\/30\/constituicao-da-republica-portuguesa-ja-foi-revista-sete-vezes-desde-1976\/","name":"Constitui\u00e7\u00e3o da Rep\u00fablica Portuguesa j\u00e1 foi revista sete vezes desde 1976 - Portal Tela Portugal","isPartOf":{"@id":"https:\/\/portaltela.pt\/#website"},"primaryImageOfPage":{"@id":"https:\/\/portaltela.pt\/noticias\/2026\/03\/30\/constituicao-da-republica-portuguesa-ja-foi-revista-sete-vezes-desde-1976\/#primaryimage"},"image":{"@id":"https:\/\/portaltela.pt\/noticias\/2026\/03\/30\/constituicao-da-republica-portuguesa-ja-foi-revista-sete-vezes-desde-1976\/#primaryimage"},"thumbnailUrl":"https:\/\/portaltela.pt\/s.01k8rhncp4jt1\/2026\/03\/img_1280x721uu2025-06-17-14-43-57-2216924.jpg","datePublished":"2026-03-30T07:02:30+00:00","author":{"@id":"https:\/\/portaltela.pt\/#\/schema\/person\/c4278d4a6028830caff9ee44b42d32ed"},"breadcrumb":{"@id":"https:\/\/portaltela.pt\/noticias\/2026\/03\/30\/constituicao-da-republica-portuguesa-ja-foi-revista-sete-vezes-desde-1976\/#breadcrumb"},"inLanguage":"pt-PT","potentialAction":[{"@type":"ReadAction","target":["https:\/\/portaltela.pt\/noticias\/2026\/03\/30\/constituicao-da-republica-portuguesa-ja-foi-revista-sete-vezes-desde-1976\/"]}]},{"@type":"ImageObject","inLanguage":"pt-PT","@id":"https:\/\/portaltela.pt\/noticias\/2026\/03\/30\/constituicao-da-republica-portuguesa-ja-foi-revista-sete-vezes-desde-1976\/#primaryimage","url":"https:\/\/portaltela.pt\/s.01k8rhncp4jt1\/2026\/03\/img_1280x721uu2025-06-17-14-43-57-2216924.jpg","contentUrl":"https:\/\/portaltela.pt\/s.01k8rhncp4jt1\/2026\/03\/img_1280x721uu2025-06-17-14-43-57-2216924.jpg","width":796,"height":448,"caption":"Constitui\u00e7\u00e3o da Rep\u00fablica Portuguesa foi revisto sete vezes desde 1976"},{"@type":"BreadcrumbList","@id":"https:\/\/portaltela.pt\/noticias\/2026\/03\/30\/constituicao-da-republica-portuguesa-ja-foi-revista-sete-vezes-desde-1976\/#breadcrumb","itemListElement":[{"@type":"ListItem","position":1,"name":"In\u00edcio","item":"https:\/\/portaltela.pt\/"},{"@type":"ListItem","position":2,"name":"Constitui\u00e7\u00e3o da Rep\u00fablica Portuguesa j\u00e1 foi revista sete vezes desde 1976"}]},{"@type":"WebSite","@id":"https:\/\/portaltela.pt\/#website","url":"https:\/\/portaltela.pt\/","name":"Portal Tela Portugal","description":"","potentialAction":[{"@type":"SearchAction","target":{"@type":"EntryPoint","urlTemplate":"https:\/\/portaltela.pt\/?s={search_term_string}"},"query-input":{"@type":"PropertyValueSpecification","valueRequired":true,"valueName":"search_term_string"}}],"inLanguage":"pt-PT"},{"@type":"Person","@id":"https:\/\/portaltela.pt\/#\/schema\/person\/c4278d4a6028830caff9ee44b42d32ed","name":"Telinha","image":{"@type":"ImageObject","inLanguage":"pt-PT","@id":"https:\/\/portaltela.pt\/s.01k8rhncp4jt1\/2025\/11\/talking-bot-125x125.png","url":"https:\/\/portaltela.pt\/s.01k8rhncp4jt1\/2025\/11\/talking-bot-125x125.png","contentUrl":"https:\/\/portaltela.pt\/s.01k8rhncp4jt1\/2025\/11\/talking-bot-125x125.png","caption":"Telinha"},"sameAs":["https:\/\/portaltela.pt\/"],"url":"https:\/\/portaltela.pt\/por\/367410592786\/"}]}},"_links":{"self":[{"href":"https:\/\/portaltela.pt\/api\/wp\/v2\/posts\/426546","targetHints":{"allow":["GET"]}}],"collection":[{"href":"https:\/\/portaltela.pt\/api\/wp\/v2\/posts"}],"about":[{"href":"https:\/\/portaltela.pt\/api\/wp\/v2\/types\/post"}],"author":[{"embeddable":true,"href":"https:\/\/portaltela.pt\/api\/wp\/v2\/users\/2"}],"replies":[{"embeddable":true,"href":"https:\/\/portaltela.pt\/api\/wp\/v2\/comments?post=426546"}],"version-history":[{"count":0,"href":"https:\/\/portaltela.pt\/api\/wp\/v2\/posts\/426546\/revisions"}],"wp:featuredmedia":[{"embeddable":true,"href":"https:\/\/portaltela.pt\/api\/wp\/v2\/media\/426547"}],"wp:attachment":[{"href":"https:\/\/portaltela.pt\/api\/wp\/v2\/media?parent=426546"}],"wp:term":[{"taxonomy":"category","embeddable":true,"href":"https:\/\/portaltela.pt\/api\/wp\/v2\/categories?post=426546"},{"taxonomy":"post_tag","embeddable":true,"href":"https:\/\/portaltela.pt\/api\/wp\/v2\/tags?post=426546"}],"curies":[{"name":"wp","href":"https:\/\/api.w.org\/{rel}","templated":true}]}}