{"id":426541,"date":"2026-03-30T04:02:25","date_gmt":"2026-03-30T07:02:25","guid":{"rendered":"https:\/\/portaltela.pt\/noticias\/2026\/03\/30\/helena-roseta-defende-direito-a-habitacao-na-constituinte\/"},"modified":"2026-03-30T04:02:25","modified_gmt":"2026-03-30T07:02:25","slug":"helena-roseta-defende-direito-a-habitacao-na-constituinte","status":"publish","type":"post","link":"https:\/\/portaltela.pt\/sociedade\/2026\/03\/30\/helena-roseta-defende-direito-a-habitacao-na-constituinte\/","title":{"rendered":"Helena Roseta defende direito \u00e0 habita\u00e7\u00e3o na Constituinte"},"content":{"rendered":"<p>Helena Roseta \u00e9 associada \u00e0 defesa do direito \u00e0 habita\u00e7\u00e3o desde a \u00e9poca da Assembleia Constituyente de 1976. Considerada uma voz central na inclus\u00e3o deste direito na Constitui\u00e7\u00e3o portuguesa, ligada a movimentos sociais e religiosos de raiz cat\u00f3lica.<\/p>\n<p>Nascida em Lisboa, Roseta emergiu nos passos de organiza\u00e7\u00f5es de defesa dos direitos humanos e movimentos estudantis da d\u00e9cada de 1980. O seu percurso ligou-se, desde cedo, a causas de justi\u00e7a social e inclus\u00e3o.<\/p>\n<p>Na Constituinte, destacou-se pela defesa de uma moradia digna para todos. A sua atua\u00e7\u00e3o foi determinante para consagra\u00e7\u00f5es legais que garantem o acesso \u00e0 habita\u00e7\u00e3o na Constitui\u00e7\u00e3o Portuguesa.<\/p>\n<p>Ap\u00f3s a aprova\u00e7\u00e3o da Carta Magna, continuou a milit\u00e2ncia em \u00e1reas sociais, envolvendo-se em projetos para melhorar as condi\u00e7\u00f5es de vida de popula\u00e7\u00f5es vulner\u00e1veis. A sua atua\u00e7\u00e3o manteve-se p\u00fablica e ativa.<\/p>\n<p>Hoje, Roseta \u00e9 reconhecida como uma das principais vozes do direito \u00e0 habita\u00e7\u00e3o em Portugal, inspirando ativistas e pol\u00edticos comprometidos com a justi\u00e7a social.<\/p>\n<h3>Contributos marcantes na Constituinte<\/h3>\n<p>A sua interven\u00e7\u00e3o enfatizou a necessidade de pol\u00edticas habitacionais acess\u00edveis e est\u00e1veis, contribuindo para conte\u00fados constitucionais que asseguram o direito de habita\u00e7\u00e3o como elemento central da dignidade humana.<\/p>\n<h3>Trajet\u00f3ria institucional e social<\/h3>\n<p>Ao longo dos anos, colaborou com v\u00e1rias organiza\u00e7\u00f5es sociais, mantendo o foco na inclus\u00e3o e na melhoria das condi\u00e7\u00f5es de vida de quem est\u00e1 em situa\u00e7\u00e3o de vulnerabilidade, sem abrir m\u00e3o de uma atua\u00e7\u00e3o p\u00fablica cont\u00ednua.<\/p>\n","protected":false},"excerpt":{"rendered":"<ul>\n<li>Helena Roseta foi deputada na Assembleia Constituinte de 1976, defendendo o direito \u00e0 moradia para todos.<\/li>\n<li>Forjada em movimentos cat\u00f3licos, nasceu em Lisboa e ligou-se desde cedo a causas sociais e aos direitos humanos.<\/li>\n<li>Destacou-se pela defesa persistente do acesso \u00e0 habita\u00e7\u00e3o digna, contribuindo para a inclus\u00e3o desse direito na Constitui\u00e7\u00e3o Portuguesa.<\/li>\n<li>Ap\u00f3s a aprova\u00e7\u00e3o da Constitui\u00e7\u00e3o, manteve a milit\u00e2ncia na \u00e1rea social, trabalhando em organiza\u00e7\u00f5es e projetos de inclus\u00e3o.<\/li>\n<li>Hoje \u00e9 reconhecida como uma das principais vozes do direito \u00e0 habita\u00e7\u00e3o em Portugal, inspirando ativistas e pol\u00edticos comprometidos com a justi\u00e7a social.<\/li>\n<\/ul>\n","protected":false},"author":2,"featured_media":426543,"comment_status":"closed","ping_status":"closed","sticky":false,"template":"","format":"standard","meta":{"footnotes":""},"categories":[7384,6871],"tags":[4057,2633,4408,150,3520,1010],"class_list":["post-426541","post","type-post","status-publish","format-standard","has-post-thumbnail","hentry","category-curiosidades","category-sociedade","tag-constituicao","tag-direitos-humanos","tag-direitos-sociais","tag-habitacao","tag-habitacao-acessivel","tag-habitacao-publica"],"yoast_head":"<!-- This site is optimized with the Yoast SEO plugin v27.2 - https:\/\/yoast.com\/product\/yoast-seo-wordpress\/ -->\n<title>Helena Roseta defende direito \u00e0 habita\u00e7\u00e3o na Constituinte - Portal Tela Portugal<\/title>\n<meta name=\"robots\" content=\"index, follow, max-snippet:-1, max-image-preview:large, max-video-preview:-1\" \/>\n<meta property=\"og:locale\" content=\"pt_PT\" \/>\n<meta property=\"og:type\" content=\"article\" \/>\n<meta property=\"og:title\" content=\"Helena Roseta defende direito \u00e0 habita\u00e7\u00e3o na Constituinte - Portal Tela Portugal\" \/>\n<meta property=\"og:description\" content=\"Helena Roseta foi deputada na Assembleia Constituinte de 1976, defendendo o direito \u00e0 moradia para todos. Forjada em movimentos cat\u00f3licos, nasceu em Lisboa e ligou-se desde cedo a causas sociais e aos direitos humanos. Destacou-se pela defesa persistente do acesso \u00e0 habita\u00e7\u00e3o digna, contribuindo para a inclus\u00e3o desse direito na Constitui\u00e7\u00e3o Portuguesa. Ap\u00f3s a aprova\u00e7\u00e3o da Constitui\u00e7\u00e3o, manteve a milit\u00e2ncia na \u00e1rea social, trabalhando em organiza\u00e7\u00f5es e projetos de inclus\u00e3o. Hoje \u00e9 reconhecida como uma das principais vozes do direito \u00e0 habita\u00e7\u00e3o em Portugal, inspirando ativistas e pol\u00edticos comprometidos com a justi\u00e7a social.\" \/>\n<meta property=\"og:url\" content=\"https:\/\/portaltela.pt\/noticias\/2026\/03\/30\/helena-roseta-defende-direito-a-habitacao-na-constituinte\/\" \/>\n<meta property=\"og:site_name\" content=\"Portal Tela Portugal\" \/>\n<meta property=\"article:published_time\" content=\"2026-03-30T07:02:25+00:00\" \/>\n<meta name=\"author\" content=\"Telinha\" \/>\n<meta name=\"twitter:card\" content=\"summary_large_image\" \/>\n<meta name=\"twitter:label1\" content=\"Escrito por\" \/>\n\t<meta name=\"twitter:data1\" content=\"Telinha\" \/>\n\t<meta name=\"twitter:label2\" content=\"Tempo estimado de leitura\" \/>\n\t<meta name=\"twitter:data2\" content=\"1 minuto\" \/>\n<script type=\"application\/ld+json\" class=\"yoast-schema-graph\">{\"@context\":\"https:\/\/schema.org\",\"@graph\":[{\"@type\":\"Article\",\"@id\":\"https:\/\/portaltela.pt\/noticias\/2026\/03\/30\/helena-roseta-defende-direito-a-habitacao-na-constituinte\/#article\",\"isPartOf\":{\"@id\":\"https:\/\/portaltela.pt\/noticias\/2026\/03\/30\/helena-roseta-defende-direito-a-habitacao-na-constituinte\/\"},\"author\":{\"name\":\"Telinha\",\"@id\":\"https:\/\/portaltela.pt\/#\/schema\/person\/c4278d4a6028830caff9ee44b42d32ed\"},\"headline\":\"Helena Roseta defende direito \u00e0 habita\u00e7\u00e3o na Constituinte\",\"datePublished\":\"2026-03-30T07:02:25+00:00\",\"mainEntityOfPage\":{\"@id\":\"https:\/\/portaltela.pt\/noticias\/2026\/03\/30\/helena-roseta-defende-direito-a-habitacao-na-constituinte\/\"},\"wordCount\":266,\"image\":{\"@id\":\"https:\/\/portaltela.pt\/noticias\/2026\/03\/30\/helena-roseta-defende-direito-a-habitacao-na-constituinte\/#primaryimage\"},\"thumbnailUrl\":\"https:\/\/portaltela.pt\/s.01k8rhncp4jt1\/2026\/03\/share-02_roseta.jpg\",\"keywords\":[\"constitui\u00e7\u00e3o\",\"direitos humanos\",\"direitos sociais\",\"habita\u00e7\u00e3o\",\"habita\u00e7\u00e3o acess\u00edvel\",\"habita\u00e7\u00e3o p\u00fablica\"],\"articleSection\":[\"Curiosidades\",\"Sociedade\"],\"inLanguage\":\"pt-PT\"},{\"@type\":\"WebPage\",\"@id\":\"https:\/\/portaltela.pt\/noticias\/2026\/03\/30\/helena-roseta-defende-direito-a-habitacao-na-constituinte\/\",\"url\":\"https:\/\/portaltela.pt\/noticias\/2026\/03\/30\/helena-roseta-defende-direito-a-habitacao-na-constituinte\/\",\"name\":\"Helena Roseta defende direito \u00e0 habita\u00e7\u00e3o na Constituinte - Portal Tela Portugal\",\"isPartOf\":{\"@id\":\"https:\/\/portaltela.pt\/#website\"},\"primaryImageOfPage\":{\"@id\":\"https:\/\/portaltela.pt\/noticias\/2026\/03\/30\/helena-roseta-defende-direito-a-habitacao-na-constituinte\/#primaryimage\"},\"image\":{\"@id\":\"https:\/\/portaltela.pt\/noticias\/2026\/03\/30\/helena-roseta-defende-direito-a-habitacao-na-constituinte\/#primaryimage\"},\"thumbnailUrl\":\"https:\/\/portaltela.pt\/s.01k8rhncp4jt1\/2026\/03\/share-02_roseta.jpg\",\"datePublished\":\"2026-03-30T07:02:25+00:00\",\"author\":{\"@id\":\"https:\/\/portaltela.pt\/#\/schema\/person\/c4278d4a6028830caff9ee44b42d32ed\"},\"breadcrumb\":{\"@id\":\"https:\/\/portaltela.pt\/noticias\/2026\/03\/30\/helena-roseta-defende-direito-a-habitacao-na-constituinte\/#breadcrumb\"},\"inLanguage\":\"pt-PT\",\"potentialAction\":[{\"@type\":\"ReadAction\",\"target\":[\"https:\/\/portaltela.pt\/noticias\/2026\/03\/30\/helena-roseta-defende-direito-a-habitacao-na-constituinte\/\"]}]},{\"@type\":\"ImageObject\",\"inLanguage\":\"pt-PT\",\"@id\":\"https:\/\/portaltela.pt\/noticias\/2026\/03\/30\/helena-roseta-defende-direito-a-habitacao-na-constituinte\/#primaryimage\",\"url\":\"https:\/\/portaltela.pt\/s.01k8rhncp4jt1\/2026\/03\/share-02_roseta.jpg\",\"contentUrl\":\"https:\/\/portaltela.pt\/s.01k8rhncp4jt1\/2026\/03\/share-02_roseta.jpg\",\"width\":796,\"height\":448,\"caption\":\"Helena Roseta, uma das deputadas que ajudaram a construir a Constitui\u00e7\u00e3o de 1976.\"},{\"@type\":\"BreadcrumbList\",\"@id\":\"https:\/\/portaltela.pt\/noticias\/2026\/03\/30\/helena-roseta-defende-direito-a-habitacao-na-constituinte\/#breadcrumb\",\"itemListElement\":[{\"@type\":\"ListItem\",\"position\":1,\"name\":\"In\u00edcio\",\"item\":\"https:\/\/portaltela.pt\/\"},{\"@type\":\"ListItem\",\"position\":2,\"name\":\"Helena Roseta defende direito \u00e0 habita\u00e7\u00e3o na Constituinte\"}]},{\"@type\":\"WebSite\",\"@id\":\"https:\/\/portaltela.pt\/#website\",\"url\":\"https:\/\/portaltela.pt\/\",\"name\":\"Portal Tela Portugal\",\"description\":\"\",\"potentialAction\":[{\"@type\":\"SearchAction\",\"target\":{\"@type\":\"EntryPoint\",\"urlTemplate\":\"https:\/\/portaltela.pt\/?s={search_term_string}\"},\"query-input\":{\"@type\":\"PropertyValueSpecification\",\"valueRequired\":true,\"valueName\":\"search_term_string\"}}],\"inLanguage\":\"pt-PT\"},{\"@type\":\"Person\",\"@id\":\"https:\/\/portaltela.pt\/#\/schema\/person\/c4278d4a6028830caff9ee44b42d32ed\",\"name\":\"Telinha\",\"image\":{\"@type\":\"ImageObject\",\"inLanguage\":\"pt-PT\",\"@id\":\"https:\/\/portaltela.pt\/s.01k8rhncp4jt1\/2025\/11\/talking-bot-125x125.png\",\"url\":\"https:\/\/portaltela.pt\/s.01k8rhncp4jt1\/2025\/11\/talking-bot-125x125.png\",\"contentUrl\":\"https:\/\/portaltela.pt\/s.01k8rhncp4jt1\/2025\/11\/talking-bot-125x125.png\",\"caption\":\"Telinha\"},\"sameAs\":[\"https:\/\/portaltela.pt\/\"],\"url\":\"https:\/\/portaltela.pt\/por\/367410592786\/\"}]}<\/script>\n<!-- \/ Yoast SEO plugin. -->","yoast_head_json":{"title":"Helena Roseta defende direito \u00e0 habita\u00e7\u00e3o na Constituinte - Portal Tela Portugal","robots":{"index":"index","follow":"follow","max-snippet":"max-snippet:-1","max-image-preview":"max-image-preview:large","max-video-preview":"max-video-preview:-1"},"og_locale":"pt_PT","og_type":"article","og_title":"Helena Roseta defende direito \u00e0 habita\u00e7\u00e3o na Constituinte - Portal Tela Portugal","og_description":"Helena Roseta foi deputada na Assembleia Constituinte de 1976, defendendo o direito \u00e0 moradia para todos. Forjada em movimentos cat\u00f3licos, nasceu em Lisboa e ligou-se desde cedo a causas sociais e aos direitos humanos. Destacou-se pela defesa persistente do acesso \u00e0 habita\u00e7\u00e3o digna, contribuindo para a inclus\u00e3o desse direito na Constitui\u00e7\u00e3o Portuguesa. Ap\u00f3s a aprova\u00e7\u00e3o da Constitui\u00e7\u00e3o, manteve a milit\u00e2ncia na \u00e1rea social, trabalhando em organiza\u00e7\u00f5es e projetos de inclus\u00e3o. Hoje \u00e9 reconhecida como uma das principais vozes do direito \u00e0 habita\u00e7\u00e3o em Portugal, inspirando ativistas e pol\u00edticos comprometidos com a justi\u00e7a social.","og_url":"https:\/\/portaltela.pt\/noticias\/2026\/03\/30\/helena-roseta-defende-direito-a-habitacao-na-constituinte\/","og_site_name":"Portal Tela Portugal","article_published_time":"2026-03-30T07:02:25+00:00","author":"Telinha","twitter_card":"summary_large_image","twitter_misc":{"Escrito por":"Telinha","Tempo estimado de leitura":"1 minuto"},"schema":{"@context":"https:\/\/schema.org","@graph":[{"@type":"Article","@id":"https:\/\/portaltela.pt\/noticias\/2026\/03\/30\/helena-roseta-defende-direito-a-habitacao-na-constituinte\/#article","isPartOf":{"@id":"https:\/\/portaltela.pt\/noticias\/2026\/03\/30\/helena-roseta-defende-direito-a-habitacao-na-constituinte\/"},"author":{"name":"Telinha","@id":"https:\/\/portaltela.pt\/#\/schema\/person\/c4278d4a6028830caff9ee44b42d32ed"},"headline":"Helena Roseta defende direito \u00e0 habita\u00e7\u00e3o na Constituinte","datePublished":"2026-03-30T07:02:25+00:00","mainEntityOfPage":{"@id":"https:\/\/portaltela.pt\/noticias\/2026\/03\/30\/helena-roseta-defende-direito-a-habitacao-na-constituinte\/"},"wordCount":266,"image":{"@id":"https:\/\/portaltela.pt\/noticias\/2026\/03\/30\/helena-roseta-defende-direito-a-habitacao-na-constituinte\/#primaryimage"},"thumbnailUrl":"https:\/\/portaltela.pt\/s.01k8rhncp4jt1\/2026\/03\/share-02_roseta.jpg","keywords":["constitui\u00e7\u00e3o","direitos humanos","direitos sociais","habita\u00e7\u00e3o","habita\u00e7\u00e3o acess\u00edvel","habita\u00e7\u00e3o p\u00fablica"],"articleSection":["Curiosidades","Sociedade"],"inLanguage":"pt-PT"},{"@type":"WebPage","@id":"https:\/\/portaltela.pt\/noticias\/2026\/03\/30\/helena-roseta-defende-direito-a-habitacao-na-constituinte\/","url":"https:\/\/portaltela.pt\/noticias\/2026\/03\/30\/helena-roseta-defende-direito-a-habitacao-na-constituinte\/","name":"Helena Roseta defende direito \u00e0 habita\u00e7\u00e3o na Constituinte - Portal Tela Portugal","isPartOf":{"@id":"https:\/\/portaltela.pt\/#website"},"primaryImageOfPage":{"@id":"https:\/\/portaltela.pt\/noticias\/2026\/03\/30\/helena-roseta-defende-direito-a-habitacao-na-constituinte\/#primaryimage"},"image":{"@id":"https:\/\/portaltela.pt\/noticias\/2026\/03\/30\/helena-roseta-defende-direito-a-habitacao-na-constituinte\/#primaryimage"},"thumbnailUrl":"https:\/\/portaltela.pt\/s.01k8rhncp4jt1\/2026\/03\/share-02_roseta.jpg","datePublished":"2026-03-30T07:02:25+00:00","author":{"@id":"https:\/\/portaltela.pt\/#\/schema\/person\/c4278d4a6028830caff9ee44b42d32ed"},"breadcrumb":{"@id":"https:\/\/portaltela.pt\/noticias\/2026\/03\/30\/helena-roseta-defende-direito-a-habitacao-na-constituinte\/#breadcrumb"},"inLanguage":"pt-PT","potentialAction":[{"@type":"ReadAction","target":["https:\/\/portaltela.pt\/noticias\/2026\/03\/30\/helena-roseta-defende-direito-a-habitacao-na-constituinte\/"]}]},{"@type":"ImageObject","inLanguage":"pt-PT","@id":"https:\/\/portaltela.pt\/noticias\/2026\/03\/30\/helena-roseta-defende-direito-a-habitacao-na-constituinte\/#primaryimage","url":"https:\/\/portaltela.pt\/s.01k8rhncp4jt1\/2026\/03\/share-02_roseta.jpg","contentUrl":"https:\/\/portaltela.pt\/s.01k8rhncp4jt1\/2026\/03\/share-02_roseta.jpg","width":796,"height":448,"caption":"Helena Roseta, uma das deputadas que ajudaram a construir a Constitui\u00e7\u00e3o de 1976."},{"@type":"BreadcrumbList","@id":"https:\/\/portaltela.pt\/noticias\/2026\/03\/30\/helena-roseta-defende-direito-a-habitacao-na-constituinte\/#breadcrumb","itemListElement":[{"@type":"ListItem","position":1,"name":"In\u00edcio","item":"https:\/\/portaltela.pt\/"},{"@type":"ListItem","position":2,"name":"Helena Roseta defende direito \u00e0 habita\u00e7\u00e3o na Constituinte"}]},{"@type":"WebSite","@id":"https:\/\/portaltela.pt\/#website","url":"https:\/\/portaltela.pt\/","name":"Portal Tela Portugal","description":"","potentialAction":[{"@type":"SearchAction","target":{"@type":"EntryPoint","urlTemplate":"https:\/\/portaltela.pt\/?s={search_term_string}"},"query-input":{"@type":"PropertyValueSpecification","valueRequired":true,"valueName":"search_term_string"}}],"inLanguage":"pt-PT"},{"@type":"Person","@id":"https:\/\/portaltela.pt\/#\/schema\/person\/c4278d4a6028830caff9ee44b42d32ed","name":"Telinha","image":{"@type":"ImageObject","inLanguage":"pt-PT","@id":"https:\/\/portaltela.pt\/s.01k8rhncp4jt1\/2025\/11\/talking-bot-125x125.png","url":"https:\/\/portaltela.pt\/s.01k8rhncp4jt1\/2025\/11\/talking-bot-125x125.png","contentUrl":"https:\/\/portaltela.pt\/s.01k8rhncp4jt1\/2025\/11\/talking-bot-125x125.png","caption":"Telinha"},"sameAs":["https:\/\/portaltela.pt\/"],"url":"https:\/\/portaltela.pt\/por\/367410592786\/"}]}},"_links":{"self":[{"href":"https:\/\/portaltela.pt\/api\/wp\/v2\/posts\/426541","targetHints":{"allow":["GET"]}}],"collection":[{"href":"https:\/\/portaltela.pt\/api\/wp\/v2\/posts"}],"about":[{"href":"https:\/\/portaltela.pt\/api\/wp\/v2\/types\/post"}],"author":[{"embeddable":true,"href":"https:\/\/portaltela.pt\/api\/wp\/v2\/users\/2"}],"replies":[{"embeddable":true,"href":"https:\/\/portaltela.pt\/api\/wp\/v2\/comments?post=426541"}],"version-history":[{"count":0,"href":"https:\/\/portaltela.pt\/api\/wp\/v2\/posts\/426541\/revisions"}],"wp:featuredmedia":[{"embeddable":true,"href":"https:\/\/portaltela.pt\/api\/wp\/v2\/media\/426543"}],"wp:attachment":[{"href":"https:\/\/portaltela.pt\/api\/wp\/v2\/media?parent=426541"}],"wp:term":[{"taxonomy":"category","embeddable":true,"href":"https:\/\/portaltela.pt\/api\/wp\/v2\/categories?post=426541"},{"taxonomy":"post_tag","embeddable":true,"href":"https:\/\/portaltela.pt\/api\/wp\/v2\/tags?post=426541"}],"curies":[{"name":"wp","href":"https:\/\/api.w.org\/{rel}","templated":true}]}}