{"id":426532,"date":"2026-03-30T02:01:00","date_gmt":"2026-03-30T05:01:00","guid":{"rendered":"https:\/\/portaltela.pt\/noticias\/2026\/03\/30\/mafalala-quer-levar-a-mae-dos-poetas-mocambicanos-aos-jovens\/"},"modified":"2026-03-30T02:01:00","modified_gmt":"2026-03-30T05:01:00","slug":"mafalala-quer-levar-a-mae-dos-poetas-mocambicanos-aos-jovens","status":"publish","type":"post","link":"https:\/\/portaltela.pt\/lazer\/2026\/03\/30\/mafalala-quer-levar-a-mae-dos-poetas-mocambicanos-aos-jovens\/","title":{"rendered":"Mafalala quer levar a m\u00e3e dos poetas mo\u00e7ambicanos aos jovens"},"content":{"rendered":"<p>O bairro da Mafalala, em Maputo, anunciou uma iniciativa para aproximar a chamada m\u00e3e dos poetas mo\u00e7ambicanos aos jovens da comunidade. A proposta passa pela apresenta\u00e7\u00e3o de obras e pela dinamiza\u00e7\u00e3o de atividades culturais.<\/p>\n<p>A a\u00e7\u00e3o envolve dirigentes comunit\u00e1rios e organiza\u00e7\u00f5es locais ligadas \u00e0 cultura, com o objetivo de promover a poesia entre crian\u00e7as, jovens e adultos. A Mafalala pretende manter viva a tradi\u00e7\u00e3o liter\u00e1ria mo\u00e7ambicana.<\/p>\n<p>A novidade foi anunciada esta semana no pr\u00f3prio bairro, com foco em atividades abertas \u00e0 comunidade escolar e a residentes. A inten\u00e7\u00e3o \u00e9 criar espa\u00e7o de leitura, reflex\u00e3o e di\u00e1logo em torno da poesia mo\u00e7ambicana.<\/p>\n<h3>Objetivo e alcance<\/h3>\n<p>Pretende-se que a figura refer\u00eancia seja apresentada de forma acess\u00edvel aos jovens, estimulando o interesse pela literatura. O projeto tamb\u00e9m visa preservar o legado cultural da regi\u00e3o e inspirar novas gera\u00e7\u00f5es.<\/p>\n<h3>Cronograma e pr\u00f3ximos passos<\/h3>\n<p>Ainda n\u00e3o foi definido um calend\u00e1rio final, mas abre-se a porta a oficinas, apresenta\u00e7\u00f5es e visitas associadas \u00e0 figura conhecida como m\u00e3e dos poetas mo\u00e7ambicanos. As entidades envolvidas n\u00e3o indicaram datas.<\/p>\n","protected":false},"excerpt":{"rendered":"<ul>\n<li>O Bairro da Mafalala quer levar a &#8220;m\u00e3e dos poetas mo\u00e7ambicanos&#8221; aos mais jovens.<\/li>\n<li>A iniciativa visa apresentar a figura fundamental da poesia mo\u00e7ambicana aos jovens.<\/li>\n<li>N\u00e3o h\u00e1 no texto informa\u00e7\u00f5es sobre datas, atividades ou quem organiza o projeto.<\/li>\n<li>A not\u00edcia \u00e9 publicada pela ag\u00eancia Lusa.<\/li>\n<\/ul>\n","protected":false},"author":2,"featured_media":426539,"comment_status":"closed","ping_status":"closed","sticky":false,"template":"","format":"standard","meta":{"footnotes":""},"categories":[7375,7381],"tags":[145,1759,106,2506,1911,5553],"class_list":["post-426532","post","type-post","status-publish","format-standard","has-post-thumbnail","hentry","category-cultura","category-lazer","tag-cultura","tag-infancia","tag-literatura","tag-maputo","tag-mocambique","tag-poesia"],"yoast_head":"<!-- This site is optimized with the Yoast SEO plugin v27.2 - https:\/\/yoast.com\/product\/yoast-seo-wordpress\/ -->\n<title>Mafalala quer levar a m\u00e3e dos poetas mo\u00e7ambicanos aos jovens - Portal Tela Portugal<\/title>\n<meta name=\"robots\" content=\"index, follow, max-snippet:-1, max-image-preview:large, max-video-preview:-1\" \/>\n<meta property=\"og:locale\" content=\"pt_PT\" \/>\n<meta property=\"og:type\" content=\"article\" \/>\n<meta property=\"og:title\" content=\"Mafalala quer levar a m\u00e3e dos poetas mo\u00e7ambicanos aos jovens - Portal Tela Portugal\" \/>\n<meta property=\"og:description\" content=\"O Bairro da Mafalala quer levar a &quot;m\u00e3e dos poetas mo\u00e7ambicanos&quot; aos mais jovens. A iniciativa visa apresentar a figura fundamental da poesia mo\u00e7ambicana aos jovens. N\u00e3o h\u00e1 no texto informa\u00e7\u00f5es sobre datas, atividades ou quem organiza o projeto. A not\u00edcia \u00e9 publicada pela ag\u00eancia Lusa.\" \/>\n<meta property=\"og:url\" content=\"https:\/\/portaltela.pt\/noticias\/2026\/03\/30\/mafalala-quer-levar-a-mae-dos-poetas-mocambicanos-aos-jovens\/\" \/>\n<meta property=\"og:site_name\" content=\"Portal Tela Portugal\" \/>\n<meta property=\"article:published_time\" content=\"2026-03-30T05:01:00+00:00\" \/>\n<meta name=\"author\" content=\"Telinha\" \/>\n<meta name=\"twitter:card\" content=\"summary_large_image\" \/>\n<meta name=\"twitter:label1\" content=\"Escrito por\" \/>\n\t<meta name=\"twitter:data1\" content=\"Telinha\" \/>\n\t<meta name=\"twitter:label2\" content=\"Tempo estimado de leitura\" \/>\n\t<meta name=\"twitter:data2\" content=\"1 minuto\" \/>\n<script type=\"application\/ld+json\" class=\"yoast-schema-graph\">{\"@context\":\"https:\/\/schema.org\",\"@graph\":[{\"@type\":\"Article\",\"@id\":\"https:\/\/portaltela.pt\/noticias\/2026\/03\/30\/mafalala-quer-levar-a-mae-dos-poetas-mocambicanos-aos-jovens\/#article\",\"isPartOf\":{\"@id\":\"https:\/\/portaltela.pt\/noticias\/2026\/03\/30\/mafalala-quer-levar-a-mae-dos-poetas-mocambicanos-aos-jovens\/\"},\"author\":{\"name\":\"Telinha\",\"@id\":\"https:\/\/portaltela.pt\/#\/schema\/person\/c4278d4a6028830caff9ee44b42d32ed\"},\"headline\":\"Mafalala quer levar a m\u00e3e dos poetas mo\u00e7ambicanos aos jovens\",\"datePublished\":\"2026-03-30T05:01:00+00:00\",\"mainEntityOfPage\":{\"@id\":\"https:\/\/portaltela.pt\/noticias\/2026\/03\/30\/mafalala-quer-levar-a-mae-dos-poetas-mocambicanos-aos-jovens\/\"},\"wordCount\":207,\"image\":{\"@id\":\"https:\/\/portaltela.pt\/noticias\/2026\/03\/30\/mafalala-quer-levar-a-mae-dos-poetas-mocambicanos-aos-jovens\/#primaryimage\"},\"thumbnailUrl\":\"https:\/\/portaltela.pt\/s.01k8rhncp4jt1\/2026\/03\/CACHE_780X1200_ANALOG_WATERMARKED_46826373_2768717_26032026041202-1.jpg\",\"keywords\":[\"cultura\",\"inf\u00e2ncia\",\"literatura\",\"Maputo\",\"Mo\u00e7ambique\",\"poesia\"],\"articleSection\":[\"Cultura\",\"Lazer\"],\"inLanguage\":\"pt-PT\"},{\"@type\":\"WebPage\",\"@id\":\"https:\/\/portaltela.pt\/noticias\/2026\/03\/30\/mafalala-quer-levar-a-mae-dos-poetas-mocambicanos-aos-jovens\/\",\"url\":\"https:\/\/portaltela.pt\/noticias\/2026\/03\/30\/mafalala-quer-levar-a-mae-dos-poetas-mocambicanos-aos-jovens\/\",\"name\":\"Mafalala quer levar a m\u00e3e dos poetas mo\u00e7ambicanos aos jovens - Portal Tela Portugal\",\"isPartOf\":{\"@id\":\"https:\/\/portaltela.pt\/#website\"},\"primaryImageOfPage\":{\"@id\":\"https:\/\/portaltela.pt\/noticias\/2026\/03\/30\/mafalala-quer-levar-a-mae-dos-poetas-mocambicanos-aos-jovens\/#primaryimage\"},\"image\":{\"@id\":\"https:\/\/portaltela.pt\/noticias\/2026\/03\/30\/mafalala-quer-levar-a-mae-dos-poetas-mocambicanos-aos-jovens\/#primaryimage\"},\"thumbnailUrl\":\"https:\/\/portaltela.pt\/s.01k8rhncp4jt1\/2026\/03\/CACHE_780X1200_ANALOG_WATERMARKED_46826373_2768717_26032026041202-1.jpg\",\"datePublished\":\"2026-03-30T05:01:00+00:00\",\"author\":{\"@id\":\"https:\/\/portaltela.pt\/#\/schema\/person\/c4278d4a6028830caff9ee44b42d32ed\"},\"breadcrumb\":{\"@id\":\"https:\/\/portaltela.pt\/noticias\/2026\/03\/30\/mafalala-quer-levar-a-mae-dos-poetas-mocambicanos-aos-jovens\/#breadcrumb\"},\"inLanguage\":\"pt-PT\",\"potentialAction\":[{\"@type\":\"ReadAction\",\"target\":[\"https:\/\/portaltela.pt\/noticias\/2026\/03\/30\/mafalala-quer-levar-a-mae-dos-poetas-mocambicanos-aos-jovens\/\"]}]},{\"@type\":\"ImageObject\",\"inLanguage\":\"pt-PT\",\"@id\":\"https:\/\/portaltela.pt\/noticias\/2026\/03\/30\/mafalala-quer-levar-a-mae-dos-poetas-mocambicanos-aos-jovens\/#primaryimage\",\"url\":\"https:\/\/portaltela.pt\/s.01k8rhncp4jt1\/2026\/03\/CACHE_780X1200_ANALOG_WATERMARKED_46826373_2768717_26032026041202-1.jpg\",\"contentUrl\":\"https:\/\/portaltela.pt\/s.01k8rhncp4jt1\/2026\/03\/CACHE_780X1200_ANALOG_WATERMARKED_46826373_2768717_26032026041202-1.jpg\",\"width\":796,\"height\":448,\"caption\":\"Bairro da Mafalala quer levar a m\u00e3e dos poetas mo\u00e7ambicanos aos mais jovens\"},{\"@type\":\"BreadcrumbList\",\"@id\":\"https:\/\/portaltela.pt\/noticias\/2026\/03\/30\/mafalala-quer-levar-a-mae-dos-poetas-mocambicanos-aos-jovens\/#breadcrumb\",\"itemListElement\":[{\"@type\":\"ListItem\",\"position\":1,\"name\":\"In\u00edcio\",\"item\":\"https:\/\/portaltela.pt\/\"},{\"@type\":\"ListItem\",\"position\":2,\"name\":\"Mafalala quer levar a m\u00e3e dos poetas mo\u00e7ambicanos aos jovens\"}]},{\"@type\":\"WebSite\",\"@id\":\"https:\/\/portaltela.pt\/#website\",\"url\":\"https:\/\/portaltela.pt\/\",\"name\":\"Portal Tela Portugal\",\"description\":\"\",\"potentialAction\":[{\"@type\":\"SearchAction\",\"target\":{\"@type\":\"EntryPoint\",\"urlTemplate\":\"https:\/\/portaltela.pt\/?s={search_term_string}\"},\"query-input\":{\"@type\":\"PropertyValueSpecification\",\"valueRequired\":true,\"valueName\":\"search_term_string\"}}],\"inLanguage\":\"pt-PT\"},{\"@type\":\"Person\",\"@id\":\"https:\/\/portaltela.pt\/#\/schema\/person\/c4278d4a6028830caff9ee44b42d32ed\",\"name\":\"Telinha\",\"image\":{\"@type\":\"ImageObject\",\"inLanguage\":\"pt-PT\",\"@id\":\"https:\/\/portaltela.pt\/s.01k8rhncp4jt1\/2025\/11\/talking-bot-125x125.png\",\"url\":\"https:\/\/portaltela.pt\/s.01k8rhncp4jt1\/2025\/11\/talking-bot-125x125.png\",\"contentUrl\":\"https:\/\/portaltela.pt\/s.01k8rhncp4jt1\/2025\/11\/talking-bot-125x125.png\",\"caption\":\"Telinha\"},\"sameAs\":[\"https:\/\/portaltela.pt\/\"],\"url\":\"https:\/\/portaltela.pt\/por\/367410592786\/\"}]}<\/script>\n<!-- \/ Yoast SEO plugin. -->","yoast_head_json":{"title":"Mafalala quer levar a m\u00e3e dos poetas mo\u00e7ambicanos aos jovens - Portal Tela Portugal","robots":{"index":"index","follow":"follow","max-snippet":"max-snippet:-1","max-image-preview":"max-image-preview:large","max-video-preview":"max-video-preview:-1"},"og_locale":"pt_PT","og_type":"article","og_title":"Mafalala quer levar a m\u00e3e dos poetas mo\u00e7ambicanos aos jovens - Portal Tela Portugal","og_description":"O Bairro da Mafalala quer levar a \"m\u00e3e dos poetas mo\u00e7ambicanos\" aos mais jovens. A iniciativa visa apresentar a figura fundamental da poesia mo\u00e7ambicana aos jovens. N\u00e3o h\u00e1 no texto informa\u00e7\u00f5es sobre datas, atividades ou quem organiza o projeto. A not\u00edcia \u00e9 publicada pela ag\u00eancia Lusa.","og_url":"https:\/\/portaltela.pt\/noticias\/2026\/03\/30\/mafalala-quer-levar-a-mae-dos-poetas-mocambicanos-aos-jovens\/","og_site_name":"Portal Tela Portugal","article_published_time":"2026-03-30T05:01:00+00:00","author":"Telinha","twitter_card":"summary_large_image","twitter_misc":{"Escrito por":"Telinha","Tempo estimado de leitura":"1 minuto"},"schema":{"@context":"https:\/\/schema.org","@graph":[{"@type":"Article","@id":"https:\/\/portaltela.pt\/noticias\/2026\/03\/30\/mafalala-quer-levar-a-mae-dos-poetas-mocambicanos-aos-jovens\/#article","isPartOf":{"@id":"https:\/\/portaltela.pt\/noticias\/2026\/03\/30\/mafalala-quer-levar-a-mae-dos-poetas-mocambicanos-aos-jovens\/"},"author":{"name":"Telinha","@id":"https:\/\/portaltela.pt\/#\/schema\/person\/c4278d4a6028830caff9ee44b42d32ed"},"headline":"Mafalala quer levar a m\u00e3e dos poetas mo\u00e7ambicanos aos jovens","datePublished":"2026-03-30T05:01:00+00:00","mainEntityOfPage":{"@id":"https:\/\/portaltela.pt\/noticias\/2026\/03\/30\/mafalala-quer-levar-a-mae-dos-poetas-mocambicanos-aos-jovens\/"},"wordCount":207,"image":{"@id":"https:\/\/portaltela.pt\/noticias\/2026\/03\/30\/mafalala-quer-levar-a-mae-dos-poetas-mocambicanos-aos-jovens\/#primaryimage"},"thumbnailUrl":"https:\/\/portaltela.pt\/s.01k8rhncp4jt1\/2026\/03\/CACHE_780X1200_ANALOG_WATERMARKED_46826373_2768717_26032026041202-1.jpg","keywords":["cultura","inf\u00e2ncia","literatura","Maputo","Mo\u00e7ambique","poesia"],"articleSection":["Cultura","Lazer"],"inLanguage":"pt-PT"},{"@type":"WebPage","@id":"https:\/\/portaltela.pt\/noticias\/2026\/03\/30\/mafalala-quer-levar-a-mae-dos-poetas-mocambicanos-aos-jovens\/","url":"https:\/\/portaltela.pt\/noticias\/2026\/03\/30\/mafalala-quer-levar-a-mae-dos-poetas-mocambicanos-aos-jovens\/","name":"Mafalala quer levar a m\u00e3e dos poetas mo\u00e7ambicanos aos jovens - Portal Tela Portugal","isPartOf":{"@id":"https:\/\/portaltela.pt\/#website"},"primaryImageOfPage":{"@id":"https:\/\/portaltela.pt\/noticias\/2026\/03\/30\/mafalala-quer-levar-a-mae-dos-poetas-mocambicanos-aos-jovens\/#primaryimage"},"image":{"@id":"https:\/\/portaltela.pt\/noticias\/2026\/03\/30\/mafalala-quer-levar-a-mae-dos-poetas-mocambicanos-aos-jovens\/#primaryimage"},"thumbnailUrl":"https:\/\/portaltela.pt\/s.01k8rhncp4jt1\/2026\/03\/CACHE_780X1200_ANALOG_WATERMARKED_46826373_2768717_26032026041202-1.jpg","datePublished":"2026-03-30T05:01:00+00:00","author":{"@id":"https:\/\/portaltela.pt\/#\/schema\/person\/c4278d4a6028830caff9ee44b42d32ed"},"breadcrumb":{"@id":"https:\/\/portaltela.pt\/noticias\/2026\/03\/30\/mafalala-quer-levar-a-mae-dos-poetas-mocambicanos-aos-jovens\/#breadcrumb"},"inLanguage":"pt-PT","potentialAction":[{"@type":"ReadAction","target":["https:\/\/portaltela.pt\/noticias\/2026\/03\/30\/mafalala-quer-levar-a-mae-dos-poetas-mocambicanos-aos-jovens\/"]}]},{"@type":"ImageObject","inLanguage":"pt-PT","@id":"https:\/\/portaltela.pt\/noticias\/2026\/03\/30\/mafalala-quer-levar-a-mae-dos-poetas-mocambicanos-aos-jovens\/#primaryimage","url":"https:\/\/portaltela.pt\/s.01k8rhncp4jt1\/2026\/03\/CACHE_780X1200_ANALOG_WATERMARKED_46826373_2768717_26032026041202-1.jpg","contentUrl":"https:\/\/portaltela.pt\/s.01k8rhncp4jt1\/2026\/03\/CACHE_780X1200_ANALOG_WATERMARKED_46826373_2768717_26032026041202-1.jpg","width":796,"height":448,"caption":"Bairro da Mafalala quer levar a m\u00e3e dos poetas mo\u00e7ambicanos aos mais jovens"},{"@type":"BreadcrumbList","@id":"https:\/\/portaltela.pt\/noticias\/2026\/03\/30\/mafalala-quer-levar-a-mae-dos-poetas-mocambicanos-aos-jovens\/#breadcrumb","itemListElement":[{"@type":"ListItem","position":1,"name":"In\u00edcio","item":"https:\/\/portaltela.pt\/"},{"@type":"ListItem","position":2,"name":"Mafalala quer levar a m\u00e3e dos poetas mo\u00e7ambicanos aos jovens"}]},{"@type":"WebSite","@id":"https:\/\/portaltela.pt\/#website","url":"https:\/\/portaltela.pt\/","name":"Portal Tela Portugal","description":"","potentialAction":[{"@type":"SearchAction","target":{"@type":"EntryPoint","urlTemplate":"https:\/\/portaltela.pt\/?s={search_term_string}"},"query-input":{"@type":"PropertyValueSpecification","valueRequired":true,"valueName":"search_term_string"}}],"inLanguage":"pt-PT"},{"@type":"Person","@id":"https:\/\/portaltela.pt\/#\/schema\/person\/c4278d4a6028830caff9ee44b42d32ed","name":"Telinha","image":{"@type":"ImageObject","inLanguage":"pt-PT","@id":"https:\/\/portaltela.pt\/s.01k8rhncp4jt1\/2025\/11\/talking-bot-125x125.png","url":"https:\/\/portaltela.pt\/s.01k8rhncp4jt1\/2025\/11\/talking-bot-125x125.png","contentUrl":"https:\/\/portaltela.pt\/s.01k8rhncp4jt1\/2025\/11\/talking-bot-125x125.png","caption":"Telinha"},"sameAs":["https:\/\/portaltela.pt\/"],"url":"https:\/\/portaltela.pt\/por\/367410592786\/"}]}},"_links":{"self":[{"href":"https:\/\/portaltela.pt\/api\/wp\/v2\/posts\/426532","targetHints":{"allow":["GET"]}}],"collection":[{"href":"https:\/\/portaltela.pt\/api\/wp\/v2\/posts"}],"about":[{"href":"https:\/\/portaltela.pt\/api\/wp\/v2\/types\/post"}],"author":[{"embeddable":true,"href":"https:\/\/portaltela.pt\/api\/wp\/v2\/users\/2"}],"replies":[{"embeddable":true,"href":"https:\/\/portaltela.pt\/api\/wp\/v2\/comments?post=426532"}],"version-history":[{"count":0,"href":"https:\/\/portaltela.pt\/api\/wp\/v2\/posts\/426532\/revisions"}],"wp:featuredmedia":[{"embeddable":true,"href":"https:\/\/portaltela.pt\/api\/wp\/v2\/media\/426539"}],"wp:attachment":[{"href":"https:\/\/portaltela.pt\/api\/wp\/v2\/media?parent=426532"}],"wp:term":[{"taxonomy":"category","embeddable":true,"href":"https:\/\/portaltela.pt\/api\/wp\/v2\/categories?post=426532"},{"taxonomy":"post_tag","embeddable":true,"href":"https:\/\/portaltela.pt\/api\/wp\/v2\/tags?post=426532"}],"curies":[{"name":"wp","href":"https:\/\/api.w.org\/{rel}","templated":true}]}}