{"id":426526,"date":"2026-03-30T03:47:32","date_gmt":"2026-03-30T06:47:32","guid":{"rendered":"https:\/\/portaltela.pt\/noticias\/2026\/03\/30\/semana-de-subida-da-temperatura-com-maxima-de-ate-26-graus\/"},"modified":"2026-03-30T03:47:32","modified_gmt":"2026-03-30T06:47:32","slug":"semana-de-subida-da-temperatura-com-maxima-de-ate-26-graus","status":"publish","type":"post","link":"https:\/\/portaltela.pt\/tempo\/2026\/03\/30\/semana-de-subida-da-temperatura-com-maxima-de-ate-26-graus\/","title":{"rendered":"Semana de subida da temperatura com m\u00e1xima de at\u00e9 26 graus"},"content":{"rendered":"<p>A semana da P\u00e1scoa come\u00e7a com c\u00e9u pouco nublado e subida da temperatura, com m\u00e1ximas previstas at\u00e9 26 \u00b0C para ter\u00e7a e quarta-feira. O sol dever\u00e1 predominar, segundo a meteorologista \u00c2ngela Louren\u00e7o, do IPMA.<\/p>\n<p>A especialista explica que as temperaturas v\u00e3o manter-se amenas durante o dia, com valores entre 23 e 26 \u00b0C em diferentes regi\u00f5es. Este regime \u00e9 pouco habitual para o fim de mar\u00e7o, apontou \u00e0 Lusa.<\/p>\n<p>No Algarve, Alentejo, Vale do Tejo e Vale do Douro, as m\u00e1ximas dever\u00e3o situar-se entre 23 e 26 \u00b0C, enquanto as m\u00ednimas oscilar\u00e3o entre 3 e 14 \u00b0C ao longo da semana.<\/p>\n<p>O vento poder\u00e1 soprar com alguma intensidade no litoral oeste e nas terras altas, com n\u00e9voa ou neblina matinal, acrescentou a meteorologista. Pelas previs\u00f5es, at\u00e9 quarta ou quinta-feira o tempo manter-se-\u00e1 de primavera, com noites frias.<\/p>\n<h3>Chuva prevista para depois da P\u00e1scoa<\/h3>\n<p>At\u00e9 ao domingo de P\u00e1scoa n\u00e3o se prev\u00ea chuva, segundo as informa\u00e7\u00f5es, mas o regresso da precipita\u00e7\u00e3o pode ocorrer na segunda-feira, 6 de abril. O arrefecimento noturno dever\u00e1 ser mais acentuado nas zonas interiores e nas plan\u00edcies do Alentejo.<\/p>\n","protected":false},"excerpt":{"rendered":"<ul>\n<li>A semana da P\u00e1scoa come\u00e7a com c\u00e9u pouco nublado e subida da temperatura, com m\u00e1ximas que podem chegar aos 26 \u00b0C na ter\u00e7a e quarta-feira, segundo a meteorologista \u00c2ngela Louren\u00e7o do IPMA.<\/li>\n<li>As temperaturas dever\u00e3o ficar mais quentes que o habitual para esta \u00e9poca, principalmente durante o dia, no Algarve, Alentejo, Vale do Tejo e Vale do Douro.<\/li>\n<li>As m\u00ednimas devem oscilar entre 3 \u00b0C e 14 \u00b0C, com noites frias especialmente no interior e nas plan\u00edcies do Alentejo.<\/li>\n<li>O vento pode soprar com alguma intensidade no litoral oeste e nas terras altas, com neblina ou nevoeiro matinal.<\/li>\n<li>Prev\u00ea-se sem chuva at\u00e9 ao domingo de P\u00e1scoa; chuva poder\u00e1 regressar na segunda-feira, dia 6 de abril.<\/li>\n<\/ul>\n","protected":false},"author":2,"featured_media":426527,"comment_status":"closed","ping_status":"closed","sticky":false,"template":"","format":"standard","meta":{"footnotes":""},"categories":[1,7365],"tags":[883,928,5329,5224,1194,6199],"class_list":["post-426526","post","type-post","status-publish","format-standard","has-post-thumbnail","hentry","category-noticias","category-tempo","tag-alentejo","tag-algarve","tag-chuva","tag-clima","tag-douro","tag-vale-do-tejo"],"yoast_head":"<!-- This site is optimized with the Yoast SEO plugin v27.2 - https:\/\/yoast.com\/product\/yoast-seo-wordpress\/ -->\n<title>Semana de subida da temperatura com m\u00e1xima de at\u00e9 26 graus - Portal Tela Portugal<\/title>\n<meta name=\"robots\" content=\"index, follow, max-snippet:-1, max-image-preview:large, max-video-preview:-1\" \/>\n<meta property=\"og:locale\" content=\"pt_PT\" \/>\n<meta property=\"og:type\" content=\"article\" \/>\n<meta property=\"og:title\" content=\"Semana de subida da temperatura com m\u00e1xima de at\u00e9 26 graus - Portal Tela Portugal\" \/>\n<meta property=\"og:description\" content=\"A semana da P\u00e1scoa come\u00e7a com c\u00e9u pouco nublado e subida da temperatura, com m\u00e1ximas que podem chegar aos 26 \u00b0C na ter\u00e7a e quarta-feira, segundo a meteorologista \u00c2ngela Louren\u00e7o do IPMA. As temperaturas dever\u00e3o ficar mais quentes que o habitual para esta \u00e9poca, principalmente durante o dia, no Algarve, Alentejo, Vale do Tejo e Vale do Douro. As m\u00ednimas devem oscilar entre 3 \u00b0C e 14 \u00b0C, com noites frias especialmente no interior e nas plan\u00edcies do Alentejo. O vento pode soprar com alguma intensidade no litoral oeste e nas terras altas, com neblina ou nevoeiro matinal. Prev\u00ea-se sem chuva at\u00e9 ao domingo de P\u00e1scoa; chuva poder\u00e1 regressar na segunda-feira, dia 6 de abril.\" \/>\n<meta property=\"og:url\" content=\"https:\/\/portaltela.pt\/noticias\/2026\/03\/30\/semana-de-subida-da-temperatura-com-maxima-de-ate-26-graus\/\" \/>\n<meta property=\"og:site_name\" content=\"Portal Tela Portugal\" \/>\n<meta property=\"article:published_time\" content=\"2026-03-30T06:47:32+00:00\" \/>\n<meta name=\"author\" content=\"Telinha\" \/>\n<meta name=\"twitter:card\" content=\"summary_large_image\" \/>\n<meta name=\"twitter:label1\" content=\"Escrito por\" \/>\n\t<meta name=\"twitter:data1\" content=\"Telinha\" \/>\n\t<meta name=\"twitter:label2\" content=\"Tempo estimado de leitura\" \/>\n\t<meta name=\"twitter:data2\" content=\"1 minuto\" \/>\n<script type=\"application\/ld+json\" class=\"yoast-schema-graph\">{\"@context\":\"https:\/\/schema.org\",\"@graph\":[{\"@type\":\"Article\",\"@id\":\"https:\/\/portaltela.pt\/noticias\/2026\/03\/30\/semana-de-subida-da-temperatura-com-maxima-de-ate-26-graus\/#article\",\"isPartOf\":{\"@id\":\"https:\/\/portaltela.pt\/noticias\/2026\/03\/30\/semana-de-subida-da-temperatura-com-maxima-de-ate-26-graus\/\"},\"author\":{\"name\":\"Telinha\",\"@id\":\"https:\/\/portaltela.pt\/#\/schema\/person\/c4278d4a6028830caff9ee44b42d32ed\"},\"headline\":\"Semana de subida da temperatura com m\u00e1xima de at\u00e9 26 graus\",\"datePublished\":\"2026-03-30T06:47:32+00:00\",\"mainEntityOfPage\":{\"@id\":\"https:\/\/portaltela.pt\/noticias\/2026\/03\/30\/semana-de-subida-da-temperatura-com-maxima-de-ate-26-graus\/\"},\"wordCount\":204,\"image\":{\"@id\":\"https:\/\/portaltela.pt\/noticias\/2026\/03\/30\/semana-de-subida-da-temperatura-com-maxima-de-ate-26-graus\/#primaryimage\"},\"thumbnailUrl\":\"https:\/\/portaltela.pt\/s.01k8rhncp4jt1\/2026\/03\/img_1500x1000uu2017-05-02-07-29-00-623575.jpg\",\"keywords\":[\"Alentejo\",\"Algarve\",\"chuva\",\"clima\",\"Douro\",\"Vale do Tejo\"],\"articleSection\":[\"Not\u00edcias\",\"Tempo\"],\"inLanguage\":\"pt-PT\"},{\"@type\":\"WebPage\",\"@id\":\"https:\/\/portaltela.pt\/noticias\/2026\/03\/30\/semana-de-subida-da-temperatura-com-maxima-de-ate-26-graus\/\",\"url\":\"https:\/\/portaltela.pt\/noticias\/2026\/03\/30\/semana-de-subida-da-temperatura-com-maxima-de-ate-26-graus\/\",\"name\":\"Semana de subida da temperatura com m\u00e1xima de at\u00e9 26 graus - Portal Tela Portugal\",\"isPartOf\":{\"@id\":\"https:\/\/portaltela.pt\/#website\"},\"primaryImageOfPage\":{\"@id\":\"https:\/\/portaltela.pt\/noticias\/2026\/03\/30\/semana-de-subida-da-temperatura-com-maxima-de-ate-26-graus\/#primaryimage\"},\"image\":{\"@id\":\"https:\/\/portaltela.pt\/noticias\/2026\/03\/30\/semana-de-subida-da-temperatura-com-maxima-de-ate-26-graus\/#primaryimage\"},\"thumbnailUrl\":\"https:\/\/portaltela.pt\/s.01k8rhncp4jt1\/2026\/03\/img_1500x1000uu2017-05-02-07-29-00-623575.jpg\",\"datePublished\":\"2026-03-30T06:47:32+00:00\",\"author\":{\"@id\":\"https:\/\/portaltela.pt\/#\/schema\/person\/c4278d4a6028830caff9ee44b42d32ed\"},\"breadcrumb\":{\"@id\":\"https:\/\/portaltela.pt\/noticias\/2026\/03\/30\/semana-de-subida-da-temperatura-com-maxima-de-ate-26-graus\/#breadcrumb\"},\"inLanguage\":\"pt-PT\",\"potentialAction\":[{\"@type\":\"ReadAction\",\"target\":[\"https:\/\/portaltela.pt\/noticias\/2026\/03\/30\/semana-de-subida-da-temperatura-com-maxima-de-ate-26-graus\/\"]}]},{\"@type\":\"ImageObject\",\"inLanguage\":\"pt-PT\",\"@id\":\"https:\/\/portaltela.pt\/noticias\/2026\/03\/30\/semana-de-subida-da-temperatura-com-maxima-de-ate-26-graus\/#primaryimage\",\"url\":\"https:\/\/portaltela.pt\/s.01k8rhncp4jt1\/2026\/03\/img_1500x1000uu2017-05-02-07-29-00-623575.jpg\",\"contentUrl\":\"https:\/\/portaltela.pt\/s.01k8rhncp4jt1\/2026\/03\/img_1500x1000uu2017-05-02-07-29-00-623575.jpg\",\"width\":796,\"height\":448,\"caption\":\"Semana com subida da temperatura com m\u00e1xima a poder chegar aos 26 graus\"},{\"@type\":\"BreadcrumbList\",\"@id\":\"https:\/\/portaltela.pt\/noticias\/2026\/03\/30\/semana-de-subida-da-temperatura-com-maxima-de-ate-26-graus\/#breadcrumb\",\"itemListElement\":[{\"@type\":\"ListItem\",\"position\":1,\"name\":\"In\u00edcio\",\"item\":\"https:\/\/portaltela.pt\/\"},{\"@type\":\"ListItem\",\"position\":2,\"name\":\"Semana de subida da temperatura com m\u00e1xima de at\u00e9 26 graus\"}]},{\"@type\":\"WebSite\",\"@id\":\"https:\/\/portaltela.pt\/#website\",\"url\":\"https:\/\/portaltela.pt\/\",\"name\":\"Portal Tela Portugal\",\"description\":\"\",\"potentialAction\":[{\"@type\":\"SearchAction\",\"target\":{\"@type\":\"EntryPoint\",\"urlTemplate\":\"https:\/\/portaltela.pt\/?s={search_term_string}\"},\"query-input\":{\"@type\":\"PropertyValueSpecification\",\"valueRequired\":true,\"valueName\":\"search_term_string\"}}],\"inLanguage\":\"pt-PT\"},{\"@type\":\"Person\",\"@id\":\"https:\/\/portaltela.pt\/#\/schema\/person\/c4278d4a6028830caff9ee44b42d32ed\",\"name\":\"Telinha\",\"image\":{\"@type\":\"ImageObject\",\"inLanguage\":\"pt-PT\",\"@id\":\"https:\/\/portaltela.pt\/s.01k8rhncp4jt1\/2025\/11\/talking-bot-125x125.png\",\"url\":\"https:\/\/portaltela.pt\/s.01k8rhncp4jt1\/2025\/11\/talking-bot-125x125.png\",\"contentUrl\":\"https:\/\/portaltela.pt\/s.01k8rhncp4jt1\/2025\/11\/talking-bot-125x125.png\",\"caption\":\"Telinha\"},\"sameAs\":[\"https:\/\/portaltela.pt\/\"],\"url\":\"https:\/\/portaltela.pt\/por\/367410592786\/\"}]}<\/script>\n<!-- \/ Yoast SEO plugin. -->","yoast_head_json":{"title":"Semana de subida da temperatura com m\u00e1xima de at\u00e9 26 graus - Portal Tela Portugal","robots":{"index":"index","follow":"follow","max-snippet":"max-snippet:-1","max-image-preview":"max-image-preview:large","max-video-preview":"max-video-preview:-1"},"og_locale":"pt_PT","og_type":"article","og_title":"Semana de subida da temperatura com m\u00e1xima de at\u00e9 26 graus - Portal Tela Portugal","og_description":"A semana da P\u00e1scoa come\u00e7a com c\u00e9u pouco nublado e subida da temperatura, com m\u00e1ximas que podem chegar aos 26 \u00b0C na ter\u00e7a e quarta-feira, segundo a meteorologista \u00c2ngela Louren\u00e7o do IPMA. As temperaturas dever\u00e3o ficar mais quentes que o habitual para esta \u00e9poca, principalmente durante o dia, no Algarve, Alentejo, Vale do Tejo e Vale do Douro. As m\u00ednimas devem oscilar entre 3 \u00b0C e 14 \u00b0C, com noites frias especialmente no interior e nas plan\u00edcies do Alentejo. O vento pode soprar com alguma intensidade no litoral oeste e nas terras altas, com neblina ou nevoeiro matinal. Prev\u00ea-se sem chuva at\u00e9 ao domingo de P\u00e1scoa; chuva poder\u00e1 regressar na segunda-feira, dia 6 de abril.","og_url":"https:\/\/portaltela.pt\/noticias\/2026\/03\/30\/semana-de-subida-da-temperatura-com-maxima-de-ate-26-graus\/","og_site_name":"Portal Tela Portugal","article_published_time":"2026-03-30T06:47:32+00:00","author":"Telinha","twitter_card":"summary_large_image","twitter_misc":{"Escrito por":"Telinha","Tempo estimado de leitura":"1 minuto"},"schema":{"@context":"https:\/\/schema.org","@graph":[{"@type":"Article","@id":"https:\/\/portaltela.pt\/noticias\/2026\/03\/30\/semana-de-subida-da-temperatura-com-maxima-de-ate-26-graus\/#article","isPartOf":{"@id":"https:\/\/portaltela.pt\/noticias\/2026\/03\/30\/semana-de-subida-da-temperatura-com-maxima-de-ate-26-graus\/"},"author":{"name":"Telinha","@id":"https:\/\/portaltela.pt\/#\/schema\/person\/c4278d4a6028830caff9ee44b42d32ed"},"headline":"Semana de subida da temperatura com m\u00e1xima de at\u00e9 26 graus","datePublished":"2026-03-30T06:47:32+00:00","mainEntityOfPage":{"@id":"https:\/\/portaltela.pt\/noticias\/2026\/03\/30\/semana-de-subida-da-temperatura-com-maxima-de-ate-26-graus\/"},"wordCount":204,"image":{"@id":"https:\/\/portaltela.pt\/noticias\/2026\/03\/30\/semana-de-subida-da-temperatura-com-maxima-de-ate-26-graus\/#primaryimage"},"thumbnailUrl":"https:\/\/portaltela.pt\/s.01k8rhncp4jt1\/2026\/03\/img_1500x1000uu2017-05-02-07-29-00-623575.jpg","keywords":["Alentejo","Algarve","chuva","clima","Douro","Vale do Tejo"],"articleSection":["Not\u00edcias","Tempo"],"inLanguage":"pt-PT"},{"@type":"WebPage","@id":"https:\/\/portaltela.pt\/noticias\/2026\/03\/30\/semana-de-subida-da-temperatura-com-maxima-de-ate-26-graus\/","url":"https:\/\/portaltela.pt\/noticias\/2026\/03\/30\/semana-de-subida-da-temperatura-com-maxima-de-ate-26-graus\/","name":"Semana de subida da temperatura com m\u00e1xima de at\u00e9 26 graus - Portal Tela Portugal","isPartOf":{"@id":"https:\/\/portaltela.pt\/#website"},"primaryImageOfPage":{"@id":"https:\/\/portaltela.pt\/noticias\/2026\/03\/30\/semana-de-subida-da-temperatura-com-maxima-de-ate-26-graus\/#primaryimage"},"image":{"@id":"https:\/\/portaltela.pt\/noticias\/2026\/03\/30\/semana-de-subida-da-temperatura-com-maxima-de-ate-26-graus\/#primaryimage"},"thumbnailUrl":"https:\/\/portaltela.pt\/s.01k8rhncp4jt1\/2026\/03\/img_1500x1000uu2017-05-02-07-29-00-623575.jpg","datePublished":"2026-03-30T06:47:32+00:00","author":{"@id":"https:\/\/portaltela.pt\/#\/schema\/person\/c4278d4a6028830caff9ee44b42d32ed"},"breadcrumb":{"@id":"https:\/\/portaltela.pt\/noticias\/2026\/03\/30\/semana-de-subida-da-temperatura-com-maxima-de-ate-26-graus\/#breadcrumb"},"inLanguage":"pt-PT","potentialAction":[{"@type":"ReadAction","target":["https:\/\/portaltela.pt\/noticias\/2026\/03\/30\/semana-de-subida-da-temperatura-com-maxima-de-ate-26-graus\/"]}]},{"@type":"ImageObject","inLanguage":"pt-PT","@id":"https:\/\/portaltela.pt\/noticias\/2026\/03\/30\/semana-de-subida-da-temperatura-com-maxima-de-ate-26-graus\/#primaryimage","url":"https:\/\/portaltela.pt\/s.01k8rhncp4jt1\/2026\/03\/img_1500x1000uu2017-05-02-07-29-00-623575.jpg","contentUrl":"https:\/\/portaltela.pt\/s.01k8rhncp4jt1\/2026\/03\/img_1500x1000uu2017-05-02-07-29-00-623575.jpg","width":796,"height":448,"caption":"Semana com subida da temperatura com m\u00e1xima a poder chegar aos 26 graus"},{"@type":"BreadcrumbList","@id":"https:\/\/portaltela.pt\/noticias\/2026\/03\/30\/semana-de-subida-da-temperatura-com-maxima-de-ate-26-graus\/#breadcrumb","itemListElement":[{"@type":"ListItem","position":1,"name":"In\u00edcio","item":"https:\/\/portaltela.pt\/"},{"@type":"ListItem","position":2,"name":"Semana de subida da temperatura com m\u00e1xima de at\u00e9 26 graus"}]},{"@type":"WebSite","@id":"https:\/\/portaltela.pt\/#website","url":"https:\/\/portaltela.pt\/","name":"Portal Tela Portugal","description":"","potentialAction":[{"@type":"SearchAction","target":{"@type":"EntryPoint","urlTemplate":"https:\/\/portaltela.pt\/?s={search_term_string}"},"query-input":{"@type":"PropertyValueSpecification","valueRequired":true,"valueName":"search_term_string"}}],"inLanguage":"pt-PT"},{"@type":"Person","@id":"https:\/\/portaltela.pt\/#\/schema\/person\/c4278d4a6028830caff9ee44b42d32ed","name":"Telinha","image":{"@type":"ImageObject","inLanguage":"pt-PT","@id":"https:\/\/portaltela.pt\/s.01k8rhncp4jt1\/2025\/11\/talking-bot-125x125.png","url":"https:\/\/portaltela.pt\/s.01k8rhncp4jt1\/2025\/11\/talking-bot-125x125.png","contentUrl":"https:\/\/portaltela.pt\/s.01k8rhncp4jt1\/2025\/11\/talking-bot-125x125.png","caption":"Telinha"},"sameAs":["https:\/\/portaltela.pt\/"],"url":"https:\/\/portaltela.pt\/por\/367410592786\/"}]}},"_links":{"self":[{"href":"https:\/\/portaltela.pt\/api\/wp\/v2\/posts\/426526","targetHints":{"allow":["GET"]}}],"collection":[{"href":"https:\/\/portaltela.pt\/api\/wp\/v2\/posts"}],"about":[{"href":"https:\/\/portaltela.pt\/api\/wp\/v2\/types\/post"}],"author":[{"embeddable":true,"href":"https:\/\/portaltela.pt\/api\/wp\/v2\/users\/2"}],"replies":[{"embeddable":true,"href":"https:\/\/portaltela.pt\/api\/wp\/v2\/comments?post=426526"}],"version-history":[{"count":0,"href":"https:\/\/portaltela.pt\/api\/wp\/v2\/posts\/426526\/revisions"}],"wp:featuredmedia":[{"embeddable":true,"href":"https:\/\/portaltela.pt\/api\/wp\/v2\/media\/426527"}],"wp:attachment":[{"href":"https:\/\/portaltela.pt\/api\/wp\/v2\/media?parent=426526"}],"wp:term":[{"taxonomy":"category","embeddable":true,"href":"https:\/\/portaltela.pt\/api\/wp\/v2\/categories?post=426526"},{"taxonomy":"post_tag","embeddable":true,"href":"https:\/\/portaltela.pt\/api\/wp\/v2\/tags?post=426526"}],"curies":[{"name":"wp","href":"https:\/\/api.w.org\/{rel}","templated":true}]}}