{"id":426511,"date":"2026-03-30T03:32:10","date_gmt":"2026-03-30T06:32:10","guid":{"rendered":"https:\/\/portaltela.pt\/noticias\/2026\/03\/30\/europa-guia-pratico-para-planear-ferias-criativas\/"},"modified":"2026-03-30T03:32:10","modified_gmt":"2026-03-30T06:32:10","slug":"europa-guia-pratico-para-planear-ferias-criativas","status":"publish","type":"post","link":"https:\/\/portaltela.pt\/noticias\/2026\/03\/30\/europa-guia-pratico-para-planear-ferias-criativas\/","title":{"rendered":"Europa: guia pr\u00e1tico para planear f\u00e9rias criativas"},"content":{"rendered":"<p>Em plena primavera europeia, o turismo criativo ganha impulso com retiros de artes. Os viajantes procuram aprender, explorar novas t\u00e9cnicas e criar recorda\u00e7\u00f5es \u00fanicas, mais do que simples souvenirs. A obten\u00e7\u00e3o de inspira\u00e7\u00e3o surge como motivo central para estas op\u00e7\u00f5es de f\u00e9rias.<\/p>\n<p>Dados da ind\u00fastria apontam para um crescimento not\u00e1vel do turismo criativo. A GetYourGuide indica que quase um ter\u00e7o dos viajantes prefere aprender algo novo. Em consequ\u00eancia, retiros como o Figs on the Funcho, no Algarve, t\u00eam visto um aumento de interesse.<\/p>\n<p>A Responsible Travel reportou um acr\u00e9scimo de 35% nas reservas de f\u00e9rias art\u00edsticas no ano passado, refletindo a tend\u00eancia de viagens mais lentas e centradas em comunidades locais. Estudiosos destacam benef\u00edcios imediatos da pr\u00e1tica art\u00edstica na redu\u00e7\u00e3o do stress.<\/p>\n<h3>Europa: para onde ir numa pausa criativa<\/h3>\n<p>Fran\u00e7a mant\u00e9m-se como destino hist\u00f3rico para pintura, com foco na luz do sul e em zonas como a Proven\u00e7a e Gers, associadas a uma semana de arte em cen\u00e1rios rurais. A Pen\u00ednsula Ib\u00e9rica destaca-se pela estabilidade clim\u00e1tica, ideal para sess\u00f5es ao ar livre.<\/p>\n<p>No Algarve, o Figs on the Funcho oferece retiros com sess\u00f5es de arteterapia, ioga e caminhadas, para al\u00e9m de permitir aos participantes criar o pr\u00f3prio souvenir: um caderno de esbo\u00e7os. O programa enfatiza a intera\u00e7\u00e3o com comunidades locais.<\/p>\n<h3>Comunidades e experi\u00eancias de imers\u00e3o<\/h3>\n<p>V\u00e1rias iniciativas centram-se em comunidades rurais, promovendo visitas a caf\u00e9s e lojas locais e gerando receitas sustent\u00e1veis para zonas menos povoadas. Requere-se menos foco em locais tur\u00edsticos tradicionais e mais em experi\u00eancias aut\u00eanticas.<\/p>\n<p>A Cyprian Art Retreat promove f\u00e9rias de pintura na aldeia de Agioi Vavatsinias, na ilha de Cyprus, visando tanto pintores amadores como artistas a tempo inteiro. A ideia \u00e9 atrair criadores para uma zona pouco povoada, com uma galeria dedicada \u00e0 chamada arte deslocada.<\/p>\n<h3>Atividades que cruzam campos criativos<\/h3>\n<p>Na Gr\u00e9cia, retiros art\u00edsticos em Creta combinam inspira\u00e7\u00e3o litoral com m\u00e9todos hist\u00f3ricos, incluindo ateli\u00ea de t\u00eampera de ovo e oportunidades de mosaico. Em Espanha, as montanhas do norte e o litoral proporcionam cen\u00e1rios variados para fotografia e pintura.<\/p>\n<p>Para quem busca uma experi\u00eancia mar\u00edtima, os cruzeiros art\u00edsticos da St Hilda Sea Adventures oferecem sess\u00f5es de pintura a bordo ou em terra, com op\u00e7\u00f5es que combinam navega\u00e7\u00e3o e paragens em ilhas. Em Fran\u00e7a, a oferta de turismo criativo abrange destinos onde a luz \u00e9 particularmente cativante para artistas.<\/p>\n<p>A reportagem destaca ainda casos de retiros de aguarela em Fran\u00e7a e atividades de fotografia nas montanhas norte de Espanha, mostrando a diversidade de projetos que promovem o contato com a natureza, comunidades locais e t\u00e9cnicas art\u00edsticas.<\/p>\n","protected":false},"excerpt":{"rendered":"<ul>\n<li>A procura por f\u00e9rias criativas em turismo est\u00e1 a crescer, com quase um ter\u00e7o dos viajantes a preferir aprender algo novo.<\/li>\n<li>O Algarve tem ganho destaque, com o Figs on the Funcho a registar interesse crescente em f\u00e9rias art\u00edsticas.<\/li>\n<li>Um estudo de 2025, envolvendo King\u2019s College London, aponta benef\u00edcios imediatos da observa\u00e7\u00e3o de arte na redu\u00e7\u00e3o do stress.<\/li>\n<li>Destinos e formatos populares incluem Fran\u00e7a (Proven\u00e7a e Gers) e catalunha, bem como retiros de arteterapia e atividades ao ar livre.<\/li>\n<li>Existem op\u00e7\u00f5es como cruzeiros art\u00edsticos da St Hilda Sea Adventures e retiros em Creta, que promovem encontro entre artistas e experi\u00eancias locais.<\/li>\n<\/ul>\n","protected":false},"author":2,"featured_media":426515,"comment_status":"closed","ping_status":"closed","sticky":false,"template":"","format":"standard","meta":{"footnotes":""},"categories":[7375,1],"tags":[928,70,248,1014,169,3445],"class_list":["post-426511","post","type-post","status-publish","format-standard","has-post-thumbnail","hentry","category-cultura","category-noticias","tag-algarve","tag-arte","tag-pintura","tag-portugal","tag-turismo","tag-turismo-sustentavel"],"yoast_head":"<!-- This site is optimized with the Yoast SEO plugin v27.2 - https:\/\/yoast.com\/product\/yoast-seo-wordpress\/ -->\n<title>Europa: guia pr\u00e1tico para planear f\u00e9rias criativas - Portal Tela Portugal<\/title>\n<meta name=\"robots\" content=\"index, follow, max-snippet:-1, max-image-preview:large, max-video-preview:-1\" \/>\n<meta property=\"og:locale\" content=\"pt_PT\" \/>\n<meta property=\"og:type\" content=\"article\" \/>\n<meta property=\"og:title\" content=\"Europa: guia pr\u00e1tico para planear f\u00e9rias criativas - Portal Tela Portugal\" \/>\n<meta property=\"og:description\" content=\"A procura por f\u00e9rias criativas em turismo est\u00e1 a crescer, com quase um ter\u00e7o dos viajantes a preferir aprender algo novo. O Algarve tem ganho destaque, com o Figs on the Funcho a registar interesse crescente em f\u00e9rias art\u00edsticas. Um estudo de 2025, envolvendo King\u2019s College London, aponta benef\u00edcios imediatos da observa\u00e7\u00e3o de arte na redu\u00e7\u00e3o do stress. Destinos e formatos populares incluem Fran\u00e7a (Proven\u00e7a e Gers) e catalunha, bem como retiros de arteterapia e atividades ao ar livre. Existem op\u00e7\u00f5es como cruzeiros art\u00edsticos da St Hilda Sea Adventures e retiros em Creta, que promovem encontro entre artistas e experi\u00eancias locais.\" \/>\n<meta property=\"og:url\" content=\"https:\/\/portaltela.pt\/noticias\/2026\/03\/30\/europa-guia-pratico-para-planear-ferias-criativas\/\" \/>\n<meta property=\"og:site_name\" content=\"Portal Tela Portugal\" \/>\n<meta property=\"article:published_time\" content=\"2026-03-30T06:32:10+00:00\" \/>\n<meta name=\"author\" content=\"Telinha\" \/>\n<meta name=\"twitter:card\" content=\"summary_large_image\" \/>\n<meta name=\"twitter:label1\" content=\"Escrito por\" \/>\n\t<meta name=\"twitter:data1\" content=\"Telinha\" \/>\n\t<meta name=\"twitter:label2\" content=\"Tempo estimado de leitura\" \/>\n\t<meta name=\"twitter:data2\" content=\"2 minutos\" \/>\n<script type=\"application\/ld+json\" class=\"yoast-schema-graph\">{\"@context\":\"https:\/\/schema.org\",\"@graph\":[{\"@type\":\"Article\",\"@id\":\"https:\/\/portaltela.pt\/noticias\/2026\/03\/30\/europa-guia-pratico-para-planear-ferias-criativas\/#article\",\"isPartOf\":{\"@id\":\"https:\/\/portaltela.pt\/noticias\/2026\/03\/30\/europa-guia-pratico-para-planear-ferias-criativas\/\"},\"author\":{\"name\":\"Telinha\",\"@id\":\"https:\/\/portaltela.pt\/#\/schema\/person\/c4278d4a6028830caff9ee44b42d32ed\"},\"headline\":\"Europa: guia pr\u00e1tico para planear f\u00e9rias criativas\",\"datePublished\":\"2026-03-30T06:32:10+00:00\",\"mainEntityOfPage\":{\"@id\":\"https:\/\/portaltela.pt\/noticias\/2026\/03\/30\/europa-guia-pratico-para-planear-ferias-criativas\/\"},\"wordCount\":485,\"image\":{\"@id\":\"https:\/\/portaltela.pt\/noticias\/2026\/03\/30\/europa-guia-pratico-para-planear-ferias-criativas\/#primaryimage\"},\"thumbnailUrl\":\"https:\/\/portaltela.pt\/s.01k8rhncp4jt1\/2026\/03\/1536x864_cmsv2_4a3f827f-a10c-5a82-b75c-45bca60673a7-9700749.jpg\",\"keywords\":[\"Algarve\",\"arte\",\"pintura\",\"Portugal\",\"turismo\",\"Turismo Sustent\u00e1vel\"],\"articleSection\":[\"Cultura\",\"Not\u00edcias\"],\"inLanguage\":\"pt-PT\"},{\"@type\":\"WebPage\",\"@id\":\"https:\/\/portaltela.pt\/noticias\/2026\/03\/30\/europa-guia-pratico-para-planear-ferias-criativas\/\",\"url\":\"https:\/\/portaltela.pt\/noticias\/2026\/03\/30\/europa-guia-pratico-para-planear-ferias-criativas\/\",\"name\":\"Europa: guia pr\u00e1tico para planear f\u00e9rias criativas - Portal Tela Portugal\",\"isPartOf\":{\"@id\":\"https:\/\/portaltela.pt\/#website\"},\"primaryImageOfPage\":{\"@id\":\"https:\/\/portaltela.pt\/noticias\/2026\/03\/30\/europa-guia-pratico-para-planear-ferias-criativas\/#primaryimage\"},\"image\":{\"@id\":\"https:\/\/portaltela.pt\/noticias\/2026\/03\/30\/europa-guia-pratico-para-planear-ferias-criativas\/#primaryimage\"},\"thumbnailUrl\":\"https:\/\/portaltela.pt\/s.01k8rhncp4jt1\/2026\/03\/1536x864_cmsv2_4a3f827f-a10c-5a82-b75c-45bca60673a7-9700749.jpg\",\"datePublished\":\"2026-03-30T06:32:10+00:00\",\"author\":{\"@id\":\"https:\/\/portaltela.pt\/#\/schema\/person\/c4278d4a6028830caff9ee44b42d32ed\"},\"breadcrumb\":{\"@id\":\"https:\/\/portaltela.pt\/noticias\/2026\/03\/30\/europa-guia-pratico-para-planear-ferias-criativas\/#breadcrumb\"},\"inLanguage\":\"pt-PT\",\"potentialAction\":[{\"@type\":\"ReadAction\",\"target\":[\"https:\/\/portaltela.pt\/noticias\/2026\/03\/30\/europa-guia-pratico-para-planear-ferias-criativas\/\"]}]},{\"@type\":\"ImageObject\",\"inLanguage\":\"pt-PT\",\"@id\":\"https:\/\/portaltela.pt\/noticias\/2026\/03\/30\/europa-guia-pratico-para-planear-ferias-criativas\/#primaryimage\",\"url\":\"https:\/\/portaltela.pt\/s.01k8rhncp4jt1\/2026\/03\/1536x864_cmsv2_4a3f827f-a10c-5a82-b75c-45bca60673a7-9700749.jpg\",\"contentUrl\":\"https:\/\/portaltela.pt\/s.01k8rhncp4jt1\/2026\/03\/1536x864_cmsv2_4a3f827f-a10c-5a82-b75c-45bca60673a7-9700749.jpg\",\"width\":796,\"height\":448,\"caption\":\"Paisagens costeiras s\u00e3o um dos temas de um retiro art\u00edstico em Creta\"},{\"@type\":\"BreadcrumbList\",\"@id\":\"https:\/\/portaltela.pt\/noticias\/2026\/03\/30\/europa-guia-pratico-para-planear-ferias-criativas\/#breadcrumb\",\"itemListElement\":[{\"@type\":\"ListItem\",\"position\":1,\"name\":\"In\u00edcio\",\"item\":\"https:\/\/portaltela.pt\/\"},{\"@type\":\"ListItem\",\"position\":2,\"name\":\"Europa: guia pr\u00e1tico para planear f\u00e9rias criativas\"}]},{\"@type\":\"WebSite\",\"@id\":\"https:\/\/portaltela.pt\/#website\",\"url\":\"https:\/\/portaltela.pt\/\",\"name\":\"Portal Tela Portugal\",\"description\":\"\",\"potentialAction\":[{\"@type\":\"SearchAction\",\"target\":{\"@type\":\"EntryPoint\",\"urlTemplate\":\"https:\/\/portaltela.pt\/?s={search_term_string}\"},\"query-input\":{\"@type\":\"PropertyValueSpecification\",\"valueRequired\":true,\"valueName\":\"search_term_string\"}}],\"inLanguage\":\"pt-PT\"},{\"@type\":\"Person\",\"@id\":\"https:\/\/portaltela.pt\/#\/schema\/person\/c4278d4a6028830caff9ee44b42d32ed\",\"name\":\"Telinha\",\"image\":{\"@type\":\"ImageObject\",\"inLanguage\":\"pt-PT\",\"@id\":\"https:\/\/portaltela.pt\/s.01k8rhncp4jt1\/2025\/11\/talking-bot-125x125.png\",\"url\":\"https:\/\/portaltela.pt\/s.01k8rhncp4jt1\/2025\/11\/talking-bot-125x125.png\",\"contentUrl\":\"https:\/\/portaltela.pt\/s.01k8rhncp4jt1\/2025\/11\/talking-bot-125x125.png\",\"caption\":\"Telinha\"},\"sameAs\":[\"https:\/\/portaltela.pt\/\"],\"url\":\"https:\/\/portaltela.pt\/por\/367410592786\/\"}]}<\/script>\n<!-- \/ Yoast SEO plugin. -->","yoast_head_json":{"title":"Europa: guia pr\u00e1tico para planear f\u00e9rias criativas - Portal Tela Portugal","robots":{"index":"index","follow":"follow","max-snippet":"max-snippet:-1","max-image-preview":"max-image-preview:large","max-video-preview":"max-video-preview:-1"},"og_locale":"pt_PT","og_type":"article","og_title":"Europa: guia pr\u00e1tico para planear f\u00e9rias criativas - Portal Tela Portugal","og_description":"A procura por f\u00e9rias criativas em turismo est\u00e1 a crescer, com quase um ter\u00e7o dos viajantes a preferir aprender algo novo. O Algarve tem ganho destaque, com o Figs on the Funcho a registar interesse crescente em f\u00e9rias art\u00edsticas. Um estudo de 2025, envolvendo King\u2019s College London, aponta benef\u00edcios imediatos da observa\u00e7\u00e3o de arte na redu\u00e7\u00e3o do stress. Destinos e formatos populares incluem Fran\u00e7a (Proven\u00e7a e Gers) e catalunha, bem como retiros de arteterapia e atividades ao ar livre. Existem op\u00e7\u00f5es como cruzeiros art\u00edsticos da St Hilda Sea Adventures e retiros em Creta, que promovem encontro entre artistas e experi\u00eancias locais.","og_url":"https:\/\/portaltela.pt\/noticias\/2026\/03\/30\/europa-guia-pratico-para-planear-ferias-criativas\/","og_site_name":"Portal Tela Portugal","article_published_time":"2026-03-30T06:32:10+00:00","author":"Telinha","twitter_card":"summary_large_image","twitter_misc":{"Escrito por":"Telinha","Tempo estimado de leitura":"2 minutos"},"schema":{"@context":"https:\/\/schema.org","@graph":[{"@type":"Article","@id":"https:\/\/portaltela.pt\/noticias\/2026\/03\/30\/europa-guia-pratico-para-planear-ferias-criativas\/#article","isPartOf":{"@id":"https:\/\/portaltela.pt\/noticias\/2026\/03\/30\/europa-guia-pratico-para-planear-ferias-criativas\/"},"author":{"name":"Telinha","@id":"https:\/\/portaltela.pt\/#\/schema\/person\/c4278d4a6028830caff9ee44b42d32ed"},"headline":"Europa: guia pr\u00e1tico para planear f\u00e9rias criativas","datePublished":"2026-03-30T06:32:10+00:00","mainEntityOfPage":{"@id":"https:\/\/portaltela.pt\/noticias\/2026\/03\/30\/europa-guia-pratico-para-planear-ferias-criativas\/"},"wordCount":485,"image":{"@id":"https:\/\/portaltela.pt\/noticias\/2026\/03\/30\/europa-guia-pratico-para-planear-ferias-criativas\/#primaryimage"},"thumbnailUrl":"https:\/\/portaltela.pt\/s.01k8rhncp4jt1\/2026\/03\/1536x864_cmsv2_4a3f827f-a10c-5a82-b75c-45bca60673a7-9700749.jpg","keywords":["Algarve","arte","pintura","Portugal","turismo","Turismo Sustent\u00e1vel"],"articleSection":["Cultura","Not\u00edcias"],"inLanguage":"pt-PT"},{"@type":"WebPage","@id":"https:\/\/portaltela.pt\/noticias\/2026\/03\/30\/europa-guia-pratico-para-planear-ferias-criativas\/","url":"https:\/\/portaltela.pt\/noticias\/2026\/03\/30\/europa-guia-pratico-para-planear-ferias-criativas\/","name":"Europa: guia pr\u00e1tico para planear f\u00e9rias criativas - Portal Tela Portugal","isPartOf":{"@id":"https:\/\/portaltela.pt\/#website"},"primaryImageOfPage":{"@id":"https:\/\/portaltela.pt\/noticias\/2026\/03\/30\/europa-guia-pratico-para-planear-ferias-criativas\/#primaryimage"},"image":{"@id":"https:\/\/portaltela.pt\/noticias\/2026\/03\/30\/europa-guia-pratico-para-planear-ferias-criativas\/#primaryimage"},"thumbnailUrl":"https:\/\/portaltela.pt\/s.01k8rhncp4jt1\/2026\/03\/1536x864_cmsv2_4a3f827f-a10c-5a82-b75c-45bca60673a7-9700749.jpg","datePublished":"2026-03-30T06:32:10+00:00","author":{"@id":"https:\/\/portaltela.pt\/#\/schema\/person\/c4278d4a6028830caff9ee44b42d32ed"},"breadcrumb":{"@id":"https:\/\/portaltela.pt\/noticias\/2026\/03\/30\/europa-guia-pratico-para-planear-ferias-criativas\/#breadcrumb"},"inLanguage":"pt-PT","potentialAction":[{"@type":"ReadAction","target":["https:\/\/portaltela.pt\/noticias\/2026\/03\/30\/europa-guia-pratico-para-planear-ferias-criativas\/"]}]},{"@type":"ImageObject","inLanguage":"pt-PT","@id":"https:\/\/portaltela.pt\/noticias\/2026\/03\/30\/europa-guia-pratico-para-planear-ferias-criativas\/#primaryimage","url":"https:\/\/portaltela.pt\/s.01k8rhncp4jt1\/2026\/03\/1536x864_cmsv2_4a3f827f-a10c-5a82-b75c-45bca60673a7-9700749.jpg","contentUrl":"https:\/\/portaltela.pt\/s.01k8rhncp4jt1\/2026\/03\/1536x864_cmsv2_4a3f827f-a10c-5a82-b75c-45bca60673a7-9700749.jpg","width":796,"height":448,"caption":"Paisagens costeiras s\u00e3o um dos temas de um retiro art\u00edstico em Creta"},{"@type":"BreadcrumbList","@id":"https:\/\/portaltela.pt\/noticias\/2026\/03\/30\/europa-guia-pratico-para-planear-ferias-criativas\/#breadcrumb","itemListElement":[{"@type":"ListItem","position":1,"name":"In\u00edcio","item":"https:\/\/portaltela.pt\/"},{"@type":"ListItem","position":2,"name":"Europa: guia pr\u00e1tico para planear f\u00e9rias criativas"}]},{"@type":"WebSite","@id":"https:\/\/portaltela.pt\/#website","url":"https:\/\/portaltela.pt\/","name":"Portal Tela Portugal","description":"","potentialAction":[{"@type":"SearchAction","target":{"@type":"EntryPoint","urlTemplate":"https:\/\/portaltela.pt\/?s={search_term_string}"},"query-input":{"@type":"PropertyValueSpecification","valueRequired":true,"valueName":"search_term_string"}}],"inLanguage":"pt-PT"},{"@type":"Person","@id":"https:\/\/portaltela.pt\/#\/schema\/person\/c4278d4a6028830caff9ee44b42d32ed","name":"Telinha","image":{"@type":"ImageObject","inLanguage":"pt-PT","@id":"https:\/\/portaltela.pt\/s.01k8rhncp4jt1\/2025\/11\/talking-bot-125x125.png","url":"https:\/\/portaltela.pt\/s.01k8rhncp4jt1\/2025\/11\/talking-bot-125x125.png","contentUrl":"https:\/\/portaltela.pt\/s.01k8rhncp4jt1\/2025\/11\/talking-bot-125x125.png","caption":"Telinha"},"sameAs":["https:\/\/portaltela.pt\/"],"url":"https:\/\/portaltela.pt\/por\/367410592786\/"}]}},"_links":{"self":[{"href":"https:\/\/portaltela.pt\/api\/wp\/v2\/posts\/426511","targetHints":{"allow":["GET"]}}],"collection":[{"href":"https:\/\/portaltela.pt\/api\/wp\/v2\/posts"}],"about":[{"href":"https:\/\/portaltela.pt\/api\/wp\/v2\/types\/post"}],"author":[{"embeddable":true,"href":"https:\/\/portaltela.pt\/api\/wp\/v2\/users\/2"}],"replies":[{"embeddable":true,"href":"https:\/\/portaltela.pt\/api\/wp\/v2\/comments?post=426511"}],"version-history":[{"count":0,"href":"https:\/\/portaltela.pt\/api\/wp\/v2\/posts\/426511\/revisions"}],"wp:featuredmedia":[{"embeddable":true,"href":"https:\/\/portaltela.pt\/api\/wp\/v2\/media\/426515"}],"wp:attachment":[{"href":"https:\/\/portaltela.pt\/api\/wp\/v2\/media?parent=426511"}],"wp:term":[{"taxonomy":"category","embeddable":true,"href":"https:\/\/portaltela.pt\/api\/wp\/v2\/categories?post=426511"},{"taxonomy":"post_tag","embeddable":true,"href":"https:\/\/portaltela.pt\/api\/wp\/v2\/tags?post=426511"}],"curies":[{"name":"wp","href":"https:\/\/api.w.org\/{rel}","templated":true}]}}