{"id":426486,"date":"2026-03-30T03:02:05","date_gmt":"2026-03-30T06:02:05","guid":{"rendered":"https:\/\/portaltela.pt\/noticias\/2026\/03\/30\/chocolate-em-foco-producao-comercio-e-tendencias-do-setor\/"},"modified":"2026-03-30T03:02:05","modified_gmt":"2026-03-30T06:02:05","slug":"chocolate-em-foco-producao-comercio-e-tendencias-do-setor","status":"publish","type":"post","link":"https:\/\/portaltela.pt\/noticias\/economia\/2026\/03\/30\/chocolate-em-foco-producao-comercio-e-tendencias-do-setor\/","title":{"rendered":"Chocolate em foco: produ\u00e7\u00e3o, com\u00e9rcio e tend\u00eancias do setor"},"content":{"rendered":"<p>O pre\u00e7o do chocolate tem subido devido a fatores clim\u00e1ticos e a cortes or\u00e7amentais que afetam o setor. A conjuntura est\u00e1 a pressionar as cadeias de abastecimento e a elevar custos para produtores, retalhistas e consumidores na \u00e9poca pascal.<\/p>\n<p>A subida de pre\u00e7os estende-se a v\u00e1rias geografias. Em alguns mercados, tarifas de importa\u00e7\u00e3o e impostos diferentes agravam a press\u00e3o sobre o cacau e os derivados. O efeito chega aos consumidores com prazos de entrega mais curtos e varia\u00e7\u00f5es de pre\u00e7o entre lojas.<\/p>\n<p>Fatores que influenciam o custo incluem condi\u00e7\u00f5es clim\u00e1ticas adversas, pragas nas planta\u00e7\u00f5es e custos de produ\u00e7\u00e3o. Al\u00e9m disso, altera\u00e7\u00f5es de pol\u00edticas aduaneiras nos EUA afetam o custo de chocolates importados. A ind\u00fastria continua a adaptar-se para manter disponibilidade de produtos.<\/p>\n<h3>Tarifas e custos<\/h3>\n<p>Os especialistas apontam que, para o chocolate belga, incidiriam tarifas adicionais a partir de milhas de com\u00e9rcio, com impactos diretos no pre\u00e7o final. O reajuste envolve tanto chocolate puro como confeitaria derivada.<\/p>\n<p>No Reino Unido, retalhistas enfrentam dificuldades para acompanhar o aumento do cacau. Fontes do setor indicam que as mudan\u00e7as clim\u00e1ticas s\u00e3o uma das principais causas da escalada de pre\u00e7os. A situa\u00e7\u00e3o gera incerteza de abastecimento em algumas linhas de produtos.<\/p>\n<h3>Inova\u00e7\u00f5es e procura de alternativas<\/h3>\n<p>Alguns produtores exploram vers\u00f5es com menor teor de lactose ou alternativas vegetais para alcan\u00e7ar novos segmentos de mercado. A Ferrero, por exemplo, planeia uma Nutella vegana, sem ingredientes de origem animal, para prateleiras italianas. A meta \u00e9 manter o sabor reduzindo impactos ambientais.<\/p>\n<p>Outras iniciativas envolvem competir por mat\u00e9rias-primas com maior sustentabilidade. Em paralelo, a Europa prepara regras mais restritivas para desfloresta\u00e7\u00e3o que podem influenciar a oferta de cacau no mercado global a partir de 2025.<\/p>\n<h3>Eventos e consequ\u00eancias<\/h3>\n<p>A P\u00e1scoa continua a ser um per\u00edodo de maior procura, mas a escalada de pre\u00e7os complica escolhas de presentes. Em alguns dados setoriais, a procura por chocolate de luxo cresce, ao mesmo tempo que o custo de produ\u00e7\u00e3o aumenta.<\/p>\n<p>Em termos de seguran\u00e7a, um incidente grave em uma f\u00e1brica de chocolate deixou duas pessoas mortas ap\u00f3s uma explos\u00e3o, alegadamente devido a uma fuga de g\u00e1s. O ocorrido ocorreu por volta das 17 horas locais, com investiga\u00e7\u00f5es em curso.<\/p>\n","protected":false},"excerpt":{"rendered":"<ul>\n<li>O pre\u00e7o do chocolate dispara na P\u00e1scoa devido a impacto clim\u00e1tico e cortes or\u00e7amentais.<\/li>\n<li>Nos EUA, o chocolate belga enfrenta uma sobretaxa de 10% al\u00e9m dos 6% j\u00e1 aplicados.<\/li>\n<li>Lan\u00e7amento de ovos de P\u00e1scoa de luxo inspirados no Dubai, com combina\u00e7\u00f5es ex\u00f3ticas de chocolate e recheios.<\/li>\n<li>A ind\u00fastria su\u00ed\u00e7a enfrenta uma P\u00e1scoa agridoce devido ao pre\u00e7o do cacau e \u00e0s novas tarifas dos EUA.<\/li>\n<li>Dois mortos numa explos\u00e3o numa f\u00e1brica de chocolate, possivelmente causada por fuga de g\u00e1s, \u00e0s 17h locais.<\/li>\n<\/ul>\n","protected":false},"author":2,"featured_media":426488,"comment_status":"closed","ping_status":"closed","sticky":false,"template":"","format":"standard","meta":{"footnotes":""},"categories":[2,6735],"tags":[6115,2421,3241,2487,255,3444],"class_list":["post-426486","post","type-post","status-publish","format-standard","has-post-thumbnail","hentry","category-economia","category-negocios","tag-_economia","tag-abastecimentos","tag-desflorestacao","tag-europa","tag-industria","tag-sustentabilidade"],"yoast_head":"<!-- This site is optimized with the Yoast SEO plugin v27.2 - https:\/\/yoast.com\/product\/yoast-seo-wordpress\/ -->\n<title>Chocolate em foco: produ\u00e7\u00e3o, com\u00e9rcio e tend\u00eancias do setor - Portal Tela Portugal<\/title>\n<meta name=\"robots\" content=\"index, follow, max-snippet:-1, max-image-preview:large, max-video-preview:-1\" \/>\n<meta property=\"og:locale\" content=\"pt_PT\" \/>\n<meta property=\"og:type\" content=\"article\" \/>\n<meta property=\"og:title\" content=\"Chocolate em foco: produ\u00e7\u00e3o, com\u00e9rcio e tend\u00eancias do setor - Portal Tela Portugal\" \/>\n<meta property=\"og:description\" content=\"O pre\u00e7o do chocolate dispara na P\u00e1scoa devido a impacto clim\u00e1tico e cortes or\u00e7amentais. Nos EUA, o chocolate belga enfrenta uma sobretaxa de 10% al\u00e9m dos 6% j\u00e1 aplicados. Lan\u00e7amento de ovos de P\u00e1scoa de luxo inspirados no Dubai, com combina\u00e7\u00f5es ex\u00f3ticas de chocolate e recheios. A ind\u00fastria su\u00ed\u00e7a enfrenta uma P\u00e1scoa agridoce devido ao pre\u00e7o do cacau e \u00e0s novas tarifas dos EUA. Dois mortos numa explos\u00e3o numa f\u00e1brica de chocolate, possivelmente causada por fuga de g\u00e1s, \u00e0s 17h locais.\" \/>\n<meta property=\"og:url\" content=\"https:\/\/portaltela.pt\/noticias\/2026\/03\/30\/chocolate-em-foco-producao-comercio-e-tendencias-do-setor\/\" \/>\n<meta property=\"og:site_name\" content=\"Portal Tela Portugal\" \/>\n<meta property=\"article:published_time\" content=\"2026-03-30T06:02:05+00:00\" \/>\n<meta name=\"author\" content=\"Telinha\" \/>\n<meta name=\"twitter:card\" content=\"summary_large_image\" \/>\n<meta name=\"twitter:label1\" content=\"Escrito por\" \/>\n\t<meta name=\"twitter:data1\" content=\"Telinha\" \/>\n\t<meta name=\"twitter:label2\" content=\"Tempo estimado de leitura\" \/>\n\t<meta name=\"twitter:data2\" content=\"2 minutos\" \/>\n<script type=\"application\/ld+json\" class=\"yoast-schema-graph\">{\"@context\":\"https:\/\/schema.org\",\"@graph\":[{\"@type\":\"Article\",\"@id\":\"https:\/\/portaltela.pt\/noticias\/2026\/03\/30\/chocolate-em-foco-producao-comercio-e-tendencias-do-setor\/#article\",\"isPartOf\":{\"@id\":\"https:\/\/portaltela.pt\/noticias\/2026\/03\/30\/chocolate-em-foco-producao-comercio-e-tendencias-do-setor\/\"},\"author\":{\"name\":\"Telinha\",\"@id\":\"https:\/\/portaltela.pt\/#\/schema\/person\/c4278d4a6028830caff9ee44b42d32ed\"},\"headline\":\"Chocolate em foco: produ\u00e7\u00e3o, com\u00e9rcio e tend\u00eancias do setor\",\"datePublished\":\"2026-03-30T06:02:05+00:00\",\"mainEntityOfPage\":{\"@id\":\"https:\/\/portaltela.pt\/noticias\/2026\/03\/30\/chocolate-em-foco-producao-comercio-e-tendencias-do-setor\/\"},\"wordCount\":408,\"image\":{\"@id\":\"https:\/\/portaltela.pt\/noticias\/2026\/03\/30\/chocolate-em-foco-producao-comercio-e-tendencias-do-setor\/#primaryimage\"},\"thumbnailUrl\":\"https:\/\/portaltela.pt\/s.01k8rhncp4jt1\/2026\/03\/320x180_cmsv2_30007b9d-b34d-537a-8557-b0a522e62ab0-9701283.jpg\",\"keywords\":[\"_economia\",\"abastecimentos\",\"desfloresta\u00e7\u00e3o\",\"Europa\",\"ind\u00fastria\",\"Sustentabilidade\"],\"articleSection\":[\"Economia\",\"Neg\u00f3cios\"],\"inLanguage\":\"pt-PT\"},{\"@type\":\"WebPage\",\"@id\":\"https:\/\/portaltela.pt\/noticias\/2026\/03\/30\/chocolate-em-foco-producao-comercio-e-tendencias-do-setor\/\",\"url\":\"https:\/\/portaltela.pt\/noticias\/2026\/03\/30\/chocolate-em-foco-producao-comercio-e-tendencias-do-setor\/\",\"name\":\"Chocolate em foco: produ\u00e7\u00e3o, com\u00e9rcio e tend\u00eancias do setor - Portal Tela Portugal\",\"isPartOf\":{\"@id\":\"https:\/\/portaltela.pt\/#website\"},\"primaryImageOfPage\":{\"@id\":\"https:\/\/portaltela.pt\/noticias\/2026\/03\/30\/chocolate-em-foco-producao-comercio-e-tendencias-do-setor\/#primaryimage\"},\"image\":{\"@id\":\"https:\/\/portaltela.pt\/noticias\/2026\/03\/30\/chocolate-em-foco-producao-comercio-e-tendencias-do-setor\/#primaryimage\"},\"thumbnailUrl\":\"https:\/\/portaltela.pt\/s.01k8rhncp4jt1\/2026\/03\/320x180_cmsv2_30007b9d-b34d-537a-8557-b0a522e62ab0-9701283.jpg\",\"datePublished\":\"2026-03-30T06:02:05+00:00\",\"author\":{\"@id\":\"https:\/\/portaltela.pt\/#\/schema\/person\/c4278d4a6028830caff9ee44b42d32ed\"},\"breadcrumb\":{\"@id\":\"https:\/\/portaltela.pt\/noticias\/2026\/03\/30\/chocolate-em-foco-producao-comercio-e-tendencias-do-setor\/#breadcrumb\"},\"inLanguage\":\"pt-PT\",\"potentialAction\":[{\"@type\":\"ReadAction\",\"target\":[\"https:\/\/portaltela.pt\/noticias\/2026\/03\/30\/chocolate-em-foco-producao-comercio-e-tendencias-do-setor\/\"]}]},{\"@type\":\"ImageObject\",\"inLanguage\":\"pt-PT\",\"@id\":\"https:\/\/portaltela.pt\/noticias\/2026\/03\/30\/chocolate-em-foco-producao-comercio-e-tendencias-do-setor\/#primaryimage\",\"url\":\"https:\/\/portaltela.pt\/s.01k8rhncp4jt1\/2026\/03\/320x180_cmsv2_30007b9d-b34d-537a-8557-b0a522e62ab0-9701283.jpg\",\"contentUrl\":\"https:\/\/portaltela.pt\/s.01k8rhncp4jt1\/2026\/03\/320x180_cmsv2_30007b9d-b34d-537a-8557-b0a522e62ab0-9701283.jpg\",\"width\":796,\"height\":448,\"caption\":\"Uma sele\u00e7\u00e3o de ovos de chocolate de v\u00e1rios sabores \u00e9 exposta para a P\u00e1scoa numa chocolataria no centro de Bruxelas, sexta-feira, 6 de abril de 2012.\"},{\"@type\":\"BreadcrumbList\",\"@id\":\"https:\/\/portaltela.pt\/noticias\/2026\/03\/30\/chocolate-em-foco-producao-comercio-e-tendencias-do-setor\/#breadcrumb\",\"itemListElement\":[{\"@type\":\"ListItem\",\"position\":1,\"name\":\"In\u00edcio\",\"item\":\"https:\/\/portaltela.pt\/\"},{\"@type\":\"ListItem\",\"position\":2,\"name\":\"Chocolate em foco: produ\u00e7\u00e3o, com\u00e9rcio e tend\u00eancias do setor\"}]},{\"@type\":\"WebSite\",\"@id\":\"https:\/\/portaltela.pt\/#website\",\"url\":\"https:\/\/portaltela.pt\/\",\"name\":\"Portal Tela Portugal\",\"description\":\"\",\"potentialAction\":[{\"@type\":\"SearchAction\",\"target\":{\"@type\":\"EntryPoint\",\"urlTemplate\":\"https:\/\/portaltela.pt\/?s={search_term_string}\"},\"query-input\":{\"@type\":\"PropertyValueSpecification\",\"valueRequired\":true,\"valueName\":\"search_term_string\"}}],\"inLanguage\":\"pt-PT\"},{\"@type\":\"Person\",\"@id\":\"https:\/\/portaltela.pt\/#\/schema\/person\/c4278d4a6028830caff9ee44b42d32ed\",\"name\":\"Telinha\",\"image\":{\"@type\":\"ImageObject\",\"inLanguage\":\"pt-PT\",\"@id\":\"https:\/\/portaltela.pt\/s.01k8rhncp4jt1\/2025\/11\/talking-bot-125x125.png\",\"url\":\"https:\/\/portaltela.pt\/s.01k8rhncp4jt1\/2025\/11\/talking-bot-125x125.png\",\"contentUrl\":\"https:\/\/portaltela.pt\/s.01k8rhncp4jt1\/2025\/11\/talking-bot-125x125.png\",\"caption\":\"Telinha\"},\"sameAs\":[\"https:\/\/portaltela.pt\/\"],\"url\":\"https:\/\/portaltela.pt\/por\/367410592786\/\"}]}<\/script>\n<!-- \/ Yoast SEO plugin. -->","yoast_head_json":{"title":"Chocolate em foco: produ\u00e7\u00e3o, com\u00e9rcio e tend\u00eancias do setor - Portal Tela Portugal","robots":{"index":"index","follow":"follow","max-snippet":"max-snippet:-1","max-image-preview":"max-image-preview:large","max-video-preview":"max-video-preview:-1"},"og_locale":"pt_PT","og_type":"article","og_title":"Chocolate em foco: produ\u00e7\u00e3o, com\u00e9rcio e tend\u00eancias do setor - Portal Tela Portugal","og_description":"O pre\u00e7o do chocolate dispara na P\u00e1scoa devido a impacto clim\u00e1tico e cortes or\u00e7amentais. Nos EUA, o chocolate belga enfrenta uma sobretaxa de 10% al\u00e9m dos 6% j\u00e1 aplicados. Lan\u00e7amento de ovos de P\u00e1scoa de luxo inspirados no Dubai, com combina\u00e7\u00f5es ex\u00f3ticas de chocolate e recheios. A ind\u00fastria su\u00ed\u00e7a enfrenta uma P\u00e1scoa agridoce devido ao pre\u00e7o do cacau e \u00e0s novas tarifas dos EUA. Dois mortos numa explos\u00e3o numa f\u00e1brica de chocolate, possivelmente causada por fuga de g\u00e1s, \u00e0s 17h locais.","og_url":"https:\/\/portaltela.pt\/noticias\/2026\/03\/30\/chocolate-em-foco-producao-comercio-e-tendencias-do-setor\/","og_site_name":"Portal Tela Portugal","article_published_time":"2026-03-30T06:02:05+00:00","author":"Telinha","twitter_card":"summary_large_image","twitter_misc":{"Escrito por":"Telinha","Tempo estimado de leitura":"2 minutos"},"schema":{"@context":"https:\/\/schema.org","@graph":[{"@type":"Article","@id":"https:\/\/portaltela.pt\/noticias\/2026\/03\/30\/chocolate-em-foco-producao-comercio-e-tendencias-do-setor\/#article","isPartOf":{"@id":"https:\/\/portaltela.pt\/noticias\/2026\/03\/30\/chocolate-em-foco-producao-comercio-e-tendencias-do-setor\/"},"author":{"name":"Telinha","@id":"https:\/\/portaltela.pt\/#\/schema\/person\/c4278d4a6028830caff9ee44b42d32ed"},"headline":"Chocolate em foco: produ\u00e7\u00e3o, com\u00e9rcio e tend\u00eancias do setor","datePublished":"2026-03-30T06:02:05+00:00","mainEntityOfPage":{"@id":"https:\/\/portaltela.pt\/noticias\/2026\/03\/30\/chocolate-em-foco-producao-comercio-e-tendencias-do-setor\/"},"wordCount":408,"image":{"@id":"https:\/\/portaltela.pt\/noticias\/2026\/03\/30\/chocolate-em-foco-producao-comercio-e-tendencias-do-setor\/#primaryimage"},"thumbnailUrl":"https:\/\/portaltela.pt\/s.01k8rhncp4jt1\/2026\/03\/320x180_cmsv2_30007b9d-b34d-537a-8557-b0a522e62ab0-9701283.jpg","keywords":["_economia","abastecimentos","desfloresta\u00e7\u00e3o","Europa","ind\u00fastria","Sustentabilidade"],"articleSection":["Economia","Neg\u00f3cios"],"inLanguage":"pt-PT"},{"@type":"WebPage","@id":"https:\/\/portaltela.pt\/noticias\/2026\/03\/30\/chocolate-em-foco-producao-comercio-e-tendencias-do-setor\/","url":"https:\/\/portaltela.pt\/noticias\/2026\/03\/30\/chocolate-em-foco-producao-comercio-e-tendencias-do-setor\/","name":"Chocolate em foco: produ\u00e7\u00e3o, com\u00e9rcio e tend\u00eancias do setor - Portal Tela Portugal","isPartOf":{"@id":"https:\/\/portaltela.pt\/#website"},"primaryImageOfPage":{"@id":"https:\/\/portaltela.pt\/noticias\/2026\/03\/30\/chocolate-em-foco-producao-comercio-e-tendencias-do-setor\/#primaryimage"},"image":{"@id":"https:\/\/portaltela.pt\/noticias\/2026\/03\/30\/chocolate-em-foco-producao-comercio-e-tendencias-do-setor\/#primaryimage"},"thumbnailUrl":"https:\/\/portaltela.pt\/s.01k8rhncp4jt1\/2026\/03\/320x180_cmsv2_30007b9d-b34d-537a-8557-b0a522e62ab0-9701283.jpg","datePublished":"2026-03-30T06:02:05+00:00","author":{"@id":"https:\/\/portaltela.pt\/#\/schema\/person\/c4278d4a6028830caff9ee44b42d32ed"},"breadcrumb":{"@id":"https:\/\/portaltela.pt\/noticias\/2026\/03\/30\/chocolate-em-foco-producao-comercio-e-tendencias-do-setor\/#breadcrumb"},"inLanguage":"pt-PT","potentialAction":[{"@type":"ReadAction","target":["https:\/\/portaltela.pt\/noticias\/2026\/03\/30\/chocolate-em-foco-producao-comercio-e-tendencias-do-setor\/"]}]},{"@type":"ImageObject","inLanguage":"pt-PT","@id":"https:\/\/portaltela.pt\/noticias\/2026\/03\/30\/chocolate-em-foco-producao-comercio-e-tendencias-do-setor\/#primaryimage","url":"https:\/\/portaltela.pt\/s.01k8rhncp4jt1\/2026\/03\/320x180_cmsv2_30007b9d-b34d-537a-8557-b0a522e62ab0-9701283.jpg","contentUrl":"https:\/\/portaltela.pt\/s.01k8rhncp4jt1\/2026\/03\/320x180_cmsv2_30007b9d-b34d-537a-8557-b0a522e62ab0-9701283.jpg","width":796,"height":448,"caption":"Uma sele\u00e7\u00e3o de ovos de chocolate de v\u00e1rios sabores \u00e9 exposta para a P\u00e1scoa numa chocolataria no centro de Bruxelas, sexta-feira, 6 de abril de 2012."},{"@type":"BreadcrumbList","@id":"https:\/\/portaltela.pt\/noticias\/2026\/03\/30\/chocolate-em-foco-producao-comercio-e-tendencias-do-setor\/#breadcrumb","itemListElement":[{"@type":"ListItem","position":1,"name":"In\u00edcio","item":"https:\/\/portaltela.pt\/"},{"@type":"ListItem","position":2,"name":"Chocolate em foco: produ\u00e7\u00e3o, com\u00e9rcio e tend\u00eancias do setor"}]},{"@type":"WebSite","@id":"https:\/\/portaltela.pt\/#website","url":"https:\/\/portaltela.pt\/","name":"Portal Tela Portugal","description":"","potentialAction":[{"@type":"SearchAction","target":{"@type":"EntryPoint","urlTemplate":"https:\/\/portaltela.pt\/?s={search_term_string}"},"query-input":{"@type":"PropertyValueSpecification","valueRequired":true,"valueName":"search_term_string"}}],"inLanguage":"pt-PT"},{"@type":"Person","@id":"https:\/\/portaltela.pt\/#\/schema\/person\/c4278d4a6028830caff9ee44b42d32ed","name":"Telinha","image":{"@type":"ImageObject","inLanguage":"pt-PT","@id":"https:\/\/portaltela.pt\/s.01k8rhncp4jt1\/2025\/11\/talking-bot-125x125.png","url":"https:\/\/portaltela.pt\/s.01k8rhncp4jt1\/2025\/11\/talking-bot-125x125.png","contentUrl":"https:\/\/portaltela.pt\/s.01k8rhncp4jt1\/2025\/11\/talking-bot-125x125.png","caption":"Telinha"},"sameAs":["https:\/\/portaltela.pt\/"],"url":"https:\/\/portaltela.pt\/por\/367410592786\/"}]}},"_links":{"self":[{"href":"https:\/\/portaltela.pt\/api\/wp\/v2\/posts\/426486","targetHints":{"allow":["GET"]}}],"collection":[{"href":"https:\/\/portaltela.pt\/api\/wp\/v2\/posts"}],"about":[{"href":"https:\/\/portaltela.pt\/api\/wp\/v2\/types\/post"}],"author":[{"embeddable":true,"href":"https:\/\/portaltela.pt\/api\/wp\/v2\/users\/2"}],"replies":[{"embeddable":true,"href":"https:\/\/portaltela.pt\/api\/wp\/v2\/comments?post=426486"}],"version-history":[{"count":0,"href":"https:\/\/portaltela.pt\/api\/wp\/v2\/posts\/426486\/revisions"}],"wp:featuredmedia":[{"embeddable":true,"href":"https:\/\/portaltela.pt\/api\/wp\/v2\/media\/426488"}],"wp:attachment":[{"href":"https:\/\/portaltela.pt\/api\/wp\/v2\/media?parent=426486"}],"wp:term":[{"taxonomy":"category","embeddable":true,"href":"https:\/\/portaltela.pt\/api\/wp\/v2\/categories?post=426486"},{"taxonomy":"post_tag","embeddable":true,"href":"https:\/\/portaltela.pt\/api\/wp\/v2\/tags?post=426486"}],"curies":[{"name":"wp","href":"https:\/\/api.w.org\/{rel}","templated":true}]}}