{"id":426451,"date":"2026-03-29T22:37:00","date_gmt":"2026-03-30T01:37:00","guid":{"rendered":"https:\/\/portaltela.pt\/noticias\/2026\/03\/29\/suspeito-da-morte-de-dois-policias-abatido-na-australia-apos-meses-em-fuga\/"},"modified":"2026-03-29T22:37:00","modified_gmt":"2026-03-30T01:37:00","slug":"suspeito-da-morte-de-dois-policias-abatido-na-australia-apos-meses-em-fuga","status":"publish","type":"post","link":"https:\/\/portaltela.pt\/policia\/2026\/03\/29\/suspeito-da-morte-de-dois-policias-abatido-na-australia-apos-meses-em-fuga\/","title":{"rendered":"Suspeito da morte de dois pol\u00edcias abatido na Austr\u00e1lia ap\u00f3s meses em fuga"},"content":{"rendered":"<p>A pol\u00edcia da Austr\u00e1lia confirmou ter abatido a tiro um fugitivo suspeito de ter assassinado dois agentes em agosto, no sudeste do pa\u00eds. O confronto ocorreu depois de meses de fuga do suspeito.<\/p>\n<p>Segundo as autoridades, a opera\u00e7\u00e3o de captura decorreu sem instru\u00e7\u00f5es adicionais al\u00e9m do esperado para interpelar o homem, cujo paradeiro era desconhecido durante o per\u00edodo de investiga\u00e7\u00e3o.<\/p>\n<p>A for\u00e7a policial n\u00e3o revelou detalhes sobre o local exato do confronto nem as circunst\u00e2ncias que levaram ao desfecho fatal, mantendo o foco na neutralidade da informa\u00e7\u00e3o.<\/p>\n<p>O caso envolve a den\u00fancia de homic\u00eddio contra os dois agentes na regi\u00e3o sudeste, que motivou uma investiga\u00e7\u00e3o de larga escala pelas autoridades locais.<\/p>\n","protected":false},"excerpt":{"rendered":"<ul>\n<li>A pol\u00edcia australiana informou ter abatido a tiro o fugitivo suspeito de ter assassinado dois agentes em agosto, na regi\u00e3o sudeste do pa\u00eds.<\/li>\n<li>O suspeito esteve meses em fuga at\u00e9 ser localizado pela for\u00e7a policial.<\/li>\n<li>O confronto ocorreu durante uma opera\u00e7\u00e3o de captura.<\/li>\n<li>N\u00e3o foram divulgados detalhes adicionais sobre a opera\u00e7\u00e3o ou as circunst\u00e2ncias do tiroteio.<\/li>\n<li>O caso envolve a morte de dois pol\u00edcias ocorrida no m\u00eas de agosto, de acordo com as autoridades.<\/li>\n<\/ul>\n","protected":false},"author":2,"featured_media":426452,"comment_status":"closed","ping_status":"closed","sticky":false,"template":"","format":"standard","meta":{"footnotes":""},"categories":[6907,6781],"tags":[5842,1602,147,1345,3418,1802],"class_list":["post-426451","post","type-post","status-publish","format-standard","has-post-thumbnail","hentry","category-crime","category-policia","tag-assassinatos","tag-australia","tag-crime","tag-homicidio","tag-policia-de-seguranca-publica","tag-policia-judiciaria"],"yoast_head":"<!-- This site is optimized with the Yoast SEO plugin v27.2 - https:\/\/yoast.com\/product\/yoast-seo-wordpress\/ -->\n<title>Suspeito da morte de dois pol\u00edcias abatido na Austr\u00e1lia ap\u00f3s meses em fuga - Portal Tela Portugal<\/title>\n<meta name=\"robots\" content=\"index, follow, max-snippet:-1, max-image-preview:large, max-video-preview:-1\" \/>\n<meta property=\"og:locale\" content=\"pt_PT\" \/>\n<meta property=\"og:type\" content=\"article\" \/>\n<meta property=\"og:title\" content=\"Suspeito da morte de dois pol\u00edcias abatido na Austr\u00e1lia ap\u00f3s meses em fuga - Portal Tela Portugal\" \/>\n<meta property=\"og:description\" content=\"A pol\u00edcia australiana informou ter abatido a tiro o fugitivo suspeito de ter assassinado dois agentes em agosto, na regi\u00e3o sudeste do pa\u00eds. O suspeito esteve meses em fuga at\u00e9 ser localizado pela for\u00e7a policial. O confronto ocorreu durante uma opera\u00e7\u00e3o de captura. N\u00e3o foram divulgados detalhes adicionais sobre a opera\u00e7\u00e3o ou as circunst\u00e2ncias do tiroteio. O caso envolve a morte de dois pol\u00edcias ocorrida no m\u00eas de agosto, de acordo com as autoridades.\" \/>\n<meta property=\"og:url\" content=\"https:\/\/portaltela.pt\/noticias\/2026\/03\/29\/suspeito-da-morte-de-dois-policias-abatido-na-australia-apos-meses-em-fuga\/\" \/>\n<meta property=\"og:site_name\" content=\"Portal Tela Portugal\" \/>\n<meta property=\"article:published_time\" content=\"2026-03-30T01:37:00+00:00\" \/>\n<meta name=\"author\" content=\"Telinha\" \/>\n<meta name=\"twitter:card\" content=\"summary_large_image\" \/>\n<meta name=\"twitter:label1\" content=\"Escrito por\" \/>\n\t<meta name=\"twitter:data1\" content=\"Telinha\" \/>\n\t<meta name=\"twitter:label2\" content=\"Tempo estimado de leitura\" \/>\n\t<meta name=\"twitter:data2\" content=\"1 minuto\" \/>\n<script type=\"application\/ld+json\" class=\"yoast-schema-graph\">{\"@context\":\"https:\/\/schema.org\",\"@graph\":[{\"@type\":\"Article\",\"@id\":\"https:\/\/portaltela.pt\/noticias\/2026\/03\/29\/suspeito-da-morte-de-dois-policias-abatido-na-australia-apos-meses-em-fuga\/#article\",\"isPartOf\":{\"@id\":\"https:\/\/portaltela.pt\/noticias\/2026\/03\/29\/suspeito-da-morte-de-dois-policias-abatido-na-australia-apos-meses-em-fuga\/\"},\"author\":{\"name\":\"Telinha\",\"@id\":\"https:\/\/portaltela.pt\/#\/schema\/person\/c4278d4a6028830caff9ee44b42d32ed\"},\"headline\":\"Suspeito da morte de dois pol\u00edcias abatido na Austr\u00e1lia ap\u00f3s meses em fuga\",\"datePublished\":\"2026-03-30T01:37:00+00:00\",\"mainEntityOfPage\":{\"@id\":\"https:\/\/portaltela.pt\/noticias\/2026\/03\/29\/suspeito-da-morte-de-dois-policias-abatido-na-australia-apos-meses-em-fuga\/\"},\"wordCount\":143,\"image\":{\"@id\":\"https:\/\/portaltela.pt\/noticias\/2026\/03\/29\/suspeito-da-morte-de-dois-policias-abatido-na-australia-apos-meses-em-fuga\/#primaryimage\"},\"thumbnailUrl\":\"https:\/\/portaltela.pt\/s.01k8rhncp4jt1\/2026\/03\/CACHE_780X1200_ANALOG_WATERMARKED_45543080_515154513927914.jpg\",\"keywords\":[\"assassinatos\",\"Austr\u00e1lia\",\"crime\",\"homic\u00eddio\",\"Pol\u00edcia de Seguran\u00e7a P\u00fablica\",\"Pol\u00edcia Judici\u00e1ria\"],\"articleSection\":[\"Crime\",\"Pol\u00edcia\"],\"inLanguage\":\"pt-PT\"},{\"@type\":\"WebPage\",\"@id\":\"https:\/\/portaltela.pt\/noticias\/2026\/03\/29\/suspeito-da-morte-de-dois-policias-abatido-na-australia-apos-meses-em-fuga\/\",\"url\":\"https:\/\/portaltela.pt\/noticias\/2026\/03\/29\/suspeito-da-morte-de-dois-policias-abatido-na-australia-apos-meses-em-fuga\/\",\"name\":\"Suspeito da morte de dois pol\u00edcias abatido na Austr\u00e1lia ap\u00f3s meses em fuga - Portal Tela Portugal\",\"isPartOf\":{\"@id\":\"https:\/\/portaltela.pt\/#website\"},\"primaryImageOfPage\":{\"@id\":\"https:\/\/portaltela.pt\/noticias\/2026\/03\/29\/suspeito-da-morte-de-dois-policias-abatido-na-australia-apos-meses-em-fuga\/#primaryimage\"},\"image\":{\"@id\":\"https:\/\/portaltela.pt\/noticias\/2026\/03\/29\/suspeito-da-morte-de-dois-policias-abatido-na-australia-apos-meses-em-fuga\/#primaryimage\"},\"thumbnailUrl\":\"https:\/\/portaltela.pt\/s.01k8rhncp4jt1\/2026\/03\/CACHE_780X1200_ANALOG_WATERMARKED_45543080_515154513927914.jpg\",\"datePublished\":\"2026-03-30T01:37:00+00:00\",\"author\":{\"@id\":\"https:\/\/portaltela.pt\/#\/schema\/person\/c4278d4a6028830caff9ee44b42d32ed\"},\"breadcrumb\":{\"@id\":\"https:\/\/portaltela.pt\/noticias\/2026\/03\/29\/suspeito-da-morte-de-dois-policias-abatido-na-australia-apos-meses-em-fuga\/#breadcrumb\"},\"inLanguage\":\"pt-PT\",\"potentialAction\":[{\"@type\":\"ReadAction\",\"target\":[\"https:\/\/portaltela.pt\/noticias\/2026\/03\/29\/suspeito-da-morte-de-dois-policias-abatido-na-australia-apos-meses-em-fuga\/\"]}]},{\"@type\":\"ImageObject\",\"inLanguage\":\"pt-PT\",\"@id\":\"https:\/\/portaltela.pt\/noticias\/2026\/03\/29\/suspeito-da-morte-de-dois-policias-abatido-na-australia-apos-meses-em-fuga\/#primaryimage\",\"url\":\"https:\/\/portaltela.pt\/s.01k8rhncp4jt1\/2026\/03\/CACHE_780X1200_ANALOG_WATERMARKED_45543080_515154513927914.jpg\",\"contentUrl\":\"https:\/\/portaltela.pt\/s.01k8rhncp4jt1\/2026\/03\/CACHE_780X1200_ANALOG_WATERMARKED_45543080_515154513927914.jpg\",\"width\":768,\"height\":512,\"caption\":\"Suspeito da morte de dois pol\u00edcias abatido na Austr\u00e1lia ap\u00f3s meses em fuga\"},{\"@type\":\"BreadcrumbList\",\"@id\":\"https:\/\/portaltela.pt\/noticias\/2026\/03\/29\/suspeito-da-morte-de-dois-policias-abatido-na-australia-apos-meses-em-fuga\/#breadcrumb\",\"itemListElement\":[{\"@type\":\"ListItem\",\"position\":1,\"name\":\"In\u00edcio\",\"item\":\"https:\/\/portaltela.pt\/\"},{\"@type\":\"ListItem\",\"position\":2,\"name\":\"Suspeito da morte de dois pol\u00edcias abatido na Austr\u00e1lia ap\u00f3s meses em fuga\"}]},{\"@type\":\"WebSite\",\"@id\":\"https:\/\/portaltela.pt\/#website\",\"url\":\"https:\/\/portaltela.pt\/\",\"name\":\"Portal Tela Portugal\",\"description\":\"\",\"potentialAction\":[{\"@type\":\"SearchAction\",\"target\":{\"@type\":\"EntryPoint\",\"urlTemplate\":\"https:\/\/portaltela.pt\/?s={search_term_string}\"},\"query-input\":{\"@type\":\"PropertyValueSpecification\",\"valueRequired\":true,\"valueName\":\"search_term_string\"}}],\"inLanguage\":\"pt-PT\"},{\"@type\":\"Person\",\"@id\":\"https:\/\/portaltela.pt\/#\/schema\/person\/c4278d4a6028830caff9ee44b42d32ed\",\"name\":\"Telinha\",\"image\":{\"@type\":\"ImageObject\",\"inLanguage\":\"pt-PT\",\"@id\":\"https:\/\/portaltela.pt\/s.01k8rhncp4jt1\/2025\/11\/talking-bot-125x125.png\",\"url\":\"https:\/\/portaltela.pt\/s.01k8rhncp4jt1\/2025\/11\/talking-bot-125x125.png\",\"contentUrl\":\"https:\/\/portaltela.pt\/s.01k8rhncp4jt1\/2025\/11\/talking-bot-125x125.png\",\"caption\":\"Telinha\"},\"sameAs\":[\"https:\/\/portaltela.pt\/\"],\"url\":\"https:\/\/portaltela.pt\/por\/367410592786\/\"}]}<\/script>\n<!-- \/ Yoast SEO plugin. -->","yoast_head_json":{"title":"Suspeito da morte de dois pol\u00edcias abatido na Austr\u00e1lia ap\u00f3s meses em fuga - Portal Tela Portugal","robots":{"index":"index","follow":"follow","max-snippet":"max-snippet:-1","max-image-preview":"max-image-preview:large","max-video-preview":"max-video-preview:-1"},"og_locale":"pt_PT","og_type":"article","og_title":"Suspeito da morte de dois pol\u00edcias abatido na Austr\u00e1lia ap\u00f3s meses em fuga - Portal Tela Portugal","og_description":"A pol\u00edcia australiana informou ter abatido a tiro o fugitivo suspeito de ter assassinado dois agentes em agosto, na regi\u00e3o sudeste do pa\u00eds. O suspeito esteve meses em fuga at\u00e9 ser localizado pela for\u00e7a policial. O confronto ocorreu durante uma opera\u00e7\u00e3o de captura. N\u00e3o foram divulgados detalhes adicionais sobre a opera\u00e7\u00e3o ou as circunst\u00e2ncias do tiroteio. O caso envolve a morte de dois pol\u00edcias ocorrida no m\u00eas de agosto, de acordo com as autoridades.","og_url":"https:\/\/portaltela.pt\/noticias\/2026\/03\/29\/suspeito-da-morte-de-dois-policias-abatido-na-australia-apos-meses-em-fuga\/","og_site_name":"Portal Tela Portugal","article_published_time":"2026-03-30T01:37:00+00:00","author":"Telinha","twitter_card":"summary_large_image","twitter_misc":{"Escrito por":"Telinha","Tempo estimado de leitura":"1 minuto"},"schema":{"@context":"https:\/\/schema.org","@graph":[{"@type":"Article","@id":"https:\/\/portaltela.pt\/noticias\/2026\/03\/29\/suspeito-da-morte-de-dois-policias-abatido-na-australia-apos-meses-em-fuga\/#article","isPartOf":{"@id":"https:\/\/portaltela.pt\/noticias\/2026\/03\/29\/suspeito-da-morte-de-dois-policias-abatido-na-australia-apos-meses-em-fuga\/"},"author":{"name":"Telinha","@id":"https:\/\/portaltela.pt\/#\/schema\/person\/c4278d4a6028830caff9ee44b42d32ed"},"headline":"Suspeito da morte de dois pol\u00edcias abatido na Austr\u00e1lia ap\u00f3s meses em fuga","datePublished":"2026-03-30T01:37:00+00:00","mainEntityOfPage":{"@id":"https:\/\/portaltela.pt\/noticias\/2026\/03\/29\/suspeito-da-morte-de-dois-policias-abatido-na-australia-apos-meses-em-fuga\/"},"wordCount":143,"image":{"@id":"https:\/\/portaltela.pt\/noticias\/2026\/03\/29\/suspeito-da-morte-de-dois-policias-abatido-na-australia-apos-meses-em-fuga\/#primaryimage"},"thumbnailUrl":"https:\/\/portaltela.pt\/s.01k8rhncp4jt1\/2026\/03\/CACHE_780X1200_ANALOG_WATERMARKED_45543080_515154513927914.jpg","keywords":["assassinatos","Austr\u00e1lia","crime","homic\u00eddio","Pol\u00edcia de Seguran\u00e7a P\u00fablica","Pol\u00edcia Judici\u00e1ria"],"articleSection":["Crime","Pol\u00edcia"],"inLanguage":"pt-PT"},{"@type":"WebPage","@id":"https:\/\/portaltela.pt\/noticias\/2026\/03\/29\/suspeito-da-morte-de-dois-policias-abatido-na-australia-apos-meses-em-fuga\/","url":"https:\/\/portaltela.pt\/noticias\/2026\/03\/29\/suspeito-da-morte-de-dois-policias-abatido-na-australia-apos-meses-em-fuga\/","name":"Suspeito da morte de dois pol\u00edcias abatido na Austr\u00e1lia ap\u00f3s meses em fuga - Portal Tela Portugal","isPartOf":{"@id":"https:\/\/portaltela.pt\/#website"},"primaryImageOfPage":{"@id":"https:\/\/portaltela.pt\/noticias\/2026\/03\/29\/suspeito-da-morte-de-dois-policias-abatido-na-australia-apos-meses-em-fuga\/#primaryimage"},"image":{"@id":"https:\/\/portaltela.pt\/noticias\/2026\/03\/29\/suspeito-da-morte-de-dois-policias-abatido-na-australia-apos-meses-em-fuga\/#primaryimage"},"thumbnailUrl":"https:\/\/portaltela.pt\/s.01k8rhncp4jt1\/2026\/03\/CACHE_780X1200_ANALOG_WATERMARKED_45543080_515154513927914.jpg","datePublished":"2026-03-30T01:37:00+00:00","author":{"@id":"https:\/\/portaltela.pt\/#\/schema\/person\/c4278d4a6028830caff9ee44b42d32ed"},"breadcrumb":{"@id":"https:\/\/portaltela.pt\/noticias\/2026\/03\/29\/suspeito-da-morte-de-dois-policias-abatido-na-australia-apos-meses-em-fuga\/#breadcrumb"},"inLanguage":"pt-PT","potentialAction":[{"@type":"ReadAction","target":["https:\/\/portaltela.pt\/noticias\/2026\/03\/29\/suspeito-da-morte-de-dois-policias-abatido-na-australia-apos-meses-em-fuga\/"]}]},{"@type":"ImageObject","inLanguage":"pt-PT","@id":"https:\/\/portaltela.pt\/noticias\/2026\/03\/29\/suspeito-da-morte-de-dois-policias-abatido-na-australia-apos-meses-em-fuga\/#primaryimage","url":"https:\/\/portaltela.pt\/s.01k8rhncp4jt1\/2026\/03\/CACHE_780X1200_ANALOG_WATERMARKED_45543080_515154513927914.jpg","contentUrl":"https:\/\/portaltela.pt\/s.01k8rhncp4jt1\/2026\/03\/CACHE_780X1200_ANALOG_WATERMARKED_45543080_515154513927914.jpg","width":768,"height":512,"caption":"Suspeito da morte de dois pol\u00edcias abatido na Austr\u00e1lia ap\u00f3s meses em fuga"},{"@type":"BreadcrumbList","@id":"https:\/\/portaltela.pt\/noticias\/2026\/03\/29\/suspeito-da-morte-de-dois-policias-abatido-na-australia-apos-meses-em-fuga\/#breadcrumb","itemListElement":[{"@type":"ListItem","position":1,"name":"In\u00edcio","item":"https:\/\/portaltela.pt\/"},{"@type":"ListItem","position":2,"name":"Suspeito da morte de dois pol\u00edcias abatido na Austr\u00e1lia ap\u00f3s meses em fuga"}]},{"@type":"WebSite","@id":"https:\/\/portaltela.pt\/#website","url":"https:\/\/portaltela.pt\/","name":"Portal Tela Portugal","description":"","potentialAction":[{"@type":"SearchAction","target":{"@type":"EntryPoint","urlTemplate":"https:\/\/portaltela.pt\/?s={search_term_string}"},"query-input":{"@type":"PropertyValueSpecification","valueRequired":true,"valueName":"search_term_string"}}],"inLanguage":"pt-PT"},{"@type":"Person","@id":"https:\/\/portaltela.pt\/#\/schema\/person\/c4278d4a6028830caff9ee44b42d32ed","name":"Telinha","image":{"@type":"ImageObject","inLanguage":"pt-PT","@id":"https:\/\/portaltela.pt\/s.01k8rhncp4jt1\/2025\/11\/talking-bot-125x125.png","url":"https:\/\/portaltela.pt\/s.01k8rhncp4jt1\/2025\/11\/talking-bot-125x125.png","contentUrl":"https:\/\/portaltela.pt\/s.01k8rhncp4jt1\/2025\/11\/talking-bot-125x125.png","caption":"Telinha"},"sameAs":["https:\/\/portaltela.pt\/"],"url":"https:\/\/portaltela.pt\/por\/367410592786\/"}]}},"_links":{"self":[{"href":"https:\/\/portaltela.pt\/api\/wp\/v2\/posts\/426451","targetHints":{"allow":["GET"]}}],"collection":[{"href":"https:\/\/portaltela.pt\/api\/wp\/v2\/posts"}],"about":[{"href":"https:\/\/portaltela.pt\/api\/wp\/v2\/types\/post"}],"author":[{"embeddable":true,"href":"https:\/\/portaltela.pt\/api\/wp\/v2\/users\/2"}],"replies":[{"embeddable":true,"href":"https:\/\/portaltela.pt\/api\/wp\/v2\/comments?post=426451"}],"version-history":[{"count":0,"href":"https:\/\/portaltela.pt\/api\/wp\/v2\/posts\/426451\/revisions"}],"wp:featuredmedia":[{"embeddable":true,"href":"https:\/\/portaltela.pt\/api\/wp\/v2\/media\/426452"}],"wp:attachment":[{"href":"https:\/\/portaltela.pt\/api\/wp\/v2\/media?parent=426451"}],"wp:term":[{"taxonomy":"category","embeddable":true,"href":"https:\/\/portaltela.pt\/api\/wp\/v2\/categories?post=426451"},{"taxonomy":"post_tag","embeddable":true,"href":"https:\/\/portaltela.pt\/api\/wp\/v2\/tags?post=426451"}],"curies":[{"name":"wp","href":"https:\/\/api.w.org\/{rel}","templated":true}]}}