{"id":426429,"date":"2026-03-29T21:47:19","date_gmt":"2026-03-30T00:47:19","guid":{"rendered":"https:\/\/portaltela.pt\/noticias\/2026\/03\/29\/estado-vende-imoveis-avaliados-em-176-milhoes-de-euros-saiba-como-participar\/"},"modified":"2026-03-29T21:47:19","modified_gmt":"2026-03-30T00:47:19","slug":"estado-vende-imoveis-avaliados-em-176-milhoes-de-euros-saiba-como-participar","status":"publish","type":"post","link":"https:\/\/portaltela.pt\/noticias\/economia\/2026\/03\/29\/estado-vende-imoveis-avaliados-em-176-milhoes-de-euros-saiba-como-participar\/","title":{"rendered":"Estado vende im\u00f3veis avaliados em 17,6 milh\u00f5es de euros; saiba como participar"},"content":{"rendered":"<p>O Estado coloca em hasta p\u00fablica quatro im\u00f3veis, avaliados em cerca de 17,6 milh\u00f5es de euros, com o objetivo de financiar pol\u00edticas p\u00fablicas de habita\u00e7\u00e3o. A venda resulta de uma resolu\u00e7\u00e3o do Conselho de Ministros de setembro de 2025, que autorizou a aliena\u00e7\u00e3o de parte do patrim\u00f3nio p\u00fablico.<\/p>\n<p>Entre os bens em leil\u00e3o, destaca-se um edif\u00edcio de servi\u00e7os em Lisboa, na Avenida Visconde de Valmor, com dez andares e mais de 6700 metros quadrados de \u00e1rea bruta de constru\u00e7\u00e3o. O im\u00f3vel \u00e9 o mais valioso do lote, com pre\u00e7o base de 13 milh\u00f5es de euros.<\/p>\n<p>Outro pr\u00e9dio em Lisboa, na Rua Filipe Folque, tem seis andares e, historicamente, acolheu servi\u00e7os da Administra\u00e7\u00e3o do Territ\u00f3rio. A cave e o r\u00e9s-do-ch\u00e3o ocupam \u00e1reas de rece\u00e7\u00e3o, loja e arrecada\u00e7\u00e3o.<\/p>\n<p>Para al\u00e9m de im\u00f3veis urbanos, a opera\u00e7\u00e3o inclui dois terrenos geridos pela Estamo, entidade que gere ativos da esfera p\u00fablica. Um terreno r\u00fastico em Marco de Canaveses possui 1,3429 hectares; o segundo, em P\u00f3voa de Varzim, tem 4600 metros quadrados e destina-se a constru\u00e7\u00e3o. A hasta p\u00fablica decorre esta ter\u00e7a-feira, \u00e0s 10h, no Centro Cultural de Bel\u00e9m, Sala Sophia de Mello Breyner.<\/p>\n<h3>Como participar<\/h3>\n<p>Para licitar, o candidato deve Comparecer no Centro Cultural de Bel\u00e9m entre as 09h00 e as 10h00, portando cart\u00e3o de cidad\u00e3o. N\u00e3o \u00e9 exigida proposta pr\u00e9via. A participa\u00e7\u00e3o \u00e9 presencial e a licita\u00e7\u00e3o \u00e9 verbal, com a cartela de lan\u00e7o entregue na inscri\u00e7\u00e3o.<\/p>\n<p>Podem participar, marca\u00e7\u00f5es \u00e0 parte, os interessados que n\u00e3o sejam titulares de \u00f3rg\u00e3os de gest\u00e3o da Parp\u00fablica, da Estamo ou de sociedades por ela participadas, nem familiares diretos. A regra pro\u00edbe representantes de entidades envolvidas no processo.<\/p>\n<p>Quem vencer a licita\u00e7\u00e3o dever\u00e1 pagar 15% do valor adjudicado de imediato e indicar se pretende ficar com o im\u00f3vel ou designar outra pessoa. O comprador arca com IMT, Imposto de Selo, emolumentos notariais e registo.<\/p>\n<p>Outras duas hastas p\u00fablicas est\u00e3o previstas para julho e outubro. Um terreno urbano no Campo da Cavada, no Porto, que tamb\u00e9m integrou o leil\u00e3o desta ter\u00e7a, poder\u00e1 ser alienado nessas datas.<\/p>\n","protected":false},"excerpt":{"rendered":"<ul>\n<li>Quatro im\u00f3veis do Estado, avaliados em cerca de 17,6 milh\u00f5es de euros, v\u00e3o a leil\u00e3o nesta ter\u00e7a-feira para financiar pol\u00edticas p\u00fablicas de habita\u00e7\u00e3o.<\/li>\n<li>O conjunto inclui um pr\u00e9dio de Lisboa, Avenida Visconde de Valmor, com dez andares e \u00e1rea bruta superior a 6.700 metros quadrados, com pre\u00e7o-base de 13 milh\u00f5es de euros, e outro pr\u00e9dio de seis andares na Rua Filipe Folque.<\/li>\n<li>Dois terrenos tamb\u00e9m v\u00e3o a hasta p\u00fablica: um em Marco de Canaveses (1,3429 hectares, r\u00fastico) e outro na P\u00f3voa de Varzim (4.600 metros quadrados, para constru\u00e7\u00e3o).<\/li>\n<li>O leil\u00e3o decorre \u00e0s 10h, no Centro Cultural de Bel\u00e9m (Sala Sophia de Mello Breyner); a participa\u00e7\u00e3o \u00e9 presencial, a licita\u00e7\u00e3o \u00e9 verbal e exige cart\u00e3o de cidad\u00e3o, sem proposta pr\u00e9via.<\/li>\n<li>O vencedor paga 15% de entrada de imediato e fica respons\u00e1vel por IMT, Imposto do Selo, emolumentos notariais e registo; mais duas hastas p\u00fablicas est\u00e3o marcadas para julho e outubro.<\/li>\n<\/ul>\n","protected":false},"author":2,"featured_media":426430,"comment_status":"closed","ping_status":"closed","sticky":false,"template":"","format":"standard","meta":{"footnotes":""},"categories":[2,6850],"tags":[6115,150,1010,6195,981,814],"class_list":["post-426429","post","type-post","status-publish","format-standard","has-post-thumbnail","hentry","category-economia","category-financas","tag-_economia","tag-habitacao","tag-habitacao-publica","tag-leiloes","tag-lisboa","tag-patrimonio"],"yoast_head":"<!-- This site is optimized with the Yoast SEO plugin v27.2 - https:\/\/yoast.com\/product\/yoast-seo-wordpress\/ -->\n<title>Estado vende im\u00f3veis avaliados em 17,6 milh\u00f5es de euros; saiba como participar - Portal Tela Portugal<\/title>\n<meta name=\"robots\" content=\"index, follow, max-snippet:-1, max-image-preview:large, max-video-preview:-1\" \/>\n<meta property=\"og:locale\" content=\"pt_PT\" \/>\n<meta property=\"og:type\" content=\"article\" \/>\n<meta property=\"og:title\" content=\"Estado vende im\u00f3veis avaliados em 17,6 milh\u00f5es de euros; saiba como participar - Portal Tela Portugal\" \/>\n<meta property=\"og:description\" content=\"Quatro im\u00f3veis do Estado, avaliados em cerca de 17,6 milh\u00f5es de euros, v\u00e3o a leil\u00e3o nesta ter\u00e7a-feira para financiar pol\u00edticas p\u00fablicas de habita\u00e7\u00e3o. O conjunto inclui um pr\u00e9dio de Lisboa, Avenida Visconde de Valmor, com dez andares e \u00e1rea bruta superior a 6.700 metros quadrados, com pre\u00e7o-base de 13 milh\u00f5es de euros, e outro pr\u00e9dio de seis andares na Rua Filipe Folque. Dois terrenos tamb\u00e9m v\u00e3o a hasta p\u00fablica: um em Marco de Canaveses (1,3429 hectares, r\u00fastico) e outro na P\u00f3voa de Varzim (4.600 metros quadrados, para constru\u00e7\u00e3o). O leil\u00e3o decorre \u00e0s 10h, no Centro Cultural de Bel\u00e9m (Sala Sophia de Mello Breyner); a participa\u00e7\u00e3o \u00e9 presencial, a licita\u00e7\u00e3o \u00e9 verbal e exige cart\u00e3o de cidad\u00e3o, sem proposta pr\u00e9via. O vencedor paga 15% de entrada de imediato e fica respons\u00e1vel por IMT, Imposto do Selo, emolumentos notariais e registo; mais duas hastas p\u00fablicas est\u00e3o marcadas para julho e outubro.\" \/>\n<meta property=\"og:url\" content=\"https:\/\/portaltela.pt\/noticias\/2026\/03\/29\/estado-vende-imoveis-avaliados-em-176-milhoes-de-euros-saiba-como-participar\/\" \/>\n<meta property=\"og:site_name\" content=\"Portal Tela Portugal\" \/>\n<meta property=\"article:published_time\" content=\"2026-03-30T00:47:19+00:00\" \/>\n<meta name=\"author\" content=\"Telinha\" \/>\n<meta name=\"twitter:card\" content=\"summary_large_image\" \/>\n<meta name=\"twitter:label1\" content=\"Escrito por\" \/>\n\t<meta name=\"twitter:data1\" content=\"Telinha\" \/>\n\t<meta name=\"twitter:label2\" content=\"Tempo estimado de leitura\" \/>\n\t<meta name=\"twitter:data2\" content=\"2 minutos\" \/>\n<script type=\"application\/ld+json\" class=\"yoast-schema-graph\">{\"@context\":\"https:\/\/schema.org\",\"@graph\":[{\"@type\":\"Article\",\"@id\":\"https:\/\/portaltela.pt\/noticias\/2026\/03\/29\/estado-vende-imoveis-avaliados-em-176-milhoes-de-euros-saiba-como-participar\/#article\",\"isPartOf\":{\"@id\":\"https:\/\/portaltela.pt\/noticias\/2026\/03\/29\/estado-vende-imoveis-avaliados-em-176-milhoes-de-euros-saiba-como-participar\/\"},\"author\":{\"name\":\"Telinha\",\"@id\":\"https:\/\/portaltela.pt\/#\/schema\/person\/c4278d4a6028830caff9ee44b42d32ed\"},\"headline\":\"Estado vende im\u00f3veis avaliados em 17,6 milh\u00f5es de euros; saiba como participar\",\"datePublished\":\"2026-03-30T00:47:19+00:00\",\"mainEntityOfPage\":{\"@id\":\"https:\/\/portaltela.pt\/noticias\/2026\/03\/29\/estado-vende-imoveis-avaliados-em-176-milhoes-de-euros-saiba-como-participar\/\"},\"wordCount\":395,\"image\":{\"@id\":\"https:\/\/portaltela.pt\/noticias\/2026\/03\/29\/estado-vende-imoveis-avaliados-em-176-milhoes-de-euros-saiba-como-participar\/#primaryimage\"},\"thumbnailUrl\":\"https:\/\/portaltela.pt\/s.01k8rhncp4jt1\/2026\/03\/img_1500x1000uu2026-03-29-17-38-45-2275458.jpg\",\"keywords\":[\"_economia\",\"habita\u00e7\u00e3o\",\"habita\u00e7\u00e3o p\u00fablica\",\"leil\u00f5es\",\"Lisboa\",\"patrim\u00f3nio\"],\"articleSection\":[\"Economia\",\"Finan\u00e7as\"],\"inLanguage\":\"pt-PT\"},{\"@type\":\"WebPage\",\"@id\":\"https:\/\/portaltela.pt\/noticias\/2026\/03\/29\/estado-vende-imoveis-avaliados-em-176-milhoes-de-euros-saiba-como-participar\/\",\"url\":\"https:\/\/portaltela.pt\/noticias\/2026\/03\/29\/estado-vende-imoveis-avaliados-em-176-milhoes-de-euros-saiba-como-participar\/\",\"name\":\"Estado vende im\u00f3veis avaliados em 17,6 milh\u00f5es de euros; saiba como participar - Portal Tela Portugal\",\"isPartOf\":{\"@id\":\"https:\/\/portaltela.pt\/#website\"},\"primaryImageOfPage\":{\"@id\":\"https:\/\/portaltela.pt\/noticias\/2026\/03\/29\/estado-vende-imoveis-avaliados-em-176-milhoes-de-euros-saiba-como-participar\/#primaryimage\"},\"image\":{\"@id\":\"https:\/\/portaltela.pt\/noticias\/2026\/03\/29\/estado-vende-imoveis-avaliados-em-176-milhoes-de-euros-saiba-como-participar\/#primaryimage\"},\"thumbnailUrl\":\"https:\/\/portaltela.pt\/s.01k8rhncp4jt1\/2026\/03\/img_1500x1000uu2026-03-29-17-38-45-2275458.jpg\",\"datePublished\":\"2026-03-30T00:47:19+00:00\",\"author\":{\"@id\":\"https:\/\/portaltela.pt\/#\/schema\/person\/c4278d4a6028830caff9ee44b42d32ed\"},\"breadcrumb\":{\"@id\":\"https:\/\/portaltela.pt\/noticias\/2026\/03\/29\/estado-vende-imoveis-avaliados-em-176-milhoes-de-euros-saiba-como-participar\/#breadcrumb\"},\"inLanguage\":\"pt-PT\",\"potentialAction\":[{\"@type\":\"ReadAction\",\"target\":[\"https:\/\/portaltela.pt\/noticias\/2026\/03\/29\/estado-vende-imoveis-avaliados-em-176-milhoes-de-euros-saiba-como-participar\/\"]}]},{\"@type\":\"ImageObject\",\"inLanguage\":\"pt-PT\",\"@id\":\"https:\/\/portaltela.pt\/noticias\/2026\/03\/29\/estado-vende-imoveis-avaliados-em-176-milhoes-de-euros-saiba-como-participar\/#primaryimage\",\"url\":\"https:\/\/portaltela.pt\/s.01k8rhncp4jt1\/2026\/03\/img_1500x1000uu2026-03-29-17-38-45-2275458.jpg\",\"contentUrl\":\"https:\/\/portaltela.pt\/s.01k8rhncp4jt1\/2026\/03\/img_1500x1000uu2026-03-29-17-38-45-2275458.jpg\",\"width\":796,\"height\":448,\"caption\":\"Pr\u00e9dio de dez andares em Lisboa, avaliado em 17 milh\u00f5es, \u00e9 um dos im\u00f3veis \u00e0 venda pelo Estado\"},{\"@type\":\"BreadcrumbList\",\"@id\":\"https:\/\/portaltela.pt\/noticias\/2026\/03\/29\/estado-vende-imoveis-avaliados-em-176-milhoes-de-euros-saiba-como-participar\/#breadcrumb\",\"itemListElement\":[{\"@type\":\"ListItem\",\"position\":1,\"name\":\"In\u00edcio\",\"item\":\"https:\/\/portaltela.pt\/\"},{\"@type\":\"ListItem\",\"position\":2,\"name\":\"Estado vende im\u00f3veis avaliados em 17,6 milh\u00f5es de euros; saiba como participar\"}]},{\"@type\":\"WebSite\",\"@id\":\"https:\/\/portaltela.pt\/#website\",\"url\":\"https:\/\/portaltela.pt\/\",\"name\":\"Portal Tela Portugal\",\"description\":\"\",\"potentialAction\":[{\"@type\":\"SearchAction\",\"target\":{\"@type\":\"EntryPoint\",\"urlTemplate\":\"https:\/\/portaltela.pt\/?s={search_term_string}\"},\"query-input\":{\"@type\":\"PropertyValueSpecification\",\"valueRequired\":true,\"valueName\":\"search_term_string\"}}],\"inLanguage\":\"pt-PT\"},{\"@type\":\"Person\",\"@id\":\"https:\/\/portaltela.pt\/#\/schema\/person\/c4278d4a6028830caff9ee44b42d32ed\",\"name\":\"Telinha\",\"image\":{\"@type\":\"ImageObject\",\"inLanguage\":\"pt-PT\",\"@id\":\"https:\/\/portaltela.pt\/s.01k8rhncp4jt1\/2025\/11\/talking-bot-125x125.png\",\"url\":\"https:\/\/portaltela.pt\/s.01k8rhncp4jt1\/2025\/11\/talking-bot-125x125.png\",\"contentUrl\":\"https:\/\/portaltela.pt\/s.01k8rhncp4jt1\/2025\/11\/talking-bot-125x125.png\",\"caption\":\"Telinha\"},\"sameAs\":[\"https:\/\/portaltela.pt\/\"],\"url\":\"https:\/\/portaltela.pt\/por\/367410592786\/\"}]}<\/script>\n<!-- \/ Yoast SEO plugin. -->","yoast_head_json":{"title":"Estado vende im\u00f3veis avaliados em 17,6 milh\u00f5es de euros; saiba como participar - Portal Tela Portugal","robots":{"index":"index","follow":"follow","max-snippet":"max-snippet:-1","max-image-preview":"max-image-preview:large","max-video-preview":"max-video-preview:-1"},"og_locale":"pt_PT","og_type":"article","og_title":"Estado vende im\u00f3veis avaliados em 17,6 milh\u00f5es de euros; saiba como participar - Portal Tela Portugal","og_description":"Quatro im\u00f3veis do Estado, avaliados em cerca de 17,6 milh\u00f5es de euros, v\u00e3o a leil\u00e3o nesta ter\u00e7a-feira para financiar pol\u00edticas p\u00fablicas de habita\u00e7\u00e3o. O conjunto inclui um pr\u00e9dio de Lisboa, Avenida Visconde de Valmor, com dez andares e \u00e1rea bruta superior a 6.700 metros quadrados, com pre\u00e7o-base de 13 milh\u00f5es de euros, e outro pr\u00e9dio de seis andares na Rua Filipe Folque. Dois terrenos tamb\u00e9m v\u00e3o a hasta p\u00fablica: um em Marco de Canaveses (1,3429 hectares, r\u00fastico) e outro na P\u00f3voa de Varzim (4.600 metros quadrados, para constru\u00e7\u00e3o). O leil\u00e3o decorre \u00e0s 10h, no Centro Cultural de Bel\u00e9m (Sala Sophia de Mello Breyner); a participa\u00e7\u00e3o \u00e9 presencial, a licita\u00e7\u00e3o \u00e9 verbal e exige cart\u00e3o de cidad\u00e3o, sem proposta pr\u00e9via. O vencedor paga 15% de entrada de imediato e fica respons\u00e1vel por IMT, Imposto do Selo, emolumentos notariais e registo; mais duas hastas p\u00fablicas est\u00e3o marcadas para julho e outubro.","og_url":"https:\/\/portaltela.pt\/noticias\/2026\/03\/29\/estado-vende-imoveis-avaliados-em-176-milhoes-de-euros-saiba-como-participar\/","og_site_name":"Portal Tela Portugal","article_published_time":"2026-03-30T00:47:19+00:00","author":"Telinha","twitter_card":"summary_large_image","twitter_misc":{"Escrito por":"Telinha","Tempo estimado de leitura":"2 minutos"},"schema":{"@context":"https:\/\/schema.org","@graph":[{"@type":"Article","@id":"https:\/\/portaltela.pt\/noticias\/2026\/03\/29\/estado-vende-imoveis-avaliados-em-176-milhoes-de-euros-saiba-como-participar\/#article","isPartOf":{"@id":"https:\/\/portaltela.pt\/noticias\/2026\/03\/29\/estado-vende-imoveis-avaliados-em-176-milhoes-de-euros-saiba-como-participar\/"},"author":{"name":"Telinha","@id":"https:\/\/portaltela.pt\/#\/schema\/person\/c4278d4a6028830caff9ee44b42d32ed"},"headline":"Estado vende im\u00f3veis avaliados em 17,6 milh\u00f5es de euros; saiba como participar","datePublished":"2026-03-30T00:47:19+00:00","mainEntityOfPage":{"@id":"https:\/\/portaltela.pt\/noticias\/2026\/03\/29\/estado-vende-imoveis-avaliados-em-176-milhoes-de-euros-saiba-como-participar\/"},"wordCount":395,"image":{"@id":"https:\/\/portaltela.pt\/noticias\/2026\/03\/29\/estado-vende-imoveis-avaliados-em-176-milhoes-de-euros-saiba-como-participar\/#primaryimage"},"thumbnailUrl":"https:\/\/portaltela.pt\/s.01k8rhncp4jt1\/2026\/03\/img_1500x1000uu2026-03-29-17-38-45-2275458.jpg","keywords":["_economia","habita\u00e7\u00e3o","habita\u00e7\u00e3o p\u00fablica","leil\u00f5es","Lisboa","patrim\u00f3nio"],"articleSection":["Economia","Finan\u00e7as"],"inLanguage":"pt-PT"},{"@type":"WebPage","@id":"https:\/\/portaltela.pt\/noticias\/2026\/03\/29\/estado-vende-imoveis-avaliados-em-176-milhoes-de-euros-saiba-como-participar\/","url":"https:\/\/portaltela.pt\/noticias\/2026\/03\/29\/estado-vende-imoveis-avaliados-em-176-milhoes-de-euros-saiba-como-participar\/","name":"Estado vende im\u00f3veis avaliados em 17,6 milh\u00f5es de euros; saiba como participar - Portal Tela Portugal","isPartOf":{"@id":"https:\/\/portaltela.pt\/#website"},"primaryImageOfPage":{"@id":"https:\/\/portaltela.pt\/noticias\/2026\/03\/29\/estado-vende-imoveis-avaliados-em-176-milhoes-de-euros-saiba-como-participar\/#primaryimage"},"image":{"@id":"https:\/\/portaltela.pt\/noticias\/2026\/03\/29\/estado-vende-imoveis-avaliados-em-176-milhoes-de-euros-saiba-como-participar\/#primaryimage"},"thumbnailUrl":"https:\/\/portaltela.pt\/s.01k8rhncp4jt1\/2026\/03\/img_1500x1000uu2026-03-29-17-38-45-2275458.jpg","datePublished":"2026-03-30T00:47:19+00:00","author":{"@id":"https:\/\/portaltela.pt\/#\/schema\/person\/c4278d4a6028830caff9ee44b42d32ed"},"breadcrumb":{"@id":"https:\/\/portaltela.pt\/noticias\/2026\/03\/29\/estado-vende-imoveis-avaliados-em-176-milhoes-de-euros-saiba-como-participar\/#breadcrumb"},"inLanguage":"pt-PT","potentialAction":[{"@type":"ReadAction","target":["https:\/\/portaltela.pt\/noticias\/2026\/03\/29\/estado-vende-imoveis-avaliados-em-176-milhoes-de-euros-saiba-como-participar\/"]}]},{"@type":"ImageObject","inLanguage":"pt-PT","@id":"https:\/\/portaltela.pt\/noticias\/2026\/03\/29\/estado-vende-imoveis-avaliados-em-176-milhoes-de-euros-saiba-como-participar\/#primaryimage","url":"https:\/\/portaltela.pt\/s.01k8rhncp4jt1\/2026\/03\/img_1500x1000uu2026-03-29-17-38-45-2275458.jpg","contentUrl":"https:\/\/portaltela.pt\/s.01k8rhncp4jt1\/2026\/03\/img_1500x1000uu2026-03-29-17-38-45-2275458.jpg","width":796,"height":448,"caption":"Pr\u00e9dio de dez andares em Lisboa, avaliado em 17 milh\u00f5es, \u00e9 um dos im\u00f3veis \u00e0 venda pelo Estado"},{"@type":"BreadcrumbList","@id":"https:\/\/portaltela.pt\/noticias\/2026\/03\/29\/estado-vende-imoveis-avaliados-em-176-milhoes-de-euros-saiba-como-participar\/#breadcrumb","itemListElement":[{"@type":"ListItem","position":1,"name":"In\u00edcio","item":"https:\/\/portaltela.pt\/"},{"@type":"ListItem","position":2,"name":"Estado vende im\u00f3veis avaliados em 17,6 milh\u00f5es de euros; saiba como participar"}]},{"@type":"WebSite","@id":"https:\/\/portaltela.pt\/#website","url":"https:\/\/portaltela.pt\/","name":"Portal Tela Portugal","description":"","potentialAction":[{"@type":"SearchAction","target":{"@type":"EntryPoint","urlTemplate":"https:\/\/portaltela.pt\/?s={search_term_string}"},"query-input":{"@type":"PropertyValueSpecification","valueRequired":true,"valueName":"search_term_string"}}],"inLanguage":"pt-PT"},{"@type":"Person","@id":"https:\/\/portaltela.pt\/#\/schema\/person\/c4278d4a6028830caff9ee44b42d32ed","name":"Telinha","image":{"@type":"ImageObject","inLanguage":"pt-PT","@id":"https:\/\/portaltela.pt\/s.01k8rhncp4jt1\/2025\/11\/talking-bot-125x125.png","url":"https:\/\/portaltela.pt\/s.01k8rhncp4jt1\/2025\/11\/talking-bot-125x125.png","contentUrl":"https:\/\/portaltela.pt\/s.01k8rhncp4jt1\/2025\/11\/talking-bot-125x125.png","caption":"Telinha"},"sameAs":["https:\/\/portaltela.pt\/"],"url":"https:\/\/portaltela.pt\/por\/367410592786\/"}]}},"_links":{"self":[{"href":"https:\/\/portaltela.pt\/api\/wp\/v2\/posts\/426429","targetHints":{"allow":["GET"]}}],"collection":[{"href":"https:\/\/portaltela.pt\/api\/wp\/v2\/posts"}],"about":[{"href":"https:\/\/portaltela.pt\/api\/wp\/v2\/types\/post"}],"author":[{"embeddable":true,"href":"https:\/\/portaltela.pt\/api\/wp\/v2\/users\/2"}],"replies":[{"embeddable":true,"href":"https:\/\/portaltela.pt\/api\/wp\/v2\/comments?post=426429"}],"version-history":[{"count":0,"href":"https:\/\/portaltela.pt\/api\/wp\/v2\/posts\/426429\/revisions"}],"wp:featuredmedia":[{"embeddable":true,"href":"https:\/\/portaltela.pt\/api\/wp\/v2\/media\/426430"}],"wp:attachment":[{"href":"https:\/\/portaltela.pt\/api\/wp\/v2\/media?parent=426429"}],"wp:term":[{"taxonomy":"category","embeddable":true,"href":"https:\/\/portaltela.pt\/api\/wp\/v2\/categories?post=426429"},{"taxonomy":"post_tag","embeddable":true,"href":"https:\/\/portaltela.pt\/api\/wp\/v2\/tags?post=426429"}],"curies":[{"name":"wp","href":"https:\/\/api.w.org\/{rel}","templated":true}]}}