{"id":426420,"date":"2026-03-29T21:47:15","date_gmt":"2026-03-30T00:47:15","guid":{"rendered":"https:\/\/portaltela.pt\/noticias\/2026\/03\/29\/sweeney-todd-em-cena-com-orquestra-ao-vivo\/"},"modified":"2026-03-29T21:47:15","modified_gmt":"2026-03-30T00:47:15","slug":"sweeney-todd-em-cena-com-orquestra-ao-vivo","status":"publish","type":"post","link":"https:\/\/portaltela.pt\/noticias\/2026\/03\/29\/sweeney-todd-em-cena-com-orquestra-ao-vivo\/","title":{"rendered":"Sweeney Todd em cena com orquestra ao vivo"},"content":{"rendered":"<p>A nova produ\u00e7\u00e3o de Sweeney Todd chega a Lisboa pela m\u00e3o da Lisbon Film Orchestra e estreia no Teatro Armando Cortez no dia 2 de abril. A pe\u00e7a combina m\u00fasica ao vivo com uma vers\u00e3o em portugu\u00eas da adapta\u00e7\u00e3o de Stephen Sondheim, dirigida pelo maestro Nuno de S\u00e1. A hist\u00f3ria, ainda que ficcional, ganha uma leitura contempor\u00e2nea em palco.<\/p>\n<p>Em cerca de 40 artistas integram o elenco, o coro, o ensemble e a orquestra para a apresenta\u00e7\u00e3o ao vivo. Bryan Carvalho d\u00e1 corpo e voz a Sweeney Todd, enquanto V\u00e2nia Blubird interpreta a c\u00famplice Sra. Lovett. A encena\u00e7\u00e3o \u00e9 de Pedro Pernas e a dire\u00e7\u00e3o musical fica a cargo de Nuno de S\u00e1.<\/p>\n<p>O maestro adianta que a encena\u00e7\u00e3o aposta no humor e numa ironia afiada, com forte componente de v\u00eddeo em cena. A vers\u00e3o mant\u00e9m o esp\u00edrito da obra, mas intensifica o lado divertido da hist\u00f3ria, mantendo-a acess\u00edvel a toda a fam\u00edlia. A produ\u00e7\u00e3o fica em cena at\u00e9 3 de maio.<\/p>\n<h3>Detalhes da encena\u00e7\u00e3o<\/h3>\n<p>A encena\u00e7\u00e3o ocorre no Teatro Armando Cortez, em Lisboa, com encena\u00e7\u00e3o de Pedro Pernas. A nova vers\u00e3o da pe\u00e7a pretende surpreender o p\u00fablico ao combinar m\u00fasica ao vivo, v\u00eddeo e uma leitura contempor\u00e2nea do musical. A estreia est\u00e1 marcada para a pr\u00f3xima quinta-feira.<\/p>\n","protected":false},"excerpt":{"rendered":"<ul>\n<li>A nova produ\u00e7\u00e3o de Sweeney Todd chega ao Teatro Armando Cortez, em Lisboa, com a Lisbon Film Orchestra, estreando a 2 de abril.<\/li>\n<li>Em palco, perto de 40 artistas, entre m\u00fasicos, coro, elenco e ensemble, interpretam ao vivo a vers\u00e3o em portugu\u00eas da obra de Stephen Sondheim, adaptada pelo maestro Nuno de S\u00e1.<\/li>\n<li>Bryan Carvalho d\u00e1 corpo a Sweeney Todd e V\u00e2nia Blubird interpreta a c\u00famplice Sra. Lovett.<\/li>\n<li>O maestro Nuno de S\u00e1 dirige a orquestra; a encena\u00e7\u00e3o \u00e9 de Pedro Pernas.<\/li>\n<li>A pe\u00e7a fica em cena at\u00e9 3 de maio, apresentando uma leitura mais humor\u00edstica e contempor\u00e2nea, com forte componente de v\u00eddeo em cena, destinada a toda a fam\u00edlia.<\/li>\n<\/ul>\n","protected":false},"author":2,"featured_media":426428,"comment_status":"closed","ping_status":"closed","sticky":false,"template":"","format":"standard","meta":{"footnotes":""},"categories":[7375,1],"tags":[145,2116,981,122,7601,119],"class_list":["post-426420","post","type-post","status-publish","format-standard","has-post-thumbnail","hentry","category-cultura","category-noticias","tag-cultura","tag-espetaculos","tag-lisboa","tag-musica","tag-orquestras","tag-teatro"],"yoast_head":"<!-- This site is optimized with the Yoast SEO plugin v27.2 - https:\/\/yoast.com\/product\/yoast-seo-wordpress\/ -->\n<title>Sweeney Todd em cena com orquestra ao vivo - Portal Tela Portugal<\/title>\n<meta name=\"robots\" content=\"index, follow, max-snippet:-1, max-image-preview:large, max-video-preview:-1\" \/>\n<meta property=\"og:locale\" content=\"pt_PT\" \/>\n<meta property=\"og:type\" content=\"article\" \/>\n<meta property=\"og:title\" content=\"Sweeney Todd em cena com orquestra ao vivo - Portal Tela Portugal\" \/>\n<meta property=\"og:description\" content=\"A nova produ\u00e7\u00e3o de Sweeney Todd chega ao Teatro Armando Cortez, em Lisboa, com a Lisbon Film Orchestra, estreando a 2 de abril. Em palco, perto de 40 artistas, entre m\u00fasicos, coro, elenco e ensemble, interpretam ao vivo a vers\u00e3o em portugu\u00eas da obra de Stephen Sondheim, adaptada pelo maestro Nuno de S\u00e1. Bryan Carvalho d\u00e1 corpo a Sweeney Todd e V\u00e2nia Blubird interpreta a c\u00famplice Sra. Lovett. O maestro Nuno de S\u00e1 dirige a orquestra; a encena\u00e7\u00e3o \u00e9 de Pedro Pernas. A pe\u00e7a fica em cena at\u00e9 3 de maio, apresentando uma leitura mais humor\u00edstica e contempor\u00e2nea, com forte componente de v\u00eddeo em cena, destinada a toda a fam\u00edlia.\" \/>\n<meta property=\"og:url\" content=\"https:\/\/portaltela.pt\/noticias\/2026\/03\/29\/sweeney-todd-em-cena-com-orquestra-ao-vivo\/\" \/>\n<meta property=\"og:site_name\" content=\"Portal Tela Portugal\" \/>\n<meta property=\"article:published_time\" content=\"2026-03-30T00:47:15+00:00\" \/>\n<meta name=\"author\" content=\"Telinha\" \/>\n<meta name=\"twitter:card\" content=\"summary_large_image\" \/>\n<meta name=\"twitter:label1\" content=\"Escrito por\" \/>\n\t<meta name=\"twitter:data1\" content=\"Telinha\" \/>\n\t<meta name=\"twitter:label2\" content=\"Tempo estimado de leitura\" \/>\n\t<meta name=\"twitter:data2\" content=\"1 minuto\" \/>\n<script type=\"application\/ld+json\" class=\"yoast-schema-graph\">{\"@context\":\"https:\/\/schema.org\",\"@graph\":[{\"@type\":\"Article\",\"@id\":\"https:\/\/portaltela.pt\/noticias\/2026\/03\/29\/sweeney-todd-em-cena-com-orquestra-ao-vivo\/#article\",\"isPartOf\":{\"@id\":\"https:\/\/portaltela.pt\/noticias\/2026\/03\/29\/sweeney-todd-em-cena-com-orquestra-ao-vivo\/\"},\"author\":{\"name\":\"Telinha\",\"@id\":\"https:\/\/portaltela.pt\/#\/schema\/person\/c4278d4a6028830caff9ee44b42d32ed\"},\"headline\":\"Sweeney Todd em cena com orquestra ao vivo\",\"datePublished\":\"2026-03-30T00:47:15+00:00\",\"mainEntityOfPage\":{\"@id\":\"https:\/\/portaltela.pt\/noticias\/2026\/03\/29\/sweeney-todd-em-cena-com-orquestra-ao-vivo\/\"},\"wordCount\":245,\"image\":{\"@id\":\"https:\/\/portaltela.pt\/noticias\/2026\/03\/29\/sweeney-todd-em-cena-com-orquestra-ao-vivo\/#primaryimage\"},\"thumbnailUrl\":\"https:\/\/portaltela.pt\/s.01k8rhncp4jt1\/2026\/03\/img_1280x721uu2026-03-30-01-37-25-2275500.jpg\",\"keywords\":[\"cultura\",\"espet\u00e1culos\",\"Lisboa\",\"m\u00fasica\",\"orquestras\",\"teatro\"],\"articleSection\":[\"Cultura\",\"Not\u00edcias\"],\"inLanguage\":\"pt-PT\"},{\"@type\":\"WebPage\",\"@id\":\"https:\/\/portaltela.pt\/noticias\/2026\/03\/29\/sweeney-todd-em-cena-com-orquestra-ao-vivo\/\",\"url\":\"https:\/\/portaltela.pt\/noticias\/2026\/03\/29\/sweeney-todd-em-cena-com-orquestra-ao-vivo\/\",\"name\":\"Sweeney Todd em cena com orquestra ao vivo - Portal Tela Portugal\",\"isPartOf\":{\"@id\":\"https:\/\/portaltela.pt\/#website\"},\"primaryImageOfPage\":{\"@id\":\"https:\/\/portaltela.pt\/noticias\/2026\/03\/29\/sweeney-todd-em-cena-com-orquestra-ao-vivo\/#primaryimage\"},\"image\":{\"@id\":\"https:\/\/portaltela.pt\/noticias\/2026\/03\/29\/sweeney-todd-em-cena-com-orquestra-ao-vivo\/#primaryimage\"},\"thumbnailUrl\":\"https:\/\/portaltela.pt\/s.01k8rhncp4jt1\/2026\/03\/img_1280x721uu2026-03-30-01-37-25-2275500.jpg\",\"datePublished\":\"2026-03-30T00:47:15+00:00\",\"author\":{\"@id\":\"https:\/\/portaltela.pt\/#\/schema\/person\/c4278d4a6028830caff9ee44b42d32ed\"},\"breadcrumb\":{\"@id\":\"https:\/\/portaltela.pt\/noticias\/2026\/03\/29\/sweeney-todd-em-cena-com-orquestra-ao-vivo\/#breadcrumb\"},\"inLanguage\":\"pt-PT\",\"potentialAction\":[{\"@type\":\"ReadAction\",\"target\":[\"https:\/\/portaltela.pt\/noticias\/2026\/03\/29\/sweeney-todd-em-cena-com-orquestra-ao-vivo\/\"]}]},{\"@type\":\"ImageObject\",\"inLanguage\":\"pt-PT\",\"@id\":\"https:\/\/portaltela.pt\/noticias\/2026\/03\/29\/sweeney-todd-em-cena-com-orquestra-ao-vivo\/#primaryimage\",\"url\":\"https:\/\/portaltela.pt\/s.01k8rhncp4jt1\/2026\/03\/img_1280x721uu2026-03-30-01-37-25-2275500.jpg\",\"contentUrl\":\"https:\/\/portaltela.pt\/s.01k8rhncp4jt1\/2026\/03\/img_1280x721uu2026-03-30-01-37-25-2275500.jpg\",\"width\":796,\"height\":448,\"caption\":\"'Sweeney Todd - O Cruel Barbeiro da Rua Fleet' vai estar em cena de 2 de abril a 3 de maio\"},{\"@type\":\"BreadcrumbList\",\"@id\":\"https:\/\/portaltela.pt\/noticias\/2026\/03\/29\/sweeney-todd-em-cena-com-orquestra-ao-vivo\/#breadcrumb\",\"itemListElement\":[{\"@type\":\"ListItem\",\"position\":1,\"name\":\"In\u00edcio\",\"item\":\"https:\/\/portaltela.pt\/\"},{\"@type\":\"ListItem\",\"position\":2,\"name\":\"Sweeney Todd em cena com orquestra ao vivo\"}]},{\"@type\":\"WebSite\",\"@id\":\"https:\/\/portaltela.pt\/#website\",\"url\":\"https:\/\/portaltela.pt\/\",\"name\":\"Portal Tela Portugal\",\"description\":\"\",\"potentialAction\":[{\"@type\":\"SearchAction\",\"target\":{\"@type\":\"EntryPoint\",\"urlTemplate\":\"https:\/\/portaltela.pt\/?s={search_term_string}\"},\"query-input\":{\"@type\":\"PropertyValueSpecification\",\"valueRequired\":true,\"valueName\":\"search_term_string\"}}],\"inLanguage\":\"pt-PT\"},{\"@type\":\"Person\",\"@id\":\"https:\/\/portaltela.pt\/#\/schema\/person\/c4278d4a6028830caff9ee44b42d32ed\",\"name\":\"Telinha\",\"image\":{\"@type\":\"ImageObject\",\"inLanguage\":\"pt-PT\",\"@id\":\"https:\/\/portaltela.pt\/s.01k8rhncp4jt1\/2025\/11\/talking-bot-125x125.png\",\"url\":\"https:\/\/portaltela.pt\/s.01k8rhncp4jt1\/2025\/11\/talking-bot-125x125.png\",\"contentUrl\":\"https:\/\/portaltela.pt\/s.01k8rhncp4jt1\/2025\/11\/talking-bot-125x125.png\",\"caption\":\"Telinha\"},\"sameAs\":[\"https:\/\/portaltela.pt\/\"],\"url\":\"https:\/\/portaltela.pt\/por\/367410592786\/\"}]}<\/script>\n<!-- \/ Yoast SEO plugin. -->","yoast_head_json":{"title":"Sweeney Todd em cena com orquestra ao vivo - Portal Tela Portugal","robots":{"index":"index","follow":"follow","max-snippet":"max-snippet:-1","max-image-preview":"max-image-preview:large","max-video-preview":"max-video-preview:-1"},"og_locale":"pt_PT","og_type":"article","og_title":"Sweeney Todd em cena com orquestra ao vivo - Portal Tela Portugal","og_description":"A nova produ\u00e7\u00e3o de Sweeney Todd chega ao Teatro Armando Cortez, em Lisboa, com a Lisbon Film Orchestra, estreando a 2 de abril. Em palco, perto de 40 artistas, entre m\u00fasicos, coro, elenco e ensemble, interpretam ao vivo a vers\u00e3o em portugu\u00eas da obra de Stephen Sondheim, adaptada pelo maestro Nuno de S\u00e1. Bryan Carvalho d\u00e1 corpo a Sweeney Todd e V\u00e2nia Blubird interpreta a c\u00famplice Sra. Lovett. O maestro Nuno de S\u00e1 dirige a orquestra; a encena\u00e7\u00e3o \u00e9 de Pedro Pernas. A pe\u00e7a fica em cena at\u00e9 3 de maio, apresentando uma leitura mais humor\u00edstica e contempor\u00e2nea, com forte componente de v\u00eddeo em cena, destinada a toda a fam\u00edlia.","og_url":"https:\/\/portaltela.pt\/noticias\/2026\/03\/29\/sweeney-todd-em-cena-com-orquestra-ao-vivo\/","og_site_name":"Portal Tela Portugal","article_published_time":"2026-03-30T00:47:15+00:00","author":"Telinha","twitter_card":"summary_large_image","twitter_misc":{"Escrito por":"Telinha","Tempo estimado de leitura":"1 minuto"},"schema":{"@context":"https:\/\/schema.org","@graph":[{"@type":"Article","@id":"https:\/\/portaltela.pt\/noticias\/2026\/03\/29\/sweeney-todd-em-cena-com-orquestra-ao-vivo\/#article","isPartOf":{"@id":"https:\/\/portaltela.pt\/noticias\/2026\/03\/29\/sweeney-todd-em-cena-com-orquestra-ao-vivo\/"},"author":{"name":"Telinha","@id":"https:\/\/portaltela.pt\/#\/schema\/person\/c4278d4a6028830caff9ee44b42d32ed"},"headline":"Sweeney Todd em cena com orquestra ao vivo","datePublished":"2026-03-30T00:47:15+00:00","mainEntityOfPage":{"@id":"https:\/\/portaltela.pt\/noticias\/2026\/03\/29\/sweeney-todd-em-cena-com-orquestra-ao-vivo\/"},"wordCount":245,"image":{"@id":"https:\/\/portaltela.pt\/noticias\/2026\/03\/29\/sweeney-todd-em-cena-com-orquestra-ao-vivo\/#primaryimage"},"thumbnailUrl":"https:\/\/portaltela.pt\/s.01k8rhncp4jt1\/2026\/03\/img_1280x721uu2026-03-30-01-37-25-2275500.jpg","keywords":["cultura","espet\u00e1culos","Lisboa","m\u00fasica","orquestras","teatro"],"articleSection":["Cultura","Not\u00edcias"],"inLanguage":"pt-PT"},{"@type":"WebPage","@id":"https:\/\/portaltela.pt\/noticias\/2026\/03\/29\/sweeney-todd-em-cena-com-orquestra-ao-vivo\/","url":"https:\/\/portaltela.pt\/noticias\/2026\/03\/29\/sweeney-todd-em-cena-com-orquestra-ao-vivo\/","name":"Sweeney Todd em cena com orquestra ao vivo - Portal Tela Portugal","isPartOf":{"@id":"https:\/\/portaltela.pt\/#website"},"primaryImageOfPage":{"@id":"https:\/\/portaltela.pt\/noticias\/2026\/03\/29\/sweeney-todd-em-cena-com-orquestra-ao-vivo\/#primaryimage"},"image":{"@id":"https:\/\/portaltela.pt\/noticias\/2026\/03\/29\/sweeney-todd-em-cena-com-orquestra-ao-vivo\/#primaryimage"},"thumbnailUrl":"https:\/\/portaltela.pt\/s.01k8rhncp4jt1\/2026\/03\/img_1280x721uu2026-03-30-01-37-25-2275500.jpg","datePublished":"2026-03-30T00:47:15+00:00","author":{"@id":"https:\/\/portaltela.pt\/#\/schema\/person\/c4278d4a6028830caff9ee44b42d32ed"},"breadcrumb":{"@id":"https:\/\/portaltela.pt\/noticias\/2026\/03\/29\/sweeney-todd-em-cena-com-orquestra-ao-vivo\/#breadcrumb"},"inLanguage":"pt-PT","potentialAction":[{"@type":"ReadAction","target":["https:\/\/portaltela.pt\/noticias\/2026\/03\/29\/sweeney-todd-em-cena-com-orquestra-ao-vivo\/"]}]},{"@type":"ImageObject","inLanguage":"pt-PT","@id":"https:\/\/portaltela.pt\/noticias\/2026\/03\/29\/sweeney-todd-em-cena-com-orquestra-ao-vivo\/#primaryimage","url":"https:\/\/portaltela.pt\/s.01k8rhncp4jt1\/2026\/03\/img_1280x721uu2026-03-30-01-37-25-2275500.jpg","contentUrl":"https:\/\/portaltela.pt\/s.01k8rhncp4jt1\/2026\/03\/img_1280x721uu2026-03-30-01-37-25-2275500.jpg","width":796,"height":448,"caption":"'Sweeney Todd - O Cruel Barbeiro da Rua Fleet' vai estar em cena de 2 de abril a 3 de maio"},{"@type":"BreadcrumbList","@id":"https:\/\/portaltela.pt\/noticias\/2026\/03\/29\/sweeney-todd-em-cena-com-orquestra-ao-vivo\/#breadcrumb","itemListElement":[{"@type":"ListItem","position":1,"name":"In\u00edcio","item":"https:\/\/portaltela.pt\/"},{"@type":"ListItem","position":2,"name":"Sweeney Todd em cena com orquestra ao vivo"}]},{"@type":"WebSite","@id":"https:\/\/portaltela.pt\/#website","url":"https:\/\/portaltela.pt\/","name":"Portal Tela Portugal","description":"","potentialAction":[{"@type":"SearchAction","target":{"@type":"EntryPoint","urlTemplate":"https:\/\/portaltela.pt\/?s={search_term_string}"},"query-input":{"@type":"PropertyValueSpecification","valueRequired":true,"valueName":"search_term_string"}}],"inLanguage":"pt-PT"},{"@type":"Person","@id":"https:\/\/portaltela.pt\/#\/schema\/person\/c4278d4a6028830caff9ee44b42d32ed","name":"Telinha","image":{"@type":"ImageObject","inLanguage":"pt-PT","@id":"https:\/\/portaltela.pt\/s.01k8rhncp4jt1\/2025\/11\/talking-bot-125x125.png","url":"https:\/\/portaltela.pt\/s.01k8rhncp4jt1\/2025\/11\/talking-bot-125x125.png","contentUrl":"https:\/\/portaltela.pt\/s.01k8rhncp4jt1\/2025\/11\/talking-bot-125x125.png","caption":"Telinha"},"sameAs":["https:\/\/portaltela.pt\/"],"url":"https:\/\/portaltela.pt\/por\/367410592786\/"}]}},"_links":{"self":[{"href":"https:\/\/portaltela.pt\/api\/wp\/v2\/posts\/426420","targetHints":{"allow":["GET"]}}],"collection":[{"href":"https:\/\/portaltela.pt\/api\/wp\/v2\/posts"}],"about":[{"href":"https:\/\/portaltela.pt\/api\/wp\/v2\/types\/post"}],"author":[{"embeddable":true,"href":"https:\/\/portaltela.pt\/api\/wp\/v2\/users\/2"}],"replies":[{"embeddable":true,"href":"https:\/\/portaltela.pt\/api\/wp\/v2\/comments?post=426420"}],"version-history":[{"count":0,"href":"https:\/\/portaltela.pt\/api\/wp\/v2\/posts\/426420\/revisions"}],"wp:featuredmedia":[{"embeddable":true,"href":"https:\/\/portaltela.pt\/api\/wp\/v2\/media\/426428"}],"wp:attachment":[{"href":"https:\/\/portaltela.pt\/api\/wp\/v2\/media?parent=426420"}],"wp:term":[{"taxonomy":"category","embeddable":true,"href":"https:\/\/portaltela.pt\/api\/wp\/v2\/categories?post=426420"},{"taxonomy":"post_tag","embeddable":true,"href":"https:\/\/portaltela.pt\/api\/wp\/v2\/tags?post=426420"}],"curies":[{"name":"wp","href":"https:\/\/api.w.org\/{rel}","templated":true}]}}