{"id":426419,"date":"2026-03-29T21:47:14","date_gmt":"2026-03-30T00:47:14","guid":{"rendered":"https:\/\/portaltela.pt\/noticias\/2026\/03\/29\/diretor-geral-da-policia-judiciaria-militar-concorre-a-cresap\/"},"modified":"2026-03-29T21:47:14","modified_gmt":"2026-03-30T00:47:14","slug":"diretor-geral-da-policia-judiciaria-militar-concorre-a-cresap","status":"publish","type":"post","link":"https:\/\/portaltela.pt\/noticias\/2026\/03\/29\/diretor-geral-da-policia-judiciaria-militar-concorre-a-cresap\/","title":{"rendered":"Diretor-geral da Pol\u00edcia Judici\u00e1ria Militar concorre \u00e0 Cresap"},"content":{"rendered":"<p>O cargo de diretor-geral da Pol\u00edcia Judici\u00e1ria Militar (PJM) est\u00e1 a concurso na Cresap, comiss\u00e3o de recrutamento da Administra\u00e7\u00e3o P\u00fablica. O vencimento base \u00e9 de 4096,10 \u20ac, acrescido de 853,45 \u20ac de despesas de representa\u00e7\u00e3o.<\/p>\n<p>O atual diretor-geral, contra-almirante Paulo Isabel, tem 61 anos e dirige a PJM desde outubro de 2018. Foi instalado na fun\u00e7\u00e3o para restaurar credibilidade ap\u00f3s o esc\u00e2ndalo envolvendo a recupera\u00e7\u00e3o de armas furtadas de Tancos.<\/p>\n<p>Paulo Isabel venceu o concurso da Cresap em novembro de 2019, entre tr\u00eas concorrentes, para o mesmo cargo. O mandato inicial tinha dura\u00e7\u00e3o de cinco anos, j\u00e1 expirado, deixando em aberto a possibilidade de uma mudan\u00e7a de lideran\u00e7a.<\/p>\n<p>A avalia\u00e7\u00e3o para o cargo est\u00e1 a decorrer na Cresap, com o objetivo de confirmar ou substituir o atual l\u00edder da PJM. A decis\u00e3o caber\u00e1 aos respons\u00e1veis da Administra\u00e7\u00e3o P\u00fablica, com base nos crit\u00e9rios do concurso.<\/p>\n<p>A dire\u00e7\u00e3o da PJM tem estado sob escrut\u00ednio devido aos epis\u00f3dios de omiss\u00e3o de provas e \u00e0 farsa da recupera\u00e7\u00e3o do armamento de Tancos, que motivaram a troca de lideran\u00e7as e a necessidade de credibilidade institucional.<\/p>\n","protected":false},"excerpt":{"rendered":"<ul>\n<li>O cargo de diretor-geral da Pol\u00edcia Judici\u00e1ria Militar (PJM) est\u00e1 a concurso na Cresap, com vencimento-base de 4.096,10 \u20ac mais 853,45 \u20ac de despesas de representa\u00e7\u00e3o.<\/li>\n<li>O contra-almirante Paulo Isabel, 61 anos, est\u00e1 \u00e0 frente da PJM desde outubro de 2018, numa gest\u00e3o marcada pela tentativa de restabelecer credibilidade ap\u00f3s o caso de Tancos.<\/li>\n<li>Isabel foi escolhido pela sua experi\u00eancia na Pol\u00edcia Mar\u00edtima do Sul e Centro, e venceu o concurso da Cresap para o mesmo cargo entre tr\u00eas candidatos, em novembro de 2019.<\/li>\n<li>A nomea\u00e7\u00e3o para o mandato de cinco anos j\u00e1 expirou, abrindo a possibilidade de mudan\u00e7a de lideran\u00e7a.<\/li>\n<li>A PJM \u00e9 o \u00f3rg\u00e3o que investiga crimes militares e pode enfrentar uma mudan\u00e7a de dire\u00e7\u00e3o no contexto do concurso em curso na Cresap.<\/li>\n<\/ul>\n","protected":false},"author":2,"featured_media":426426,"comment_status":"closed","ping_status":"closed","sticky":false,"template":"","format":"standard","meta":{"footnotes":""},"categories":[6815,1],"tags":[168,164,4121,5334,1802,250],"class_list":["post-426419","post","type-post","status-publish","format-standard","has-post-thumbnail","hentry","category-justica","category-noticias","tag-administracao-publica","tag-concurso","tag-concursos","tag-gestao-publica","tag-policia-judiciaria","tag-seguranca-publica"],"yoast_head":"<!-- This site is optimized with the Yoast SEO plugin v27.2 - https:\/\/yoast.com\/product\/yoast-seo-wordpress\/ -->\n<title>Diretor-geral da Pol\u00edcia Judici\u00e1ria Militar concorre \u00e0 Cresap - Portal Tela Portugal<\/title>\n<meta name=\"robots\" content=\"index, follow, max-snippet:-1, max-image-preview:large, max-video-preview:-1\" \/>\n<meta property=\"og:locale\" content=\"pt_PT\" \/>\n<meta property=\"og:type\" content=\"article\" \/>\n<meta property=\"og:title\" content=\"Diretor-geral da Pol\u00edcia Judici\u00e1ria Militar concorre \u00e0 Cresap - Portal Tela Portugal\" \/>\n<meta property=\"og:description\" content=\"O cargo de diretor-geral da Pol\u00edcia Judici\u00e1ria Militar (PJM) est\u00e1 a concurso na Cresap, com vencimento-base de 4.096,10 \u20ac mais 853,45 \u20ac de despesas de representa\u00e7\u00e3o. O contra-almirante Paulo Isabel, 61 anos, est\u00e1 \u00e0 frente da PJM desde outubro de 2018, numa gest\u00e3o marcada pela tentativa de restabelecer credibilidade ap\u00f3s o caso de Tancos. Isabel foi escolhido pela sua experi\u00eancia na Pol\u00edcia Mar\u00edtima do Sul e Centro, e venceu o concurso da Cresap para o mesmo cargo entre tr\u00eas candidatos, em novembro de 2019. A nomea\u00e7\u00e3o para o mandato de cinco anos j\u00e1 expirou, abrindo a possibilidade de mudan\u00e7a de lideran\u00e7a. A PJM \u00e9 o \u00f3rg\u00e3o que investiga crimes militares e pode enfrentar uma mudan\u00e7a de dire\u00e7\u00e3o no contexto do concurso em curso na Cresap.\" \/>\n<meta property=\"og:url\" content=\"https:\/\/portaltela.pt\/noticias\/2026\/03\/29\/diretor-geral-da-policia-judiciaria-militar-concorre-a-cresap\/\" \/>\n<meta property=\"og:site_name\" content=\"Portal Tela Portugal\" \/>\n<meta property=\"article:published_time\" content=\"2026-03-30T00:47:14+00:00\" \/>\n<meta name=\"author\" content=\"Telinha\" \/>\n<meta name=\"twitter:card\" content=\"summary_large_image\" \/>\n<meta name=\"twitter:label1\" content=\"Escrito por\" \/>\n\t<meta name=\"twitter:data1\" content=\"Telinha\" \/>\n\t<meta name=\"twitter:label2\" content=\"Tempo estimado de leitura\" \/>\n\t<meta name=\"twitter:data2\" content=\"1 minuto\" \/>\n<script type=\"application\/ld+json\" class=\"yoast-schema-graph\">{\"@context\":\"https:\/\/schema.org\",\"@graph\":[{\"@type\":\"Article\",\"@id\":\"https:\/\/portaltela.pt\/noticias\/2026\/03\/29\/diretor-geral-da-policia-judiciaria-militar-concorre-a-cresap\/#article\",\"isPartOf\":{\"@id\":\"https:\/\/portaltela.pt\/noticias\/2026\/03\/29\/diretor-geral-da-policia-judiciaria-militar-concorre-a-cresap\/\"},\"author\":{\"name\":\"Telinha\",\"@id\":\"https:\/\/portaltela.pt\/#\/schema\/person\/c4278d4a6028830caff9ee44b42d32ed\"},\"headline\":\"Diretor-geral da Pol\u00edcia Judici\u00e1ria Militar concorre \u00e0 Cresap\",\"datePublished\":\"2026-03-30T00:47:14+00:00\",\"mainEntityOfPage\":{\"@id\":\"https:\/\/portaltela.pt\/noticias\/2026\/03\/29\/diretor-geral-da-policia-judiciaria-militar-concorre-a-cresap\/\"},\"wordCount\":207,\"image\":{\"@id\":\"https:\/\/portaltela.pt\/noticias\/2026\/03\/29\/diretor-geral-da-policia-judiciaria-militar-concorre-a-cresap\/#primaryimage\"},\"thumbnailUrl\":\"https:\/\/portaltela.pt\/s.01k8rhncp4jt1\/2026\/03\/img_1500x1000uu2026-03-29-23-37-45-2275523.jpg\",\"keywords\":[\"administra\u00e7\u00e3o p\u00fablica\",\"concurso\",\"concursos\",\"gest\u00e3o p\u00fablica\",\"Pol\u00edcia Judici\u00e1ria\",\"seguran\u00e7a p\u00fablica\"],\"articleSection\":[\"Justi\u00e7a\",\"Not\u00edcias\"],\"inLanguage\":\"pt-PT\"},{\"@type\":\"WebPage\",\"@id\":\"https:\/\/portaltela.pt\/noticias\/2026\/03\/29\/diretor-geral-da-policia-judiciaria-militar-concorre-a-cresap\/\",\"url\":\"https:\/\/portaltela.pt\/noticias\/2026\/03\/29\/diretor-geral-da-policia-judiciaria-militar-concorre-a-cresap\/\",\"name\":\"Diretor-geral da Pol\u00edcia Judici\u00e1ria Militar concorre \u00e0 Cresap - Portal Tela Portugal\",\"isPartOf\":{\"@id\":\"https:\/\/portaltela.pt\/#website\"},\"primaryImageOfPage\":{\"@id\":\"https:\/\/portaltela.pt\/noticias\/2026\/03\/29\/diretor-geral-da-policia-judiciaria-militar-concorre-a-cresap\/#primaryimage\"},\"image\":{\"@id\":\"https:\/\/portaltela.pt\/noticias\/2026\/03\/29\/diretor-geral-da-policia-judiciaria-militar-concorre-a-cresap\/#primaryimage\"},\"thumbnailUrl\":\"https:\/\/portaltela.pt\/s.01k8rhncp4jt1\/2026\/03\/img_1500x1000uu2026-03-29-23-37-45-2275523.jpg\",\"datePublished\":\"2026-03-30T00:47:14+00:00\",\"author\":{\"@id\":\"https:\/\/portaltela.pt\/#\/schema\/person\/c4278d4a6028830caff9ee44b42d32ed\"},\"breadcrumb\":{\"@id\":\"https:\/\/portaltela.pt\/noticias\/2026\/03\/29\/diretor-geral-da-policia-judiciaria-militar-concorre-a-cresap\/#breadcrumb\"},\"inLanguage\":\"pt-PT\",\"potentialAction\":[{\"@type\":\"ReadAction\",\"target\":[\"https:\/\/portaltela.pt\/noticias\/2026\/03\/29\/diretor-geral-da-policia-judiciaria-militar-concorre-a-cresap\/\"]}]},{\"@type\":\"ImageObject\",\"inLanguage\":\"pt-PT\",\"@id\":\"https:\/\/portaltela.pt\/noticias\/2026\/03\/29\/diretor-geral-da-policia-judiciaria-militar-concorre-a-cresap\/#primaryimage\",\"url\":\"https:\/\/portaltela.pt\/s.01k8rhncp4jt1\/2026\/03\/img_1500x1000uu2026-03-29-23-37-45-2275523.jpg\",\"contentUrl\":\"https:\/\/portaltela.pt\/s.01k8rhncp4jt1\/2026\/03\/img_1500x1000uu2026-03-29-23-37-45-2275523.jpg\",\"width\":796,\"height\":448,\"caption\":\"Paulo Isabel est\u00e1 desde 2018 na lideran\u00e7a da PJ Militar\"},{\"@type\":\"BreadcrumbList\",\"@id\":\"https:\/\/portaltela.pt\/noticias\/2026\/03\/29\/diretor-geral-da-policia-judiciaria-militar-concorre-a-cresap\/#breadcrumb\",\"itemListElement\":[{\"@type\":\"ListItem\",\"position\":1,\"name\":\"In\u00edcio\",\"item\":\"https:\/\/portaltela.pt\/\"},{\"@type\":\"ListItem\",\"position\":2,\"name\":\"Diretor-geral da Pol\u00edcia Judici\u00e1ria Militar concorre \u00e0 Cresap\"}]},{\"@type\":\"WebSite\",\"@id\":\"https:\/\/portaltela.pt\/#website\",\"url\":\"https:\/\/portaltela.pt\/\",\"name\":\"Portal Tela Portugal\",\"description\":\"\",\"potentialAction\":[{\"@type\":\"SearchAction\",\"target\":{\"@type\":\"EntryPoint\",\"urlTemplate\":\"https:\/\/portaltela.pt\/?s={search_term_string}\"},\"query-input\":{\"@type\":\"PropertyValueSpecification\",\"valueRequired\":true,\"valueName\":\"search_term_string\"}}],\"inLanguage\":\"pt-PT\"},{\"@type\":\"Person\",\"@id\":\"https:\/\/portaltela.pt\/#\/schema\/person\/c4278d4a6028830caff9ee44b42d32ed\",\"name\":\"Telinha\",\"image\":{\"@type\":\"ImageObject\",\"inLanguage\":\"pt-PT\",\"@id\":\"https:\/\/portaltela.pt\/s.01k8rhncp4jt1\/2025\/11\/talking-bot-125x125.png\",\"url\":\"https:\/\/portaltela.pt\/s.01k8rhncp4jt1\/2025\/11\/talking-bot-125x125.png\",\"contentUrl\":\"https:\/\/portaltela.pt\/s.01k8rhncp4jt1\/2025\/11\/talking-bot-125x125.png\",\"caption\":\"Telinha\"},\"sameAs\":[\"https:\/\/portaltela.pt\/\"],\"url\":\"https:\/\/portaltela.pt\/por\/367410592786\/\"}]}<\/script>\n<!-- \/ Yoast SEO plugin. -->","yoast_head_json":{"title":"Diretor-geral da Pol\u00edcia Judici\u00e1ria Militar concorre \u00e0 Cresap - Portal Tela Portugal","robots":{"index":"index","follow":"follow","max-snippet":"max-snippet:-1","max-image-preview":"max-image-preview:large","max-video-preview":"max-video-preview:-1"},"og_locale":"pt_PT","og_type":"article","og_title":"Diretor-geral da Pol\u00edcia Judici\u00e1ria Militar concorre \u00e0 Cresap - Portal Tela Portugal","og_description":"O cargo de diretor-geral da Pol\u00edcia Judici\u00e1ria Militar (PJM) est\u00e1 a concurso na Cresap, com vencimento-base de 4.096,10 \u20ac mais 853,45 \u20ac de despesas de representa\u00e7\u00e3o. O contra-almirante Paulo Isabel, 61 anos, est\u00e1 \u00e0 frente da PJM desde outubro de 2018, numa gest\u00e3o marcada pela tentativa de restabelecer credibilidade ap\u00f3s o caso de Tancos. Isabel foi escolhido pela sua experi\u00eancia na Pol\u00edcia Mar\u00edtima do Sul e Centro, e venceu o concurso da Cresap para o mesmo cargo entre tr\u00eas candidatos, em novembro de 2019. A nomea\u00e7\u00e3o para o mandato de cinco anos j\u00e1 expirou, abrindo a possibilidade de mudan\u00e7a de lideran\u00e7a. A PJM \u00e9 o \u00f3rg\u00e3o que investiga crimes militares e pode enfrentar uma mudan\u00e7a de dire\u00e7\u00e3o no contexto do concurso em curso na Cresap.","og_url":"https:\/\/portaltela.pt\/noticias\/2026\/03\/29\/diretor-geral-da-policia-judiciaria-militar-concorre-a-cresap\/","og_site_name":"Portal Tela Portugal","article_published_time":"2026-03-30T00:47:14+00:00","author":"Telinha","twitter_card":"summary_large_image","twitter_misc":{"Escrito por":"Telinha","Tempo estimado de leitura":"1 minuto"},"schema":{"@context":"https:\/\/schema.org","@graph":[{"@type":"Article","@id":"https:\/\/portaltela.pt\/noticias\/2026\/03\/29\/diretor-geral-da-policia-judiciaria-militar-concorre-a-cresap\/#article","isPartOf":{"@id":"https:\/\/portaltela.pt\/noticias\/2026\/03\/29\/diretor-geral-da-policia-judiciaria-militar-concorre-a-cresap\/"},"author":{"name":"Telinha","@id":"https:\/\/portaltela.pt\/#\/schema\/person\/c4278d4a6028830caff9ee44b42d32ed"},"headline":"Diretor-geral da Pol\u00edcia Judici\u00e1ria Militar concorre \u00e0 Cresap","datePublished":"2026-03-30T00:47:14+00:00","mainEntityOfPage":{"@id":"https:\/\/portaltela.pt\/noticias\/2026\/03\/29\/diretor-geral-da-policia-judiciaria-militar-concorre-a-cresap\/"},"wordCount":207,"image":{"@id":"https:\/\/portaltela.pt\/noticias\/2026\/03\/29\/diretor-geral-da-policia-judiciaria-militar-concorre-a-cresap\/#primaryimage"},"thumbnailUrl":"https:\/\/portaltela.pt\/s.01k8rhncp4jt1\/2026\/03\/img_1500x1000uu2026-03-29-23-37-45-2275523.jpg","keywords":["administra\u00e7\u00e3o p\u00fablica","concurso","concursos","gest\u00e3o p\u00fablica","Pol\u00edcia Judici\u00e1ria","seguran\u00e7a p\u00fablica"],"articleSection":["Justi\u00e7a","Not\u00edcias"],"inLanguage":"pt-PT"},{"@type":"WebPage","@id":"https:\/\/portaltela.pt\/noticias\/2026\/03\/29\/diretor-geral-da-policia-judiciaria-militar-concorre-a-cresap\/","url":"https:\/\/portaltela.pt\/noticias\/2026\/03\/29\/diretor-geral-da-policia-judiciaria-militar-concorre-a-cresap\/","name":"Diretor-geral da Pol\u00edcia Judici\u00e1ria Militar concorre \u00e0 Cresap - Portal Tela Portugal","isPartOf":{"@id":"https:\/\/portaltela.pt\/#website"},"primaryImageOfPage":{"@id":"https:\/\/portaltela.pt\/noticias\/2026\/03\/29\/diretor-geral-da-policia-judiciaria-militar-concorre-a-cresap\/#primaryimage"},"image":{"@id":"https:\/\/portaltela.pt\/noticias\/2026\/03\/29\/diretor-geral-da-policia-judiciaria-militar-concorre-a-cresap\/#primaryimage"},"thumbnailUrl":"https:\/\/portaltela.pt\/s.01k8rhncp4jt1\/2026\/03\/img_1500x1000uu2026-03-29-23-37-45-2275523.jpg","datePublished":"2026-03-30T00:47:14+00:00","author":{"@id":"https:\/\/portaltela.pt\/#\/schema\/person\/c4278d4a6028830caff9ee44b42d32ed"},"breadcrumb":{"@id":"https:\/\/portaltela.pt\/noticias\/2026\/03\/29\/diretor-geral-da-policia-judiciaria-militar-concorre-a-cresap\/#breadcrumb"},"inLanguage":"pt-PT","potentialAction":[{"@type":"ReadAction","target":["https:\/\/portaltela.pt\/noticias\/2026\/03\/29\/diretor-geral-da-policia-judiciaria-militar-concorre-a-cresap\/"]}]},{"@type":"ImageObject","inLanguage":"pt-PT","@id":"https:\/\/portaltela.pt\/noticias\/2026\/03\/29\/diretor-geral-da-policia-judiciaria-militar-concorre-a-cresap\/#primaryimage","url":"https:\/\/portaltela.pt\/s.01k8rhncp4jt1\/2026\/03\/img_1500x1000uu2026-03-29-23-37-45-2275523.jpg","contentUrl":"https:\/\/portaltela.pt\/s.01k8rhncp4jt1\/2026\/03\/img_1500x1000uu2026-03-29-23-37-45-2275523.jpg","width":796,"height":448,"caption":"Paulo Isabel est\u00e1 desde 2018 na lideran\u00e7a da PJ Militar"},{"@type":"BreadcrumbList","@id":"https:\/\/portaltela.pt\/noticias\/2026\/03\/29\/diretor-geral-da-policia-judiciaria-militar-concorre-a-cresap\/#breadcrumb","itemListElement":[{"@type":"ListItem","position":1,"name":"In\u00edcio","item":"https:\/\/portaltela.pt\/"},{"@type":"ListItem","position":2,"name":"Diretor-geral da Pol\u00edcia Judici\u00e1ria Militar concorre \u00e0 Cresap"}]},{"@type":"WebSite","@id":"https:\/\/portaltela.pt\/#website","url":"https:\/\/portaltela.pt\/","name":"Portal Tela Portugal","description":"","potentialAction":[{"@type":"SearchAction","target":{"@type":"EntryPoint","urlTemplate":"https:\/\/portaltela.pt\/?s={search_term_string}"},"query-input":{"@type":"PropertyValueSpecification","valueRequired":true,"valueName":"search_term_string"}}],"inLanguage":"pt-PT"},{"@type":"Person","@id":"https:\/\/portaltela.pt\/#\/schema\/person\/c4278d4a6028830caff9ee44b42d32ed","name":"Telinha","image":{"@type":"ImageObject","inLanguage":"pt-PT","@id":"https:\/\/portaltela.pt\/s.01k8rhncp4jt1\/2025\/11\/talking-bot-125x125.png","url":"https:\/\/portaltela.pt\/s.01k8rhncp4jt1\/2025\/11\/talking-bot-125x125.png","contentUrl":"https:\/\/portaltela.pt\/s.01k8rhncp4jt1\/2025\/11\/talking-bot-125x125.png","caption":"Telinha"},"sameAs":["https:\/\/portaltela.pt\/"],"url":"https:\/\/portaltela.pt\/por\/367410592786\/"}]}},"_links":{"self":[{"href":"https:\/\/portaltela.pt\/api\/wp\/v2\/posts\/426419","targetHints":{"allow":["GET"]}}],"collection":[{"href":"https:\/\/portaltela.pt\/api\/wp\/v2\/posts"}],"about":[{"href":"https:\/\/portaltela.pt\/api\/wp\/v2\/types\/post"}],"author":[{"embeddable":true,"href":"https:\/\/portaltela.pt\/api\/wp\/v2\/users\/2"}],"replies":[{"embeddable":true,"href":"https:\/\/portaltela.pt\/api\/wp\/v2\/comments?post=426419"}],"version-history":[{"count":0,"href":"https:\/\/portaltela.pt\/api\/wp\/v2\/posts\/426419\/revisions"}],"wp:featuredmedia":[{"embeddable":true,"href":"https:\/\/portaltela.pt\/api\/wp\/v2\/media\/426426"}],"wp:attachment":[{"href":"https:\/\/portaltela.pt\/api\/wp\/v2\/media?parent=426419"}],"wp:term":[{"taxonomy":"category","embeddable":true,"href":"https:\/\/portaltela.pt\/api\/wp\/v2\/categories?post=426419"},{"taxonomy":"post_tag","embeddable":true,"href":"https:\/\/portaltela.pt\/api\/wp\/v2\/tags?post=426419"}],"curies":[{"name":"wp","href":"https:\/\/api.w.org\/{rel}","templated":true}]}}