{"id":426417,"date":"2026-03-29T21:47:12","date_gmt":"2026-03-30T00:47:12","guid":{"rendered":"https:\/\/portaltela.pt\/noticias\/2026\/03\/29\/carneiro-pressiona-governo-e-apresenta-ps-reformista\/"},"modified":"2026-03-29T21:47:12","modified_gmt":"2026-03-30T00:47:12","slug":"carneiro-pressiona-governo-e-apresenta-ps-reformista","status":"publish","type":"post","link":"https:\/\/portaltela.pt\/noticias\/politica\/2026\/03\/29\/carneiro-pressiona-governo-e-apresenta-ps-reformista\/","title":{"rendered":"Carneiro pressiona Governo e apresenta PS reformista"},"content":{"rendered":"<p>O secret\u00e1rio-geral do PS encerrou o 25\u00ba Congresso Nacional do partido, em Viseu, apresentando o PS como alternativa democr\u00e1tica e reformista. Acusou o Governo de Lu\u00eds Montenegro de falhas e disse que a lei laboral ser\u00e1 rejeitada se mantiver o formato atual.<\/p>\n<p>Carneiro garantiu abertura a di\u00e1logo com a AD, assumindo uma oposi\u00e7\u00e3o respons\u00e1vel e exigindo mudan\u00e7as na legisla\u00e7\u00e3o laboral. O objetivo \u00e9 gerar condi\u00e7\u00f5es de trabalho mais seguras, empregos de qualidade e reduzir a desigualdade salarial entre homens e mulheres.<\/p>\n<p>O l\u00edder socialista detalhou propostas para o Pa\u00eds, incluindo um aumento do parque p\u00fablico de habita\u00e7\u00e3o acess\u00edvel, isen\u00e7\u00f5es fiscais para contratos com rendas acess\u00edveis e uma meta de 20% das rendas abaixo da mediana de mercado. Prop\u00f4s simplifica\u00e7\u00e3o administrativa para reduzir custos empresariais.<\/p>\n<p>Na \u00e1rea da Sa\u00fade, defendeu uma unidade de coordena\u00e7\u00e3o da emerg\u00eancia pr\u00e9-hospitalar e investimento nos cuidados domicili\u00e1rios, com os cuidados prim\u00e1rios a serem vistos como o cora\u00e7\u00e3o do SNS.<\/p>\n<h3>PSD reage<\/h3>\n<p>Leonor Beleza, vice-presidente social-democrata, disse haver abertura ao di\u00e1logo e referiu que o PSD n\u00e3o se esquece do PS. Comentou que o PS parece ter dificuldade em permanecer na oposi\u00e7\u00e3o e pediu discri\u00e7\u00e3o nas negocia\u00e7\u00f5es, evitando tratar o tema do Tribunal Constitucional com gritos.<\/p>\n","protected":false},"excerpt":{"rendered":"<ul>\n<li>Jos\u00e9 Lu\u00eds Carneiro, secret\u00e1rio-geral do PS, apresentou o partido como reformista e criticou o Governo de Lu\u00eds Montenegro no encerramento do 25.\u00ba Congresso em Viseu.<\/li>\n<li>Definiu o PS como alternativa democr\u00e1tica e progressista, com abertura ao di\u00e1logo com a atual maioria, mantendo como linha vermelha a reforma da lei laboral tal como est\u00e1.<\/li>\n<li>Prop\u00f4s medidas para o pa\u00eds: aumento do parque p\u00fablico de habita\u00e7\u00e3o acess\u00edvel, isen\u00e7\u00f5es de IRS e IRC para contratos com rendas acess\u00edveis, 20% das rendas abaixo da mediana e simplifica\u00e7\u00e3o administrativa; objetivo de dez anos para acesso universal a habita\u00e7\u00e3o condigna.<\/li>\n<li>Defendeu ainda acelera\u00e7\u00e3o do sal\u00e1rio m\u00ednimo, aumento sustentado dos sal\u00e1rios e incentivos \u00e0s empresas que investem na qualifica\u00e7\u00e3o, bem como um modelo de desenvolvimento que combine crescimento econ\u00f3mico com justi\u00e7a social.<\/li>\n<li>No \u00e2mbito da sa\u00fade, sugeriu criar uma unidade de coordena\u00e7\u00e3o da emerg\u00eancia pr\u00e9-hospitalar e refor\u00e7ar os cuidados domicili\u00e1rios, com os cuidados prim\u00e1rios a serem o cora\u00e7\u00e3o do Servi\u00e7o Nacional de Sa\u00fade.<\/li>\n<li>A vice-presidente do PSD, Leonor Beleza, lembrou abertura ao di\u00e1logo e criticou o PS por ter dificuldade em ver-se na oposi\u00e7\u00e3o, pedindo discri\u00e7\u00e3o nas negocia\u00e7\u00f5es sobre o Tribunal Constitucional.<\/li>\n<\/ul>\n","protected":false},"author":2,"featured_media":426422,"comment_status":"closed","ping_status":"closed","sticky":false,"template":"","format":"standard","meta":{"footnotes":""},"categories":[1,5],"tags":[34,3520,2832,2144,172,2201],"class_list":["post-426417","post","type-post","status-publish","format-standard","has-post-thumbnail","hentry","category-noticias","category-politica","tag-governo","tag-habitacao-acessivel","tag-politica","tag-ps","tag-saude","tag-trabalho"],"yoast_head":"<!-- This site is optimized with the Yoast SEO plugin v27.2 - https:\/\/yoast.com\/product\/yoast-seo-wordpress\/ -->\n<title>Carneiro pressiona Governo e apresenta PS reformista - Portal Tela Portugal<\/title>\n<meta name=\"robots\" content=\"index, follow, max-snippet:-1, max-image-preview:large, max-video-preview:-1\" \/>\n<meta property=\"og:locale\" content=\"pt_PT\" \/>\n<meta property=\"og:type\" content=\"article\" \/>\n<meta property=\"og:title\" content=\"Carneiro pressiona Governo e apresenta PS reformista - Portal Tela Portugal\" \/>\n<meta property=\"og:description\" content=\"Jos\u00e9 Lu\u00eds Carneiro, secret\u00e1rio-geral do PS, apresentou o partido como reformista e criticou o Governo de Lu\u00eds Montenegro no encerramento do 25.\u00ba Congresso em Viseu. Definiu o PS como alternativa democr\u00e1tica e progressista, com abertura ao di\u00e1logo com a atual maioria, mantendo como linha vermelha a reforma da lei laboral tal como est\u00e1. Prop\u00f4s medidas para o pa\u00eds: aumento do parque p\u00fablico de habita\u00e7\u00e3o acess\u00edvel, isen\u00e7\u00f5es de IRS e IRC para contratos com rendas acess\u00edveis, 20% das rendas abaixo da mediana e simplifica\u00e7\u00e3o administrativa; objetivo de dez anos para acesso universal a habita\u00e7\u00e3o condigna. Defendeu ainda acelera\u00e7\u00e3o do sal\u00e1rio m\u00ednimo, aumento sustentado dos sal\u00e1rios e incentivos \u00e0s empresas que investem na qualifica\u00e7\u00e3o, bem como um modelo de desenvolvimento que combine crescimento econ\u00f3mico com justi\u00e7a social. No \u00e2mbito da sa\u00fade, sugeriu criar uma unidade de coordena\u00e7\u00e3o da emerg\u00eancia pr\u00e9-hospitalar e refor\u00e7ar os cuidados domicili\u00e1rios, com os cuidados prim\u00e1rios a serem o cora\u00e7\u00e3o do Servi\u00e7o Nacional de Sa\u00fade. A vice-presidente do PSD, Leonor Beleza, lembrou abertura ao di\u00e1logo e criticou o PS por ter dificuldade em ver-se na oposi\u00e7\u00e3o, pedindo discri\u00e7\u00e3o nas negocia\u00e7\u00f5es sobre o Tribunal Constitucional.\" \/>\n<meta property=\"og:url\" content=\"https:\/\/portaltela.pt\/noticias\/2026\/03\/29\/carneiro-pressiona-governo-e-apresenta-ps-reformista\/\" \/>\n<meta property=\"og:site_name\" content=\"Portal Tela Portugal\" \/>\n<meta property=\"article:published_time\" content=\"2026-03-30T00:47:12+00:00\" \/>\n<meta name=\"author\" content=\"Telinha\" \/>\n<meta name=\"twitter:card\" content=\"summary_large_image\" \/>\n<meta name=\"twitter:label1\" content=\"Escrito por\" \/>\n\t<meta name=\"twitter:data1\" content=\"Telinha\" \/>\n\t<meta name=\"twitter:label2\" content=\"Tempo estimado de leitura\" \/>\n\t<meta name=\"twitter:data2\" content=\"1 minuto\" \/>\n<script type=\"application\/ld+json\" class=\"yoast-schema-graph\">{\"@context\":\"https:\/\/schema.org\",\"@graph\":[{\"@type\":\"Article\",\"@id\":\"https:\/\/portaltela.pt\/noticias\/2026\/03\/29\/carneiro-pressiona-governo-e-apresenta-ps-reformista\/#article\",\"isPartOf\":{\"@id\":\"https:\/\/portaltela.pt\/noticias\/2026\/03\/29\/carneiro-pressiona-governo-e-apresenta-ps-reformista\/\"},\"author\":{\"name\":\"Telinha\",\"@id\":\"https:\/\/portaltela.pt\/#\/schema\/person\/c4278d4a6028830caff9ee44b42d32ed\"},\"headline\":\"Carneiro pressiona Governo e apresenta PS reformista\",\"datePublished\":\"2026-03-30T00:47:12+00:00\",\"mainEntityOfPage\":{\"@id\":\"https:\/\/portaltela.pt\/noticias\/2026\/03\/29\/carneiro-pressiona-governo-e-apresenta-ps-reformista\/\"},\"wordCount\":233,\"image\":{\"@id\":\"https:\/\/portaltela.pt\/noticias\/2026\/03\/29\/carneiro-pressiona-governo-e-apresenta-ps-reformista\/#primaryimage\"},\"thumbnailUrl\":\"https:\/\/portaltela.pt\/s.01k8rhncp4jt1\/2026\/03\/img_1500x1000uu2026-03-29-18-30-22-2275467.jpg\",\"keywords\":[\"governo\",\"habita\u00e7\u00e3o acess\u00edvel\",\"pol\u00edtica\",\"PS\",\"sa\u00fade\",\"trabalho\"],\"articleSection\":[\"Not\u00edcias\",\"Pol\u00edtica\"],\"inLanguage\":\"pt-PT\"},{\"@type\":\"WebPage\",\"@id\":\"https:\/\/portaltela.pt\/noticias\/2026\/03\/29\/carneiro-pressiona-governo-e-apresenta-ps-reformista\/\",\"url\":\"https:\/\/portaltela.pt\/noticias\/2026\/03\/29\/carneiro-pressiona-governo-e-apresenta-ps-reformista\/\",\"name\":\"Carneiro pressiona Governo e apresenta PS reformista - Portal Tela Portugal\",\"isPartOf\":{\"@id\":\"https:\/\/portaltela.pt\/#website\"},\"primaryImageOfPage\":{\"@id\":\"https:\/\/portaltela.pt\/noticias\/2026\/03\/29\/carneiro-pressiona-governo-e-apresenta-ps-reformista\/#primaryimage\"},\"image\":{\"@id\":\"https:\/\/portaltela.pt\/noticias\/2026\/03\/29\/carneiro-pressiona-governo-e-apresenta-ps-reformista\/#primaryimage\"},\"thumbnailUrl\":\"https:\/\/portaltela.pt\/s.01k8rhncp4jt1\/2026\/03\/img_1500x1000uu2026-03-29-18-30-22-2275467.jpg\",\"datePublished\":\"2026-03-30T00:47:12+00:00\",\"author\":{\"@id\":\"https:\/\/portaltela.pt\/#\/schema\/person\/c4278d4a6028830caff9ee44b42d32ed\"},\"breadcrumb\":{\"@id\":\"https:\/\/portaltela.pt\/noticias\/2026\/03\/29\/carneiro-pressiona-governo-e-apresenta-ps-reformista\/#breadcrumb\"},\"inLanguage\":\"pt-PT\",\"potentialAction\":[{\"@type\":\"ReadAction\",\"target\":[\"https:\/\/portaltela.pt\/noticias\/2026\/03\/29\/carneiro-pressiona-governo-e-apresenta-ps-reformista\/\"]}]},{\"@type\":\"ImageObject\",\"inLanguage\":\"pt-PT\",\"@id\":\"https:\/\/portaltela.pt\/noticias\/2026\/03\/29\/carneiro-pressiona-governo-e-apresenta-ps-reformista\/#primaryimage\",\"url\":\"https:\/\/portaltela.pt\/s.01k8rhncp4jt1\/2026\/03\/img_1500x1000uu2026-03-29-18-30-22-2275467.jpg\",\"contentUrl\":\"https:\/\/portaltela.pt\/s.01k8rhncp4jt1\/2026\/03\/img_1500x1000uu2026-03-29-18-30-22-2275467.jpg\",\"width\":796,\"height\":448,\"caption\":\"Jos\u00e9 Lu\u00eds Carneiro no congresso do PS\"},{\"@type\":\"BreadcrumbList\",\"@id\":\"https:\/\/portaltela.pt\/noticias\/2026\/03\/29\/carneiro-pressiona-governo-e-apresenta-ps-reformista\/#breadcrumb\",\"itemListElement\":[{\"@type\":\"ListItem\",\"position\":1,\"name\":\"In\u00edcio\",\"item\":\"https:\/\/portaltela.pt\/\"},{\"@type\":\"ListItem\",\"position\":2,\"name\":\"Carneiro pressiona Governo e apresenta PS reformista\"}]},{\"@type\":\"WebSite\",\"@id\":\"https:\/\/portaltela.pt\/#website\",\"url\":\"https:\/\/portaltela.pt\/\",\"name\":\"Portal Tela Portugal\",\"description\":\"\",\"potentialAction\":[{\"@type\":\"SearchAction\",\"target\":{\"@type\":\"EntryPoint\",\"urlTemplate\":\"https:\/\/portaltela.pt\/?s={search_term_string}\"},\"query-input\":{\"@type\":\"PropertyValueSpecification\",\"valueRequired\":true,\"valueName\":\"search_term_string\"}}],\"inLanguage\":\"pt-PT\"},{\"@type\":\"Person\",\"@id\":\"https:\/\/portaltela.pt\/#\/schema\/person\/c4278d4a6028830caff9ee44b42d32ed\",\"name\":\"Telinha\",\"image\":{\"@type\":\"ImageObject\",\"inLanguage\":\"pt-PT\",\"@id\":\"https:\/\/portaltela.pt\/s.01k8rhncp4jt1\/2025\/11\/talking-bot-125x125.png\",\"url\":\"https:\/\/portaltela.pt\/s.01k8rhncp4jt1\/2025\/11\/talking-bot-125x125.png\",\"contentUrl\":\"https:\/\/portaltela.pt\/s.01k8rhncp4jt1\/2025\/11\/talking-bot-125x125.png\",\"caption\":\"Telinha\"},\"sameAs\":[\"https:\/\/portaltela.pt\/\"],\"url\":\"https:\/\/portaltela.pt\/por\/367410592786\/\"}]}<\/script>\n<!-- \/ Yoast SEO plugin. -->","yoast_head_json":{"title":"Carneiro pressiona Governo e apresenta PS reformista - Portal Tela Portugal","robots":{"index":"index","follow":"follow","max-snippet":"max-snippet:-1","max-image-preview":"max-image-preview:large","max-video-preview":"max-video-preview:-1"},"og_locale":"pt_PT","og_type":"article","og_title":"Carneiro pressiona Governo e apresenta PS reformista - Portal Tela Portugal","og_description":"Jos\u00e9 Lu\u00eds Carneiro, secret\u00e1rio-geral do PS, apresentou o partido como reformista e criticou o Governo de Lu\u00eds Montenegro no encerramento do 25.\u00ba Congresso em Viseu. Definiu o PS como alternativa democr\u00e1tica e progressista, com abertura ao di\u00e1logo com a atual maioria, mantendo como linha vermelha a reforma da lei laboral tal como est\u00e1. Prop\u00f4s medidas para o pa\u00eds: aumento do parque p\u00fablico de habita\u00e7\u00e3o acess\u00edvel, isen\u00e7\u00f5es de IRS e IRC para contratos com rendas acess\u00edveis, 20% das rendas abaixo da mediana e simplifica\u00e7\u00e3o administrativa; objetivo de dez anos para acesso universal a habita\u00e7\u00e3o condigna. Defendeu ainda acelera\u00e7\u00e3o do sal\u00e1rio m\u00ednimo, aumento sustentado dos sal\u00e1rios e incentivos \u00e0s empresas que investem na qualifica\u00e7\u00e3o, bem como um modelo de desenvolvimento que combine crescimento econ\u00f3mico com justi\u00e7a social. No \u00e2mbito da sa\u00fade, sugeriu criar uma unidade de coordena\u00e7\u00e3o da emerg\u00eancia pr\u00e9-hospitalar e refor\u00e7ar os cuidados domicili\u00e1rios, com os cuidados prim\u00e1rios a serem o cora\u00e7\u00e3o do Servi\u00e7o Nacional de Sa\u00fade. A vice-presidente do PSD, Leonor Beleza, lembrou abertura ao di\u00e1logo e criticou o PS por ter dificuldade em ver-se na oposi\u00e7\u00e3o, pedindo discri\u00e7\u00e3o nas negocia\u00e7\u00f5es sobre o Tribunal Constitucional.","og_url":"https:\/\/portaltela.pt\/noticias\/2026\/03\/29\/carneiro-pressiona-governo-e-apresenta-ps-reformista\/","og_site_name":"Portal Tela Portugal","article_published_time":"2026-03-30T00:47:12+00:00","author":"Telinha","twitter_card":"summary_large_image","twitter_misc":{"Escrito por":"Telinha","Tempo estimado de leitura":"1 minuto"},"schema":{"@context":"https:\/\/schema.org","@graph":[{"@type":"Article","@id":"https:\/\/portaltela.pt\/noticias\/2026\/03\/29\/carneiro-pressiona-governo-e-apresenta-ps-reformista\/#article","isPartOf":{"@id":"https:\/\/portaltela.pt\/noticias\/2026\/03\/29\/carneiro-pressiona-governo-e-apresenta-ps-reformista\/"},"author":{"name":"Telinha","@id":"https:\/\/portaltela.pt\/#\/schema\/person\/c4278d4a6028830caff9ee44b42d32ed"},"headline":"Carneiro pressiona Governo e apresenta PS reformista","datePublished":"2026-03-30T00:47:12+00:00","mainEntityOfPage":{"@id":"https:\/\/portaltela.pt\/noticias\/2026\/03\/29\/carneiro-pressiona-governo-e-apresenta-ps-reformista\/"},"wordCount":233,"image":{"@id":"https:\/\/portaltela.pt\/noticias\/2026\/03\/29\/carneiro-pressiona-governo-e-apresenta-ps-reformista\/#primaryimage"},"thumbnailUrl":"https:\/\/portaltela.pt\/s.01k8rhncp4jt1\/2026\/03\/img_1500x1000uu2026-03-29-18-30-22-2275467.jpg","keywords":["governo","habita\u00e7\u00e3o acess\u00edvel","pol\u00edtica","PS","sa\u00fade","trabalho"],"articleSection":["Not\u00edcias","Pol\u00edtica"],"inLanguage":"pt-PT"},{"@type":"WebPage","@id":"https:\/\/portaltela.pt\/noticias\/2026\/03\/29\/carneiro-pressiona-governo-e-apresenta-ps-reformista\/","url":"https:\/\/portaltela.pt\/noticias\/2026\/03\/29\/carneiro-pressiona-governo-e-apresenta-ps-reformista\/","name":"Carneiro pressiona Governo e apresenta PS reformista - Portal Tela Portugal","isPartOf":{"@id":"https:\/\/portaltela.pt\/#website"},"primaryImageOfPage":{"@id":"https:\/\/portaltela.pt\/noticias\/2026\/03\/29\/carneiro-pressiona-governo-e-apresenta-ps-reformista\/#primaryimage"},"image":{"@id":"https:\/\/portaltela.pt\/noticias\/2026\/03\/29\/carneiro-pressiona-governo-e-apresenta-ps-reformista\/#primaryimage"},"thumbnailUrl":"https:\/\/portaltela.pt\/s.01k8rhncp4jt1\/2026\/03\/img_1500x1000uu2026-03-29-18-30-22-2275467.jpg","datePublished":"2026-03-30T00:47:12+00:00","author":{"@id":"https:\/\/portaltela.pt\/#\/schema\/person\/c4278d4a6028830caff9ee44b42d32ed"},"breadcrumb":{"@id":"https:\/\/portaltela.pt\/noticias\/2026\/03\/29\/carneiro-pressiona-governo-e-apresenta-ps-reformista\/#breadcrumb"},"inLanguage":"pt-PT","potentialAction":[{"@type":"ReadAction","target":["https:\/\/portaltela.pt\/noticias\/2026\/03\/29\/carneiro-pressiona-governo-e-apresenta-ps-reformista\/"]}]},{"@type":"ImageObject","inLanguage":"pt-PT","@id":"https:\/\/portaltela.pt\/noticias\/2026\/03\/29\/carneiro-pressiona-governo-e-apresenta-ps-reformista\/#primaryimage","url":"https:\/\/portaltela.pt\/s.01k8rhncp4jt1\/2026\/03\/img_1500x1000uu2026-03-29-18-30-22-2275467.jpg","contentUrl":"https:\/\/portaltela.pt\/s.01k8rhncp4jt1\/2026\/03\/img_1500x1000uu2026-03-29-18-30-22-2275467.jpg","width":796,"height":448,"caption":"Jos\u00e9 Lu\u00eds Carneiro no congresso do PS"},{"@type":"BreadcrumbList","@id":"https:\/\/portaltela.pt\/noticias\/2026\/03\/29\/carneiro-pressiona-governo-e-apresenta-ps-reformista\/#breadcrumb","itemListElement":[{"@type":"ListItem","position":1,"name":"In\u00edcio","item":"https:\/\/portaltela.pt\/"},{"@type":"ListItem","position":2,"name":"Carneiro pressiona Governo e apresenta PS reformista"}]},{"@type":"WebSite","@id":"https:\/\/portaltela.pt\/#website","url":"https:\/\/portaltela.pt\/","name":"Portal Tela Portugal","description":"","potentialAction":[{"@type":"SearchAction","target":{"@type":"EntryPoint","urlTemplate":"https:\/\/portaltela.pt\/?s={search_term_string}"},"query-input":{"@type":"PropertyValueSpecification","valueRequired":true,"valueName":"search_term_string"}}],"inLanguage":"pt-PT"},{"@type":"Person","@id":"https:\/\/portaltela.pt\/#\/schema\/person\/c4278d4a6028830caff9ee44b42d32ed","name":"Telinha","image":{"@type":"ImageObject","inLanguage":"pt-PT","@id":"https:\/\/portaltela.pt\/s.01k8rhncp4jt1\/2025\/11\/talking-bot-125x125.png","url":"https:\/\/portaltela.pt\/s.01k8rhncp4jt1\/2025\/11\/talking-bot-125x125.png","contentUrl":"https:\/\/portaltela.pt\/s.01k8rhncp4jt1\/2025\/11\/talking-bot-125x125.png","caption":"Telinha"},"sameAs":["https:\/\/portaltela.pt\/"],"url":"https:\/\/portaltela.pt\/por\/367410592786\/"}]}},"_links":{"self":[{"href":"https:\/\/portaltela.pt\/api\/wp\/v2\/posts\/426417","targetHints":{"allow":["GET"]}}],"collection":[{"href":"https:\/\/portaltela.pt\/api\/wp\/v2\/posts"}],"about":[{"href":"https:\/\/portaltela.pt\/api\/wp\/v2\/types\/post"}],"author":[{"embeddable":true,"href":"https:\/\/portaltela.pt\/api\/wp\/v2\/users\/2"}],"replies":[{"embeddable":true,"href":"https:\/\/portaltela.pt\/api\/wp\/v2\/comments?post=426417"}],"version-history":[{"count":0,"href":"https:\/\/portaltela.pt\/api\/wp\/v2\/posts\/426417\/revisions"}],"wp:featuredmedia":[{"embeddable":true,"href":"https:\/\/portaltela.pt\/api\/wp\/v2\/media\/426422"}],"wp:attachment":[{"href":"https:\/\/portaltela.pt\/api\/wp\/v2\/media?parent=426417"}],"wp:term":[{"taxonomy":"category","embeddable":true,"href":"https:\/\/portaltela.pt\/api\/wp\/v2\/categories?post=426417"},{"taxonomy":"post_tag","embeddable":true,"href":"https:\/\/portaltela.pt\/api\/wp\/v2\/tags?post=426417"}],"curies":[{"name":"wp","href":"https:\/\/api.w.org\/{rel}","templated":true}]}}