{"id":426416,"date":"2026-03-29T21:47:12","date_gmt":"2026-03-30T00:47:12","guid":{"rendered":"https:\/\/portaltela.pt\/noticias\/2026\/03\/29\/disputa-na-implementacao-de-educacao-fisica-no-1-o-ciclo\/"},"modified":"2026-03-29T21:47:12","modified_gmt":"2026-03-30T00:47:12","slug":"disputa-na-implementacao-de-educacao-fisica-no-1-o-ciclo","status":"publish","type":"post","link":"https:\/\/portaltela.pt\/noticias\/politica\/2026\/03\/29\/disputa-na-implementacao-de-educacao-fisica-no-1-o-ciclo\/","title":{"rendered":"Disputa na implementa\u00e7\u00e3o de Educa\u00e7\u00e3o F\u00edsica no 1.\u00ba ciclo"},"content":{"rendered":"<p>A implementa\u00e7\u00e3o generalizada de Educa\u00e7\u00e3o F\u00edsica no 1.\u00ba ciclo, prevista para o pr\u00f3ximo ano letivo, n\u00e3o est\u00e1 garantida. A medida foi aprovada no Or\u00e7amento do Estado pela oposi\u00e7\u00e3o, com os partidos do Governo (PSD e CDS) a votar contra; o MECI ainda n\u00e3o se posiciona.<\/p>\n<p>Os professores da disciplina est\u00e3o h\u00e1 tr\u00eas meses \u00e0 espera de uma audi\u00eancia com o ministro da Educa\u00e7\u00e3o, Ci\u00eancia e Inova\u00e7\u00e3o, para esclarecer a aplica\u00e7\u00e3o da medida e os crit\u00e9rios de implementa\u00e7\u00e3o.<\/p>\n<p>O Governo mant\u00e9m-se sem prazos definidos nem detalhes sobre a organiza\u00e7\u00e3o curricular, o que alimenta o impasse entre \u00f3rg\u00e3os ministeriais e entidades sindicais. A falta de clareza aumenta a indefini\u00e7\u00e3o sobre custos e recursos necess\u00e1rios.<\/p>\n<p>A pol\u00eamica envolve a viabiliza\u00e7\u00e3o pr\u00e1tica da disciplina, com d\u00favidas sobre financiamento, hor\u00e1rios e forma\u00e7\u00e3o de docentes. A decis\u00e3o depende de um alinhamento entre Executivo, escolas e professores.<\/p>\n","protected":false},"excerpt":{"rendered":"<ul>\n<li>A disciplina Educa\u00e7\u00e3o F\u00edsica no 1\u00ba ciclo foi aprovada no Or\u00e7amento do Estado, mas ainda n\u00e3o est\u00e1 garantida.<\/li>\n<li>A medida foi aprovada pela oposi\u00e7\u00e3o, com o voto contra dos partidos do Governo (PSD e CDS).<\/li>\n<li>O Minist\u00e9rio da Educa\u00e7\u00e3o, Ci\u00eancia e Inova\u00e7\u00e3o (MECI) est\u00e1 relutante em p\u00f4-la em pr\u00e1tica.<\/li>\n<li>Professores da disciplina est\u00e3o h\u00e1 tr\u00eas meses \u00e0 espera de uma audi\u00eancia com o ministro.<\/li>\n<li>O Governo ainda n\u00e3o definiu um calend\u00e1rio definitivo para a implementa\u00e7\u00e3o no pr\u00f3ximo ano letivo.<\/li>\n<\/ul>\n","protected":false},"author":2,"featured_media":426423,"comment_status":"closed","ping_status":"closed","sticky":false,"template":"","format":"standard","meta":{"footnotes":""},"categories":[1,5],"tags":[163,5955,2443,34,229,97],"class_list":["post-426416","post","type-post","status-publish","format-standard","has-post-thumbnail","hentry","category-noticias","category-politica","tag-educacao","tag-educacao-infantil","tag-educacao-publica","tag-governo","tag-politica-publica","tag-professores"],"yoast_head":"<!-- This site is optimized with the Yoast SEO plugin v27.2 - https:\/\/yoast.com\/product\/yoast-seo-wordpress\/ -->\n<title>Disputa na implementa\u00e7\u00e3o de Educa\u00e7\u00e3o F\u00edsica no 1.\u00ba ciclo - Portal Tela Portugal<\/title>\n<meta name=\"robots\" content=\"index, follow, max-snippet:-1, max-image-preview:large, max-video-preview:-1\" \/>\n<meta property=\"og:locale\" content=\"pt_PT\" \/>\n<meta property=\"og:type\" content=\"article\" \/>\n<meta property=\"og:title\" content=\"Disputa na implementa\u00e7\u00e3o de Educa\u00e7\u00e3o F\u00edsica no 1.\u00ba ciclo - Portal Tela Portugal\" \/>\n<meta property=\"og:description\" content=\"A disciplina Educa\u00e7\u00e3o F\u00edsica no 1\u00ba ciclo foi aprovada no Or\u00e7amento do Estado, mas ainda n\u00e3o est\u00e1 garantida. A medida foi aprovada pela oposi\u00e7\u00e3o, com o voto contra dos partidos do Governo (PSD e CDS). O Minist\u00e9rio da Educa\u00e7\u00e3o, Ci\u00eancia e Inova\u00e7\u00e3o (MECI) est\u00e1 relutante em p\u00f4-la em pr\u00e1tica. Professores da disciplina est\u00e3o h\u00e1 tr\u00eas meses \u00e0 espera de uma audi\u00eancia com o ministro. O Governo ainda n\u00e3o definiu um calend\u00e1rio definitivo para a implementa\u00e7\u00e3o no pr\u00f3ximo ano letivo.\" \/>\n<meta property=\"og:url\" content=\"https:\/\/portaltela.pt\/noticias\/2026\/03\/29\/disputa-na-implementacao-de-educacao-fisica-no-1-o-ciclo\/\" \/>\n<meta property=\"og:site_name\" content=\"Portal Tela Portugal\" \/>\n<meta property=\"article:published_time\" content=\"2026-03-30T00:47:12+00:00\" \/>\n<meta name=\"author\" content=\"Telinha\" \/>\n<meta name=\"twitter:card\" content=\"summary_large_image\" \/>\n<meta name=\"twitter:label1\" content=\"Escrito por\" \/>\n\t<meta name=\"twitter:data1\" content=\"Telinha\" \/>\n\t<meta name=\"twitter:label2\" content=\"Tempo estimado de leitura\" \/>\n\t<meta name=\"twitter:data2\" content=\"1 minuto\" \/>\n<script type=\"application\/ld+json\" class=\"yoast-schema-graph\">{\"@context\":\"https:\/\/schema.org\",\"@graph\":[{\"@type\":\"Article\",\"@id\":\"https:\/\/portaltela.pt\/noticias\/2026\/03\/29\/disputa-na-implementacao-de-educacao-fisica-no-1-o-ciclo\/#article\",\"isPartOf\":{\"@id\":\"https:\/\/portaltela.pt\/noticias\/2026\/03\/29\/disputa-na-implementacao-de-educacao-fisica-no-1-o-ciclo\/\"},\"author\":{\"name\":\"Telinha\",\"@id\":\"https:\/\/portaltela.pt\/#\/schema\/person\/c4278d4a6028830caff9ee44b42d32ed\"},\"headline\":\"Disputa na implementa\u00e7\u00e3o de Educa\u00e7\u00e3o F\u00edsica no 1.\u00ba ciclo\",\"datePublished\":\"2026-03-30T00:47:12+00:00\",\"mainEntityOfPage\":{\"@id\":\"https:\/\/portaltela.pt\/noticias\/2026\/03\/29\/disputa-na-implementacao-de-educacao-fisica-no-1-o-ciclo\/\"},\"wordCount\":178,\"image\":{\"@id\":\"https:\/\/portaltela.pt\/noticias\/2026\/03\/29\/disputa-na-implementacao-de-educacao-fisica-no-1-o-ciclo\/#primaryimage\"},\"thumbnailUrl\":\"https:\/\/portaltela.pt\/s.01k8rhncp4jt1\/2026\/03\/img_1500x1000uu2026-03-29-19-54-25-2275476.jpg\",\"keywords\":[\"educa\u00e7\u00e3o\",\"educa\u00e7\u00e3o infantil\",\"educa\u00e7\u00e3o p\u00fablica\",\"governo\",\"pol\u00edtica p\u00fablica\",\"professores\"],\"articleSection\":[\"Not\u00edcias\",\"Pol\u00edtica\"],\"inLanguage\":\"pt-PT\"},{\"@type\":\"WebPage\",\"@id\":\"https:\/\/portaltela.pt\/noticias\/2026\/03\/29\/disputa-na-implementacao-de-educacao-fisica-no-1-o-ciclo\/\",\"url\":\"https:\/\/portaltela.pt\/noticias\/2026\/03\/29\/disputa-na-implementacao-de-educacao-fisica-no-1-o-ciclo\/\",\"name\":\"Disputa na implementa\u00e7\u00e3o de Educa\u00e7\u00e3o F\u00edsica no 1.\u00ba ciclo - Portal Tela Portugal\",\"isPartOf\":{\"@id\":\"https:\/\/portaltela.pt\/#website\"},\"primaryImageOfPage\":{\"@id\":\"https:\/\/portaltela.pt\/noticias\/2026\/03\/29\/disputa-na-implementacao-de-educacao-fisica-no-1-o-ciclo\/#primaryimage\"},\"image\":{\"@id\":\"https:\/\/portaltela.pt\/noticias\/2026\/03\/29\/disputa-na-implementacao-de-educacao-fisica-no-1-o-ciclo\/#primaryimage\"},\"thumbnailUrl\":\"https:\/\/portaltela.pt\/s.01k8rhncp4jt1\/2026\/03\/img_1500x1000uu2026-03-29-19-54-25-2275476.jpg\",\"datePublished\":\"2026-03-30T00:47:12+00:00\",\"author\":{\"@id\":\"https:\/\/portaltela.pt\/#\/schema\/person\/c4278d4a6028830caff9ee44b42d32ed\"},\"breadcrumb\":{\"@id\":\"https:\/\/portaltela.pt\/noticias\/2026\/03\/29\/disputa-na-implementacao-de-educacao-fisica-no-1-o-ciclo\/#breadcrumb\"},\"inLanguage\":\"pt-PT\",\"potentialAction\":[{\"@type\":\"ReadAction\",\"target\":[\"https:\/\/portaltela.pt\/noticias\/2026\/03\/29\/disputa-na-implementacao-de-educacao-fisica-no-1-o-ciclo\/\"]}]},{\"@type\":\"ImageObject\",\"inLanguage\":\"pt-PT\",\"@id\":\"https:\/\/portaltela.pt\/noticias\/2026\/03\/29\/disputa-na-implementacao-de-educacao-fisica-no-1-o-ciclo\/#primaryimage\",\"url\":\"https:\/\/portaltela.pt\/s.01k8rhncp4jt1\/2026\/03\/img_1500x1000uu2026-03-29-19-54-25-2275476.jpg\",\"contentUrl\":\"https:\/\/portaltela.pt\/s.01k8rhncp4jt1\/2026\/03\/img_1500x1000uu2026-03-29-19-54-25-2275476.jpg\",\"width\":796,\"height\":448,\"caption\":\"Disciplina n\u00e3o \u00e9 ensinada de forma generalizada no 1.\u00ba ciclo\"},{\"@type\":\"BreadcrumbList\",\"@id\":\"https:\/\/portaltela.pt\/noticias\/2026\/03\/29\/disputa-na-implementacao-de-educacao-fisica-no-1-o-ciclo\/#breadcrumb\",\"itemListElement\":[{\"@type\":\"ListItem\",\"position\":1,\"name\":\"In\u00edcio\",\"item\":\"https:\/\/portaltela.pt\/\"},{\"@type\":\"ListItem\",\"position\":2,\"name\":\"Disputa na implementa\u00e7\u00e3o de Educa\u00e7\u00e3o F\u00edsica no 1.\u00ba ciclo\"}]},{\"@type\":\"WebSite\",\"@id\":\"https:\/\/portaltela.pt\/#website\",\"url\":\"https:\/\/portaltela.pt\/\",\"name\":\"Portal Tela Portugal\",\"description\":\"\",\"potentialAction\":[{\"@type\":\"SearchAction\",\"target\":{\"@type\":\"EntryPoint\",\"urlTemplate\":\"https:\/\/portaltela.pt\/?s={search_term_string}\"},\"query-input\":{\"@type\":\"PropertyValueSpecification\",\"valueRequired\":true,\"valueName\":\"search_term_string\"}}],\"inLanguage\":\"pt-PT\"},{\"@type\":\"Person\",\"@id\":\"https:\/\/portaltela.pt\/#\/schema\/person\/c4278d4a6028830caff9ee44b42d32ed\",\"name\":\"Telinha\",\"image\":{\"@type\":\"ImageObject\",\"inLanguage\":\"pt-PT\",\"@id\":\"https:\/\/portaltela.pt\/s.01k8rhncp4jt1\/2025\/11\/talking-bot-125x125.png\",\"url\":\"https:\/\/portaltela.pt\/s.01k8rhncp4jt1\/2025\/11\/talking-bot-125x125.png\",\"contentUrl\":\"https:\/\/portaltela.pt\/s.01k8rhncp4jt1\/2025\/11\/talking-bot-125x125.png\",\"caption\":\"Telinha\"},\"sameAs\":[\"https:\/\/portaltela.pt\/\"],\"url\":\"https:\/\/portaltela.pt\/por\/367410592786\/\"}]}<\/script>\n<!-- \/ Yoast SEO plugin. -->","yoast_head_json":{"title":"Disputa na implementa\u00e7\u00e3o de Educa\u00e7\u00e3o F\u00edsica no 1.\u00ba ciclo - Portal Tela Portugal","robots":{"index":"index","follow":"follow","max-snippet":"max-snippet:-1","max-image-preview":"max-image-preview:large","max-video-preview":"max-video-preview:-1"},"og_locale":"pt_PT","og_type":"article","og_title":"Disputa na implementa\u00e7\u00e3o de Educa\u00e7\u00e3o F\u00edsica no 1.\u00ba ciclo - Portal Tela Portugal","og_description":"A disciplina Educa\u00e7\u00e3o F\u00edsica no 1\u00ba ciclo foi aprovada no Or\u00e7amento do Estado, mas ainda n\u00e3o est\u00e1 garantida. A medida foi aprovada pela oposi\u00e7\u00e3o, com o voto contra dos partidos do Governo (PSD e CDS). O Minist\u00e9rio da Educa\u00e7\u00e3o, Ci\u00eancia e Inova\u00e7\u00e3o (MECI) est\u00e1 relutante em p\u00f4-la em pr\u00e1tica. Professores da disciplina est\u00e3o h\u00e1 tr\u00eas meses \u00e0 espera de uma audi\u00eancia com o ministro. O Governo ainda n\u00e3o definiu um calend\u00e1rio definitivo para a implementa\u00e7\u00e3o no pr\u00f3ximo ano letivo.","og_url":"https:\/\/portaltela.pt\/noticias\/2026\/03\/29\/disputa-na-implementacao-de-educacao-fisica-no-1-o-ciclo\/","og_site_name":"Portal Tela Portugal","article_published_time":"2026-03-30T00:47:12+00:00","author":"Telinha","twitter_card":"summary_large_image","twitter_misc":{"Escrito por":"Telinha","Tempo estimado de leitura":"1 minuto"},"schema":{"@context":"https:\/\/schema.org","@graph":[{"@type":"Article","@id":"https:\/\/portaltela.pt\/noticias\/2026\/03\/29\/disputa-na-implementacao-de-educacao-fisica-no-1-o-ciclo\/#article","isPartOf":{"@id":"https:\/\/portaltela.pt\/noticias\/2026\/03\/29\/disputa-na-implementacao-de-educacao-fisica-no-1-o-ciclo\/"},"author":{"name":"Telinha","@id":"https:\/\/portaltela.pt\/#\/schema\/person\/c4278d4a6028830caff9ee44b42d32ed"},"headline":"Disputa na implementa\u00e7\u00e3o de Educa\u00e7\u00e3o F\u00edsica no 1.\u00ba ciclo","datePublished":"2026-03-30T00:47:12+00:00","mainEntityOfPage":{"@id":"https:\/\/portaltela.pt\/noticias\/2026\/03\/29\/disputa-na-implementacao-de-educacao-fisica-no-1-o-ciclo\/"},"wordCount":178,"image":{"@id":"https:\/\/portaltela.pt\/noticias\/2026\/03\/29\/disputa-na-implementacao-de-educacao-fisica-no-1-o-ciclo\/#primaryimage"},"thumbnailUrl":"https:\/\/portaltela.pt\/s.01k8rhncp4jt1\/2026\/03\/img_1500x1000uu2026-03-29-19-54-25-2275476.jpg","keywords":["educa\u00e7\u00e3o","educa\u00e7\u00e3o infantil","educa\u00e7\u00e3o p\u00fablica","governo","pol\u00edtica p\u00fablica","professores"],"articleSection":["Not\u00edcias","Pol\u00edtica"],"inLanguage":"pt-PT"},{"@type":"WebPage","@id":"https:\/\/portaltela.pt\/noticias\/2026\/03\/29\/disputa-na-implementacao-de-educacao-fisica-no-1-o-ciclo\/","url":"https:\/\/portaltela.pt\/noticias\/2026\/03\/29\/disputa-na-implementacao-de-educacao-fisica-no-1-o-ciclo\/","name":"Disputa na implementa\u00e7\u00e3o de Educa\u00e7\u00e3o F\u00edsica no 1.\u00ba ciclo - Portal Tela Portugal","isPartOf":{"@id":"https:\/\/portaltela.pt\/#website"},"primaryImageOfPage":{"@id":"https:\/\/portaltela.pt\/noticias\/2026\/03\/29\/disputa-na-implementacao-de-educacao-fisica-no-1-o-ciclo\/#primaryimage"},"image":{"@id":"https:\/\/portaltela.pt\/noticias\/2026\/03\/29\/disputa-na-implementacao-de-educacao-fisica-no-1-o-ciclo\/#primaryimage"},"thumbnailUrl":"https:\/\/portaltela.pt\/s.01k8rhncp4jt1\/2026\/03\/img_1500x1000uu2026-03-29-19-54-25-2275476.jpg","datePublished":"2026-03-30T00:47:12+00:00","author":{"@id":"https:\/\/portaltela.pt\/#\/schema\/person\/c4278d4a6028830caff9ee44b42d32ed"},"breadcrumb":{"@id":"https:\/\/portaltela.pt\/noticias\/2026\/03\/29\/disputa-na-implementacao-de-educacao-fisica-no-1-o-ciclo\/#breadcrumb"},"inLanguage":"pt-PT","potentialAction":[{"@type":"ReadAction","target":["https:\/\/portaltela.pt\/noticias\/2026\/03\/29\/disputa-na-implementacao-de-educacao-fisica-no-1-o-ciclo\/"]}]},{"@type":"ImageObject","inLanguage":"pt-PT","@id":"https:\/\/portaltela.pt\/noticias\/2026\/03\/29\/disputa-na-implementacao-de-educacao-fisica-no-1-o-ciclo\/#primaryimage","url":"https:\/\/portaltela.pt\/s.01k8rhncp4jt1\/2026\/03\/img_1500x1000uu2026-03-29-19-54-25-2275476.jpg","contentUrl":"https:\/\/portaltela.pt\/s.01k8rhncp4jt1\/2026\/03\/img_1500x1000uu2026-03-29-19-54-25-2275476.jpg","width":796,"height":448,"caption":"Disciplina n\u00e3o \u00e9 ensinada de forma generalizada no 1.\u00ba ciclo"},{"@type":"BreadcrumbList","@id":"https:\/\/portaltela.pt\/noticias\/2026\/03\/29\/disputa-na-implementacao-de-educacao-fisica-no-1-o-ciclo\/#breadcrumb","itemListElement":[{"@type":"ListItem","position":1,"name":"In\u00edcio","item":"https:\/\/portaltela.pt\/"},{"@type":"ListItem","position":2,"name":"Disputa na implementa\u00e7\u00e3o de Educa\u00e7\u00e3o F\u00edsica no 1.\u00ba ciclo"}]},{"@type":"WebSite","@id":"https:\/\/portaltela.pt\/#website","url":"https:\/\/portaltela.pt\/","name":"Portal Tela Portugal","description":"","potentialAction":[{"@type":"SearchAction","target":{"@type":"EntryPoint","urlTemplate":"https:\/\/portaltela.pt\/?s={search_term_string}"},"query-input":{"@type":"PropertyValueSpecification","valueRequired":true,"valueName":"search_term_string"}}],"inLanguage":"pt-PT"},{"@type":"Person","@id":"https:\/\/portaltela.pt\/#\/schema\/person\/c4278d4a6028830caff9ee44b42d32ed","name":"Telinha","image":{"@type":"ImageObject","inLanguage":"pt-PT","@id":"https:\/\/portaltela.pt\/s.01k8rhncp4jt1\/2025\/11\/talking-bot-125x125.png","url":"https:\/\/portaltela.pt\/s.01k8rhncp4jt1\/2025\/11\/talking-bot-125x125.png","contentUrl":"https:\/\/portaltela.pt\/s.01k8rhncp4jt1\/2025\/11\/talking-bot-125x125.png","caption":"Telinha"},"sameAs":["https:\/\/portaltela.pt\/"],"url":"https:\/\/portaltela.pt\/por\/367410592786\/"}]}},"_links":{"self":[{"href":"https:\/\/portaltela.pt\/api\/wp\/v2\/posts\/426416","targetHints":{"allow":["GET"]}}],"collection":[{"href":"https:\/\/portaltela.pt\/api\/wp\/v2\/posts"}],"about":[{"href":"https:\/\/portaltela.pt\/api\/wp\/v2\/types\/post"}],"author":[{"embeddable":true,"href":"https:\/\/portaltela.pt\/api\/wp\/v2\/users\/2"}],"replies":[{"embeddable":true,"href":"https:\/\/portaltela.pt\/api\/wp\/v2\/comments?post=426416"}],"version-history":[{"count":0,"href":"https:\/\/portaltela.pt\/api\/wp\/v2\/posts\/426416\/revisions"}],"wp:featuredmedia":[{"embeddable":true,"href":"https:\/\/portaltela.pt\/api\/wp\/v2\/media\/426423"}],"wp:attachment":[{"href":"https:\/\/portaltela.pt\/api\/wp\/v2\/media?parent=426416"}],"wp:term":[{"taxonomy":"category","embeddable":true,"href":"https:\/\/portaltela.pt\/api\/wp\/v2\/categories?post=426416"},{"taxonomy":"post_tag","embeddable":true,"href":"https:\/\/portaltela.pt\/api\/wp\/v2\/tags?post=426416"}],"curies":[{"name":"wp","href":"https:\/\/api.w.org\/{rel}","templated":true}]}}