{"id":426406,"date":"2026-03-29T21:47:02","date_gmt":"2026-03-30T00:47:02","guid":{"rendered":"https:\/\/portaltela.pt\/noticias\/2026\/03\/29\/onu-reduz-verbas-para-missao-de-capacetes-azuis-portugueses\/"},"modified":"2026-03-29T21:47:02","modified_gmt":"2026-03-30T00:47:02","slug":"onu-reduz-verbas-para-missao-de-capacetes-azuis-portugueses","status":"publish","type":"post","link":"https:\/\/portaltela.pt\/noticias\/politica\/2026\/03\/29\/onu-reduz-verbas-para-missao-de-capacetes-azuis-portugueses\/","title":{"rendered":"ONU reduz verbas para miss\u00e3o de capacetes azuis portugueses"},"content":{"rendered":"<p>A ONU reduziu o or\u00e7amento da miss\u00e3o MINUSCA na Rep\u00fablica Centro-Africana, passando a financiar apenas 150 militares portugueses ligados \u00e0 For\u00e7a de Rea\u00e7\u00e3o Imediata (QRF). O ajuste implica que o apoio a Portugal na miss\u00e3o diminuiu de 210 membros para este novo patamar.<\/p>\n<p>Portugal cobre a diferen\u00e7a or\u00e7amental para manter a presen\u00e7a portuguesa na QRF, integrando comandos, paraquedistas e outras especialidades do Ex\u00e9rcito, bem como controladores a\u00e9reos t\u00e1ticos da For\u00e7a A\u00e9rea. A mudan\u00e7a alterou a composi\u00e7\u00e3o das for\u00e7as portuguesas destacadas.<\/p>\n<p>Desde 2017, as for\u00e7as portuguesas na MINUSCA t\u00eam desenvolvido opera\u00e7\u00f5es que v\u00e3o al\u00e9m do patrulhamento, incluindo miss\u00f5es de comando, atividade de paraquedistas e suporte t\u00e9cnico em \u00e1reas de alto risco no pa\u00eds. A miss\u00e3o visa estabilizar o contexto de conflito prolongado.<\/p>\n<p>O conflito na Rep\u00fablica Centro-Africana envolve 14 grupos armados, com confrontos entre eles e o Governo h\u00e1 mais de uma d\u00e9cada. A participa\u00e7\u00e3o portuguesa na QRF tem sido marcada por uma atua\u00e7\u00e3o de alta prontid\u00e3o em cen\u00e1rios complexos, conforme reportado pela organiza\u00e7\u00e3o internacional.<\/p>\n","protected":false},"excerpt":{"rendered":"<ul>\n<li>A Organiza\u00e7\u00e3o das Na\u00e7\u00f5es Unidas reduziu o or\u00e7amento da miss\u00e3o MINUSCA, passando a financiar apenas 150 militares portugueses para a QRF (for\u00e7a de rea\u00e7\u00e3o imediata).<\/li>\n<li>Antes, eram financiados 210 militares portugueses pela ONU, que agora cobre menos pessoal.<\/li>\n<li>Portugal vai suportar a diferen\u00e7a or\u00e7amental entre o valor anterior e o novo financiamento.<\/li>\n<li>Desde 2017, as For\u00e7as Armadas portuguesas t\u00eam contribu\u00eddo com comandos, paraquedistas, outras especialidades do Ex\u00e9rcito e controladores a\u00e9reos t\u00e1ticos da For\u00e7a A\u00e9rea na miss\u00e3o.<\/li>\n<\/ul>\n","protected":false},"author":2,"featured_media":426409,"comment_status":"closed","ping_status":"closed","sticky":false,"template":"","format":"standard","meta":{"footnotes":""},"categories":[6912,5],"tags":[2625,256,4299,2247,5123,4222],"class_list":["post-426406","post","type-post","status-publish","format-standard","has-post-thumbnail","hentry","category-internacionais","category-politica","tag-aeronautica","tag-cooperacao-internacional","tag-forca-aerea","tag-missoes-internacionais","tag-onu","tag-seguranca-internacional"],"yoast_head":"<!-- This site is optimized with the Yoast SEO plugin v27.2 - https:\/\/yoast.com\/product\/yoast-seo-wordpress\/ -->\n<title>ONU reduz verbas para miss\u00e3o de capacetes azuis portugueses - Portal Tela Portugal<\/title>\n<meta name=\"robots\" content=\"index, follow, max-snippet:-1, max-image-preview:large, max-video-preview:-1\" \/>\n<meta property=\"og:locale\" content=\"pt_PT\" \/>\n<meta property=\"og:type\" content=\"article\" \/>\n<meta property=\"og:title\" content=\"ONU reduz verbas para miss\u00e3o de capacetes azuis portugueses - Portal Tela Portugal\" \/>\n<meta property=\"og:description\" content=\"A Organiza\u00e7\u00e3o das Na\u00e7\u00f5es Unidas reduziu o or\u00e7amento da miss\u00e3o MINUSCA, passando a financiar apenas 150 militares portugueses para a QRF (for\u00e7a de rea\u00e7\u00e3o imediata). Antes, eram financiados 210 militares portugueses pela ONU, que agora cobre menos pessoal. Portugal vai suportar a diferen\u00e7a or\u00e7amental entre o valor anterior e o novo financiamento. Desde 2017, as For\u00e7as Armadas portuguesas t\u00eam contribu\u00eddo com comandos, paraquedistas, outras especialidades do Ex\u00e9rcito e controladores a\u00e9reos t\u00e1ticos da For\u00e7a A\u00e9rea na miss\u00e3o.\" \/>\n<meta property=\"og:url\" content=\"https:\/\/portaltela.pt\/noticias\/2026\/03\/29\/onu-reduz-verbas-para-missao-de-capacetes-azuis-portugueses\/\" \/>\n<meta property=\"og:site_name\" content=\"Portal Tela Portugal\" \/>\n<meta property=\"article:published_time\" content=\"2026-03-30T00:47:02+00:00\" \/>\n<meta name=\"author\" content=\"Telinha\" \/>\n<meta name=\"twitter:card\" content=\"summary_large_image\" \/>\n<meta name=\"twitter:label1\" content=\"Escrito por\" \/>\n\t<meta name=\"twitter:data1\" content=\"Telinha\" \/>\n\t<meta name=\"twitter:label2\" content=\"Tempo estimado de leitura\" \/>\n\t<meta name=\"twitter:data2\" content=\"1 minuto\" \/>\n<script type=\"application\/ld+json\" class=\"yoast-schema-graph\">{\"@context\":\"https:\/\/schema.org\",\"@graph\":[{\"@type\":\"Article\",\"@id\":\"https:\/\/portaltela.pt\/noticias\/2026\/03\/29\/onu-reduz-verbas-para-missao-de-capacetes-azuis-portugueses\/#article\",\"isPartOf\":{\"@id\":\"https:\/\/portaltela.pt\/noticias\/2026\/03\/29\/onu-reduz-verbas-para-missao-de-capacetes-azuis-portugueses\/\"},\"author\":{\"name\":\"Telinha\",\"@id\":\"https:\/\/portaltela.pt\/#\/schema\/person\/c4278d4a6028830caff9ee44b42d32ed\"},\"headline\":\"ONU reduz verbas para miss\u00e3o de capacetes azuis portugueses\",\"datePublished\":\"2026-03-30T00:47:02+00:00\",\"mainEntityOfPage\":{\"@id\":\"https:\/\/portaltela.pt\/noticias\/2026\/03\/29\/onu-reduz-verbas-para-missao-de-capacetes-azuis-portugueses\/\"},\"wordCount\":202,\"image\":{\"@id\":\"https:\/\/portaltela.pt\/noticias\/2026\/03\/29\/onu-reduz-verbas-para-missao-de-capacetes-azuis-portugueses\/#primaryimage\"},\"thumbnailUrl\":\"https:\/\/portaltela.pt\/s.01k8rhncp4jt1\/2026\/03\/img_1500x1000uu2026-03-29-17-50-57-2275459.jpg\",\"keywords\":[\"aeron\u00e1utica\",\"coopera\u00e7\u00e3o internacional\",\"For\u00e7a A\u00e9rea\",\"miss\u00f5es internacionais\",\"ONU\",\"seguran\u00e7a internacional\"],\"articleSection\":[\"Internacionais\",\"Pol\u00edtica\"],\"inLanguage\":\"pt-PT\"},{\"@type\":\"WebPage\",\"@id\":\"https:\/\/portaltela.pt\/noticias\/2026\/03\/29\/onu-reduz-verbas-para-missao-de-capacetes-azuis-portugueses\/\",\"url\":\"https:\/\/portaltela.pt\/noticias\/2026\/03\/29\/onu-reduz-verbas-para-missao-de-capacetes-azuis-portugueses\/\",\"name\":\"ONU reduz verbas para miss\u00e3o de capacetes azuis portugueses - Portal Tela Portugal\",\"isPartOf\":{\"@id\":\"https:\/\/portaltela.pt\/#website\"},\"primaryImageOfPage\":{\"@id\":\"https:\/\/portaltela.pt\/noticias\/2026\/03\/29\/onu-reduz-verbas-para-missao-de-capacetes-azuis-portugueses\/#primaryimage\"},\"image\":{\"@id\":\"https:\/\/portaltela.pt\/noticias\/2026\/03\/29\/onu-reduz-verbas-para-missao-de-capacetes-azuis-portugueses\/#primaryimage\"},\"thumbnailUrl\":\"https:\/\/portaltela.pt\/s.01k8rhncp4jt1\/2026\/03\/img_1500x1000uu2026-03-29-17-50-57-2275459.jpg\",\"datePublished\":\"2026-03-30T00:47:02+00:00\",\"author\":{\"@id\":\"https:\/\/portaltela.pt\/#\/schema\/person\/c4278d4a6028830caff9ee44b42d32ed\"},\"breadcrumb\":{\"@id\":\"https:\/\/portaltela.pt\/noticias\/2026\/03\/29\/onu-reduz-verbas-para-missao-de-capacetes-azuis-portugueses\/#breadcrumb\"},\"inLanguage\":\"pt-PT\",\"potentialAction\":[{\"@type\":\"ReadAction\",\"target\":[\"https:\/\/portaltela.pt\/noticias\/2026\/03\/29\/onu-reduz-verbas-para-missao-de-capacetes-azuis-portugueses\/\"]}]},{\"@type\":\"ImageObject\",\"inLanguage\":\"pt-PT\",\"@id\":\"https:\/\/portaltela.pt\/noticias\/2026\/03\/29\/onu-reduz-verbas-para-missao-de-capacetes-azuis-portugueses\/#primaryimage\",\"url\":\"https:\/\/portaltela.pt\/s.01k8rhncp4jt1\/2026\/03\/img_1500x1000uu2026-03-29-17-50-57-2275459.jpg\",\"contentUrl\":\"https:\/\/portaltela.pt\/s.01k8rhncp4jt1\/2026\/03\/img_1500x1000uu2026-03-29-17-50-57-2275459.jpg\",\"width\":796,\"height\":448,\"caption\":\"Militares \u00e0 sa\u00edda do Campo Portugal\"},{\"@type\":\"BreadcrumbList\",\"@id\":\"https:\/\/portaltela.pt\/noticias\/2026\/03\/29\/onu-reduz-verbas-para-missao-de-capacetes-azuis-portugueses\/#breadcrumb\",\"itemListElement\":[{\"@type\":\"ListItem\",\"position\":1,\"name\":\"In\u00edcio\",\"item\":\"https:\/\/portaltela.pt\/\"},{\"@type\":\"ListItem\",\"position\":2,\"name\":\"ONU reduz verbas para miss\u00e3o de capacetes azuis portugueses\"}]},{\"@type\":\"WebSite\",\"@id\":\"https:\/\/portaltela.pt\/#website\",\"url\":\"https:\/\/portaltela.pt\/\",\"name\":\"Portal Tela Portugal\",\"description\":\"\",\"potentialAction\":[{\"@type\":\"SearchAction\",\"target\":{\"@type\":\"EntryPoint\",\"urlTemplate\":\"https:\/\/portaltela.pt\/?s={search_term_string}\"},\"query-input\":{\"@type\":\"PropertyValueSpecification\",\"valueRequired\":true,\"valueName\":\"search_term_string\"}}],\"inLanguage\":\"pt-PT\"},{\"@type\":\"Person\",\"@id\":\"https:\/\/portaltela.pt\/#\/schema\/person\/c4278d4a6028830caff9ee44b42d32ed\",\"name\":\"Telinha\",\"image\":{\"@type\":\"ImageObject\",\"inLanguage\":\"pt-PT\",\"@id\":\"https:\/\/portaltela.pt\/s.01k8rhncp4jt1\/2025\/11\/talking-bot-125x125.png\",\"url\":\"https:\/\/portaltela.pt\/s.01k8rhncp4jt1\/2025\/11\/talking-bot-125x125.png\",\"contentUrl\":\"https:\/\/portaltela.pt\/s.01k8rhncp4jt1\/2025\/11\/talking-bot-125x125.png\",\"caption\":\"Telinha\"},\"sameAs\":[\"https:\/\/portaltela.pt\/\"],\"url\":\"https:\/\/portaltela.pt\/por\/367410592786\/\"}]}<\/script>\n<!-- \/ Yoast SEO plugin. -->","yoast_head_json":{"title":"ONU reduz verbas para miss\u00e3o de capacetes azuis portugueses - Portal Tela Portugal","robots":{"index":"index","follow":"follow","max-snippet":"max-snippet:-1","max-image-preview":"max-image-preview:large","max-video-preview":"max-video-preview:-1"},"og_locale":"pt_PT","og_type":"article","og_title":"ONU reduz verbas para miss\u00e3o de capacetes azuis portugueses - Portal Tela Portugal","og_description":"A Organiza\u00e7\u00e3o das Na\u00e7\u00f5es Unidas reduziu o or\u00e7amento da miss\u00e3o MINUSCA, passando a financiar apenas 150 militares portugueses para a QRF (for\u00e7a de rea\u00e7\u00e3o imediata). Antes, eram financiados 210 militares portugueses pela ONU, que agora cobre menos pessoal. Portugal vai suportar a diferen\u00e7a or\u00e7amental entre o valor anterior e o novo financiamento. Desde 2017, as For\u00e7as Armadas portuguesas t\u00eam contribu\u00eddo com comandos, paraquedistas, outras especialidades do Ex\u00e9rcito e controladores a\u00e9reos t\u00e1ticos da For\u00e7a A\u00e9rea na miss\u00e3o.","og_url":"https:\/\/portaltela.pt\/noticias\/2026\/03\/29\/onu-reduz-verbas-para-missao-de-capacetes-azuis-portugueses\/","og_site_name":"Portal Tela Portugal","article_published_time":"2026-03-30T00:47:02+00:00","author":"Telinha","twitter_card":"summary_large_image","twitter_misc":{"Escrito por":"Telinha","Tempo estimado de leitura":"1 minuto"},"schema":{"@context":"https:\/\/schema.org","@graph":[{"@type":"Article","@id":"https:\/\/portaltela.pt\/noticias\/2026\/03\/29\/onu-reduz-verbas-para-missao-de-capacetes-azuis-portugueses\/#article","isPartOf":{"@id":"https:\/\/portaltela.pt\/noticias\/2026\/03\/29\/onu-reduz-verbas-para-missao-de-capacetes-azuis-portugueses\/"},"author":{"name":"Telinha","@id":"https:\/\/portaltela.pt\/#\/schema\/person\/c4278d4a6028830caff9ee44b42d32ed"},"headline":"ONU reduz verbas para miss\u00e3o de capacetes azuis portugueses","datePublished":"2026-03-30T00:47:02+00:00","mainEntityOfPage":{"@id":"https:\/\/portaltela.pt\/noticias\/2026\/03\/29\/onu-reduz-verbas-para-missao-de-capacetes-azuis-portugueses\/"},"wordCount":202,"image":{"@id":"https:\/\/portaltela.pt\/noticias\/2026\/03\/29\/onu-reduz-verbas-para-missao-de-capacetes-azuis-portugueses\/#primaryimage"},"thumbnailUrl":"https:\/\/portaltela.pt\/s.01k8rhncp4jt1\/2026\/03\/img_1500x1000uu2026-03-29-17-50-57-2275459.jpg","keywords":["aeron\u00e1utica","coopera\u00e7\u00e3o internacional","For\u00e7a A\u00e9rea","miss\u00f5es internacionais","ONU","seguran\u00e7a internacional"],"articleSection":["Internacionais","Pol\u00edtica"],"inLanguage":"pt-PT"},{"@type":"WebPage","@id":"https:\/\/portaltela.pt\/noticias\/2026\/03\/29\/onu-reduz-verbas-para-missao-de-capacetes-azuis-portugueses\/","url":"https:\/\/portaltela.pt\/noticias\/2026\/03\/29\/onu-reduz-verbas-para-missao-de-capacetes-azuis-portugueses\/","name":"ONU reduz verbas para miss\u00e3o de capacetes azuis portugueses - Portal Tela Portugal","isPartOf":{"@id":"https:\/\/portaltela.pt\/#website"},"primaryImageOfPage":{"@id":"https:\/\/portaltela.pt\/noticias\/2026\/03\/29\/onu-reduz-verbas-para-missao-de-capacetes-azuis-portugueses\/#primaryimage"},"image":{"@id":"https:\/\/portaltela.pt\/noticias\/2026\/03\/29\/onu-reduz-verbas-para-missao-de-capacetes-azuis-portugueses\/#primaryimage"},"thumbnailUrl":"https:\/\/portaltela.pt\/s.01k8rhncp4jt1\/2026\/03\/img_1500x1000uu2026-03-29-17-50-57-2275459.jpg","datePublished":"2026-03-30T00:47:02+00:00","author":{"@id":"https:\/\/portaltela.pt\/#\/schema\/person\/c4278d4a6028830caff9ee44b42d32ed"},"breadcrumb":{"@id":"https:\/\/portaltela.pt\/noticias\/2026\/03\/29\/onu-reduz-verbas-para-missao-de-capacetes-azuis-portugueses\/#breadcrumb"},"inLanguage":"pt-PT","potentialAction":[{"@type":"ReadAction","target":["https:\/\/portaltela.pt\/noticias\/2026\/03\/29\/onu-reduz-verbas-para-missao-de-capacetes-azuis-portugueses\/"]}]},{"@type":"ImageObject","inLanguage":"pt-PT","@id":"https:\/\/portaltela.pt\/noticias\/2026\/03\/29\/onu-reduz-verbas-para-missao-de-capacetes-azuis-portugueses\/#primaryimage","url":"https:\/\/portaltela.pt\/s.01k8rhncp4jt1\/2026\/03\/img_1500x1000uu2026-03-29-17-50-57-2275459.jpg","contentUrl":"https:\/\/portaltela.pt\/s.01k8rhncp4jt1\/2026\/03\/img_1500x1000uu2026-03-29-17-50-57-2275459.jpg","width":796,"height":448,"caption":"Militares \u00e0 sa\u00edda do Campo Portugal"},{"@type":"BreadcrumbList","@id":"https:\/\/portaltela.pt\/noticias\/2026\/03\/29\/onu-reduz-verbas-para-missao-de-capacetes-azuis-portugueses\/#breadcrumb","itemListElement":[{"@type":"ListItem","position":1,"name":"In\u00edcio","item":"https:\/\/portaltela.pt\/"},{"@type":"ListItem","position":2,"name":"ONU reduz verbas para miss\u00e3o de capacetes azuis portugueses"}]},{"@type":"WebSite","@id":"https:\/\/portaltela.pt\/#website","url":"https:\/\/portaltela.pt\/","name":"Portal Tela Portugal","description":"","potentialAction":[{"@type":"SearchAction","target":{"@type":"EntryPoint","urlTemplate":"https:\/\/portaltela.pt\/?s={search_term_string}"},"query-input":{"@type":"PropertyValueSpecification","valueRequired":true,"valueName":"search_term_string"}}],"inLanguage":"pt-PT"},{"@type":"Person","@id":"https:\/\/portaltela.pt\/#\/schema\/person\/c4278d4a6028830caff9ee44b42d32ed","name":"Telinha","image":{"@type":"ImageObject","inLanguage":"pt-PT","@id":"https:\/\/portaltela.pt\/s.01k8rhncp4jt1\/2025\/11\/talking-bot-125x125.png","url":"https:\/\/portaltela.pt\/s.01k8rhncp4jt1\/2025\/11\/talking-bot-125x125.png","contentUrl":"https:\/\/portaltela.pt\/s.01k8rhncp4jt1\/2025\/11\/talking-bot-125x125.png","caption":"Telinha"},"sameAs":["https:\/\/portaltela.pt\/"],"url":"https:\/\/portaltela.pt\/por\/367410592786\/"}]}},"_links":{"self":[{"href":"https:\/\/portaltela.pt\/api\/wp\/v2\/posts\/426406","targetHints":{"allow":["GET"]}}],"collection":[{"href":"https:\/\/portaltela.pt\/api\/wp\/v2\/posts"}],"about":[{"href":"https:\/\/portaltela.pt\/api\/wp\/v2\/types\/post"}],"author":[{"embeddable":true,"href":"https:\/\/portaltela.pt\/api\/wp\/v2\/users\/2"}],"replies":[{"embeddable":true,"href":"https:\/\/portaltela.pt\/api\/wp\/v2\/comments?post=426406"}],"version-history":[{"count":0,"href":"https:\/\/portaltela.pt\/api\/wp\/v2\/posts\/426406\/revisions"}],"wp:featuredmedia":[{"embeddable":true,"href":"https:\/\/portaltela.pt\/api\/wp\/v2\/media\/426409"}],"wp:attachment":[{"href":"https:\/\/portaltela.pt\/api\/wp\/v2\/media?parent=426406"}],"wp:term":[{"taxonomy":"category","embeddable":true,"href":"https:\/\/portaltela.pt\/api\/wp\/v2\/categories?post=426406"},{"taxonomy":"post_tag","embeddable":true,"href":"https:\/\/portaltela.pt\/api\/wp\/v2\/tags?post=426406"}],"curies":[{"name":"wp","href":"https:\/\/api.w.org\/{rel}","templated":true}]}}