{"id":426400,"date":"2026-03-29T21:32:27","date_gmt":"2026-03-30T00:32:27","guid":{"rendered":"https:\/\/portaltela.pt\/noticias\/2026\/03\/29\/antiga-funcionaria-de-tomar-e-vitima-mortal-de-colisao-em-ourem\/"},"modified":"2026-03-29T21:32:27","modified_gmt":"2026-03-30T00:32:27","slug":"antiga-funcionaria-de-tomar-e-vitima-mortal-de-colisao-em-ourem","status":"publish","type":"post","link":"https:\/\/portaltela.pt\/noticias\/2026\/03\/29\/antiga-funcionaria-de-tomar-e-vitima-mortal-de-colisao-em-ourem\/","title":{"rendered":"Antiga funcion\u00e1ria de Tomar \u00e9 v\u00edtima mortal de colis\u00e3o em Our\u00e9m"},"content":{"rendered":"<p>O choque ocorreu junto \u00e0 sa\u00edda de Aburitel, no IC9, em Our\u00e9m, durante a madrugada de domingo. O acidente aconteceu por volta das 02h30, envolvendo v\u00e1rias viaturas e resultando em quatro feridos e duas mortes confirmadas, al\u00e9m de v\u00edtimas em estado grave.<\/p>\n<p>Andreia Pardal, de 30 anos, \u00e9 uma das pessoas mortas no acidente. A outra v\u00edtima mortal tem 53 anos. Entre os feridos, h\u00e1 um menino de cinco anos, filho de Andreia, que ficou gravemente ferido.<\/p>\n<p>O companheiro de Andreia e o menor foram transportados para unidades hospitalares distintas. O homem foi helic\u00f3ptero para um hospital em Lisboa para cirurgia, enquanto o menino foi encaminhado para um hospital local. Ambos encontram-se fora de perigo.<\/p>\n<p>Durante as opera\u00e7\u00f5es de socorro, a Estrada foi encerrada para permitir o trabalho em seguran\u00e7a das equipes. O acidente est\u00e1 a ser alvo de investiga\u00e7\u00e3o para apurar as causas e circunst\u00e2ncias.<\/p>\n<p>O munic\u00edpio de Tomar emitiu uma nota de pesar, destacando a dedica\u00e7\u00e3o de Andreia Pardal ao patrim\u00f3nio cultural do concelho e descrevendo o seu profissionalismo, sensibilidade e rela\u00e7\u00e3o com colegas.<\/p>\n","protected":false},"excerpt":{"rendered":"<ul>\n<li>O acidente ocorreu pelas 02h30 no IC9, junto \u00e0 sa\u00edda de Aburitel, no concelho de Our\u00e9m, e causou a morte de Andreia Pardal, de 30 anos, antiga funcion\u00e1ria do munic\u00edpio de Tomar, al\u00e9m de outra mulher de 53 anos.<\/li>\n<li>Quatro pessoas ficaram feridas, tr\u00eas delas em estado grave, incluindo um menino de cinco anos, filho de Andreia.<\/li>\n<li>A viatura envolvida seguia com o companheiro de Andreia e o filho, ambos gravemente feridos; o homem foi heliportado para um hospital em Lisboa e o menor para um hospital local, onde se encontra fora de perigo.<\/li>\n<li>Durante os trabalhos de socorro e limpeza, a estrada foi encerrada para permitir o funcionamento seguro dos profissionais.<\/li>\n<li>O munic\u00edpio de Tomar emitiu uma nota de pesar destacando o profissionalismo e a dedica\u00e7\u00e3o de Andreia na valoriza\u00e7\u00e3o do patrim\u00f3nio cultural do concelho.<\/li>\n<\/ul>\n","protected":false},"author":2,"featured_media":426402,"comment_status":"closed","ping_status":"closed","sticky":false,"template":"","format":"standard","meta":{"footnotes":""},"categories":[6849,1],"tags":[5487,3449,215,6429,2357,1088],"class_list":["post-426400","post","type-post","status-publish","format-standard","has-post-thumbnail","hentry","category-acidentes","category-noticias","tag-acidente","tag-feridos","tag-investigacao","tag-mortes","tag-ourem","tag-tomar"],"yoast_head":"<!-- This site is optimized with the Yoast SEO plugin v27.2 - https:\/\/yoast.com\/product\/yoast-seo-wordpress\/ -->\n<title>Antiga funcion\u00e1ria de Tomar \u00e9 v\u00edtima mortal de colis\u00e3o em Our\u00e9m - Portal Tela Portugal<\/title>\n<meta name=\"robots\" content=\"index, follow, max-snippet:-1, max-image-preview:large, max-video-preview:-1\" \/>\n<meta property=\"og:locale\" content=\"pt_PT\" \/>\n<meta property=\"og:type\" content=\"article\" \/>\n<meta property=\"og:title\" content=\"Antiga funcion\u00e1ria de Tomar \u00e9 v\u00edtima mortal de colis\u00e3o em Our\u00e9m - Portal Tela Portugal\" \/>\n<meta property=\"og:description\" content=\"O acidente ocorreu pelas 02h30 no IC9, junto \u00e0 sa\u00edda de Aburitel, no concelho de Our\u00e9m, e causou a morte de Andreia Pardal, de 30 anos, antiga funcion\u00e1ria do munic\u00edpio de Tomar, al\u00e9m de outra mulher de 53 anos. Quatro pessoas ficaram feridas, tr\u00eas delas em estado grave, incluindo um menino de cinco anos, filho de Andreia. A viatura envolvida seguia com o companheiro de Andreia e o filho, ambos gravemente feridos; o homem foi heliportado para um hospital em Lisboa e o menor para um hospital local, onde se encontra fora de perigo. Durante os trabalhos de socorro e limpeza, a estrada foi encerrada para permitir o funcionamento seguro dos profissionais. O munic\u00edpio de Tomar emitiu uma nota de pesar destacando o profissionalismo e a dedica\u00e7\u00e3o de Andreia na valoriza\u00e7\u00e3o do patrim\u00f3nio cultural do concelho.\" \/>\n<meta property=\"og:url\" content=\"https:\/\/portaltela.pt\/noticias\/2026\/03\/29\/antiga-funcionaria-de-tomar-e-vitima-mortal-de-colisao-em-ourem\/\" \/>\n<meta property=\"og:site_name\" content=\"Portal Tela Portugal\" \/>\n<meta property=\"article:published_time\" content=\"2026-03-30T00:32:27+00:00\" \/>\n<meta name=\"author\" content=\"Telinha\" \/>\n<meta name=\"twitter:card\" content=\"summary_large_image\" \/>\n<meta name=\"twitter:label1\" content=\"Escrito por\" \/>\n\t<meta name=\"twitter:data1\" content=\"Telinha\" \/>\n\t<meta name=\"twitter:label2\" content=\"Tempo estimado de leitura\" \/>\n\t<meta name=\"twitter:data2\" content=\"1 minuto\" \/>\n<script type=\"application\/ld+json\" class=\"yoast-schema-graph\">{\"@context\":\"https:\/\/schema.org\",\"@graph\":[{\"@type\":\"Article\",\"@id\":\"https:\/\/portaltela.pt\/noticias\/2026\/03\/29\/antiga-funcionaria-de-tomar-e-vitima-mortal-de-colisao-em-ourem\/#article\",\"isPartOf\":{\"@id\":\"https:\/\/portaltela.pt\/noticias\/2026\/03\/29\/antiga-funcionaria-de-tomar-e-vitima-mortal-de-colisao-em-ourem\/\"},\"author\":{\"name\":\"Telinha\",\"@id\":\"https:\/\/portaltela.pt\/#\/schema\/person\/c4278d4a6028830caff9ee44b42d32ed\"},\"headline\":\"Antiga funcion\u00e1ria de Tomar \u00e9 v\u00edtima mortal de colis\u00e3o em Our\u00e9m\",\"datePublished\":\"2026-03-30T00:32:27+00:00\",\"mainEntityOfPage\":{\"@id\":\"https:\/\/portaltela.pt\/noticias\/2026\/03\/29\/antiga-funcionaria-de-tomar-e-vitima-mortal-de-colisao-em-ourem\/\"},\"wordCount\":201,\"image\":{\"@id\":\"https:\/\/portaltela.pt\/noticias\/2026\/03\/29\/antiga-funcionaria-de-tomar-e-vitima-mortal-de-colisao-em-ourem\/#primaryimage\"},\"thumbnailUrl\":\"https:\/\/portaltela.pt\/s.01k8rhncp4jt1\/2026\/03\/img_1280x721uu2026-03-29-16-50-22-2275453.jpg\",\"keywords\":[\"acidente\",\"feridos\",\"investiga\u00e7\u00e3o\",\"mortes\",\"Our\u00e9m\",\"Tomar\"],\"articleSection\":[\"Acidentes\",\"Not\u00edcias\"],\"inLanguage\":\"pt-PT\"},{\"@type\":\"WebPage\",\"@id\":\"https:\/\/portaltela.pt\/noticias\/2026\/03\/29\/antiga-funcionaria-de-tomar-e-vitima-mortal-de-colisao-em-ourem\/\",\"url\":\"https:\/\/portaltela.pt\/noticias\/2026\/03\/29\/antiga-funcionaria-de-tomar-e-vitima-mortal-de-colisao-em-ourem\/\",\"name\":\"Antiga funcion\u00e1ria de Tomar \u00e9 v\u00edtima mortal de colis\u00e3o em Our\u00e9m - Portal Tela Portugal\",\"isPartOf\":{\"@id\":\"https:\/\/portaltela.pt\/#website\"},\"primaryImageOfPage\":{\"@id\":\"https:\/\/portaltela.pt\/noticias\/2026\/03\/29\/antiga-funcionaria-de-tomar-e-vitima-mortal-de-colisao-em-ourem\/#primaryimage\"},\"image\":{\"@id\":\"https:\/\/portaltela.pt\/noticias\/2026\/03\/29\/antiga-funcionaria-de-tomar-e-vitima-mortal-de-colisao-em-ourem\/#primaryimage\"},\"thumbnailUrl\":\"https:\/\/portaltela.pt\/s.01k8rhncp4jt1\/2026\/03\/img_1280x721uu2026-03-29-16-50-22-2275453.jpg\",\"datePublished\":\"2026-03-30T00:32:27+00:00\",\"author\":{\"@id\":\"https:\/\/portaltela.pt\/#\/schema\/person\/c4278d4a6028830caff9ee44b42d32ed\"},\"breadcrumb\":{\"@id\":\"https:\/\/portaltela.pt\/noticias\/2026\/03\/29\/antiga-funcionaria-de-tomar-e-vitima-mortal-de-colisao-em-ourem\/#breadcrumb\"},\"inLanguage\":\"pt-PT\",\"potentialAction\":[{\"@type\":\"ReadAction\",\"target\":[\"https:\/\/portaltela.pt\/noticias\/2026\/03\/29\/antiga-funcionaria-de-tomar-e-vitima-mortal-de-colisao-em-ourem\/\"]}]},{\"@type\":\"ImageObject\",\"inLanguage\":\"pt-PT\",\"@id\":\"https:\/\/portaltela.pt\/noticias\/2026\/03\/29\/antiga-funcionaria-de-tomar-e-vitima-mortal-de-colisao-em-ourem\/#primaryimage\",\"url\":\"https:\/\/portaltela.pt\/s.01k8rhncp4jt1\/2026\/03\/img_1280x721uu2026-03-29-16-50-22-2275453.jpg\",\"contentUrl\":\"https:\/\/portaltela.pt\/s.01k8rhncp4jt1\/2026\/03\/img_1280x721uu2026-03-29-16-50-22-2275453.jpg\",\"width\":796,\"height\":448,\"caption\":\"Autarquia de Tomar, onde a v\u00edtima trabalhava, lamentou a trag\u00e9dia nas suas redes sociais\"},{\"@type\":\"BreadcrumbList\",\"@id\":\"https:\/\/portaltela.pt\/noticias\/2026\/03\/29\/antiga-funcionaria-de-tomar-e-vitima-mortal-de-colisao-em-ourem\/#breadcrumb\",\"itemListElement\":[{\"@type\":\"ListItem\",\"position\":1,\"name\":\"In\u00edcio\",\"item\":\"https:\/\/portaltela.pt\/\"},{\"@type\":\"ListItem\",\"position\":2,\"name\":\"Antiga funcion\u00e1ria de Tomar \u00e9 v\u00edtima mortal de colis\u00e3o em Our\u00e9m\"}]},{\"@type\":\"WebSite\",\"@id\":\"https:\/\/portaltela.pt\/#website\",\"url\":\"https:\/\/portaltela.pt\/\",\"name\":\"Portal Tela Portugal\",\"description\":\"\",\"potentialAction\":[{\"@type\":\"SearchAction\",\"target\":{\"@type\":\"EntryPoint\",\"urlTemplate\":\"https:\/\/portaltela.pt\/?s={search_term_string}\"},\"query-input\":{\"@type\":\"PropertyValueSpecification\",\"valueRequired\":true,\"valueName\":\"search_term_string\"}}],\"inLanguage\":\"pt-PT\"},{\"@type\":\"Person\",\"@id\":\"https:\/\/portaltela.pt\/#\/schema\/person\/c4278d4a6028830caff9ee44b42d32ed\",\"name\":\"Telinha\",\"image\":{\"@type\":\"ImageObject\",\"inLanguage\":\"pt-PT\",\"@id\":\"https:\/\/portaltela.pt\/s.01k8rhncp4jt1\/2025\/11\/talking-bot-125x125.png\",\"url\":\"https:\/\/portaltela.pt\/s.01k8rhncp4jt1\/2025\/11\/talking-bot-125x125.png\",\"contentUrl\":\"https:\/\/portaltela.pt\/s.01k8rhncp4jt1\/2025\/11\/talking-bot-125x125.png\",\"caption\":\"Telinha\"},\"sameAs\":[\"https:\/\/portaltela.pt\/\"],\"url\":\"https:\/\/portaltela.pt\/por\/367410592786\/\"}]}<\/script>\n<!-- \/ Yoast SEO plugin. -->","yoast_head_json":{"title":"Antiga funcion\u00e1ria de Tomar \u00e9 v\u00edtima mortal de colis\u00e3o em Our\u00e9m - Portal Tela Portugal","robots":{"index":"index","follow":"follow","max-snippet":"max-snippet:-1","max-image-preview":"max-image-preview:large","max-video-preview":"max-video-preview:-1"},"og_locale":"pt_PT","og_type":"article","og_title":"Antiga funcion\u00e1ria de Tomar \u00e9 v\u00edtima mortal de colis\u00e3o em Our\u00e9m - Portal Tela Portugal","og_description":"O acidente ocorreu pelas 02h30 no IC9, junto \u00e0 sa\u00edda de Aburitel, no concelho de Our\u00e9m, e causou a morte de Andreia Pardal, de 30 anos, antiga funcion\u00e1ria do munic\u00edpio de Tomar, al\u00e9m de outra mulher de 53 anos. Quatro pessoas ficaram feridas, tr\u00eas delas em estado grave, incluindo um menino de cinco anos, filho de Andreia. A viatura envolvida seguia com o companheiro de Andreia e o filho, ambos gravemente feridos; o homem foi heliportado para um hospital em Lisboa e o menor para um hospital local, onde se encontra fora de perigo. Durante os trabalhos de socorro e limpeza, a estrada foi encerrada para permitir o funcionamento seguro dos profissionais. O munic\u00edpio de Tomar emitiu uma nota de pesar destacando o profissionalismo e a dedica\u00e7\u00e3o de Andreia na valoriza\u00e7\u00e3o do patrim\u00f3nio cultural do concelho.","og_url":"https:\/\/portaltela.pt\/noticias\/2026\/03\/29\/antiga-funcionaria-de-tomar-e-vitima-mortal-de-colisao-em-ourem\/","og_site_name":"Portal Tela Portugal","article_published_time":"2026-03-30T00:32:27+00:00","author":"Telinha","twitter_card":"summary_large_image","twitter_misc":{"Escrito por":"Telinha","Tempo estimado de leitura":"1 minuto"},"schema":{"@context":"https:\/\/schema.org","@graph":[{"@type":"Article","@id":"https:\/\/portaltela.pt\/noticias\/2026\/03\/29\/antiga-funcionaria-de-tomar-e-vitima-mortal-de-colisao-em-ourem\/#article","isPartOf":{"@id":"https:\/\/portaltela.pt\/noticias\/2026\/03\/29\/antiga-funcionaria-de-tomar-e-vitima-mortal-de-colisao-em-ourem\/"},"author":{"name":"Telinha","@id":"https:\/\/portaltela.pt\/#\/schema\/person\/c4278d4a6028830caff9ee44b42d32ed"},"headline":"Antiga funcion\u00e1ria de Tomar \u00e9 v\u00edtima mortal de colis\u00e3o em Our\u00e9m","datePublished":"2026-03-30T00:32:27+00:00","mainEntityOfPage":{"@id":"https:\/\/portaltela.pt\/noticias\/2026\/03\/29\/antiga-funcionaria-de-tomar-e-vitima-mortal-de-colisao-em-ourem\/"},"wordCount":201,"image":{"@id":"https:\/\/portaltela.pt\/noticias\/2026\/03\/29\/antiga-funcionaria-de-tomar-e-vitima-mortal-de-colisao-em-ourem\/#primaryimage"},"thumbnailUrl":"https:\/\/portaltela.pt\/s.01k8rhncp4jt1\/2026\/03\/img_1280x721uu2026-03-29-16-50-22-2275453.jpg","keywords":["acidente","feridos","investiga\u00e7\u00e3o","mortes","Our\u00e9m","Tomar"],"articleSection":["Acidentes","Not\u00edcias"],"inLanguage":"pt-PT"},{"@type":"WebPage","@id":"https:\/\/portaltela.pt\/noticias\/2026\/03\/29\/antiga-funcionaria-de-tomar-e-vitima-mortal-de-colisao-em-ourem\/","url":"https:\/\/portaltela.pt\/noticias\/2026\/03\/29\/antiga-funcionaria-de-tomar-e-vitima-mortal-de-colisao-em-ourem\/","name":"Antiga funcion\u00e1ria de Tomar \u00e9 v\u00edtima mortal de colis\u00e3o em Our\u00e9m - Portal Tela Portugal","isPartOf":{"@id":"https:\/\/portaltela.pt\/#website"},"primaryImageOfPage":{"@id":"https:\/\/portaltela.pt\/noticias\/2026\/03\/29\/antiga-funcionaria-de-tomar-e-vitima-mortal-de-colisao-em-ourem\/#primaryimage"},"image":{"@id":"https:\/\/portaltela.pt\/noticias\/2026\/03\/29\/antiga-funcionaria-de-tomar-e-vitima-mortal-de-colisao-em-ourem\/#primaryimage"},"thumbnailUrl":"https:\/\/portaltela.pt\/s.01k8rhncp4jt1\/2026\/03\/img_1280x721uu2026-03-29-16-50-22-2275453.jpg","datePublished":"2026-03-30T00:32:27+00:00","author":{"@id":"https:\/\/portaltela.pt\/#\/schema\/person\/c4278d4a6028830caff9ee44b42d32ed"},"breadcrumb":{"@id":"https:\/\/portaltela.pt\/noticias\/2026\/03\/29\/antiga-funcionaria-de-tomar-e-vitima-mortal-de-colisao-em-ourem\/#breadcrumb"},"inLanguage":"pt-PT","potentialAction":[{"@type":"ReadAction","target":["https:\/\/portaltela.pt\/noticias\/2026\/03\/29\/antiga-funcionaria-de-tomar-e-vitima-mortal-de-colisao-em-ourem\/"]}]},{"@type":"ImageObject","inLanguage":"pt-PT","@id":"https:\/\/portaltela.pt\/noticias\/2026\/03\/29\/antiga-funcionaria-de-tomar-e-vitima-mortal-de-colisao-em-ourem\/#primaryimage","url":"https:\/\/portaltela.pt\/s.01k8rhncp4jt1\/2026\/03\/img_1280x721uu2026-03-29-16-50-22-2275453.jpg","contentUrl":"https:\/\/portaltela.pt\/s.01k8rhncp4jt1\/2026\/03\/img_1280x721uu2026-03-29-16-50-22-2275453.jpg","width":796,"height":448,"caption":"Autarquia de Tomar, onde a v\u00edtima trabalhava, lamentou a trag\u00e9dia nas suas redes sociais"},{"@type":"BreadcrumbList","@id":"https:\/\/portaltela.pt\/noticias\/2026\/03\/29\/antiga-funcionaria-de-tomar-e-vitima-mortal-de-colisao-em-ourem\/#breadcrumb","itemListElement":[{"@type":"ListItem","position":1,"name":"In\u00edcio","item":"https:\/\/portaltela.pt\/"},{"@type":"ListItem","position":2,"name":"Antiga funcion\u00e1ria de Tomar \u00e9 v\u00edtima mortal de colis\u00e3o em Our\u00e9m"}]},{"@type":"WebSite","@id":"https:\/\/portaltela.pt\/#website","url":"https:\/\/portaltela.pt\/","name":"Portal Tela Portugal","description":"","potentialAction":[{"@type":"SearchAction","target":{"@type":"EntryPoint","urlTemplate":"https:\/\/portaltela.pt\/?s={search_term_string}"},"query-input":{"@type":"PropertyValueSpecification","valueRequired":true,"valueName":"search_term_string"}}],"inLanguage":"pt-PT"},{"@type":"Person","@id":"https:\/\/portaltela.pt\/#\/schema\/person\/c4278d4a6028830caff9ee44b42d32ed","name":"Telinha","image":{"@type":"ImageObject","inLanguage":"pt-PT","@id":"https:\/\/portaltela.pt\/s.01k8rhncp4jt1\/2025\/11\/talking-bot-125x125.png","url":"https:\/\/portaltela.pt\/s.01k8rhncp4jt1\/2025\/11\/talking-bot-125x125.png","contentUrl":"https:\/\/portaltela.pt\/s.01k8rhncp4jt1\/2025\/11\/talking-bot-125x125.png","caption":"Telinha"},"sameAs":["https:\/\/portaltela.pt\/"],"url":"https:\/\/portaltela.pt\/por\/367410592786\/"}]}},"_links":{"self":[{"href":"https:\/\/portaltela.pt\/api\/wp\/v2\/posts\/426400","targetHints":{"allow":["GET"]}}],"collection":[{"href":"https:\/\/portaltela.pt\/api\/wp\/v2\/posts"}],"about":[{"href":"https:\/\/portaltela.pt\/api\/wp\/v2\/types\/post"}],"author":[{"embeddable":true,"href":"https:\/\/portaltela.pt\/api\/wp\/v2\/users\/2"}],"replies":[{"embeddable":true,"href":"https:\/\/portaltela.pt\/api\/wp\/v2\/comments?post=426400"}],"version-history":[{"count":0,"href":"https:\/\/portaltela.pt\/api\/wp\/v2\/posts\/426400\/revisions"}],"wp:featuredmedia":[{"embeddable":true,"href":"https:\/\/portaltela.pt\/api\/wp\/v2\/media\/426402"}],"wp:attachment":[{"href":"https:\/\/portaltela.pt\/api\/wp\/v2\/media?parent=426400"}],"wp:term":[{"taxonomy":"category","embeddable":true,"href":"https:\/\/portaltela.pt\/api\/wp\/v2\/categories?post=426400"},{"taxonomy":"post_tag","embeddable":true,"href":"https:\/\/portaltela.pt\/api\/wp\/v2\/tags?post=426400"}],"curies":[{"name":"wp","href":"https:\/\/api.w.org\/{rel}","templated":true}]}}