{"id":426395,"date":"2026-03-29T21:32:17","date_gmt":"2026-03-30T00:32:17","guid":{"rendered":"https:\/\/portaltela.pt\/noticias\/2026\/03\/29\/pascoa-na-vila-regressa-a-cascais\/"},"modified":"2026-03-29T21:32:17","modified_gmt":"2026-03-30T00:32:17","slug":"pascoa-na-vila-regressa-a-cascais","status":"publish","type":"post","link":"https:\/\/portaltela.pt\/curiosidades\/2026\/03\/29\/pascoa-na-vila-regressa-a-cascais\/","title":{"rendered":"P\u00e1scoa na Vila regressa a Cascais"},"content":{"rendered":"<p>A P\u00e1scoa na Vila regressa a Cascais, no Parque da Quinta da Alagoa, em Carcavelos. A iniciativa acontece de 27 de mar\u00e7o a 12 de abril, com uma programa\u00e7\u00e3o especial pensada para toda a fam\u00edlia.<\/p>\n<p>A proposta inclui novas atividades, anima\u00e7\u00e3o e atra\u00e7\u00f5es para ocupar as f\u00e9rias pascais.<\/p>\n<p>Entre as atra\u00e7\u00f5es destacam-se trampolins, um slide, arborismo, uma mini roda e um comboio. Tamb\u00e9m h\u00e1 leituras de contos, pinturas faciais, m\u00fasica e op\u00e7\u00f5es de alimenta\u00e7\u00e3o.<\/p>\n<p>O evento oferece espa\u00e7o para diversas faixas et\u00e1rias, mantendo o foco em lazer familiar e entretenimento ao ar livre.<\/p>\n<p>A entrada \u00e9 gratuita, mas algumas atividades s\u00e3o pagas, permitindo escolher op\u00e7\u00f5es conforme o interesse e o or\u00e7amento dos visitantes.<\/p>\n<p>O objetivo \u00e9 proporcionar momentos de lazer durante o per\u00edodo festivo, com atividades variadas e dispon\u00edveis no local.<\/p>\n","protected":false},"excerpt":{"rendered":"<ul>\n<li>A P\u00e1scoa na Vila regressa a Cascais, no Parque da Quinta da Alagoa, em Carcavelos, de 27 de mar\u00e7o a 12 de abril.<\/li>\n<li>Organiza\u00e7\u00e3o com programa\u00e7\u00e3o especial, novas atividades, anima\u00e7\u00f5es e atra\u00e7\u00f5es para toda a fam\u00edlia.<\/li>\n<li>Oferece trampolins, slide, arborismo, mini roda, comboio, leitura de contos, pinturas faciais, m\u00fasica e comida.<\/li>\n<li>A entrada \u00e9 livre, mas algumas atividades s\u00e3o pagas.<\/li>\n<li>O evento coincide com as f\u00e9rias de P\u00e1scoa e com a aproxima\u00e7\u00e3o da quadra.<\/li>\n<\/ul>\n","protected":false},"author":2,"featured_media":426399,"comment_status":"closed","ping_status":"closed","sticky":false,"template":"","format":"standard","meta":{"footnotes":""},"categories":[7372,7384],"tags":[5812,3567,1111,64,7622,122],"class_list":["post-426395","post","type-post","status-publish","format-standard","has-post-thumbnail","hentry","category-comunidade","category-curiosidades","tag-animacao","tag-atividades","tag-cascais","tag-familia","tag-leituras","tag-musica"],"yoast_head":"<!-- This site is optimized with the Yoast SEO plugin v27.2 - https:\/\/yoast.com\/product\/yoast-seo-wordpress\/ -->\n<title>P\u00e1scoa na Vila regressa a Cascais - Portal Tela Portugal<\/title>\n<meta name=\"robots\" content=\"index, follow, max-snippet:-1, max-image-preview:large, max-video-preview:-1\" \/>\n<meta property=\"og:locale\" content=\"pt_PT\" \/>\n<meta property=\"og:type\" content=\"article\" \/>\n<meta property=\"og:title\" content=\"P\u00e1scoa na Vila regressa a Cascais - Portal Tela Portugal\" \/>\n<meta property=\"og:description\" content=\"A P\u00e1scoa na Vila regressa a Cascais, no Parque da Quinta da Alagoa, em Carcavelos, de 27 de mar\u00e7o a 12 de abril. Organiza\u00e7\u00e3o com programa\u00e7\u00e3o especial, novas atividades, anima\u00e7\u00f5es e atra\u00e7\u00f5es para toda a fam\u00edlia. Oferece trampolins, slide, arborismo, mini roda, comboio, leitura de contos, pinturas faciais, m\u00fasica e comida. A entrada \u00e9 livre, mas algumas atividades s\u00e3o pagas. O evento coincide com as f\u00e9rias de P\u00e1scoa e com a aproxima\u00e7\u00e3o da quadra.\" \/>\n<meta property=\"og:url\" content=\"https:\/\/portaltela.pt\/noticias\/2026\/03\/29\/pascoa-na-vila-regressa-a-cascais\/\" \/>\n<meta property=\"og:site_name\" content=\"Portal Tela Portugal\" \/>\n<meta property=\"article:published_time\" content=\"2026-03-30T00:32:17+00:00\" \/>\n<meta name=\"author\" content=\"Telinha\" \/>\n<meta name=\"twitter:card\" content=\"summary_large_image\" \/>\n<meta name=\"twitter:label1\" content=\"Escrito por\" \/>\n\t<meta name=\"twitter:data1\" content=\"Telinha\" \/>\n\t<meta name=\"twitter:label2\" content=\"Tempo estimado de leitura\" \/>\n\t<meta name=\"twitter:data2\" content=\"1 minuto\" \/>\n<script type=\"application\/ld+json\" class=\"yoast-schema-graph\">{\"@context\":\"https:\/\/schema.org\",\"@graph\":[{\"@type\":\"Article\",\"@id\":\"https:\/\/portaltela.pt\/noticias\/2026\/03\/29\/pascoa-na-vila-regressa-a-cascais\/#article\",\"isPartOf\":{\"@id\":\"https:\/\/portaltela.pt\/noticias\/2026\/03\/29\/pascoa-na-vila-regressa-a-cascais\/\"},\"author\":{\"name\":\"Telinha\",\"@id\":\"https:\/\/portaltela.pt\/#\/schema\/person\/c4278d4a6028830caff9ee44b42d32ed\"},\"headline\":\"P\u00e1scoa na Vila regressa a Cascais\",\"datePublished\":\"2026-03-30T00:32:17+00:00\",\"mainEntityOfPage\":{\"@id\":\"https:\/\/portaltela.pt\/noticias\/2026\/03\/29\/pascoa-na-vila-regressa-a-cascais\/\"},\"wordCount\":153,\"image\":{\"@id\":\"https:\/\/portaltela.pt\/noticias\/2026\/03\/29\/pascoa-na-vila-regressa-a-cascais\/#primaryimage\"},\"thumbnailUrl\":\"https:\/\/portaltela.pt\/s.01k8rhncp4jt1\/2026\/03\/image-1774.jpg\",\"keywords\":[\"anima\u00e7\u00e3o\",\"atividades\",\"Cascais\",\"fam\u00edlia\",\"leituras\",\"m\u00fasica\"],\"articleSection\":[\"Comunidade\",\"Curiosidades\"],\"inLanguage\":\"pt-PT\"},{\"@type\":\"WebPage\",\"@id\":\"https:\/\/portaltela.pt\/noticias\/2026\/03\/29\/pascoa-na-vila-regressa-a-cascais\/\",\"url\":\"https:\/\/portaltela.pt\/noticias\/2026\/03\/29\/pascoa-na-vila-regressa-a-cascais\/\",\"name\":\"P\u00e1scoa na Vila regressa a Cascais - Portal Tela Portugal\",\"isPartOf\":{\"@id\":\"https:\/\/portaltela.pt\/#website\"},\"primaryImageOfPage\":{\"@id\":\"https:\/\/portaltela.pt\/noticias\/2026\/03\/29\/pascoa-na-vila-regressa-a-cascais\/#primaryimage\"},\"image\":{\"@id\":\"https:\/\/portaltela.pt\/noticias\/2026\/03\/29\/pascoa-na-vila-regressa-a-cascais\/#primaryimage\"},\"thumbnailUrl\":\"https:\/\/portaltela.pt\/s.01k8rhncp4jt1\/2026\/03\/image-1774.jpg\",\"datePublished\":\"2026-03-30T00:32:17+00:00\",\"author\":{\"@id\":\"https:\/\/portaltela.pt\/#\/schema\/person\/c4278d4a6028830caff9ee44b42d32ed\"},\"breadcrumb\":{\"@id\":\"https:\/\/portaltela.pt\/noticias\/2026\/03\/29\/pascoa-na-vila-regressa-a-cascais\/#breadcrumb\"},\"inLanguage\":\"pt-PT\",\"potentialAction\":[{\"@type\":\"ReadAction\",\"target\":[\"https:\/\/portaltela.pt\/noticias\/2026\/03\/29\/pascoa-na-vila-regressa-a-cascais\/\"]}]},{\"@type\":\"ImageObject\",\"inLanguage\":\"pt-PT\",\"@id\":\"https:\/\/portaltela.pt\/noticias\/2026\/03\/29\/pascoa-na-vila-regressa-a-cascais\/#primaryimage\",\"url\":\"https:\/\/portaltela.pt\/s.01k8rhncp4jt1\/2026\/03\/image-1774.jpg\",\"contentUrl\":\"https:\/\/portaltela.pt\/s.01k8rhncp4jt1\/2026\/03\/image-1774.jpg\",\"width\":796,\"height\":448,\"caption\":\"Evento decorre at\u00e9 12 de abril, com entrada livre\"},{\"@type\":\"BreadcrumbList\",\"@id\":\"https:\/\/portaltela.pt\/noticias\/2026\/03\/29\/pascoa-na-vila-regressa-a-cascais\/#breadcrumb\",\"itemListElement\":[{\"@type\":\"ListItem\",\"position\":1,\"name\":\"In\u00edcio\",\"item\":\"https:\/\/portaltela.pt\/\"},{\"@type\":\"ListItem\",\"position\":2,\"name\":\"P\u00e1scoa na Vila regressa a Cascais\"}]},{\"@type\":\"WebSite\",\"@id\":\"https:\/\/portaltela.pt\/#website\",\"url\":\"https:\/\/portaltela.pt\/\",\"name\":\"Portal Tela Portugal\",\"description\":\"\",\"potentialAction\":[{\"@type\":\"SearchAction\",\"target\":{\"@type\":\"EntryPoint\",\"urlTemplate\":\"https:\/\/portaltela.pt\/?s={search_term_string}\"},\"query-input\":{\"@type\":\"PropertyValueSpecification\",\"valueRequired\":true,\"valueName\":\"search_term_string\"}}],\"inLanguage\":\"pt-PT\"},{\"@type\":\"Person\",\"@id\":\"https:\/\/portaltela.pt\/#\/schema\/person\/c4278d4a6028830caff9ee44b42d32ed\",\"name\":\"Telinha\",\"image\":{\"@type\":\"ImageObject\",\"inLanguage\":\"pt-PT\",\"@id\":\"https:\/\/portaltela.pt\/s.01k8rhncp4jt1\/2025\/11\/talking-bot-125x125.png\",\"url\":\"https:\/\/portaltela.pt\/s.01k8rhncp4jt1\/2025\/11\/talking-bot-125x125.png\",\"contentUrl\":\"https:\/\/portaltela.pt\/s.01k8rhncp4jt1\/2025\/11\/talking-bot-125x125.png\",\"caption\":\"Telinha\"},\"sameAs\":[\"https:\/\/portaltela.pt\/\"],\"url\":\"https:\/\/portaltela.pt\/por\/367410592786\/\"}]}<\/script>\n<!-- \/ Yoast SEO plugin. -->","yoast_head_json":{"title":"P\u00e1scoa na Vila regressa a Cascais - Portal Tela Portugal","robots":{"index":"index","follow":"follow","max-snippet":"max-snippet:-1","max-image-preview":"max-image-preview:large","max-video-preview":"max-video-preview:-1"},"og_locale":"pt_PT","og_type":"article","og_title":"P\u00e1scoa na Vila regressa a Cascais - Portal Tela Portugal","og_description":"A P\u00e1scoa na Vila regressa a Cascais, no Parque da Quinta da Alagoa, em Carcavelos, de 27 de mar\u00e7o a 12 de abril. Organiza\u00e7\u00e3o com programa\u00e7\u00e3o especial, novas atividades, anima\u00e7\u00f5es e atra\u00e7\u00f5es para toda a fam\u00edlia. Oferece trampolins, slide, arborismo, mini roda, comboio, leitura de contos, pinturas faciais, m\u00fasica e comida. A entrada \u00e9 livre, mas algumas atividades s\u00e3o pagas. O evento coincide com as f\u00e9rias de P\u00e1scoa e com a aproxima\u00e7\u00e3o da quadra.","og_url":"https:\/\/portaltela.pt\/noticias\/2026\/03\/29\/pascoa-na-vila-regressa-a-cascais\/","og_site_name":"Portal Tela Portugal","article_published_time":"2026-03-30T00:32:17+00:00","author":"Telinha","twitter_card":"summary_large_image","twitter_misc":{"Escrito por":"Telinha","Tempo estimado de leitura":"1 minuto"},"schema":{"@context":"https:\/\/schema.org","@graph":[{"@type":"Article","@id":"https:\/\/portaltela.pt\/noticias\/2026\/03\/29\/pascoa-na-vila-regressa-a-cascais\/#article","isPartOf":{"@id":"https:\/\/portaltela.pt\/noticias\/2026\/03\/29\/pascoa-na-vila-regressa-a-cascais\/"},"author":{"name":"Telinha","@id":"https:\/\/portaltela.pt\/#\/schema\/person\/c4278d4a6028830caff9ee44b42d32ed"},"headline":"P\u00e1scoa na Vila regressa a Cascais","datePublished":"2026-03-30T00:32:17+00:00","mainEntityOfPage":{"@id":"https:\/\/portaltela.pt\/noticias\/2026\/03\/29\/pascoa-na-vila-regressa-a-cascais\/"},"wordCount":153,"image":{"@id":"https:\/\/portaltela.pt\/noticias\/2026\/03\/29\/pascoa-na-vila-regressa-a-cascais\/#primaryimage"},"thumbnailUrl":"https:\/\/portaltela.pt\/s.01k8rhncp4jt1\/2026\/03\/image-1774.jpg","keywords":["anima\u00e7\u00e3o","atividades","Cascais","fam\u00edlia","leituras","m\u00fasica"],"articleSection":["Comunidade","Curiosidades"],"inLanguage":"pt-PT"},{"@type":"WebPage","@id":"https:\/\/portaltela.pt\/noticias\/2026\/03\/29\/pascoa-na-vila-regressa-a-cascais\/","url":"https:\/\/portaltela.pt\/noticias\/2026\/03\/29\/pascoa-na-vila-regressa-a-cascais\/","name":"P\u00e1scoa na Vila regressa a Cascais - Portal Tela Portugal","isPartOf":{"@id":"https:\/\/portaltela.pt\/#website"},"primaryImageOfPage":{"@id":"https:\/\/portaltela.pt\/noticias\/2026\/03\/29\/pascoa-na-vila-regressa-a-cascais\/#primaryimage"},"image":{"@id":"https:\/\/portaltela.pt\/noticias\/2026\/03\/29\/pascoa-na-vila-regressa-a-cascais\/#primaryimage"},"thumbnailUrl":"https:\/\/portaltela.pt\/s.01k8rhncp4jt1\/2026\/03\/image-1774.jpg","datePublished":"2026-03-30T00:32:17+00:00","author":{"@id":"https:\/\/portaltela.pt\/#\/schema\/person\/c4278d4a6028830caff9ee44b42d32ed"},"breadcrumb":{"@id":"https:\/\/portaltela.pt\/noticias\/2026\/03\/29\/pascoa-na-vila-regressa-a-cascais\/#breadcrumb"},"inLanguage":"pt-PT","potentialAction":[{"@type":"ReadAction","target":["https:\/\/portaltela.pt\/noticias\/2026\/03\/29\/pascoa-na-vila-regressa-a-cascais\/"]}]},{"@type":"ImageObject","inLanguage":"pt-PT","@id":"https:\/\/portaltela.pt\/noticias\/2026\/03\/29\/pascoa-na-vila-regressa-a-cascais\/#primaryimage","url":"https:\/\/portaltela.pt\/s.01k8rhncp4jt1\/2026\/03\/image-1774.jpg","contentUrl":"https:\/\/portaltela.pt\/s.01k8rhncp4jt1\/2026\/03\/image-1774.jpg","width":796,"height":448,"caption":"Evento decorre at\u00e9 12 de abril, com entrada livre"},{"@type":"BreadcrumbList","@id":"https:\/\/portaltela.pt\/noticias\/2026\/03\/29\/pascoa-na-vila-regressa-a-cascais\/#breadcrumb","itemListElement":[{"@type":"ListItem","position":1,"name":"In\u00edcio","item":"https:\/\/portaltela.pt\/"},{"@type":"ListItem","position":2,"name":"P\u00e1scoa na Vila regressa a Cascais"}]},{"@type":"WebSite","@id":"https:\/\/portaltela.pt\/#website","url":"https:\/\/portaltela.pt\/","name":"Portal Tela Portugal","description":"","potentialAction":[{"@type":"SearchAction","target":{"@type":"EntryPoint","urlTemplate":"https:\/\/portaltela.pt\/?s={search_term_string}"},"query-input":{"@type":"PropertyValueSpecification","valueRequired":true,"valueName":"search_term_string"}}],"inLanguage":"pt-PT"},{"@type":"Person","@id":"https:\/\/portaltela.pt\/#\/schema\/person\/c4278d4a6028830caff9ee44b42d32ed","name":"Telinha","image":{"@type":"ImageObject","inLanguage":"pt-PT","@id":"https:\/\/portaltela.pt\/s.01k8rhncp4jt1\/2025\/11\/talking-bot-125x125.png","url":"https:\/\/portaltela.pt\/s.01k8rhncp4jt1\/2025\/11\/talking-bot-125x125.png","contentUrl":"https:\/\/portaltela.pt\/s.01k8rhncp4jt1\/2025\/11\/talking-bot-125x125.png","caption":"Telinha"},"sameAs":["https:\/\/portaltela.pt\/"],"url":"https:\/\/portaltela.pt\/por\/367410592786\/"}]}},"_links":{"self":[{"href":"https:\/\/portaltela.pt\/api\/wp\/v2\/posts\/426395","targetHints":{"allow":["GET"]}}],"collection":[{"href":"https:\/\/portaltela.pt\/api\/wp\/v2\/posts"}],"about":[{"href":"https:\/\/portaltela.pt\/api\/wp\/v2\/types\/post"}],"author":[{"embeddable":true,"href":"https:\/\/portaltela.pt\/api\/wp\/v2\/users\/2"}],"replies":[{"embeddable":true,"href":"https:\/\/portaltela.pt\/api\/wp\/v2\/comments?post=426395"}],"version-history":[{"count":0,"href":"https:\/\/portaltela.pt\/api\/wp\/v2\/posts\/426395\/revisions"}],"wp:featuredmedia":[{"embeddable":true,"href":"https:\/\/portaltela.pt\/api\/wp\/v2\/media\/426399"}],"wp:attachment":[{"href":"https:\/\/portaltela.pt\/api\/wp\/v2\/media?parent=426395"}],"wp:term":[{"taxonomy":"category","embeddable":true,"href":"https:\/\/portaltela.pt\/api\/wp\/v2\/categories?post=426395"},{"taxonomy":"post_tag","embeddable":true,"href":"https:\/\/portaltela.pt\/api\/wp\/v2\/tags?post=426395"}],"curies":[{"name":"wp","href":"https:\/\/api.w.org\/{rel}","templated":true}]}}