{"id":426393,"date":"2026-03-29T21:32:10","date_gmt":"2026-03-30T00:32:10","guid":{"rendered":"https:\/\/portaltela.pt\/noticias\/2026\/03\/29\/homem-regou-os-filhos-com-gasolina-e-ateou-fogo-a-casa-em-vagos\/"},"modified":"2026-03-29T21:32:10","modified_gmt":"2026-03-30T00:32:10","slug":"homem-regou-os-filhos-com-gasolina-e-ateou-fogo-a-casa-em-vagos","status":"publish","type":"post","link":"https:\/\/portaltela.pt\/noticias\/2026\/03\/29\/homem-regou-os-filhos-com-gasolina-e-ateou-fogo-a-casa-em-vagos\/","title":{"rendered":"Homem regou os filhos com gasolina e ateou fogo \u00e0 casa em Vagos"},"content":{"rendered":"<p>O caso envolve um empres\u00e1rio ucraniano acusado de viol\u00eancia dom\u00e9stica grave e tentativa de homic\u00eddio contra a pr\u00f3pria fam\u00edlia, em Vagos. O arguido, de 45 anos, est\u00e1 a ser julgado no Tribunal de Aveiro. O processo descreve agress\u00f5es desde 2022 e um epis\u00f3dio em 10 de abril do ano passado.<\/p>\n<p>Segundo a acusa\u00e7\u00e3o, o homem decidiu atear fogo \u00e0 casa ap\u00f3s uma discuss\u00e3o com a parceira, que pediu aux\u00edlio \u00e0 GNR. O suspeito regou parte da casa, o corpo e roupas dos filhos com gasolina e ateou fogo.<\/p>\n<p>A m\u00e3e dos menores conseguiu refugiar-se com os filhos num quarto e chamou a GNR. O agressor lan\u00e7ou fogo na habita\u00e7\u00e3o e ainda incendiou dois carros na garagem, al\u00e9m de ter apontado fogo a um agente da autoridade.<\/p>\n<p>A crian\u00e7a mais nova foi retirada em chamas pela m\u00e3e, com queimaduras leves. A mais velha e a av\u00f3 conseguiram sair ap\u00f3s a chegada dos militares. O arguido manteve uma atitude agressiva diante dos agentes.<\/p>\n<h3>Acusa\u00e7\u00f5es e consequ\u00eancias<\/h3>\n<p>O Minist\u00e9rio P\u00fablico descreve o plano de atear fogo a locais com ref\u00fagio das v\u00edtimas, na perspetiva de causar mortes. O inqu\u00e9rito tamb\u00e9m regista epis\u00f3dios de maus-tratos durante a gravidez e agress\u00f5es f\u00edsicas \u00e0 v\u00edtima.<\/p>\n<h3>Situa\u00e7\u00e3o processual<\/h3>\n<p>O arguido est\u00e1 em pris\u00e3o preventiva na cadeia de Aveiro desde a deten\u00e7\u00e3o, ap\u00f3s ser apresentado a juiz de instru\u00e7\u00e3o criminal. O caso inclui quatro crimes de homic\u00eddio qualificado na forma tentada, tr\u00eas de viol\u00eancia dom\u00e9stica, um de inc\u00eandio e resist\u00eancia e coa\u00e7\u00e3o sobre funcion\u00e1rio.<\/p>\n<h3>Indemniza\u00e7\u00e3o solicitada<\/h3>\n<p>A acusa\u00e7\u00e3o requer indemniza\u00e7\u00e3o \u00e0s v\u00edtimas por danos morais e materiais, caso haja condena\u00e7\u00e3o. O MP afirma que as v\u00edtimas sofreram tristeza, vergonha e humilha\u00e7\u00e3o.<\/p>\n","protected":false},"excerpt":{"rendered":"<ul>\n<li>Em Vagos, um empres\u00e1rio ucraniano de 45 anos \u00e9 julgado por abusos contra a mulher e os dois filhos desde pelo menos 2022, na casa onde viviam.<\/li>\n<li>No dia 10 de abril do ano passado, alegadamente tentou matar a mulher, os dois filhos, de 4 e 14 anos, e a sogra, ao regar partes da casa com gasolina e atear fogo.<\/li>\n<li>A m\u00e3e dos menores refugiu-se com as crian\u00e7as e ligou para a GNR; o arguido ainda lan\u00e7ou gasolina na dire\u00e7\u00e3o de um agente da autoridade e fez amea\u00e7a de morte a todos.<\/li>\n<li>A crian\u00e7a mais nova foi salva pela m\u00e3e, que atravessou as chamas; a mais velha e a av\u00f3 conseguiram escapar ap\u00f3s a chegada dos militares; o arguido tamb\u00e9m ateou fogo a dois carros na garagem.<\/li>\n<li>O Minist\u00e9rio P\u00fablico pediu indemniza\u00e7\u00e3o \u00e0s v\u00edtimas e o arguido permanece em pris\u00e3o preventiva na cadeia de Aveiro.<\/li>\n<\/ul>\n","protected":false},"author":2,"featured_media":426394,"comment_status":"closed","ping_status":"closed","sticky":false,"template":"","format":"standard","meta":{"footnotes":""},"categories":[6815,1],"tags":[1059,1345,1438,4900,939,214],"class_list":["post-426393","post","type-post","status-publish","format-standard","has-post-thumbnail","hentry","category-justica","category-noticias","tag-aveiro","tag-homicidio","tag-incendio","tag-vagos","tag-violencia","tag-violencia-domestica"],"yoast_head":"<!-- This site is optimized with the Yoast SEO plugin v27.2 - https:\/\/yoast.com\/product\/yoast-seo-wordpress\/ -->\n<title>Homem regou os filhos com gasolina e ateou fogo \u00e0 casa em Vagos - Portal Tela Portugal<\/title>\n<meta name=\"robots\" content=\"index, follow, max-snippet:-1, max-image-preview:large, max-video-preview:-1\" \/>\n<meta property=\"og:locale\" content=\"pt_PT\" \/>\n<meta property=\"og:type\" content=\"article\" \/>\n<meta property=\"og:title\" content=\"Homem regou os filhos com gasolina e ateou fogo \u00e0 casa em Vagos - Portal Tela Portugal\" \/>\n<meta property=\"og:description\" content=\"Em Vagos, um empres\u00e1rio ucraniano de 45 anos \u00e9 julgado por abusos contra a mulher e os dois filhos desde pelo menos 2022, na casa onde viviam. No dia 10 de abril do ano passado, alegadamente tentou matar a mulher, os dois filhos, de 4 e 14 anos, e a sogra, ao regar partes da casa com gasolina e atear fogo. A m\u00e3e dos menores refugiu-se com as crian\u00e7as e ligou para a GNR; o arguido ainda lan\u00e7ou gasolina na dire\u00e7\u00e3o de um agente da autoridade e fez amea\u00e7a de morte a todos. A crian\u00e7a mais nova foi salva pela m\u00e3e, que atravessou as chamas; a mais velha e a av\u00f3 conseguiram escapar ap\u00f3s a chegada dos militares; o arguido tamb\u00e9m ateou fogo a dois carros na garagem. O Minist\u00e9rio P\u00fablico pediu indemniza\u00e7\u00e3o \u00e0s v\u00edtimas e o arguido permanece em pris\u00e3o preventiva na cadeia de Aveiro.\" \/>\n<meta property=\"og:url\" content=\"https:\/\/portaltela.pt\/noticias\/2026\/03\/29\/homem-regou-os-filhos-com-gasolina-e-ateou-fogo-a-casa-em-vagos\/\" \/>\n<meta property=\"og:site_name\" content=\"Portal Tela Portugal\" \/>\n<meta property=\"article:published_time\" content=\"2026-03-30T00:32:10+00:00\" \/>\n<meta name=\"author\" content=\"Telinha\" \/>\n<meta name=\"twitter:card\" content=\"summary_large_image\" \/>\n<meta name=\"twitter:label1\" content=\"Escrito por\" \/>\n\t<meta name=\"twitter:data1\" content=\"Telinha\" \/>\n\t<meta name=\"twitter:label2\" content=\"Tempo estimado de leitura\" \/>\n\t<meta name=\"twitter:data2\" content=\"2 minutos\" \/>\n<script type=\"application\/ld+json\" class=\"yoast-schema-graph\">{\"@context\":\"https:\/\/schema.org\",\"@graph\":[{\"@type\":\"Article\",\"@id\":\"https:\/\/portaltela.pt\/noticias\/2026\/03\/29\/homem-regou-os-filhos-com-gasolina-e-ateou-fogo-a-casa-em-vagos\/#article\",\"isPartOf\":{\"@id\":\"https:\/\/portaltela.pt\/noticias\/2026\/03\/29\/homem-regou-os-filhos-com-gasolina-e-ateou-fogo-a-casa-em-vagos\/\"},\"author\":{\"name\":\"Telinha\",\"@id\":\"https:\/\/portaltela.pt\/#\/schema\/person\/c4278d4a6028830caff9ee44b42d32ed\"},\"headline\":\"Homem regou os filhos com gasolina e ateou fogo \u00e0 casa em Vagos\",\"datePublished\":\"2026-03-30T00:32:10+00:00\",\"mainEntityOfPage\":{\"@id\":\"https:\/\/portaltela.pt\/noticias\/2026\/03\/29\/homem-regou-os-filhos-com-gasolina-e-ateou-fogo-a-casa-em-vagos\/\"},\"wordCount\":330,\"image\":{\"@id\":\"https:\/\/portaltela.pt\/noticias\/2026\/03\/29\/homem-regou-os-filhos-com-gasolina-e-ateou-fogo-a-casa-em-vagos\/#primaryimage\"},\"thumbnailUrl\":\"https:\/\/portaltela.pt\/s.01k8rhncp4jt1\/2026\/03\/img_1280x721uu2013-08-11-23-59-00-235705.jpg\",\"keywords\":[\"Aveiro\",\"homic\u00eddio\",\"inc\u00eandio\",\"Vagos\",\"viol\u00eancia\",\"viol\u00eancia dom\u00e9stica\"],\"articleSection\":[\"Justi\u00e7a\",\"Not\u00edcias\"],\"inLanguage\":\"pt-PT\"},{\"@type\":\"WebPage\",\"@id\":\"https:\/\/portaltela.pt\/noticias\/2026\/03\/29\/homem-regou-os-filhos-com-gasolina-e-ateou-fogo-a-casa-em-vagos\/\",\"url\":\"https:\/\/portaltela.pt\/noticias\/2026\/03\/29\/homem-regou-os-filhos-com-gasolina-e-ateou-fogo-a-casa-em-vagos\/\",\"name\":\"Homem regou os filhos com gasolina e ateou fogo \u00e0 casa em Vagos - Portal Tela Portugal\",\"isPartOf\":{\"@id\":\"https:\/\/portaltela.pt\/#website\"},\"primaryImageOfPage\":{\"@id\":\"https:\/\/portaltela.pt\/noticias\/2026\/03\/29\/homem-regou-os-filhos-com-gasolina-e-ateou-fogo-a-casa-em-vagos\/#primaryimage\"},\"image\":{\"@id\":\"https:\/\/portaltela.pt\/noticias\/2026\/03\/29\/homem-regou-os-filhos-com-gasolina-e-ateou-fogo-a-casa-em-vagos\/#primaryimage\"},\"thumbnailUrl\":\"https:\/\/portaltela.pt\/s.01k8rhncp4jt1\/2026\/03\/img_1280x721uu2013-08-11-23-59-00-235705.jpg\",\"datePublished\":\"2026-03-30T00:32:10+00:00\",\"author\":{\"@id\":\"https:\/\/portaltela.pt\/#\/schema\/person\/c4278d4a6028830caff9ee44b42d32ed\"},\"breadcrumb\":{\"@id\":\"https:\/\/portaltela.pt\/noticias\/2026\/03\/29\/homem-regou-os-filhos-com-gasolina-e-ateou-fogo-a-casa-em-vagos\/#breadcrumb\"},\"inLanguage\":\"pt-PT\",\"potentialAction\":[{\"@type\":\"ReadAction\",\"target\":[\"https:\/\/portaltela.pt\/noticias\/2026\/03\/29\/homem-regou-os-filhos-com-gasolina-e-ateou-fogo-a-casa-em-vagos\/\"]}]},{\"@type\":\"ImageObject\",\"inLanguage\":\"pt-PT\",\"@id\":\"https:\/\/portaltela.pt\/noticias\/2026\/03\/29\/homem-regou-os-filhos-com-gasolina-e-ateou-fogo-a-casa-em-vagos\/#primaryimage\",\"url\":\"https:\/\/portaltela.pt\/s.01k8rhncp4jt1\/2026\/03\/img_1280x721uu2013-08-11-23-59-00-235705.jpg\",\"contentUrl\":\"https:\/\/portaltela.pt\/s.01k8rhncp4jt1\/2026\/03\/img_1280x721uu2013-08-11-23-59-00-235705.jpg\",\"width\":796,\"height\":448,\"caption\":\"Photo\"},{\"@type\":\"BreadcrumbList\",\"@id\":\"https:\/\/portaltela.pt\/noticias\/2026\/03\/29\/homem-regou-os-filhos-com-gasolina-e-ateou-fogo-a-casa-em-vagos\/#breadcrumb\",\"itemListElement\":[{\"@type\":\"ListItem\",\"position\":1,\"name\":\"In\u00edcio\",\"item\":\"https:\/\/portaltela.pt\/\"},{\"@type\":\"ListItem\",\"position\":2,\"name\":\"Homem regou os filhos com gasolina e ateou fogo \u00e0 casa em Vagos\"}]},{\"@type\":\"WebSite\",\"@id\":\"https:\/\/portaltela.pt\/#website\",\"url\":\"https:\/\/portaltela.pt\/\",\"name\":\"Portal Tela Portugal\",\"description\":\"\",\"potentialAction\":[{\"@type\":\"SearchAction\",\"target\":{\"@type\":\"EntryPoint\",\"urlTemplate\":\"https:\/\/portaltela.pt\/?s={search_term_string}\"},\"query-input\":{\"@type\":\"PropertyValueSpecification\",\"valueRequired\":true,\"valueName\":\"search_term_string\"}}],\"inLanguage\":\"pt-PT\"},{\"@type\":\"Person\",\"@id\":\"https:\/\/portaltela.pt\/#\/schema\/person\/c4278d4a6028830caff9ee44b42d32ed\",\"name\":\"Telinha\",\"image\":{\"@type\":\"ImageObject\",\"inLanguage\":\"pt-PT\",\"@id\":\"https:\/\/portaltela.pt\/s.01k8rhncp4jt1\/2025\/11\/talking-bot-125x125.png\",\"url\":\"https:\/\/portaltela.pt\/s.01k8rhncp4jt1\/2025\/11\/talking-bot-125x125.png\",\"contentUrl\":\"https:\/\/portaltela.pt\/s.01k8rhncp4jt1\/2025\/11\/talking-bot-125x125.png\",\"caption\":\"Telinha\"},\"sameAs\":[\"https:\/\/portaltela.pt\/\"],\"url\":\"https:\/\/portaltela.pt\/por\/367410592786\/\"}]}<\/script>\n<!-- \/ Yoast SEO plugin. -->","yoast_head_json":{"title":"Homem regou os filhos com gasolina e ateou fogo \u00e0 casa em Vagos - Portal Tela Portugal","robots":{"index":"index","follow":"follow","max-snippet":"max-snippet:-1","max-image-preview":"max-image-preview:large","max-video-preview":"max-video-preview:-1"},"og_locale":"pt_PT","og_type":"article","og_title":"Homem regou os filhos com gasolina e ateou fogo \u00e0 casa em Vagos - Portal Tela Portugal","og_description":"Em Vagos, um empres\u00e1rio ucraniano de 45 anos \u00e9 julgado por abusos contra a mulher e os dois filhos desde pelo menos 2022, na casa onde viviam. No dia 10 de abril do ano passado, alegadamente tentou matar a mulher, os dois filhos, de 4 e 14 anos, e a sogra, ao regar partes da casa com gasolina e atear fogo. A m\u00e3e dos menores refugiu-se com as crian\u00e7as e ligou para a GNR; o arguido ainda lan\u00e7ou gasolina na dire\u00e7\u00e3o de um agente da autoridade e fez amea\u00e7a de morte a todos. A crian\u00e7a mais nova foi salva pela m\u00e3e, que atravessou as chamas; a mais velha e a av\u00f3 conseguiram escapar ap\u00f3s a chegada dos militares; o arguido tamb\u00e9m ateou fogo a dois carros na garagem. O Minist\u00e9rio P\u00fablico pediu indemniza\u00e7\u00e3o \u00e0s v\u00edtimas e o arguido permanece em pris\u00e3o preventiva na cadeia de Aveiro.","og_url":"https:\/\/portaltela.pt\/noticias\/2026\/03\/29\/homem-regou-os-filhos-com-gasolina-e-ateou-fogo-a-casa-em-vagos\/","og_site_name":"Portal Tela Portugal","article_published_time":"2026-03-30T00:32:10+00:00","author":"Telinha","twitter_card":"summary_large_image","twitter_misc":{"Escrito por":"Telinha","Tempo estimado de leitura":"2 minutos"},"schema":{"@context":"https:\/\/schema.org","@graph":[{"@type":"Article","@id":"https:\/\/portaltela.pt\/noticias\/2026\/03\/29\/homem-regou-os-filhos-com-gasolina-e-ateou-fogo-a-casa-em-vagos\/#article","isPartOf":{"@id":"https:\/\/portaltela.pt\/noticias\/2026\/03\/29\/homem-regou-os-filhos-com-gasolina-e-ateou-fogo-a-casa-em-vagos\/"},"author":{"name":"Telinha","@id":"https:\/\/portaltela.pt\/#\/schema\/person\/c4278d4a6028830caff9ee44b42d32ed"},"headline":"Homem regou os filhos com gasolina e ateou fogo \u00e0 casa em Vagos","datePublished":"2026-03-30T00:32:10+00:00","mainEntityOfPage":{"@id":"https:\/\/portaltela.pt\/noticias\/2026\/03\/29\/homem-regou-os-filhos-com-gasolina-e-ateou-fogo-a-casa-em-vagos\/"},"wordCount":330,"image":{"@id":"https:\/\/portaltela.pt\/noticias\/2026\/03\/29\/homem-regou-os-filhos-com-gasolina-e-ateou-fogo-a-casa-em-vagos\/#primaryimage"},"thumbnailUrl":"https:\/\/portaltela.pt\/s.01k8rhncp4jt1\/2026\/03\/img_1280x721uu2013-08-11-23-59-00-235705.jpg","keywords":["Aveiro","homic\u00eddio","inc\u00eandio","Vagos","viol\u00eancia","viol\u00eancia dom\u00e9stica"],"articleSection":["Justi\u00e7a","Not\u00edcias"],"inLanguage":"pt-PT"},{"@type":"WebPage","@id":"https:\/\/portaltela.pt\/noticias\/2026\/03\/29\/homem-regou-os-filhos-com-gasolina-e-ateou-fogo-a-casa-em-vagos\/","url":"https:\/\/portaltela.pt\/noticias\/2026\/03\/29\/homem-regou-os-filhos-com-gasolina-e-ateou-fogo-a-casa-em-vagos\/","name":"Homem regou os filhos com gasolina e ateou fogo \u00e0 casa em Vagos - Portal Tela Portugal","isPartOf":{"@id":"https:\/\/portaltela.pt\/#website"},"primaryImageOfPage":{"@id":"https:\/\/portaltela.pt\/noticias\/2026\/03\/29\/homem-regou-os-filhos-com-gasolina-e-ateou-fogo-a-casa-em-vagos\/#primaryimage"},"image":{"@id":"https:\/\/portaltela.pt\/noticias\/2026\/03\/29\/homem-regou-os-filhos-com-gasolina-e-ateou-fogo-a-casa-em-vagos\/#primaryimage"},"thumbnailUrl":"https:\/\/portaltela.pt\/s.01k8rhncp4jt1\/2026\/03\/img_1280x721uu2013-08-11-23-59-00-235705.jpg","datePublished":"2026-03-30T00:32:10+00:00","author":{"@id":"https:\/\/portaltela.pt\/#\/schema\/person\/c4278d4a6028830caff9ee44b42d32ed"},"breadcrumb":{"@id":"https:\/\/portaltela.pt\/noticias\/2026\/03\/29\/homem-regou-os-filhos-com-gasolina-e-ateou-fogo-a-casa-em-vagos\/#breadcrumb"},"inLanguage":"pt-PT","potentialAction":[{"@type":"ReadAction","target":["https:\/\/portaltela.pt\/noticias\/2026\/03\/29\/homem-regou-os-filhos-com-gasolina-e-ateou-fogo-a-casa-em-vagos\/"]}]},{"@type":"ImageObject","inLanguage":"pt-PT","@id":"https:\/\/portaltela.pt\/noticias\/2026\/03\/29\/homem-regou-os-filhos-com-gasolina-e-ateou-fogo-a-casa-em-vagos\/#primaryimage","url":"https:\/\/portaltela.pt\/s.01k8rhncp4jt1\/2026\/03\/img_1280x721uu2013-08-11-23-59-00-235705.jpg","contentUrl":"https:\/\/portaltela.pt\/s.01k8rhncp4jt1\/2026\/03\/img_1280x721uu2013-08-11-23-59-00-235705.jpg","width":796,"height":448,"caption":"Photo"},{"@type":"BreadcrumbList","@id":"https:\/\/portaltela.pt\/noticias\/2026\/03\/29\/homem-regou-os-filhos-com-gasolina-e-ateou-fogo-a-casa-em-vagos\/#breadcrumb","itemListElement":[{"@type":"ListItem","position":1,"name":"In\u00edcio","item":"https:\/\/portaltela.pt\/"},{"@type":"ListItem","position":2,"name":"Homem regou os filhos com gasolina e ateou fogo \u00e0 casa em Vagos"}]},{"@type":"WebSite","@id":"https:\/\/portaltela.pt\/#website","url":"https:\/\/portaltela.pt\/","name":"Portal Tela Portugal","description":"","potentialAction":[{"@type":"SearchAction","target":{"@type":"EntryPoint","urlTemplate":"https:\/\/portaltela.pt\/?s={search_term_string}"},"query-input":{"@type":"PropertyValueSpecification","valueRequired":true,"valueName":"search_term_string"}}],"inLanguage":"pt-PT"},{"@type":"Person","@id":"https:\/\/portaltela.pt\/#\/schema\/person\/c4278d4a6028830caff9ee44b42d32ed","name":"Telinha","image":{"@type":"ImageObject","inLanguage":"pt-PT","@id":"https:\/\/portaltela.pt\/s.01k8rhncp4jt1\/2025\/11\/talking-bot-125x125.png","url":"https:\/\/portaltela.pt\/s.01k8rhncp4jt1\/2025\/11\/talking-bot-125x125.png","contentUrl":"https:\/\/portaltela.pt\/s.01k8rhncp4jt1\/2025\/11\/talking-bot-125x125.png","caption":"Telinha"},"sameAs":["https:\/\/portaltela.pt\/"],"url":"https:\/\/portaltela.pt\/por\/367410592786\/"}]}},"_links":{"self":[{"href":"https:\/\/portaltela.pt\/api\/wp\/v2\/posts\/426393","targetHints":{"allow":["GET"]}}],"collection":[{"href":"https:\/\/portaltela.pt\/api\/wp\/v2\/posts"}],"about":[{"href":"https:\/\/portaltela.pt\/api\/wp\/v2\/types\/post"}],"author":[{"embeddable":true,"href":"https:\/\/portaltela.pt\/api\/wp\/v2\/users\/2"}],"replies":[{"embeddable":true,"href":"https:\/\/portaltela.pt\/api\/wp\/v2\/comments?post=426393"}],"version-history":[{"count":0,"href":"https:\/\/portaltela.pt\/api\/wp\/v2\/posts\/426393\/revisions"}],"wp:featuredmedia":[{"embeddable":true,"href":"https:\/\/portaltela.pt\/api\/wp\/v2\/media\/426394"}],"wp:attachment":[{"href":"https:\/\/portaltela.pt\/api\/wp\/v2\/media?parent=426393"}],"wp:term":[{"taxonomy":"category","embeddable":true,"href":"https:\/\/portaltela.pt\/api\/wp\/v2\/categories?post=426393"},{"taxonomy":"post_tag","embeddable":true,"href":"https:\/\/portaltela.pt\/api\/wp\/v2\/tags?post=426393"}],"curies":[{"name":"wp","href":"https:\/\/api.w.org\/{rel}","templated":true}]}}