{"id":426384,"date":"2026-03-29T20:47:18","date_gmt":"2026-03-29T23:47:18","guid":{"rendered":"https:\/\/portaltela.pt\/noticias\/2026\/03\/29\/bezzecchi-vence-nos-eua-e-recupera-lideranca-do-mundial-de-motogp\/"},"modified":"2026-03-29T20:47:18","modified_gmt":"2026-03-29T23:47:18","slug":"bezzecchi-vence-nos-eua-e-recupera-lideranca-do-mundial-de-motogp","status":"publish","type":"post","link":"https:\/\/portaltela.pt\/desporto\/copa-do-mundo\/2026\/03\/29\/bezzecchi-vence-nos-eua-e-recupera-lideranca-do-mundial-de-motogp\/","title":{"rendered":"Bezzecchi vence nos EUA e recupera lideran\u00e7a do Mundial de MotoGP"},"content":{"rendered":"<p>O italiano Marco Bezzecchi (Aprilia) venceu o Grande Pr\u00e9mio dos Estados Unidos de MotoGP, terceira ronda da temporada, recuperando a lideran\u00e7a do Mundial. A prova terminou com Bezzecchi a vencer por 2,036 segundos sobre o companheiro de equipa Jorge Martin e por 4,497 segundos sobre Pedro Acosta (KTM).<\/p>\n<p>Bezzecchi partiu na frente na primeira volta, ap\u00f3s um bom arranque de Pedro Acosta, e manteve a posi\u00e7\u00e3o at\u00e9 \u00e0 meta. A vit\u00f3ria marca a terceira corrida consecutiva da \u00e9poca para o piloto da Aprilia, numa sequ\u00eancia iniciada no GP da Tail\u00e2ndia de 2025.<\/p>\n<p>Acosta, que na v\u00e9spera tinha sido sancionado por press\u00e3o de pneus abaixo do permitido, perdeu o terceiro lugar na corrida sprint e terminou hoje num resultado menos favor\u00e1vel, caindo para oitavo na corrida. O triunfo difere do que obteve no s\u00e1bado, quando acabou por n\u00e3o subir ao p\u00f3dio.<\/p>\n<p>O p\u00f3dio ficou completo com o espanhol Dani Pedrosa, que na MotoGP n\u00e3o participa, corrige-se: na verdade o p\u00f3dio foi ocupado por Fabio Di Giannantonio (Ducati), que finalizou \u00e0 frente de Marc M\u00e1rquez (Ducati). M\u00e1rquez, envolvido numa queda no s\u00e1bado, recuperou posi\u00e7\u00f5es para terminar quinto, a 8,1 segundos do vencedor.<\/p>\n<p>Bezzecchi ascendeu \u00e0 lideran\u00e7a do campeonato com 81 pontos, quatro \u00e0 frente de Jorge Mart\u00edn. Pedro Acosta segue em terceiro, com 60 pontos. O pr\u00f3ximo epis\u00f3dio do Mundial acontece em Espanha, no circuito de Jerez de la Fronteira, entre 24 e 26 de abril.<\/p>\n","protected":false},"excerpt":{"rendered":"<ul>\n<li>Marco Bezzecchi (Aprilia) venceu o Grande Pr\u00e9mio dos Estados Unidos, a terceira ronda da temporada, recuperando a lideran\u00e7a do Mundial com 81 pontos.<\/li>\n<li>Bezzecchi terminou com 2,036 segundos de vantagem sobre o compatriota Jorge Martin (Aprilia) e 4,497 segundos sobre Pedro Acosta (KTM).<\/li>\n<li>Pedro Acosta, sancionado na v\u00e9spera por ter press\u00e3o de pneus demasiado baixa, terminou na terceira posi\u00e7\u00e3o na corrida de hoje e ficou fora da frente na sprint.<\/li>\n<li>O veterano M\u00e1rquez apenas conseguiu o quinto lugar, ap\u00f3s cair no s\u00e1bado; DiGiannantonio (Ducati) ficou \u00e0 frente do espanhol na forma\u00e7\u00e3o final.<\/li>\n<li>O piloto italiano igualou uma s\u00e9rie de vit\u00f3rias consecutivas nesta temporada (tr\u00eas vit\u00f3rias seguidas) e bateu o recorde de 104 voltas na lideran\u00e7a; a pr\u00f3xima prova \u00e9 o GP de Espanha, em Jerez, de 24 a 26 de abril.<\/li>\n<\/ul>\n","protected":false},"author":2,"featured_media":426385,"comment_status":"closed","ping_status":"closed","sticky":false,"template":"","format":"standard","meta":{"footnotes":""},"categories":[6695,21],"tags":[3504,5417,152,2467,2031,5972],"class_list":["post-426384","post","type-post","status-publish","format-standard","has-post-thumbnail","hentry","category-copa-do-mundo","category-desporto","tag-corridas","tag-corridas-internacionais","tag-desporto","tag-desportos-motorizados","tag-espanha","tag-pilotos"],"yoast_head":"<!-- This site is optimized with the Yoast SEO plugin v27.2 - https:\/\/yoast.com\/product\/yoast-seo-wordpress\/ -->\n<title>Bezzecchi vence nos EUA e recupera lideran\u00e7a do Mundial de MotoGP - Portal Tela Portugal<\/title>\n<meta name=\"robots\" content=\"index, follow, max-snippet:-1, max-image-preview:large, max-video-preview:-1\" \/>\n<meta property=\"og:locale\" content=\"pt_PT\" \/>\n<meta property=\"og:type\" content=\"article\" \/>\n<meta property=\"og:title\" content=\"Bezzecchi vence nos EUA e recupera lideran\u00e7a do Mundial de MotoGP - Portal Tela Portugal\" \/>\n<meta property=\"og:description\" content=\"Marco Bezzecchi (Aprilia) venceu o Grande Pr\u00e9mio dos Estados Unidos, a terceira ronda da temporada, recuperando a lideran\u00e7a do Mundial com 81 pontos. Bezzecchi terminou com 2,036 segundos de vantagem sobre o compatriota Jorge Martin (Aprilia) e 4,497 segundos sobre Pedro Acosta (KTM). Pedro Acosta, sancionado na v\u00e9spera por ter press\u00e3o de pneus demasiado baixa, terminou na terceira posi\u00e7\u00e3o na corrida de hoje e ficou fora da frente na sprint. O veterano M\u00e1rquez apenas conseguiu o quinto lugar, ap\u00f3s cair no s\u00e1bado; DiGiannantonio (Ducati) ficou \u00e0 frente do espanhol na forma\u00e7\u00e3o final. O piloto italiano igualou uma s\u00e9rie de vit\u00f3rias consecutivas nesta temporada (tr\u00eas vit\u00f3rias seguidas) e bateu o recorde de 104 voltas na lideran\u00e7a; a pr\u00f3xima prova \u00e9 o GP de Espanha, em Jerez, de 24 a 26 de abril.\" \/>\n<meta property=\"og:url\" content=\"https:\/\/portaltela.pt\/noticias\/2026\/03\/29\/bezzecchi-vence-nos-eua-e-recupera-lideranca-do-mundial-de-motogp\/\" \/>\n<meta property=\"og:site_name\" content=\"Portal Tela Portugal\" \/>\n<meta property=\"article:published_time\" content=\"2026-03-29T23:47:18+00:00\" \/>\n<meta name=\"author\" content=\"Telinha\" \/>\n<meta name=\"twitter:card\" content=\"summary_large_image\" \/>\n<meta name=\"twitter:label1\" content=\"Escrito por\" \/>\n\t<meta name=\"twitter:data1\" content=\"Telinha\" \/>\n\t<meta name=\"twitter:label2\" content=\"Tempo estimado de leitura\" \/>\n\t<meta name=\"twitter:data2\" content=\"1 minuto\" \/>\n<script type=\"application\/ld+json\" class=\"yoast-schema-graph\">{\"@context\":\"https:\/\/schema.org\",\"@graph\":[{\"@type\":\"Article\",\"@id\":\"https:\/\/portaltela.pt\/noticias\/2026\/03\/29\/bezzecchi-vence-nos-eua-e-recupera-lideranca-do-mundial-de-motogp\/#article\",\"isPartOf\":{\"@id\":\"https:\/\/portaltela.pt\/noticias\/2026\/03\/29\/bezzecchi-vence-nos-eua-e-recupera-lideranca-do-mundial-de-motogp\/\"},\"author\":{\"name\":\"Telinha\",\"@id\":\"https:\/\/portaltela.pt\/#\/schema\/person\/c4278d4a6028830caff9ee44b42d32ed\"},\"headline\":\"Bezzecchi vence nos EUA e recupera lideran\u00e7a do Mundial de MotoGP\",\"datePublished\":\"2026-03-29T23:47:18+00:00\",\"mainEntityOfPage\":{\"@id\":\"https:\/\/portaltela.pt\/noticias\/2026\/03\/29\/bezzecchi-vence-nos-eua-e-recupera-lideranca-do-mundial-de-motogp\/\"},\"wordCount\":258,\"image\":{\"@id\":\"https:\/\/portaltela.pt\/noticias\/2026\/03\/29\/bezzecchi-vence-nos-eua-e-recupera-lideranca-do-mundial-de-motogp\/#primaryimage\"},\"thumbnailUrl\":\"https:\/\/portaltela.pt\/s.01k8rhncp4jt1\/2026\/03\/img_920x518uu2026-03-30-00-27-33-2430055.jpg\",\"keywords\":[\"corridas\",\"corridas internacionais\",\"desporto\",\"Desportos Motorizados\",\"Espanha\",\"pilotos\"],\"articleSection\":[\"Copa do Mundo\",\"Desporto\"],\"inLanguage\":\"pt-PT\"},{\"@type\":\"WebPage\",\"@id\":\"https:\/\/portaltela.pt\/noticias\/2026\/03\/29\/bezzecchi-vence-nos-eua-e-recupera-lideranca-do-mundial-de-motogp\/\",\"url\":\"https:\/\/portaltela.pt\/noticias\/2026\/03\/29\/bezzecchi-vence-nos-eua-e-recupera-lideranca-do-mundial-de-motogp\/\",\"name\":\"Bezzecchi vence nos EUA e recupera lideran\u00e7a do Mundial de MotoGP - Portal Tela Portugal\",\"isPartOf\":{\"@id\":\"https:\/\/portaltela.pt\/#website\"},\"primaryImageOfPage\":{\"@id\":\"https:\/\/portaltela.pt\/noticias\/2026\/03\/29\/bezzecchi-vence-nos-eua-e-recupera-lideranca-do-mundial-de-motogp\/#primaryimage\"},\"image\":{\"@id\":\"https:\/\/portaltela.pt\/noticias\/2026\/03\/29\/bezzecchi-vence-nos-eua-e-recupera-lideranca-do-mundial-de-motogp\/#primaryimage\"},\"thumbnailUrl\":\"https:\/\/portaltela.pt\/s.01k8rhncp4jt1\/2026\/03\/img_920x518uu2026-03-30-00-27-33-2430055.jpg\",\"datePublished\":\"2026-03-29T23:47:18+00:00\",\"author\":{\"@id\":\"https:\/\/portaltela.pt\/#\/schema\/person\/c4278d4a6028830caff9ee44b42d32ed\"},\"breadcrumb\":{\"@id\":\"https:\/\/portaltela.pt\/noticias\/2026\/03\/29\/bezzecchi-vence-nos-eua-e-recupera-lideranca-do-mundial-de-motogp\/#breadcrumb\"},\"inLanguage\":\"pt-PT\",\"potentialAction\":[{\"@type\":\"ReadAction\",\"target\":[\"https:\/\/portaltela.pt\/noticias\/2026\/03\/29\/bezzecchi-vence-nos-eua-e-recupera-lideranca-do-mundial-de-motogp\/\"]}]},{\"@type\":\"ImageObject\",\"inLanguage\":\"pt-PT\",\"@id\":\"https:\/\/portaltela.pt\/noticias\/2026\/03\/29\/bezzecchi-vence-nos-eua-e-recupera-lideranca-do-mundial-de-motogp\/#primaryimage\",\"url\":\"https:\/\/portaltela.pt\/s.01k8rhncp4jt1\/2026\/03\/img_920x518uu2026-03-30-00-27-33-2430055.jpg\",\"contentUrl\":\"https:\/\/portaltela.pt\/s.01k8rhncp4jt1\/2026\/03\/img_920x518uu2026-03-30-00-27-33-2430055.jpg\",\"width\":796,\"height\":448,\"caption\":\"Marco Bezzecchi festeja a conquista do GP dos Estados Unidos\"},{\"@type\":\"BreadcrumbList\",\"@id\":\"https:\/\/portaltela.pt\/noticias\/2026\/03\/29\/bezzecchi-vence-nos-eua-e-recupera-lideranca-do-mundial-de-motogp\/#breadcrumb\",\"itemListElement\":[{\"@type\":\"ListItem\",\"position\":1,\"name\":\"In\u00edcio\",\"item\":\"https:\/\/portaltela.pt\/\"},{\"@type\":\"ListItem\",\"position\":2,\"name\":\"Bezzecchi vence nos EUA e recupera lideran\u00e7a do Mundial de MotoGP\"}]},{\"@type\":\"WebSite\",\"@id\":\"https:\/\/portaltela.pt\/#website\",\"url\":\"https:\/\/portaltela.pt\/\",\"name\":\"Portal Tela Portugal\",\"description\":\"\",\"potentialAction\":[{\"@type\":\"SearchAction\",\"target\":{\"@type\":\"EntryPoint\",\"urlTemplate\":\"https:\/\/portaltela.pt\/?s={search_term_string}\"},\"query-input\":{\"@type\":\"PropertyValueSpecification\",\"valueRequired\":true,\"valueName\":\"search_term_string\"}}],\"inLanguage\":\"pt-PT\"},{\"@type\":\"Person\",\"@id\":\"https:\/\/portaltela.pt\/#\/schema\/person\/c4278d4a6028830caff9ee44b42d32ed\",\"name\":\"Telinha\",\"image\":{\"@type\":\"ImageObject\",\"inLanguage\":\"pt-PT\",\"@id\":\"https:\/\/portaltela.pt\/s.01k8rhncp4jt1\/2025\/11\/talking-bot-125x125.png\",\"url\":\"https:\/\/portaltela.pt\/s.01k8rhncp4jt1\/2025\/11\/talking-bot-125x125.png\",\"contentUrl\":\"https:\/\/portaltela.pt\/s.01k8rhncp4jt1\/2025\/11\/talking-bot-125x125.png\",\"caption\":\"Telinha\"},\"sameAs\":[\"https:\/\/portaltela.pt\/\"],\"url\":\"https:\/\/portaltela.pt\/por\/367410592786\/\"}]}<\/script>\n<!-- \/ Yoast SEO plugin. -->","yoast_head_json":{"title":"Bezzecchi vence nos EUA e recupera lideran\u00e7a do Mundial de MotoGP - Portal Tela Portugal","robots":{"index":"index","follow":"follow","max-snippet":"max-snippet:-1","max-image-preview":"max-image-preview:large","max-video-preview":"max-video-preview:-1"},"og_locale":"pt_PT","og_type":"article","og_title":"Bezzecchi vence nos EUA e recupera lideran\u00e7a do Mundial de MotoGP - Portal Tela Portugal","og_description":"Marco Bezzecchi (Aprilia) venceu o Grande Pr\u00e9mio dos Estados Unidos, a terceira ronda da temporada, recuperando a lideran\u00e7a do Mundial com 81 pontos. Bezzecchi terminou com 2,036 segundos de vantagem sobre o compatriota Jorge Martin (Aprilia) e 4,497 segundos sobre Pedro Acosta (KTM). Pedro Acosta, sancionado na v\u00e9spera por ter press\u00e3o de pneus demasiado baixa, terminou na terceira posi\u00e7\u00e3o na corrida de hoje e ficou fora da frente na sprint. O veterano M\u00e1rquez apenas conseguiu o quinto lugar, ap\u00f3s cair no s\u00e1bado; DiGiannantonio (Ducati) ficou \u00e0 frente do espanhol na forma\u00e7\u00e3o final. O piloto italiano igualou uma s\u00e9rie de vit\u00f3rias consecutivas nesta temporada (tr\u00eas vit\u00f3rias seguidas) e bateu o recorde de 104 voltas na lideran\u00e7a; a pr\u00f3xima prova \u00e9 o GP de Espanha, em Jerez, de 24 a 26 de abril.","og_url":"https:\/\/portaltela.pt\/noticias\/2026\/03\/29\/bezzecchi-vence-nos-eua-e-recupera-lideranca-do-mundial-de-motogp\/","og_site_name":"Portal Tela Portugal","article_published_time":"2026-03-29T23:47:18+00:00","author":"Telinha","twitter_card":"summary_large_image","twitter_misc":{"Escrito por":"Telinha","Tempo estimado de leitura":"1 minuto"},"schema":{"@context":"https:\/\/schema.org","@graph":[{"@type":"Article","@id":"https:\/\/portaltela.pt\/noticias\/2026\/03\/29\/bezzecchi-vence-nos-eua-e-recupera-lideranca-do-mundial-de-motogp\/#article","isPartOf":{"@id":"https:\/\/portaltela.pt\/noticias\/2026\/03\/29\/bezzecchi-vence-nos-eua-e-recupera-lideranca-do-mundial-de-motogp\/"},"author":{"name":"Telinha","@id":"https:\/\/portaltela.pt\/#\/schema\/person\/c4278d4a6028830caff9ee44b42d32ed"},"headline":"Bezzecchi vence nos EUA e recupera lideran\u00e7a do Mundial de MotoGP","datePublished":"2026-03-29T23:47:18+00:00","mainEntityOfPage":{"@id":"https:\/\/portaltela.pt\/noticias\/2026\/03\/29\/bezzecchi-vence-nos-eua-e-recupera-lideranca-do-mundial-de-motogp\/"},"wordCount":258,"image":{"@id":"https:\/\/portaltela.pt\/noticias\/2026\/03\/29\/bezzecchi-vence-nos-eua-e-recupera-lideranca-do-mundial-de-motogp\/#primaryimage"},"thumbnailUrl":"https:\/\/portaltela.pt\/s.01k8rhncp4jt1\/2026\/03\/img_920x518uu2026-03-30-00-27-33-2430055.jpg","keywords":["corridas","corridas internacionais","desporto","Desportos Motorizados","Espanha","pilotos"],"articleSection":["Copa do Mundo","Desporto"],"inLanguage":"pt-PT"},{"@type":"WebPage","@id":"https:\/\/portaltela.pt\/noticias\/2026\/03\/29\/bezzecchi-vence-nos-eua-e-recupera-lideranca-do-mundial-de-motogp\/","url":"https:\/\/portaltela.pt\/noticias\/2026\/03\/29\/bezzecchi-vence-nos-eua-e-recupera-lideranca-do-mundial-de-motogp\/","name":"Bezzecchi vence nos EUA e recupera lideran\u00e7a do Mundial de MotoGP - Portal Tela Portugal","isPartOf":{"@id":"https:\/\/portaltela.pt\/#website"},"primaryImageOfPage":{"@id":"https:\/\/portaltela.pt\/noticias\/2026\/03\/29\/bezzecchi-vence-nos-eua-e-recupera-lideranca-do-mundial-de-motogp\/#primaryimage"},"image":{"@id":"https:\/\/portaltela.pt\/noticias\/2026\/03\/29\/bezzecchi-vence-nos-eua-e-recupera-lideranca-do-mundial-de-motogp\/#primaryimage"},"thumbnailUrl":"https:\/\/portaltela.pt\/s.01k8rhncp4jt1\/2026\/03\/img_920x518uu2026-03-30-00-27-33-2430055.jpg","datePublished":"2026-03-29T23:47:18+00:00","author":{"@id":"https:\/\/portaltela.pt\/#\/schema\/person\/c4278d4a6028830caff9ee44b42d32ed"},"breadcrumb":{"@id":"https:\/\/portaltela.pt\/noticias\/2026\/03\/29\/bezzecchi-vence-nos-eua-e-recupera-lideranca-do-mundial-de-motogp\/#breadcrumb"},"inLanguage":"pt-PT","potentialAction":[{"@type":"ReadAction","target":["https:\/\/portaltela.pt\/noticias\/2026\/03\/29\/bezzecchi-vence-nos-eua-e-recupera-lideranca-do-mundial-de-motogp\/"]}]},{"@type":"ImageObject","inLanguage":"pt-PT","@id":"https:\/\/portaltela.pt\/noticias\/2026\/03\/29\/bezzecchi-vence-nos-eua-e-recupera-lideranca-do-mundial-de-motogp\/#primaryimage","url":"https:\/\/portaltela.pt\/s.01k8rhncp4jt1\/2026\/03\/img_920x518uu2026-03-30-00-27-33-2430055.jpg","contentUrl":"https:\/\/portaltela.pt\/s.01k8rhncp4jt1\/2026\/03\/img_920x518uu2026-03-30-00-27-33-2430055.jpg","width":796,"height":448,"caption":"Marco Bezzecchi festeja a conquista do GP dos Estados Unidos"},{"@type":"BreadcrumbList","@id":"https:\/\/portaltela.pt\/noticias\/2026\/03\/29\/bezzecchi-vence-nos-eua-e-recupera-lideranca-do-mundial-de-motogp\/#breadcrumb","itemListElement":[{"@type":"ListItem","position":1,"name":"In\u00edcio","item":"https:\/\/portaltela.pt\/"},{"@type":"ListItem","position":2,"name":"Bezzecchi vence nos EUA e recupera lideran\u00e7a do Mundial de MotoGP"}]},{"@type":"WebSite","@id":"https:\/\/portaltela.pt\/#website","url":"https:\/\/portaltela.pt\/","name":"Portal Tela Portugal","description":"","potentialAction":[{"@type":"SearchAction","target":{"@type":"EntryPoint","urlTemplate":"https:\/\/portaltela.pt\/?s={search_term_string}"},"query-input":{"@type":"PropertyValueSpecification","valueRequired":true,"valueName":"search_term_string"}}],"inLanguage":"pt-PT"},{"@type":"Person","@id":"https:\/\/portaltela.pt\/#\/schema\/person\/c4278d4a6028830caff9ee44b42d32ed","name":"Telinha","image":{"@type":"ImageObject","inLanguage":"pt-PT","@id":"https:\/\/portaltela.pt\/s.01k8rhncp4jt1\/2025\/11\/talking-bot-125x125.png","url":"https:\/\/portaltela.pt\/s.01k8rhncp4jt1\/2025\/11\/talking-bot-125x125.png","contentUrl":"https:\/\/portaltela.pt\/s.01k8rhncp4jt1\/2025\/11\/talking-bot-125x125.png","caption":"Telinha"},"sameAs":["https:\/\/portaltela.pt\/"],"url":"https:\/\/portaltela.pt\/por\/367410592786\/"}]}},"_links":{"self":[{"href":"https:\/\/portaltela.pt\/api\/wp\/v2\/posts\/426384","targetHints":{"allow":["GET"]}}],"collection":[{"href":"https:\/\/portaltela.pt\/api\/wp\/v2\/posts"}],"about":[{"href":"https:\/\/portaltela.pt\/api\/wp\/v2\/types\/post"}],"author":[{"embeddable":true,"href":"https:\/\/portaltela.pt\/api\/wp\/v2\/users\/2"}],"replies":[{"embeddable":true,"href":"https:\/\/portaltela.pt\/api\/wp\/v2\/comments?post=426384"}],"version-history":[{"count":0,"href":"https:\/\/portaltela.pt\/api\/wp\/v2\/posts\/426384\/revisions"}],"wp:featuredmedia":[{"embeddable":true,"href":"https:\/\/portaltela.pt\/api\/wp\/v2\/media\/426385"}],"wp:attachment":[{"href":"https:\/\/portaltela.pt\/api\/wp\/v2\/media?parent=426384"}],"wp:term":[{"taxonomy":"category","embeddable":true,"href":"https:\/\/portaltela.pt\/api\/wp\/v2\/categories?post=426384"},{"taxonomy":"post_tag","embeddable":true,"href":"https:\/\/portaltela.pt\/api\/wp\/v2\/tags?post=426384"}],"curies":[{"name":"wp","href":"https:\/\/api.w.org\/{rel}","templated":true}]}}