{"id":426374,"date":"2026-03-29T20:16:50","date_gmt":"2026-03-29T23:16:50","guid":{"rendered":"https:\/\/portaltela.pt\/noticias\/2026\/03\/29\/revisao-do-financiamento-das-autarquias-para-corrigir-desequilibrios\/"},"modified":"2026-03-29T20:16:50","modified_gmt":"2026-03-29T23:16:50","slug":"revisao-do-financiamento-das-autarquias-para-corrigir-desequilibrios","status":"publish","type":"post","link":"https:\/\/portaltela.pt\/noticias\/economia\/2026\/03\/29\/revisao-do-financiamento-das-autarquias-para-corrigir-desequilibrios\/","title":{"rendered":"Revis\u00e3o do financiamento das autarquias para corrigir desequil\u00edbrios"},"content":{"rendered":"<p>Nos \u00faltimos 50 anos, o Poder Local tem sido motor essencial do desenvolvimento em Portugal. Autarquias contribu\u00edram com obras infraestruturais e humanas na educa\u00e7\u00e3o, cultura, desporto e ambiente, elevando a qualidade de vida.<\/p>\n<p>As autarquias s\u00e3o descritas como pilares de desenvolvimento; dizem que trabalham com menos custos e est\u00e3o mais pr\u00f3ximos dos cidad\u00e3os. Argumentam que muitas vezes recebem compet\u00eancias sem o envelope financeiro adequado.<\/p>\n<p>Portugal \u00e9 visto como um pa\u00eds com forte centralismo. A Madeira e os A\u00e7ores mostram ganhos com regionaliza\u00e7\u00e3o, mas no continente permanecem lacunas com uma Constitui\u00e7\u00e3o n\u00e3o plenamente cumprida.<\/p>\n<p>A revis\u00e3o da Lei das Finan\u00e7as Locais \u00e9 apresentada como urg\u00eancia nacional. A cr\u00edtica incide sobre autonomia financeira insuficiente e o n\u00e3o cumprimento de compromissos europeus de autonomia local.<\/p>\n<p>Segundo a queixa, o artigo 9\u00ba da Carta Europeia de Autonomia Local reconhece recursos pr\u00f3prios e capacidade de fixar impostos locais, o que hoje est\u00e1 limitado em Portugal. A transpar\u00eancia do endividamento \u00e9 tamb\u00e9m questionada.<\/p>\n<p>A Associa\u00e7\u00e3o Nacional de Munic\u00edpios Portugueses defende uma revis\u00e3o profunda da Lei de 2013. Dois exemplos citados s\u00e3o o IMI e o IMT, que, segundo argumentam, deveriam ter regras mais claras e justas.<\/p>\n<p>Quanto ao IMI, defendem que a taxa devia ser fixa e distribu\u00edda com base em crit\u00e9rios de popula\u00e7\u00e3o e densidade, reduzindo distor\u00e7\u00f5es entre munic\u00edpios mais urbanos e os que mais necessitam. O IMT \u00e9 apontado com problemas semelhantes.<\/p>\n<p>Vivemos um tempo de incerteza, mudan\u00e7a e inova\u00e7\u00e3o. O Poder Local \u00e9 apresentado como uma certeza objetiva, com apelo \u00e0 ousadia para garantir o bem comum, a qualidade de vida e o desenvolvimento sustent\u00e1vel.<\/p>\n","protected":false},"excerpt":{"rendered":"<ul>\n<li>O texto afirma que as autarquias foram motor de desenvolvimento humano e infraestrutural nos \u00faltimos 50 anos, mantendo-se pilares da educa\u00e7\u00e3o, cultura, desporto e qualidade de vida, com menor custo.<\/li>\n<li>Alegando centralismo, sustenta que Portugal \u00e9 o pa\u00eds mais centralista da Uni\u00e3o Europeia e que as autarquias s\u00e3o maltratadas pelo poder central ao receber tarefas sem o correspondente envelope financeiro.<\/li>\n<li>Defende-se a revis\u00e3o urgente da Lei das Finan\u00e7as Locais de 2013, para refor\u00e7ar a autonomia financeira e cumprir a Carta Europeia de Autonomia Local (1985), que determina recursos pr\u00f3prios suficientes e poder de fixar receitas locais.<\/li>\n<li>Exigem-se mudan\u00e7as em dois exemplos concretos: a taxa de IMI deve ser fixa e as receitas de IMI\/IMT devem distribuir-se por crit\u00e9rios objetivos, como n\u00famero de habitantes e densidade populacional, evitando favorecimentos urbanos.<\/li>\n<li>O texto conclui com o apelo \u00e0 regionaliza\u00e7\u00e3o e \u00e0 coragem de reformar para garantir o bem comum, a qualidade de vida e o desenvolvimento sustent\u00e1vel.<\/li>\n<\/ul>\n","protected":false},"author":2,"featured_media":426375,"comment_status":"closed","ping_status":"closed","sticky":false,"template":"","format":"standard","meta":{"footnotes":""},"categories":[2,6850],"tags":[168,2706,1275,28,2093,6000],"class_list":["post-426374","post","type-post","status-publish","format-standard","has-post-thumbnail","hentry","category-economia","category-financas","tag-administracao-publica","tag-autarquias","tag-descentralizacao-territorial","tag-economia","tag-municipios","tag-orcamento"],"yoast_head":"<!-- This site is optimized with the Yoast SEO plugin v27.2 - https:\/\/yoast.com\/product\/yoast-seo-wordpress\/ -->\n<title>Revis\u00e3o do financiamento das autarquias para corrigir desequil\u00edbrios - Portal Tela Portugal<\/title>\n<meta name=\"robots\" content=\"index, follow, max-snippet:-1, max-image-preview:large, max-video-preview:-1\" \/>\n<meta property=\"og:locale\" content=\"pt_PT\" \/>\n<meta property=\"og:type\" content=\"article\" \/>\n<meta property=\"og:title\" content=\"Revis\u00e3o do financiamento das autarquias para corrigir desequil\u00edbrios - Portal Tela Portugal\" \/>\n<meta property=\"og:description\" content=\"O texto afirma que as autarquias foram motor de desenvolvimento humano e infraestrutural nos \u00faltimos 50 anos, mantendo-se pilares da educa\u00e7\u00e3o, cultura, desporto e qualidade de vida, com menor custo. Alegando centralismo, sustenta que Portugal \u00e9 o pa\u00eds mais centralista da Uni\u00e3o Europeia e que as autarquias s\u00e3o maltratadas pelo poder central ao receber tarefas sem o correspondente envelope financeiro. Defende-se a revis\u00e3o urgente da Lei das Finan\u00e7as Locais de 2013, para refor\u00e7ar a autonomia financeira e cumprir a Carta Europeia de Autonomia Local (1985), que determina recursos pr\u00f3prios suficientes e poder de fixar receitas locais. Exigem-se mudan\u00e7as em dois exemplos concretos: a taxa de IMI deve ser fixa e as receitas de IMI\/IMT devem distribuir-se por crit\u00e9rios objetivos, como n\u00famero de habitantes e densidade populacional, evitando favorecimentos urbanos. O texto conclui com o apelo \u00e0 regionaliza\u00e7\u00e3o e \u00e0 coragem de reformar para garantir o bem comum, a qualidade de vida e o desenvolvimento sustent\u00e1vel.\" \/>\n<meta property=\"og:url\" content=\"https:\/\/portaltela.pt\/noticias\/2026\/03\/29\/revisao-do-financiamento-das-autarquias-para-corrigir-desequilibrios\/\" \/>\n<meta property=\"og:site_name\" content=\"Portal Tela Portugal\" \/>\n<meta property=\"article:published_time\" content=\"2026-03-29T23:16:50+00:00\" \/>\n<meta name=\"author\" content=\"Telinha\" \/>\n<meta name=\"twitter:card\" content=\"summary_large_image\" \/>\n<meta name=\"twitter:label1\" content=\"Escrito por\" \/>\n\t<meta name=\"twitter:data1\" content=\"Telinha\" \/>\n\t<meta name=\"twitter:label2\" content=\"Tempo estimado de leitura\" \/>\n\t<meta name=\"twitter:data2\" content=\"1 minuto\" \/>\n<script type=\"application\/ld+json\" class=\"yoast-schema-graph\">{\"@context\":\"https:\/\/schema.org\",\"@graph\":[{\"@type\":\"Article\",\"@id\":\"https:\/\/portaltela.pt\/noticias\/2026\/03\/29\/revisao-do-financiamento-das-autarquias-para-corrigir-desequilibrios\/#article\",\"isPartOf\":{\"@id\":\"https:\/\/portaltela.pt\/noticias\/2026\/03\/29\/revisao-do-financiamento-das-autarquias-para-corrigir-desequilibrios\/\"},\"author\":{\"name\":\"Telinha\",\"@id\":\"https:\/\/portaltela.pt\/#\/schema\/person\/c4278d4a6028830caff9ee44b42d32ed\"},\"headline\":\"Revis\u00e3o do financiamento das autarquias para corrigir desequil\u00edbrios\",\"datePublished\":\"2026-03-29T23:16:50+00:00\",\"mainEntityOfPage\":{\"@id\":\"https:\/\/portaltela.pt\/noticias\/2026\/03\/29\/revisao-do-financiamento-das-autarquias-para-corrigir-desequilibrios\/\"},\"wordCount\":295,\"image\":{\"@id\":\"https:\/\/portaltela.pt\/noticias\/2026\/03\/29\/revisao-do-financiamento-das-autarquias-para-corrigir-desequilibrios\/#primaryimage\"},\"thumbnailUrl\":\"https:\/\/portaltela.pt\/s.01k8rhncp4jt1\/2026\/03\/83bd6804-04b4-4cf3-b0bc-0e2367bbc3b8_1200x675.jpg\",\"keywords\":[\"administra\u00e7\u00e3o p\u00fablica\",\"autarquias\",\"descentraliza\u00e7\u00e3o territorial\",\"economia\",\"munic\u00edpios\",\"or\u00e7amento\"],\"articleSection\":[\"Economia\",\"Finan\u00e7as\"],\"inLanguage\":\"pt-PT\"},{\"@type\":\"WebPage\",\"@id\":\"https:\/\/portaltela.pt\/noticias\/2026\/03\/29\/revisao-do-financiamento-das-autarquias-para-corrigir-desequilibrios\/\",\"url\":\"https:\/\/portaltela.pt\/noticias\/2026\/03\/29\/revisao-do-financiamento-das-autarquias-para-corrigir-desequilibrios\/\",\"name\":\"Revis\u00e3o do financiamento das autarquias para corrigir desequil\u00edbrios - Portal Tela Portugal\",\"isPartOf\":{\"@id\":\"https:\/\/portaltela.pt\/#website\"},\"primaryImageOfPage\":{\"@id\":\"https:\/\/portaltela.pt\/noticias\/2026\/03\/29\/revisao-do-financiamento-das-autarquias-para-corrigir-desequilibrios\/#primaryimage\"},\"image\":{\"@id\":\"https:\/\/portaltela.pt\/noticias\/2026\/03\/29\/revisao-do-financiamento-das-autarquias-para-corrigir-desequilibrios\/#primaryimage\"},\"thumbnailUrl\":\"https:\/\/portaltela.pt\/s.01k8rhncp4jt1\/2026\/03\/83bd6804-04b4-4cf3-b0bc-0e2367bbc3b8_1200x675.jpg\",\"datePublished\":\"2026-03-29T23:16:50+00:00\",\"author\":{\"@id\":\"https:\/\/portaltela.pt\/#\/schema\/person\/c4278d4a6028830caff9ee44b42d32ed\"},\"breadcrumb\":{\"@id\":\"https:\/\/portaltela.pt\/noticias\/2026\/03\/29\/revisao-do-financiamento-das-autarquias-para-corrigir-desequilibrios\/#breadcrumb\"},\"inLanguage\":\"pt-PT\",\"potentialAction\":[{\"@type\":\"ReadAction\",\"target\":[\"https:\/\/portaltela.pt\/noticias\/2026\/03\/29\/revisao-do-financiamento-das-autarquias-para-corrigir-desequilibrios\/\"]}]},{\"@type\":\"ImageObject\",\"inLanguage\":\"pt-PT\",\"@id\":\"https:\/\/portaltela.pt\/noticias\/2026\/03\/29\/revisao-do-financiamento-das-autarquias-para-corrigir-desequilibrios\/#primaryimage\",\"url\":\"https:\/\/portaltela.pt\/s.01k8rhncp4jt1\/2026\/03\/83bd6804-04b4-4cf3-b0bc-0e2367bbc3b8_1200x675.jpg\",\"contentUrl\":\"https:\/\/portaltela.pt\/s.01k8rhncp4jt1\/2026\/03\/83bd6804-04b4-4cf3-b0bc-0e2367bbc3b8_1200x675.jpg\",\"width\":796,\"height\":448,\"caption\":\"Photo\"},{\"@type\":\"BreadcrumbList\",\"@id\":\"https:\/\/portaltela.pt\/noticias\/2026\/03\/29\/revisao-do-financiamento-das-autarquias-para-corrigir-desequilibrios\/#breadcrumb\",\"itemListElement\":[{\"@type\":\"ListItem\",\"position\":1,\"name\":\"In\u00edcio\",\"item\":\"https:\/\/portaltela.pt\/\"},{\"@type\":\"ListItem\",\"position\":2,\"name\":\"Revis\u00e3o do financiamento das autarquias para corrigir desequil\u00edbrios\"}]},{\"@type\":\"WebSite\",\"@id\":\"https:\/\/portaltela.pt\/#website\",\"url\":\"https:\/\/portaltela.pt\/\",\"name\":\"Portal Tela Portugal\",\"description\":\"\",\"potentialAction\":[{\"@type\":\"SearchAction\",\"target\":{\"@type\":\"EntryPoint\",\"urlTemplate\":\"https:\/\/portaltela.pt\/?s={search_term_string}\"},\"query-input\":{\"@type\":\"PropertyValueSpecification\",\"valueRequired\":true,\"valueName\":\"search_term_string\"}}],\"inLanguage\":\"pt-PT\"},{\"@type\":\"Person\",\"@id\":\"https:\/\/portaltela.pt\/#\/schema\/person\/c4278d4a6028830caff9ee44b42d32ed\",\"name\":\"Telinha\",\"image\":{\"@type\":\"ImageObject\",\"inLanguage\":\"pt-PT\",\"@id\":\"https:\/\/portaltela.pt\/s.01k8rhncp4jt1\/2025\/11\/talking-bot-125x125.png\",\"url\":\"https:\/\/portaltela.pt\/s.01k8rhncp4jt1\/2025\/11\/talking-bot-125x125.png\",\"contentUrl\":\"https:\/\/portaltela.pt\/s.01k8rhncp4jt1\/2025\/11\/talking-bot-125x125.png\",\"caption\":\"Telinha\"},\"sameAs\":[\"https:\/\/portaltela.pt\/\"],\"url\":\"https:\/\/portaltela.pt\/por\/367410592786\/\"}]}<\/script>\n<!-- \/ Yoast SEO plugin. -->","yoast_head_json":{"title":"Revis\u00e3o do financiamento das autarquias para corrigir desequil\u00edbrios - Portal Tela Portugal","robots":{"index":"index","follow":"follow","max-snippet":"max-snippet:-1","max-image-preview":"max-image-preview:large","max-video-preview":"max-video-preview:-1"},"og_locale":"pt_PT","og_type":"article","og_title":"Revis\u00e3o do financiamento das autarquias para corrigir desequil\u00edbrios - Portal Tela Portugal","og_description":"O texto afirma que as autarquias foram motor de desenvolvimento humano e infraestrutural nos \u00faltimos 50 anos, mantendo-se pilares da educa\u00e7\u00e3o, cultura, desporto e qualidade de vida, com menor custo. Alegando centralismo, sustenta que Portugal \u00e9 o pa\u00eds mais centralista da Uni\u00e3o Europeia e que as autarquias s\u00e3o maltratadas pelo poder central ao receber tarefas sem o correspondente envelope financeiro. Defende-se a revis\u00e3o urgente da Lei das Finan\u00e7as Locais de 2013, para refor\u00e7ar a autonomia financeira e cumprir a Carta Europeia de Autonomia Local (1985), que determina recursos pr\u00f3prios suficientes e poder de fixar receitas locais. Exigem-se mudan\u00e7as em dois exemplos concretos: a taxa de IMI deve ser fixa e as receitas de IMI\/IMT devem distribuir-se por crit\u00e9rios objetivos, como n\u00famero de habitantes e densidade populacional, evitando favorecimentos urbanos. O texto conclui com o apelo \u00e0 regionaliza\u00e7\u00e3o e \u00e0 coragem de reformar para garantir o bem comum, a qualidade de vida e o desenvolvimento sustent\u00e1vel.","og_url":"https:\/\/portaltela.pt\/noticias\/2026\/03\/29\/revisao-do-financiamento-das-autarquias-para-corrigir-desequilibrios\/","og_site_name":"Portal Tela Portugal","article_published_time":"2026-03-29T23:16:50+00:00","author":"Telinha","twitter_card":"summary_large_image","twitter_misc":{"Escrito por":"Telinha","Tempo estimado de leitura":"1 minuto"},"schema":{"@context":"https:\/\/schema.org","@graph":[{"@type":"Article","@id":"https:\/\/portaltela.pt\/noticias\/2026\/03\/29\/revisao-do-financiamento-das-autarquias-para-corrigir-desequilibrios\/#article","isPartOf":{"@id":"https:\/\/portaltela.pt\/noticias\/2026\/03\/29\/revisao-do-financiamento-das-autarquias-para-corrigir-desequilibrios\/"},"author":{"name":"Telinha","@id":"https:\/\/portaltela.pt\/#\/schema\/person\/c4278d4a6028830caff9ee44b42d32ed"},"headline":"Revis\u00e3o do financiamento das autarquias para corrigir desequil\u00edbrios","datePublished":"2026-03-29T23:16:50+00:00","mainEntityOfPage":{"@id":"https:\/\/portaltela.pt\/noticias\/2026\/03\/29\/revisao-do-financiamento-das-autarquias-para-corrigir-desequilibrios\/"},"wordCount":295,"image":{"@id":"https:\/\/portaltela.pt\/noticias\/2026\/03\/29\/revisao-do-financiamento-das-autarquias-para-corrigir-desequilibrios\/#primaryimage"},"thumbnailUrl":"https:\/\/portaltela.pt\/s.01k8rhncp4jt1\/2026\/03\/83bd6804-04b4-4cf3-b0bc-0e2367bbc3b8_1200x675.jpg","keywords":["administra\u00e7\u00e3o p\u00fablica","autarquias","descentraliza\u00e7\u00e3o territorial","economia","munic\u00edpios","or\u00e7amento"],"articleSection":["Economia","Finan\u00e7as"],"inLanguage":"pt-PT"},{"@type":"WebPage","@id":"https:\/\/portaltela.pt\/noticias\/2026\/03\/29\/revisao-do-financiamento-das-autarquias-para-corrigir-desequilibrios\/","url":"https:\/\/portaltela.pt\/noticias\/2026\/03\/29\/revisao-do-financiamento-das-autarquias-para-corrigir-desequilibrios\/","name":"Revis\u00e3o do financiamento das autarquias para corrigir desequil\u00edbrios - Portal Tela Portugal","isPartOf":{"@id":"https:\/\/portaltela.pt\/#website"},"primaryImageOfPage":{"@id":"https:\/\/portaltela.pt\/noticias\/2026\/03\/29\/revisao-do-financiamento-das-autarquias-para-corrigir-desequilibrios\/#primaryimage"},"image":{"@id":"https:\/\/portaltela.pt\/noticias\/2026\/03\/29\/revisao-do-financiamento-das-autarquias-para-corrigir-desequilibrios\/#primaryimage"},"thumbnailUrl":"https:\/\/portaltela.pt\/s.01k8rhncp4jt1\/2026\/03\/83bd6804-04b4-4cf3-b0bc-0e2367bbc3b8_1200x675.jpg","datePublished":"2026-03-29T23:16:50+00:00","author":{"@id":"https:\/\/portaltela.pt\/#\/schema\/person\/c4278d4a6028830caff9ee44b42d32ed"},"breadcrumb":{"@id":"https:\/\/portaltela.pt\/noticias\/2026\/03\/29\/revisao-do-financiamento-das-autarquias-para-corrigir-desequilibrios\/#breadcrumb"},"inLanguage":"pt-PT","potentialAction":[{"@type":"ReadAction","target":["https:\/\/portaltela.pt\/noticias\/2026\/03\/29\/revisao-do-financiamento-das-autarquias-para-corrigir-desequilibrios\/"]}]},{"@type":"ImageObject","inLanguage":"pt-PT","@id":"https:\/\/portaltela.pt\/noticias\/2026\/03\/29\/revisao-do-financiamento-das-autarquias-para-corrigir-desequilibrios\/#primaryimage","url":"https:\/\/portaltela.pt\/s.01k8rhncp4jt1\/2026\/03\/83bd6804-04b4-4cf3-b0bc-0e2367bbc3b8_1200x675.jpg","contentUrl":"https:\/\/portaltela.pt\/s.01k8rhncp4jt1\/2026\/03\/83bd6804-04b4-4cf3-b0bc-0e2367bbc3b8_1200x675.jpg","width":796,"height":448,"caption":"Photo"},{"@type":"BreadcrumbList","@id":"https:\/\/portaltela.pt\/noticias\/2026\/03\/29\/revisao-do-financiamento-das-autarquias-para-corrigir-desequilibrios\/#breadcrumb","itemListElement":[{"@type":"ListItem","position":1,"name":"In\u00edcio","item":"https:\/\/portaltela.pt\/"},{"@type":"ListItem","position":2,"name":"Revis\u00e3o do financiamento das autarquias para corrigir desequil\u00edbrios"}]},{"@type":"WebSite","@id":"https:\/\/portaltela.pt\/#website","url":"https:\/\/portaltela.pt\/","name":"Portal Tela Portugal","description":"","potentialAction":[{"@type":"SearchAction","target":{"@type":"EntryPoint","urlTemplate":"https:\/\/portaltela.pt\/?s={search_term_string}"},"query-input":{"@type":"PropertyValueSpecification","valueRequired":true,"valueName":"search_term_string"}}],"inLanguage":"pt-PT"},{"@type":"Person","@id":"https:\/\/portaltela.pt\/#\/schema\/person\/c4278d4a6028830caff9ee44b42d32ed","name":"Telinha","image":{"@type":"ImageObject","inLanguage":"pt-PT","@id":"https:\/\/portaltela.pt\/s.01k8rhncp4jt1\/2025\/11\/talking-bot-125x125.png","url":"https:\/\/portaltela.pt\/s.01k8rhncp4jt1\/2025\/11\/talking-bot-125x125.png","contentUrl":"https:\/\/portaltela.pt\/s.01k8rhncp4jt1\/2025\/11\/talking-bot-125x125.png","caption":"Telinha"},"sameAs":["https:\/\/portaltela.pt\/"],"url":"https:\/\/portaltela.pt\/por\/367410592786\/"}]}},"_links":{"self":[{"href":"https:\/\/portaltela.pt\/api\/wp\/v2\/posts\/426374","targetHints":{"allow":["GET"]}}],"collection":[{"href":"https:\/\/portaltela.pt\/api\/wp\/v2\/posts"}],"about":[{"href":"https:\/\/portaltela.pt\/api\/wp\/v2\/types\/post"}],"author":[{"embeddable":true,"href":"https:\/\/portaltela.pt\/api\/wp\/v2\/users\/2"}],"replies":[{"embeddable":true,"href":"https:\/\/portaltela.pt\/api\/wp\/v2\/comments?post=426374"}],"version-history":[{"count":0,"href":"https:\/\/portaltela.pt\/api\/wp\/v2\/posts\/426374\/revisions"}],"wp:featuredmedia":[{"embeddable":true,"href":"https:\/\/portaltela.pt\/api\/wp\/v2\/media\/426375"}],"wp:attachment":[{"href":"https:\/\/portaltela.pt\/api\/wp\/v2\/media?parent=426374"}],"wp:term":[{"taxonomy":"category","embeddable":true,"href":"https:\/\/portaltela.pt\/api\/wp\/v2\/categories?post=426374"},{"taxonomy":"post_tag","embeddable":true,"href":"https:\/\/portaltela.pt\/api\/wp\/v2\/tags?post=426374"}],"curies":[{"name":"wp","href":"https:\/\/api.w.org\/{rel}","templated":true}]}}