{"id":426368,"date":"2026-03-29T19:47:19","date_gmt":"2026-03-29T22:47:19","guid":{"rendered":"https:\/\/portaltela.pt\/noticias\/2026\/03\/29\/realizador-iraniano-ali-asgari-participa-no-festival-de-cinema-da-maia-em-abril\/"},"modified":"2026-03-29T19:47:19","modified_gmt":"2026-03-29T22:47:19","slug":"realizador-iraniano-ali-asgari-participa-no-festival-de-cinema-da-maia-em-abril","status":"publish","type":"post","link":"https:\/\/portaltela.pt\/series-e-filmes\/2026\/03\/29\/realizador-iraniano-ali-asgari-participa-no-festival-de-cinema-da-maia-em-abril\/","title":{"rendered":"Realizador iraniano Ali Asgari participa no Festival de Cinema da Maia em abril"},"content":{"rendered":"<p>O Festival Internacional de Cinema da Maia (MaiaIFF) come\u00e7a a 29 de abril no F\u00f3rum da Maia, com o filme Divine Comedy, do realizador iraniano Ali Asgari, conhecido pela sua vis\u00e3o contempor\u00e2nea. A edi\u00e7\u00e3o destaca a presen\u00e7a do cineasta.<\/p>\n<p>Divine Comedy acompanha a hist\u00f3ria de um cineasta de 40 anos que enfrenta censura no Ir\u00e3o e n\u00e3o consegue exibir os seus filmes. O filme estreou em Veneza, em 2025, e prop\u00f5e acompanhar o processo de censura pela perspetiva do protagonista.<\/p>\n<p>Ali Asgari, nascido em Teer\u00e3o em 1982, j\u00e1 levou obras a Cannes e Berlim, incluindo Terrestrial Verses (2023) e Until Tomorrow (2002). A participa\u00e7\u00e3o do autor \u00e9 apresentada como o principal atrativo da edi\u00e7\u00e3o.<\/p>\n<h3>Programa\u00e7\u00e3o e atividades<\/h3>\n<p>O MaiaIFF decorre at\u00e9 2 de maio, no F\u00f3rum da Maia, contando com quatro filmes convidados e dez em competi\u00e7\u00e3o oficial, ainda por anunciar. A organiza\u00e7\u00e3o \u00e9 dirigida por Gustavo dos Santos.<\/p>\n<p>O j\u00fari do festival \u00e9 composto por Tiago Vieira da Silva, T\u00e2nia Dinis, Raf Vilar, Mariana Figueroa e \u00c1lvaro Gago. Entre os convidados j\u00e1 revelados encontram-se a atriz Carolina Amaral e o ator Pedro Giestas.<\/p>\n<h3>Atividades para o p\u00fablico<\/h3>\n<p>O p\u00fablico poder\u00e1 participar em masterclasses, debates e sess\u00f5es de perguntas e respostas, aproximando-se dos processos criativos e dos protagonistas da ind\u00fastria.<\/p>\n","protected":false},"excerpt":{"rendered":"<ul>\n<li>O MaiaIIF ir\u00e1 realizar-se entre 29 de abril e 2 de maio no F\u00f3rum da Maia, com quatro filmes convidados e dez em competi\u00e7\u00e3o oficial.<\/li>\n<li>O destaque da edi\u00e7\u00e3o \u00e9 a presen\u00e7a do realizador iraniano Ali Asgari, uma das vozes mais relevantes do cinema contempor\u00e2neo do Ir\u00e3o.<\/li>\n<li>O festival abre com o filme mais recente de Asgari, Divine Comedy, uma com\u00e9dia dram\u00e1tica sobre um cineasta de quarenta anos que n\u00e3o consegue exibir os seus filmes no Ir\u00e3o devido \u00e0 censura.<\/li>\n<li>Divine Comedy teve primeira apresenta\u00e7\u00e3o em Veneza, em 2025, e aborda o processo lento e penoso da censura no Ir\u00e3o atrav\u00e9s da hist\u00f3ria do protagonista e de vers\u00f5es ficcionais interpretadas pelos realizadores Bahram Ark e Bahman Ark.<\/li>\n<li>O MaiaIFF oferece masterclasses, debates e sess\u00f5es de perguntas e respostas; o j\u00fari \u00e9 composto por Tiago Vieira da Silva, T\u00e2nia Dinis, Raf Vilar, Mariana Figueroa e \u00c1lvaro Gago, com convidados j\u00e1 anunciados como a atriz Carolina Amaral e o ator Pedro Giestas.<\/li>\n<\/ul>\n","protected":false},"author":2,"featured_media":426369,"comment_status":"closed","ping_status":"closed","sticky":false,"template":"","format":"standard","meta":{"footnotes":""},"categories":[7375,7368],"tags":[112,107,3674,3327,1743],"class_list":["post-426368","post","type-post","status-publish","format-standard","has-post-thumbnail","hentry","category-cultura","category-series-e-filmes","tag-cinema","tag-festivais","tag-festival","tag-iran","tag-maia"],"yoast_head":"<!-- This site is optimized with the Yoast SEO plugin v27.2 - https:\/\/yoast.com\/product\/yoast-seo-wordpress\/ -->\n<title>Realizador iraniano Ali Asgari participa no Festival de Cinema da Maia em abril - Portal Tela Portugal<\/title>\n<meta name=\"robots\" content=\"index, follow, max-snippet:-1, max-image-preview:large, max-video-preview:-1\" \/>\n<meta property=\"og:locale\" content=\"pt_PT\" \/>\n<meta property=\"og:type\" content=\"article\" \/>\n<meta property=\"og:title\" content=\"Realizador iraniano Ali Asgari participa no Festival de Cinema da Maia em abril - Portal Tela Portugal\" \/>\n<meta property=\"og:description\" content=\"O MaiaIIF ir\u00e1 realizar-se entre 29 de abril e 2 de maio no F\u00f3rum da Maia, com quatro filmes convidados e dez em competi\u00e7\u00e3o oficial. O destaque da edi\u00e7\u00e3o \u00e9 a presen\u00e7a do realizador iraniano Ali Asgari, uma das vozes mais relevantes do cinema contempor\u00e2neo do Ir\u00e3o. O festival abre com o filme mais recente de Asgari, Divine Comedy, uma com\u00e9dia dram\u00e1tica sobre um cineasta de quarenta anos que n\u00e3o consegue exibir os seus filmes no Ir\u00e3o devido \u00e0 censura. Divine Comedy teve primeira apresenta\u00e7\u00e3o em Veneza, em 2025, e aborda o processo lento e penoso da censura no Ir\u00e3o atrav\u00e9s da hist\u00f3ria do protagonista e de vers\u00f5es ficcionais interpretadas pelos realizadores Bahram Ark e Bahman Ark. O MaiaIFF oferece masterclasses, debates e sess\u00f5es de perguntas e respostas; o j\u00fari \u00e9 composto por Tiago Vieira da Silva, T\u00e2nia Dinis, Raf Vilar, Mariana Figueroa e \u00c1lvaro Gago, com convidados j\u00e1 anunciados como a atriz Carolina Amaral e o ator Pedro Giestas.\" \/>\n<meta property=\"og:url\" content=\"https:\/\/portaltela.pt\/noticias\/2026\/03\/29\/realizador-iraniano-ali-asgari-participa-no-festival-de-cinema-da-maia-em-abril\/\" \/>\n<meta property=\"og:site_name\" content=\"Portal Tela Portugal\" \/>\n<meta property=\"article:published_time\" content=\"2026-03-29T22:47:19+00:00\" \/>\n<meta name=\"author\" content=\"Telinha\" \/>\n<meta name=\"twitter:card\" content=\"summary_large_image\" \/>\n<meta name=\"twitter:label1\" content=\"Escrito por\" \/>\n\t<meta name=\"twitter:data1\" content=\"Telinha\" \/>\n\t<meta name=\"twitter:label2\" content=\"Tempo estimado de leitura\" \/>\n\t<meta name=\"twitter:data2\" content=\"1 minuto\" \/>\n<script type=\"application\/ld+json\" class=\"yoast-schema-graph\">{\"@context\":\"https:\/\/schema.org\",\"@graph\":[{\"@type\":\"Article\",\"@id\":\"https:\/\/portaltela.pt\/noticias\/2026\/03\/29\/realizador-iraniano-ali-asgari-participa-no-festival-de-cinema-da-maia-em-abril\/#article\",\"isPartOf\":{\"@id\":\"https:\/\/portaltela.pt\/noticias\/2026\/03\/29\/realizador-iraniano-ali-asgari-participa-no-festival-de-cinema-da-maia-em-abril\/\"},\"author\":{\"name\":\"Telinha\",\"@id\":\"https:\/\/portaltela.pt\/#\/schema\/person\/c4278d4a6028830caff9ee44b42d32ed\"},\"headline\":\"Realizador iraniano Ali Asgari participa no Festival de Cinema da Maia em abril\",\"datePublished\":\"2026-03-29T22:47:19+00:00\",\"mainEntityOfPage\":{\"@id\":\"https:\/\/portaltela.pt\/noticias\/2026\/03\/29\/realizador-iraniano-ali-asgari-participa-no-festival-de-cinema-da-maia-em-abril\/\"},\"wordCount\":236,\"image\":{\"@id\":\"https:\/\/portaltela.pt\/noticias\/2026\/03\/29\/realizador-iraniano-ali-asgari-participa-no-festival-de-cinema-da-maia-em-abril\/#primaryimage\"},\"thumbnailUrl\":\"https:\/\/portaltela.pt\/s.01k8rhncp4jt1\/2026\/03\/image-176.webp\",\"keywords\":[\"cinema\",\"festivais\",\"festival\",\"\u00cdr\u00e1n\",\"Maia\"],\"articleSection\":[\"Cultura\",\"S\u00e9ries e filmes\"],\"inLanguage\":\"pt-PT\"},{\"@type\":\"WebPage\",\"@id\":\"https:\/\/portaltela.pt\/noticias\/2026\/03\/29\/realizador-iraniano-ali-asgari-participa-no-festival-de-cinema-da-maia-em-abril\/\",\"url\":\"https:\/\/portaltela.pt\/noticias\/2026\/03\/29\/realizador-iraniano-ali-asgari-participa-no-festival-de-cinema-da-maia-em-abril\/\",\"name\":\"Realizador iraniano Ali Asgari participa no Festival de Cinema da Maia em abril - Portal Tela Portugal\",\"isPartOf\":{\"@id\":\"https:\/\/portaltela.pt\/#website\"},\"primaryImageOfPage\":{\"@id\":\"https:\/\/portaltela.pt\/noticias\/2026\/03\/29\/realizador-iraniano-ali-asgari-participa-no-festival-de-cinema-da-maia-em-abril\/#primaryimage\"},\"image\":{\"@id\":\"https:\/\/portaltela.pt\/noticias\/2026\/03\/29\/realizador-iraniano-ali-asgari-participa-no-festival-de-cinema-da-maia-em-abril\/#primaryimage\"},\"thumbnailUrl\":\"https:\/\/portaltela.pt\/s.01k8rhncp4jt1\/2026\/03\/image-176.webp\",\"datePublished\":\"2026-03-29T22:47:19+00:00\",\"author\":{\"@id\":\"https:\/\/portaltela.pt\/#\/schema\/person\/c4278d4a6028830caff9ee44b42d32ed\"},\"breadcrumb\":{\"@id\":\"https:\/\/portaltela.pt\/noticias\/2026\/03\/29\/realizador-iraniano-ali-asgari-participa-no-festival-de-cinema-da-maia-em-abril\/#breadcrumb\"},\"inLanguage\":\"pt-PT\",\"potentialAction\":[{\"@type\":\"ReadAction\",\"target\":[\"https:\/\/portaltela.pt\/noticias\/2026\/03\/29\/realizador-iraniano-ali-asgari-participa-no-festival-de-cinema-da-maia-em-abril\/\"]}]},{\"@type\":\"ImageObject\",\"inLanguage\":\"pt-PT\",\"@id\":\"https:\/\/portaltela.pt\/noticias\/2026\/03\/29\/realizador-iraniano-ali-asgari-participa-no-festival-de-cinema-da-maia-em-abril\/#primaryimage\",\"url\":\"https:\/\/portaltela.pt\/s.01k8rhncp4jt1\/2026\/03\/image-176.webp\",\"contentUrl\":\"https:\/\/portaltela.pt\/s.01k8rhncp4jt1\/2026\/03\/image-176.webp\",\"width\":1200,\"height\":800,\"caption\":\"Realizador iraniano Ali Asgari vai estar em abril no Festival de Cinema da Maia\"},{\"@type\":\"BreadcrumbList\",\"@id\":\"https:\/\/portaltela.pt\/noticias\/2026\/03\/29\/realizador-iraniano-ali-asgari-participa-no-festival-de-cinema-da-maia-em-abril\/#breadcrumb\",\"itemListElement\":[{\"@type\":\"ListItem\",\"position\":1,\"name\":\"In\u00edcio\",\"item\":\"https:\/\/portaltela.pt\/\"},{\"@type\":\"ListItem\",\"position\":2,\"name\":\"Realizador iraniano Ali Asgari participa no Festival de Cinema da Maia em abril\"}]},{\"@type\":\"WebSite\",\"@id\":\"https:\/\/portaltela.pt\/#website\",\"url\":\"https:\/\/portaltela.pt\/\",\"name\":\"Portal Tela Portugal\",\"description\":\"\",\"potentialAction\":[{\"@type\":\"SearchAction\",\"target\":{\"@type\":\"EntryPoint\",\"urlTemplate\":\"https:\/\/portaltela.pt\/?s={search_term_string}\"},\"query-input\":{\"@type\":\"PropertyValueSpecification\",\"valueRequired\":true,\"valueName\":\"search_term_string\"}}],\"inLanguage\":\"pt-PT\"},{\"@type\":\"Person\",\"@id\":\"https:\/\/portaltela.pt\/#\/schema\/person\/c4278d4a6028830caff9ee44b42d32ed\",\"name\":\"Telinha\",\"image\":{\"@type\":\"ImageObject\",\"inLanguage\":\"pt-PT\",\"@id\":\"https:\/\/portaltela.pt\/s.01k8rhncp4jt1\/2025\/11\/talking-bot-125x125.png\",\"url\":\"https:\/\/portaltela.pt\/s.01k8rhncp4jt1\/2025\/11\/talking-bot-125x125.png\",\"contentUrl\":\"https:\/\/portaltela.pt\/s.01k8rhncp4jt1\/2025\/11\/talking-bot-125x125.png\",\"caption\":\"Telinha\"},\"sameAs\":[\"https:\/\/portaltela.pt\/\"],\"url\":\"https:\/\/portaltela.pt\/por\/367410592786\/\"}]}<\/script>\n<!-- \/ Yoast SEO plugin. -->","yoast_head_json":{"title":"Realizador iraniano Ali Asgari participa no Festival de Cinema da Maia em abril - Portal Tela Portugal","robots":{"index":"index","follow":"follow","max-snippet":"max-snippet:-1","max-image-preview":"max-image-preview:large","max-video-preview":"max-video-preview:-1"},"og_locale":"pt_PT","og_type":"article","og_title":"Realizador iraniano Ali Asgari participa no Festival de Cinema da Maia em abril - Portal Tela Portugal","og_description":"O MaiaIIF ir\u00e1 realizar-se entre 29 de abril e 2 de maio no F\u00f3rum da Maia, com quatro filmes convidados e dez em competi\u00e7\u00e3o oficial. O destaque da edi\u00e7\u00e3o \u00e9 a presen\u00e7a do realizador iraniano Ali Asgari, uma das vozes mais relevantes do cinema contempor\u00e2neo do Ir\u00e3o. O festival abre com o filme mais recente de Asgari, Divine Comedy, uma com\u00e9dia dram\u00e1tica sobre um cineasta de quarenta anos que n\u00e3o consegue exibir os seus filmes no Ir\u00e3o devido \u00e0 censura. Divine Comedy teve primeira apresenta\u00e7\u00e3o em Veneza, em 2025, e aborda o processo lento e penoso da censura no Ir\u00e3o atrav\u00e9s da hist\u00f3ria do protagonista e de vers\u00f5es ficcionais interpretadas pelos realizadores Bahram Ark e Bahman Ark. O MaiaIFF oferece masterclasses, debates e sess\u00f5es de perguntas e respostas; o j\u00fari \u00e9 composto por Tiago Vieira da Silva, T\u00e2nia Dinis, Raf Vilar, Mariana Figueroa e \u00c1lvaro Gago, com convidados j\u00e1 anunciados como a atriz Carolina Amaral e o ator Pedro Giestas.","og_url":"https:\/\/portaltela.pt\/noticias\/2026\/03\/29\/realizador-iraniano-ali-asgari-participa-no-festival-de-cinema-da-maia-em-abril\/","og_site_name":"Portal Tela Portugal","article_published_time":"2026-03-29T22:47:19+00:00","author":"Telinha","twitter_card":"summary_large_image","twitter_misc":{"Escrito por":"Telinha","Tempo estimado de leitura":"1 minuto"},"schema":{"@context":"https:\/\/schema.org","@graph":[{"@type":"Article","@id":"https:\/\/portaltela.pt\/noticias\/2026\/03\/29\/realizador-iraniano-ali-asgari-participa-no-festival-de-cinema-da-maia-em-abril\/#article","isPartOf":{"@id":"https:\/\/portaltela.pt\/noticias\/2026\/03\/29\/realizador-iraniano-ali-asgari-participa-no-festival-de-cinema-da-maia-em-abril\/"},"author":{"name":"Telinha","@id":"https:\/\/portaltela.pt\/#\/schema\/person\/c4278d4a6028830caff9ee44b42d32ed"},"headline":"Realizador iraniano Ali Asgari participa no Festival de Cinema da Maia em abril","datePublished":"2026-03-29T22:47:19+00:00","mainEntityOfPage":{"@id":"https:\/\/portaltela.pt\/noticias\/2026\/03\/29\/realizador-iraniano-ali-asgari-participa-no-festival-de-cinema-da-maia-em-abril\/"},"wordCount":236,"image":{"@id":"https:\/\/portaltela.pt\/noticias\/2026\/03\/29\/realizador-iraniano-ali-asgari-participa-no-festival-de-cinema-da-maia-em-abril\/#primaryimage"},"thumbnailUrl":"https:\/\/portaltela.pt\/s.01k8rhncp4jt1\/2026\/03\/image-176.webp","keywords":["cinema","festivais","festival","\u00cdr\u00e1n","Maia"],"articleSection":["Cultura","S\u00e9ries e filmes"],"inLanguage":"pt-PT"},{"@type":"WebPage","@id":"https:\/\/portaltela.pt\/noticias\/2026\/03\/29\/realizador-iraniano-ali-asgari-participa-no-festival-de-cinema-da-maia-em-abril\/","url":"https:\/\/portaltela.pt\/noticias\/2026\/03\/29\/realizador-iraniano-ali-asgari-participa-no-festival-de-cinema-da-maia-em-abril\/","name":"Realizador iraniano Ali Asgari participa no Festival de Cinema da Maia em abril - Portal Tela Portugal","isPartOf":{"@id":"https:\/\/portaltela.pt\/#website"},"primaryImageOfPage":{"@id":"https:\/\/portaltela.pt\/noticias\/2026\/03\/29\/realizador-iraniano-ali-asgari-participa-no-festival-de-cinema-da-maia-em-abril\/#primaryimage"},"image":{"@id":"https:\/\/portaltela.pt\/noticias\/2026\/03\/29\/realizador-iraniano-ali-asgari-participa-no-festival-de-cinema-da-maia-em-abril\/#primaryimage"},"thumbnailUrl":"https:\/\/portaltela.pt\/s.01k8rhncp4jt1\/2026\/03\/image-176.webp","datePublished":"2026-03-29T22:47:19+00:00","author":{"@id":"https:\/\/portaltela.pt\/#\/schema\/person\/c4278d4a6028830caff9ee44b42d32ed"},"breadcrumb":{"@id":"https:\/\/portaltela.pt\/noticias\/2026\/03\/29\/realizador-iraniano-ali-asgari-participa-no-festival-de-cinema-da-maia-em-abril\/#breadcrumb"},"inLanguage":"pt-PT","potentialAction":[{"@type":"ReadAction","target":["https:\/\/portaltela.pt\/noticias\/2026\/03\/29\/realizador-iraniano-ali-asgari-participa-no-festival-de-cinema-da-maia-em-abril\/"]}]},{"@type":"ImageObject","inLanguage":"pt-PT","@id":"https:\/\/portaltela.pt\/noticias\/2026\/03\/29\/realizador-iraniano-ali-asgari-participa-no-festival-de-cinema-da-maia-em-abril\/#primaryimage","url":"https:\/\/portaltela.pt\/s.01k8rhncp4jt1\/2026\/03\/image-176.webp","contentUrl":"https:\/\/portaltela.pt\/s.01k8rhncp4jt1\/2026\/03\/image-176.webp","width":1200,"height":800,"caption":"Realizador iraniano Ali Asgari vai estar em abril no Festival de Cinema da Maia"},{"@type":"BreadcrumbList","@id":"https:\/\/portaltela.pt\/noticias\/2026\/03\/29\/realizador-iraniano-ali-asgari-participa-no-festival-de-cinema-da-maia-em-abril\/#breadcrumb","itemListElement":[{"@type":"ListItem","position":1,"name":"In\u00edcio","item":"https:\/\/portaltela.pt\/"},{"@type":"ListItem","position":2,"name":"Realizador iraniano Ali Asgari participa no Festival de Cinema da Maia em abril"}]},{"@type":"WebSite","@id":"https:\/\/portaltela.pt\/#website","url":"https:\/\/portaltela.pt\/","name":"Portal Tela Portugal","description":"","potentialAction":[{"@type":"SearchAction","target":{"@type":"EntryPoint","urlTemplate":"https:\/\/portaltela.pt\/?s={search_term_string}"},"query-input":{"@type":"PropertyValueSpecification","valueRequired":true,"valueName":"search_term_string"}}],"inLanguage":"pt-PT"},{"@type":"Person","@id":"https:\/\/portaltela.pt\/#\/schema\/person\/c4278d4a6028830caff9ee44b42d32ed","name":"Telinha","image":{"@type":"ImageObject","inLanguage":"pt-PT","@id":"https:\/\/portaltela.pt\/s.01k8rhncp4jt1\/2025\/11\/talking-bot-125x125.png","url":"https:\/\/portaltela.pt\/s.01k8rhncp4jt1\/2025\/11\/talking-bot-125x125.png","contentUrl":"https:\/\/portaltela.pt\/s.01k8rhncp4jt1\/2025\/11\/talking-bot-125x125.png","caption":"Telinha"},"sameAs":["https:\/\/portaltela.pt\/"],"url":"https:\/\/portaltela.pt\/por\/367410592786\/"}]}},"_links":{"self":[{"href":"https:\/\/portaltela.pt\/api\/wp\/v2\/posts\/426368","targetHints":{"allow":["GET"]}}],"collection":[{"href":"https:\/\/portaltela.pt\/api\/wp\/v2\/posts"}],"about":[{"href":"https:\/\/portaltela.pt\/api\/wp\/v2\/types\/post"}],"author":[{"embeddable":true,"href":"https:\/\/portaltela.pt\/api\/wp\/v2\/users\/2"}],"replies":[{"embeddable":true,"href":"https:\/\/portaltela.pt\/api\/wp\/v2\/comments?post=426368"}],"version-history":[{"count":0,"href":"https:\/\/portaltela.pt\/api\/wp\/v2\/posts\/426368\/revisions"}],"wp:featuredmedia":[{"embeddable":true,"href":"https:\/\/portaltela.pt\/api\/wp\/v2\/media\/426369"}],"wp:attachment":[{"href":"https:\/\/portaltela.pt\/api\/wp\/v2\/media?parent=426368"}],"wp:term":[{"taxonomy":"category","embeddable":true,"href":"https:\/\/portaltela.pt\/api\/wp\/v2\/categories?post=426368"},{"taxonomy":"post_tag","embeddable":true,"href":"https:\/\/portaltela.pt\/api\/wp\/v2\/tags?post=426368"}],"curies":[{"name":"wp","href":"https:\/\/api.w.org\/{rel}","templated":true}]}}