{"id":426354,"date":"2026-03-29T19:17:01","date_gmt":"2026-03-29T22:17:01","guid":{"rendered":"https:\/\/portaltela.pt\/noticias\/2026\/03\/29\/jose-calado-diz-que-o-andebol-nao-devia-ter-comecado-o-jogo\/"},"modified":"2026-03-29T19:17:01","modified_gmt":"2026-03-29T22:17:01","slug":"jose-calado-diz-que-o-andebol-nao-devia-ter-comecado-o-jogo","status":"publish","type":"post","link":"https:\/\/portaltela.pt\/desporto\/futebol\/2026\/03\/29\/jose-calado-diz-que-o-andebol-nao-devia-ter-comecado-o-jogo\/","title":{"rendered":"Jos\u00e9 Calado diz que o andebol n\u00e3o devia ter come\u00e7ado o jogo"},"content":{"rendered":"<p>Jos\u00e9 Calado, comentador da CMTV, abordou a pol\u00e9mica que rodeia o encontro de andebol entre Sporting e FC Porto. O analista afirmou que o jogo n\u00e3o deveria ter arrancado, sem detalhar as raz\u00f5es para a contesta\u00e7\u00e3o.<\/p>\n<p>A discuss\u00e3o envolve os dois grandes do desporto portugu\u00eas, o Sporting Clube de Portugal e o FC Porto, al\u00e9m da equipa de transmiss\u00e3o da CMTV que acompanhou a partida. O foco recaiu sobre as circunst\u00e2ncias que antecederam o apito inicial.<\/p>\n<p>O relato, publicado a 29 de mar\u00e7o de 2026 \u00e0s 23:10, centra-se na controv\u00e9rsia gerada pelo in\u00edcio do encontro, destacando d\u00favidas sobre procedimentos, decis\u00e3o de colocar a equipa em campo e eventuais impactos no desenvolvimento da partida.<\/p>\n","protected":false},"excerpt":{"rendered":"<ul>\n<li>Comentador da CMTV, Jos\u00e9 Calado, afirma que o jogo de andebol entre Sporting e FC Porto n\u00e3o deveria ter come\u00e7ado.<\/li>\n<li>A pol\u00e9mica envolve o encontro entre Sporting e FC Porto no andebol.<\/li>\n<li>A declara\u00e7\u00e3o foi publicada no dia 29 de mar\u00e7o de 2026, \u00e0s 23:10.<\/li>\n<li>O foco \u00e9 a pol\u00e9mica gerada a partir da decis\u00e3o de iniciar o jogo.<\/li>\n<\/ul>\n","protected":false},"author":2,"featured_media":426356,"comment_status":"closed","ping_status":"closed","sticky":false,"template":"","format":"standard","meta":{"footnotes":""},"categories":[21,24],"tags":[180,2778,152,44,982,1652],"class_list":["post-426354","post","type-post","status-publish","format-standard","has-post-thumbnail","hentry","category-desporto","category-futebol","tag-andebol","tag-cmtv","tag-desporto","tag-polemicas","tag-porto","tag-sporting"],"yoast_head":"<!-- This site is optimized with the Yoast SEO plugin v27.2 - https:\/\/yoast.com\/product\/yoast-seo-wordpress\/ -->\n<title>Jos\u00e9 Calado diz que o andebol n\u00e3o devia ter come\u00e7ado o jogo - Portal Tela Portugal<\/title>\n<meta name=\"robots\" content=\"index, follow, max-snippet:-1, max-image-preview:large, max-video-preview:-1\" \/>\n<meta property=\"og:locale\" content=\"pt_PT\" \/>\n<meta property=\"og:type\" content=\"article\" \/>\n<meta property=\"og:title\" content=\"Jos\u00e9 Calado diz que o andebol n\u00e3o devia ter come\u00e7ado o jogo - Portal Tela Portugal\" \/>\n<meta property=\"og:description\" content=\"Comentador da CMTV, Jos\u00e9 Calado, afirma que o jogo de andebol entre Sporting e FC Porto n\u00e3o deveria ter come\u00e7ado. A pol\u00e9mica envolve o encontro entre Sporting e FC Porto no andebol. A declara\u00e7\u00e3o foi publicada no dia 29 de mar\u00e7o de 2026, \u00e0s 23:10. O foco \u00e9 a pol\u00e9mica gerada a partir da decis\u00e3o de iniciar o jogo.\" \/>\n<meta property=\"og:url\" content=\"https:\/\/portaltela.pt\/noticias\/2026\/03\/29\/jose-calado-diz-que-o-andebol-nao-devia-ter-comecado-o-jogo\/\" \/>\n<meta property=\"og:site_name\" content=\"Portal Tela Portugal\" \/>\n<meta property=\"article:published_time\" content=\"2026-03-29T22:17:01+00:00\" \/>\n<meta name=\"author\" content=\"Telinha\" \/>\n<meta name=\"twitter:card\" content=\"summary_large_image\" \/>\n<meta name=\"twitter:label1\" content=\"Escrito por\" \/>\n\t<meta name=\"twitter:data1\" content=\"Telinha\" \/>\n\t<meta name=\"twitter:label2\" content=\"Tempo estimado de leitura\" \/>\n\t<meta name=\"twitter:data2\" content=\"1 minuto\" \/>\n<script type=\"application\/ld+json\" class=\"yoast-schema-graph\">{\"@context\":\"https:\/\/schema.org\",\"@graph\":[{\"@type\":\"Article\",\"@id\":\"https:\/\/portaltela.pt\/noticias\/2026\/03\/29\/jose-calado-diz-que-o-andebol-nao-devia-ter-comecado-o-jogo\/#article\",\"isPartOf\":{\"@id\":\"https:\/\/portaltela.pt\/noticias\/2026\/03\/29\/jose-calado-diz-que-o-andebol-nao-devia-ter-comecado-o-jogo\/\"},\"author\":{\"name\":\"Telinha\",\"@id\":\"https:\/\/portaltela.pt\/#\/schema\/person\/c4278d4a6028830caff9ee44b42d32ed\"},\"headline\":\"Jos\u00e9 Calado diz que o andebol n\u00e3o devia ter come\u00e7ado o jogo\",\"datePublished\":\"2026-03-29T22:17:01+00:00\",\"mainEntityOfPage\":{\"@id\":\"https:\/\/portaltela.pt\/noticias\/2026\/03\/29\/jose-calado-diz-que-o-andebol-nao-devia-ter-comecado-o-jogo\/\"},\"wordCount\":138,\"image\":{\"@id\":\"https:\/\/portaltela.pt\/noticias\/2026\/03\/29\/jose-calado-diz-que-o-andebol-nao-devia-ter-comecado-o-jogo\/#primaryimage\"},\"thumbnailUrl\":\"https:\/\/portaltela.pt\/s.01k8rhncp4jt1\/2026\/03\/img_1280x722uu2026-03-29-23-10-08-2275517.jpg\",\"keywords\":[\"andebol\",\"CMTV\",\"desporto\",\"pol\u00eamicas\",\"Porto\",\"Sporting\"],\"articleSection\":[\"Desporto\",\"Futebol\"],\"inLanguage\":\"pt-PT\"},{\"@type\":\"WebPage\",\"@id\":\"https:\/\/portaltela.pt\/noticias\/2026\/03\/29\/jose-calado-diz-que-o-andebol-nao-devia-ter-comecado-o-jogo\/\",\"url\":\"https:\/\/portaltela.pt\/noticias\/2026\/03\/29\/jose-calado-diz-que-o-andebol-nao-devia-ter-comecado-o-jogo\/\",\"name\":\"Jos\u00e9 Calado diz que o andebol n\u00e3o devia ter come\u00e7ado o jogo - Portal Tela Portugal\",\"isPartOf\":{\"@id\":\"https:\/\/portaltela.pt\/#website\"},\"primaryImageOfPage\":{\"@id\":\"https:\/\/portaltela.pt\/noticias\/2026\/03\/29\/jose-calado-diz-que-o-andebol-nao-devia-ter-comecado-o-jogo\/#primaryimage\"},\"image\":{\"@id\":\"https:\/\/portaltela.pt\/noticias\/2026\/03\/29\/jose-calado-diz-que-o-andebol-nao-devia-ter-comecado-o-jogo\/#primaryimage\"},\"thumbnailUrl\":\"https:\/\/portaltela.pt\/s.01k8rhncp4jt1\/2026\/03\/img_1280x722uu2026-03-29-23-10-08-2275517.jpg\",\"datePublished\":\"2026-03-29T22:17:01+00:00\",\"author\":{\"@id\":\"https:\/\/portaltela.pt\/#\/schema\/person\/c4278d4a6028830caff9ee44b42d32ed\"},\"breadcrumb\":{\"@id\":\"https:\/\/portaltela.pt\/noticias\/2026\/03\/29\/jose-calado-diz-que-o-andebol-nao-devia-ter-comecado-o-jogo\/#breadcrumb\"},\"inLanguage\":\"pt-PT\",\"potentialAction\":[{\"@type\":\"ReadAction\",\"target\":[\"https:\/\/portaltela.pt\/noticias\/2026\/03\/29\/jose-calado-diz-que-o-andebol-nao-devia-ter-comecado-o-jogo\/\"]}]},{\"@type\":\"ImageObject\",\"inLanguage\":\"pt-PT\",\"@id\":\"https:\/\/portaltela.pt\/noticias\/2026\/03\/29\/jose-calado-diz-que-o-andebol-nao-devia-ter-comecado-o-jogo\/#primaryimage\",\"url\":\"https:\/\/portaltela.pt\/s.01k8rhncp4jt1\/2026\/03\/img_1280x722uu2026-03-29-23-10-08-2275517.jpg\",\"contentUrl\":\"https:\/\/portaltela.pt\/s.01k8rhncp4jt1\/2026\/03\/img_1280x722uu2026-03-29-23-10-08-2275517.jpg\",\"width\":796,\"height\":448,\"caption\":\"Photo\"},{\"@type\":\"BreadcrumbList\",\"@id\":\"https:\/\/portaltela.pt\/noticias\/2026\/03\/29\/jose-calado-diz-que-o-andebol-nao-devia-ter-comecado-o-jogo\/#breadcrumb\",\"itemListElement\":[{\"@type\":\"ListItem\",\"position\":1,\"name\":\"In\u00edcio\",\"item\":\"https:\/\/portaltela.pt\/\"},{\"@type\":\"ListItem\",\"position\":2,\"name\":\"Jos\u00e9 Calado diz que o andebol n\u00e3o devia ter come\u00e7ado o jogo\"}]},{\"@type\":\"WebSite\",\"@id\":\"https:\/\/portaltela.pt\/#website\",\"url\":\"https:\/\/portaltela.pt\/\",\"name\":\"Portal Tela Portugal\",\"description\":\"\",\"potentialAction\":[{\"@type\":\"SearchAction\",\"target\":{\"@type\":\"EntryPoint\",\"urlTemplate\":\"https:\/\/portaltela.pt\/?s={search_term_string}\"},\"query-input\":{\"@type\":\"PropertyValueSpecification\",\"valueRequired\":true,\"valueName\":\"search_term_string\"}}],\"inLanguage\":\"pt-PT\"},{\"@type\":\"Person\",\"@id\":\"https:\/\/portaltela.pt\/#\/schema\/person\/c4278d4a6028830caff9ee44b42d32ed\",\"name\":\"Telinha\",\"image\":{\"@type\":\"ImageObject\",\"inLanguage\":\"pt-PT\",\"@id\":\"https:\/\/portaltela.pt\/s.01k8rhncp4jt1\/2025\/11\/talking-bot-125x125.png\",\"url\":\"https:\/\/portaltela.pt\/s.01k8rhncp4jt1\/2025\/11\/talking-bot-125x125.png\",\"contentUrl\":\"https:\/\/portaltela.pt\/s.01k8rhncp4jt1\/2025\/11\/talking-bot-125x125.png\",\"caption\":\"Telinha\"},\"sameAs\":[\"https:\/\/portaltela.pt\/\"],\"url\":\"https:\/\/portaltela.pt\/por\/367410592786\/\"}]}<\/script>\n<!-- \/ Yoast SEO plugin. -->","yoast_head_json":{"title":"Jos\u00e9 Calado diz que o andebol n\u00e3o devia ter come\u00e7ado o jogo - Portal Tela Portugal","robots":{"index":"index","follow":"follow","max-snippet":"max-snippet:-1","max-image-preview":"max-image-preview:large","max-video-preview":"max-video-preview:-1"},"og_locale":"pt_PT","og_type":"article","og_title":"Jos\u00e9 Calado diz que o andebol n\u00e3o devia ter come\u00e7ado o jogo - Portal Tela Portugal","og_description":"Comentador da CMTV, Jos\u00e9 Calado, afirma que o jogo de andebol entre Sporting e FC Porto n\u00e3o deveria ter come\u00e7ado. A pol\u00e9mica envolve o encontro entre Sporting e FC Porto no andebol. A declara\u00e7\u00e3o foi publicada no dia 29 de mar\u00e7o de 2026, \u00e0s 23:10. O foco \u00e9 a pol\u00e9mica gerada a partir da decis\u00e3o de iniciar o jogo.","og_url":"https:\/\/portaltela.pt\/noticias\/2026\/03\/29\/jose-calado-diz-que-o-andebol-nao-devia-ter-comecado-o-jogo\/","og_site_name":"Portal Tela Portugal","article_published_time":"2026-03-29T22:17:01+00:00","author":"Telinha","twitter_card":"summary_large_image","twitter_misc":{"Escrito por":"Telinha","Tempo estimado de leitura":"1 minuto"},"schema":{"@context":"https:\/\/schema.org","@graph":[{"@type":"Article","@id":"https:\/\/portaltela.pt\/noticias\/2026\/03\/29\/jose-calado-diz-que-o-andebol-nao-devia-ter-comecado-o-jogo\/#article","isPartOf":{"@id":"https:\/\/portaltela.pt\/noticias\/2026\/03\/29\/jose-calado-diz-que-o-andebol-nao-devia-ter-comecado-o-jogo\/"},"author":{"name":"Telinha","@id":"https:\/\/portaltela.pt\/#\/schema\/person\/c4278d4a6028830caff9ee44b42d32ed"},"headline":"Jos\u00e9 Calado diz que o andebol n\u00e3o devia ter come\u00e7ado o jogo","datePublished":"2026-03-29T22:17:01+00:00","mainEntityOfPage":{"@id":"https:\/\/portaltela.pt\/noticias\/2026\/03\/29\/jose-calado-diz-que-o-andebol-nao-devia-ter-comecado-o-jogo\/"},"wordCount":138,"image":{"@id":"https:\/\/portaltela.pt\/noticias\/2026\/03\/29\/jose-calado-diz-que-o-andebol-nao-devia-ter-comecado-o-jogo\/#primaryimage"},"thumbnailUrl":"https:\/\/portaltela.pt\/s.01k8rhncp4jt1\/2026\/03\/img_1280x722uu2026-03-29-23-10-08-2275517.jpg","keywords":["andebol","CMTV","desporto","pol\u00eamicas","Porto","Sporting"],"articleSection":["Desporto","Futebol"],"inLanguage":"pt-PT"},{"@type":"WebPage","@id":"https:\/\/portaltela.pt\/noticias\/2026\/03\/29\/jose-calado-diz-que-o-andebol-nao-devia-ter-comecado-o-jogo\/","url":"https:\/\/portaltela.pt\/noticias\/2026\/03\/29\/jose-calado-diz-que-o-andebol-nao-devia-ter-comecado-o-jogo\/","name":"Jos\u00e9 Calado diz que o andebol n\u00e3o devia ter come\u00e7ado o jogo - Portal Tela Portugal","isPartOf":{"@id":"https:\/\/portaltela.pt\/#website"},"primaryImageOfPage":{"@id":"https:\/\/portaltela.pt\/noticias\/2026\/03\/29\/jose-calado-diz-que-o-andebol-nao-devia-ter-comecado-o-jogo\/#primaryimage"},"image":{"@id":"https:\/\/portaltela.pt\/noticias\/2026\/03\/29\/jose-calado-diz-que-o-andebol-nao-devia-ter-comecado-o-jogo\/#primaryimage"},"thumbnailUrl":"https:\/\/portaltela.pt\/s.01k8rhncp4jt1\/2026\/03\/img_1280x722uu2026-03-29-23-10-08-2275517.jpg","datePublished":"2026-03-29T22:17:01+00:00","author":{"@id":"https:\/\/portaltela.pt\/#\/schema\/person\/c4278d4a6028830caff9ee44b42d32ed"},"breadcrumb":{"@id":"https:\/\/portaltela.pt\/noticias\/2026\/03\/29\/jose-calado-diz-que-o-andebol-nao-devia-ter-comecado-o-jogo\/#breadcrumb"},"inLanguage":"pt-PT","potentialAction":[{"@type":"ReadAction","target":["https:\/\/portaltela.pt\/noticias\/2026\/03\/29\/jose-calado-diz-que-o-andebol-nao-devia-ter-comecado-o-jogo\/"]}]},{"@type":"ImageObject","inLanguage":"pt-PT","@id":"https:\/\/portaltela.pt\/noticias\/2026\/03\/29\/jose-calado-diz-que-o-andebol-nao-devia-ter-comecado-o-jogo\/#primaryimage","url":"https:\/\/portaltela.pt\/s.01k8rhncp4jt1\/2026\/03\/img_1280x722uu2026-03-29-23-10-08-2275517.jpg","contentUrl":"https:\/\/portaltela.pt\/s.01k8rhncp4jt1\/2026\/03\/img_1280x722uu2026-03-29-23-10-08-2275517.jpg","width":796,"height":448,"caption":"Photo"},{"@type":"BreadcrumbList","@id":"https:\/\/portaltela.pt\/noticias\/2026\/03\/29\/jose-calado-diz-que-o-andebol-nao-devia-ter-comecado-o-jogo\/#breadcrumb","itemListElement":[{"@type":"ListItem","position":1,"name":"In\u00edcio","item":"https:\/\/portaltela.pt\/"},{"@type":"ListItem","position":2,"name":"Jos\u00e9 Calado diz que o andebol n\u00e3o devia ter come\u00e7ado o jogo"}]},{"@type":"WebSite","@id":"https:\/\/portaltela.pt\/#website","url":"https:\/\/portaltela.pt\/","name":"Portal Tela Portugal","description":"","potentialAction":[{"@type":"SearchAction","target":{"@type":"EntryPoint","urlTemplate":"https:\/\/portaltela.pt\/?s={search_term_string}"},"query-input":{"@type":"PropertyValueSpecification","valueRequired":true,"valueName":"search_term_string"}}],"inLanguage":"pt-PT"},{"@type":"Person","@id":"https:\/\/portaltela.pt\/#\/schema\/person\/c4278d4a6028830caff9ee44b42d32ed","name":"Telinha","image":{"@type":"ImageObject","inLanguage":"pt-PT","@id":"https:\/\/portaltela.pt\/s.01k8rhncp4jt1\/2025\/11\/talking-bot-125x125.png","url":"https:\/\/portaltela.pt\/s.01k8rhncp4jt1\/2025\/11\/talking-bot-125x125.png","contentUrl":"https:\/\/portaltela.pt\/s.01k8rhncp4jt1\/2025\/11\/talking-bot-125x125.png","caption":"Telinha"},"sameAs":["https:\/\/portaltela.pt\/"],"url":"https:\/\/portaltela.pt\/por\/367410592786\/"}]}},"_links":{"self":[{"href":"https:\/\/portaltela.pt\/api\/wp\/v2\/posts\/426354","targetHints":{"allow":["GET"]}}],"collection":[{"href":"https:\/\/portaltela.pt\/api\/wp\/v2\/posts"}],"about":[{"href":"https:\/\/portaltela.pt\/api\/wp\/v2\/types\/post"}],"author":[{"embeddable":true,"href":"https:\/\/portaltela.pt\/api\/wp\/v2\/users\/2"}],"replies":[{"embeddable":true,"href":"https:\/\/portaltela.pt\/api\/wp\/v2\/comments?post=426354"}],"version-history":[{"count":0,"href":"https:\/\/portaltela.pt\/api\/wp\/v2\/posts\/426354\/revisions"}],"wp:featuredmedia":[{"embeddable":true,"href":"https:\/\/portaltela.pt\/api\/wp\/v2\/media\/426356"}],"wp:attachment":[{"href":"https:\/\/portaltela.pt\/api\/wp\/v2\/media?parent=426354"}],"wp:term":[{"taxonomy":"category","embeddable":true,"href":"https:\/\/portaltela.pt\/api\/wp\/v2\/categories?post=426354"},{"taxonomy":"post_tag","embeddable":true,"href":"https:\/\/portaltela.pt\/api\/wp\/v2\/tags?post=426354"}],"curies":[{"name":"wp","href":"https:\/\/api.w.org\/{rel}","templated":true}]}}