{"id":426333,"date":"2026-03-29T18:47:06","date_gmt":"2026-03-29T21:47:06","guid":{"rendered":"https:\/\/portaltela.pt\/noticias\/2026\/03\/29\/sporting-vence-belenenses-por-2-0-com-golo-de-penalti\/"},"modified":"2026-03-29T18:47:06","modified_gmt":"2026-03-29T21:47:06","slug":"sporting-vence-belenenses-por-2-0-com-golo-de-penalti","status":"publish","type":"post","link":"https:\/\/portaltela.pt\/desporto\/futebol\/2026\/03\/29\/sporting-vence-belenenses-por-2-0-com-golo-de-penalti\/","title":{"rendered":"Sporting vence Belenenses por 2-0 com golo de penalti"},"content":{"rendered":"<p>O Sporting conquistou a segunda posi\u00e7\u00e3o na fase de apuramento de campe\u00e3o do campeonato de iniciados, ao vencer o Belenenses por 2-0 no Restelo. Os le\u00f5es passaram a ficar a tr\u00eas pontos do FC Porto e aproveitaram o deslize do Benfica em Tondela.<\/p>\n<p>Os verdes e brancos dominaram a partida, mas s\u00f3 abriram vantagem ap\u00f3s o rein\u00edcio. Jacobo Apar\u00edcio viu o golo anulado aos 54 minutos por alegada carga sobre o guarda-redes contr\u00e1rio, e dois minutos depois Aladje Cont\u00e9 convertou um pen\u00e1lti.<\/p>\n<p>Aos 65 minutos, Tiago Silva quase reduziu para o Belenenses, numa jogada em que a defesa chegou pouco afoita e a bola subiu acima da baliza. O Sporting voltou a pressionar e fechou o marcador aos 78 minutos, com mais um pen\u00e1lti convertido por David Makinde.<\/p>\n<h3>Desdobramentos<\/h3>\n<p>A vit\u00f3ria permite ao Sporting manter-se pr\u00f3ximo do topo e refor\u00e7ar a posi\u00e7\u00e3o na classifica\u00e7\u00e3o. O Belenenses tentou reagir na segunda parte, mas n\u00e3o conseguiu furar a defensiva contr\u00e1ria.<\/p>\n<p>A equipa anfitri\u00e3 criou oportunidade pouco depois do golo anulado, por\u00e9m sem conseguir igualar a contagem. Em termos de contenders ao t\u00edtulo, o FC Porto permanece na lideran\u00e7a, com os arrendamentos entre equipas da frente a manter-se vol\u00e1teis.<\/p>\n","protected":false},"excerpt":{"rendered":"<ul>\n<li>O Sporting isolou-se no 2.\u00ba lugar do apuramento de campe\u00e3o de iniciados, a tr\u00eas pontos do FC Porto, ap\u00f3s vencer o Belenenses por 2-0 no Restelo.<\/li>\n<li>O jogo teve dois pen\u00e1ltis convertidos pelo Sporting: o primeiro aos 56 minutos, por Aladje Cont\u00e9, e o segundo aos 78 minutos, por David Makinde.<\/li>\n<li>O golo anulado a Jacobo Apar\u00edcio aos 54 minutos, por alegada carga sobre o guardi\u00e3o azul, motivou contesta\u00e7\u00e3o no lance do in\u00edcio da segunda parte.<\/li>\n<li>O Belenenses criou a melhor ocasi\u00e3o perto do minuto 65, com Tiago Silva a rematar por cima, diante da defesa contr\u00e1ria desposicionada.<\/li>\n<li>O triunfo bateu o desfecho de Benfica em Tondela, com o Sporting a somar a quarta vit\u00f3ria consecutiva.<\/li>\n<\/ul>\n","protected":false},"author":2,"featured_media":426336,"comment_status":"closed","ping_status":"closed","sticky":false,"template":"","format":"standard","meta":{"footnotes":""},"categories":[21,24],"tags":[4925,227,32,3549,3509,1652],"class_list":["post-426333","post","type-post","status-publish","format-standard","has-post-thumbnail","hentry","category-desporto","category-futebol","tag-belenenses","tag-campeonato","tag-futebol","tag-iniciados","tag-penaltis","tag-sporting"],"yoast_head":"<!-- This site is optimized with the Yoast SEO plugin v27.2 - https:\/\/yoast.com\/product\/yoast-seo-wordpress\/ -->\n<title>Sporting vence Belenenses por 2-0 com golo de penalti - Portal Tela Portugal<\/title>\n<meta name=\"robots\" content=\"index, follow, max-snippet:-1, max-image-preview:large, max-video-preview:-1\" \/>\n<meta property=\"og:locale\" content=\"pt_PT\" \/>\n<meta property=\"og:type\" content=\"article\" \/>\n<meta property=\"og:title\" content=\"Sporting vence Belenenses por 2-0 com golo de penalti - Portal Tela Portugal\" \/>\n<meta property=\"og:description\" content=\"O Sporting isolou-se no 2.\u00ba lugar do apuramento de campe\u00e3o de iniciados, a tr\u00eas pontos do FC Porto, ap\u00f3s vencer o Belenenses por 2-0 no Restelo. O jogo teve dois pen\u00e1ltis convertidos pelo Sporting: o primeiro aos 56 minutos, por Aladje Cont\u00e9, e o segundo aos 78 minutos, por David Makinde. O golo anulado a Jacobo Apar\u00edcio aos 54 minutos, por alegada carga sobre o guardi\u00e3o azul, motivou contesta\u00e7\u00e3o no lance do in\u00edcio da segunda parte. O Belenenses criou a melhor ocasi\u00e3o perto do minuto 65, com Tiago Silva a rematar por cima, diante da defesa contr\u00e1ria desposicionada. O triunfo bateu o desfecho de Benfica em Tondela, com o Sporting a somar a quarta vit\u00f3ria consecutiva.\" \/>\n<meta property=\"og:url\" content=\"https:\/\/portaltela.pt\/noticias\/2026\/03\/29\/sporting-vence-belenenses-por-2-0-com-golo-de-penalti\/\" \/>\n<meta property=\"og:site_name\" content=\"Portal Tela Portugal\" \/>\n<meta property=\"article:published_time\" content=\"2026-03-29T21:47:06+00:00\" \/>\n<meta name=\"author\" content=\"Telinha\" \/>\n<meta name=\"twitter:card\" content=\"summary_large_image\" \/>\n<meta name=\"twitter:label1\" content=\"Escrito por\" \/>\n\t<meta name=\"twitter:data1\" content=\"Telinha\" \/>\n\t<meta name=\"twitter:label2\" content=\"Tempo estimado de leitura\" \/>\n\t<meta name=\"twitter:data2\" content=\"1 minuto\" \/>\n<script type=\"application\/ld+json\" class=\"yoast-schema-graph\">{\"@context\":\"https:\/\/schema.org\",\"@graph\":[{\"@type\":\"Article\",\"@id\":\"https:\/\/portaltela.pt\/noticias\/2026\/03\/29\/sporting-vence-belenenses-por-2-0-com-golo-de-penalti\/#article\",\"isPartOf\":{\"@id\":\"https:\/\/portaltela.pt\/noticias\/2026\/03\/29\/sporting-vence-belenenses-por-2-0-com-golo-de-penalti\/\"},\"author\":{\"name\":\"Telinha\",\"@id\":\"https:\/\/portaltela.pt\/#\/schema\/person\/c4278d4a6028830caff9ee44b42d32ed\"},\"headline\":\"Sporting vence Belenenses por 2-0 com golo de penalti\",\"datePublished\":\"2026-03-29T21:47:06+00:00\",\"mainEntityOfPage\":{\"@id\":\"https:\/\/portaltela.pt\/noticias\/2026\/03\/29\/sporting-vence-belenenses-por-2-0-com-golo-de-penalti\/\"},\"wordCount\":223,\"image\":{\"@id\":\"https:\/\/portaltela.pt\/noticias\/2026\/03\/29\/sporting-vence-belenenses-por-2-0-com-golo-de-penalti\/#primaryimage\"},\"thumbnailUrl\":\"https:\/\/portaltela.pt\/s.01k8rhncp4jt1\/2026\/03\/img_920x518uu2026-03-29-22-43-49-2430044.jpg\",\"keywords\":[\"Belenenses\",\"campeonato\",\"futebol\",\"iniciados\",\"pen\u00e1ltis\",\"Sporting\"],\"articleSection\":[\"Desporto\",\"Futebol\"],\"inLanguage\":\"pt-PT\"},{\"@type\":\"WebPage\",\"@id\":\"https:\/\/portaltela.pt\/noticias\/2026\/03\/29\/sporting-vence-belenenses-por-2-0-com-golo-de-penalti\/\",\"url\":\"https:\/\/portaltela.pt\/noticias\/2026\/03\/29\/sporting-vence-belenenses-por-2-0-com-golo-de-penalti\/\",\"name\":\"Sporting vence Belenenses por 2-0 com golo de penalti - Portal Tela Portugal\",\"isPartOf\":{\"@id\":\"https:\/\/portaltela.pt\/#website\"},\"primaryImageOfPage\":{\"@id\":\"https:\/\/portaltela.pt\/noticias\/2026\/03\/29\/sporting-vence-belenenses-por-2-0-com-golo-de-penalti\/#primaryimage\"},\"image\":{\"@id\":\"https:\/\/portaltela.pt\/noticias\/2026\/03\/29\/sporting-vence-belenenses-por-2-0-com-golo-de-penalti\/#primaryimage\"},\"thumbnailUrl\":\"https:\/\/portaltela.pt\/s.01k8rhncp4jt1\/2026\/03\/img_920x518uu2026-03-29-22-43-49-2430044.jpg\",\"datePublished\":\"2026-03-29T21:47:06+00:00\",\"author\":{\"@id\":\"https:\/\/portaltela.pt\/#\/schema\/person\/c4278d4a6028830caff9ee44b42d32ed\"},\"breadcrumb\":{\"@id\":\"https:\/\/portaltela.pt\/noticias\/2026\/03\/29\/sporting-vence-belenenses-por-2-0-com-golo-de-penalti\/#breadcrumb\"},\"inLanguage\":\"pt-PT\",\"potentialAction\":[{\"@type\":\"ReadAction\",\"target\":[\"https:\/\/portaltela.pt\/noticias\/2026\/03\/29\/sporting-vence-belenenses-por-2-0-com-golo-de-penalti\/\"]}]},{\"@type\":\"ImageObject\",\"inLanguage\":\"pt-PT\",\"@id\":\"https:\/\/portaltela.pt\/noticias\/2026\/03\/29\/sporting-vence-belenenses-por-2-0-com-golo-de-penalti\/#primaryimage\",\"url\":\"https:\/\/portaltela.pt\/s.01k8rhncp4jt1\/2026\/03\/img_920x518uu2026-03-29-22-43-49-2430044.jpg\",\"contentUrl\":\"https:\/\/portaltela.pt\/s.01k8rhncp4jt1\/2026\/03\/img_920x518uu2026-03-29-22-43-49-2430044.jpg\",\"width\":796,\"height\":448,\"caption\":\"Jogadores do Sporting fazem a festa frente ao Belenenses\"},{\"@type\":\"BreadcrumbList\",\"@id\":\"https:\/\/portaltela.pt\/noticias\/2026\/03\/29\/sporting-vence-belenenses-por-2-0-com-golo-de-penalti\/#breadcrumb\",\"itemListElement\":[{\"@type\":\"ListItem\",\"position\":1,\"name\":\"In\u00edcio\",\"item\":\"https:\/\/portaltela.pt\/\"},{\"@type\":\"ListItem\",\"position\":2,\"name\":\"Sporting vence Belenenses por 2-0 com golo de penalti\"}]},{\"@type\":\"WebSite\",\"@id\":\"https:\/\/portaltela.pt\/#website\",\"url\":\"https:\/\/portaltela.pt\/\",\"name\":\"Portal Tela Portugal\",\"description\":\"\",\"potentialAction\":[{\"@type\":\"SearchAction\",\"target\":{\"@type\":\"EntryPoint\",\"urlTemplate\":\"https:\/\/portaltela.pt\/?s={search_term_string}\"},\"query-input\":{\"@type\":\"PropertyValueSpecification\",\"valueRequired\":true,\"valueName\":\"search_term_string\"}}],\"inLanguage\":\"pt-PT\"},{\"@type\":\"Person\",\"@id\":\"https:\/\/portaltela.pt\/#\/schema\/person\/c4278d4a6028830caff9ee44b42d32ed\",\"name\":\"Telinha\",\"image\":{\"@type\":\"ImageObject\",\"inLanguage\":\"pt-PT\",\"@id\":\"https:\/\/portaltela.pt\/s.01k8rhncp4jt1\/2025\/11\/talking-bot-125x125.png\",\"url\":\"https:\/\/portaltela.pt\/s.01k8rhncp4jt1\/2025\/11\/talking-bot-125x125.png\",\"contentUrl\":\"https:\/\/portaltela.pt\/s.01k8rhncp4jt1\/2025\/11\/talking-bot-125x125.png\",\"caption\":\"Telinha\"},\"sameAs\":[\"https:\/\/portaltela.pt\/\"],\"url\":\"https:\/\/portaltela.pt\/por\/367410592786\/\"}]}<\/script>\n<!-- \/ Yoast SEO plugin. -->","yoast_head_json":{"title":"Sporting vence Belenenses por 2-0 com golo de penalti - Portal Tela Portugal","robots":{"index":"index","follow":"follow","max-snippet":"max-snippet:-1","max-image-preview":"max-image-preview:large","max-video-preview":"max-video-preview:-1"},"og_locale":"pt_PT","og_type":"article","og_title":"Sporting vence Belenenses por 2-0 com golo de penalti - Portal Tela Portugal","og_description":"O Sporting isolou-se no 2.\u00ba lugar do apuramento de campe\u00e3o de iniciados, a tr\u00eas pontos do FC Porto, ap\u00f3s vencer o Belenenses por 2-0 no Restelo. O jogo teve dois pen\u00e1ltis convertidos pelo Sporting: o primeiro aos 56 minutos, por Aladje Cont\u00e9, e o segundo aos 78 minutos, por David Makinde. O golo anulado a Jacobo Apar\u00edcio aos 54 minutos, por alegada carga sobre o guardi\u00e3o azul, motivou contesta\u00e7\u00e3o no lance do in\u00edcio da segunda parte. O Belenenses criou a melhor ocasi\u00e3o perto do minuto 65, com Tiago Silva a rematar por cima, diante da defesa contr\u00e1ria desposicionada. O triunfo bateu o desfecho de Benfica em Tondela, com o Sporting a somar a quarta vit\u00f3ria consecutiva.","og_url":"https:\/\/portaltela.pt\/noticias\/2026\/03\/29\/sporting-vence-belenenses-por-2-0-com-golo-de-penalti\/","og_site_name":"Portal Tela Portugal","article_published_time":"2026-03-29T21:47:06+00:00","author":"Telinha","twitter_card":"summary_large_image","twitter_misc":{"Escrito por":"Telinha","Tempo estimado de leitura":"1 minuto"},"schema":{"@context":"https:\/\/schema.org","@graph":[{"@type":"Article","@id":"https:\/\/portaltela.pt\/noticias\/2026\/03\/29\/sporting-vence-belenenses-por-2-0-com-golo-de-penalti\/#article","isPartOf":{"@id":"https:\/\/portaltela.pt\/noticias\/2026\/03\/29\/sporting-vence-belenenses-por-2-0-com-golo-de-penalti\/"},"author":{"name":"Telinha","@id":"https:\/\/portaltela.pt\/#\/schema\/person\/c4278d4a6028830caff9ee44b42d32ed"},"headline":"Sporting vence Belenenses por 2-0 com golo de penalti","datePublished":"2026-03-29T21:47:06+00:00","mainEntityOfPage":{"@id":"https:\/\/portaltela.pt\/noticias\/2026\/03\/29\/sporting-vence-belenenses-por-2-0-com-golo-de-penalti\/"},"wordCount":223,"image":{"@id":"https:\/\/portaltela.pt\/noticias\/2026\/03\/29\/sporting-vence-belenenses-por-2-0-com-golo-de-penalti\/#primaryimage"},"thumbnailUrl":"https:\/\/portaltela.pt\/s.01k8rhncp4jt1\/2026\/03\/img_920x518uu2026-03-29-22-43-49-2430044.jpg","keywords":["Belenenses","campeonato","futebol","iniciados","pen\u00e1ltis","Sporting"],"articleSection":["Desporto","Futebol"],"inLanguage":"pt-PT"},{"@type":"WebPage","@id":"https:\/\/portaltela.pt\/noticias\/2026\/03\/29\/sporting-vence-belenenses-por-2-0-com-golo-de-penalti\/","url":"https:\/\/portaltela.pt\/noticias\/2026\/03\/29\/sporting-vence-belenenses-por-2-0-com-golo-de-penalti\/","name":"Sporting vence Belenenses por 2-0 com golo de penalti - Portal Tela Portugal","isPartOf":{"@id":"https:\/\/portaltela.pt\/#website"},"primaryImageOfPage":{"@id":"https:\/\/portaltela.pt\/noticias\/2026\/03\/29\/sporting-vence-belenenses-por-2-0-com-golo-de-penalti\/#primaryimage"},"image":{"@id":"https:\/\/portaltela.pt\/noticias\/2026\/03\/29\/sporting-vence-belenenses-por-2-0-com-golo-de-penalti\/#primaryimage"},"thumbnailUrl":"https:\/\/portaltela.pt\/s.01k8rhncp4jt1\/2026\/03\/img_920x518uu2026-03-29-22-43-49-2430044.jpg","datePublished":"2026-03-29T21:47:06+00:00","author":{"@id":"https:\/\/portaltela.pt\/#\/schema\/person\/c4278d4a6028830caff9ee44b42d32ed"},"breadcrumb":{"@id":"https:\/\/portaltela.pt\/noticias\/2026\/03\/29\/sporting-vence-belenenses-por-2-0-com-golo-de-penalti\/#breadcrumb"},"inLanguage":"pt-PT","potentialAction":[{"@type":"ReadAction","target":["https:\/\/portaltela.pt\/noticias\/2026\/03\/29\/sporting-vence-belenenses-por-2-0-com-golo-de-penalti\/"]}]},{"@type":"ImageObject","inLanguage":"pt-PT","@id":"https:\/\/portaltela.pt\/noticias\/2026\/03\/29\/sporting-vence-belenenses-por-2-0-com-golo-de-penalti\/#primaryimage","url":"https:\/\/portaltela.pt\/s.01k8rhncp4jt1\/2026\/03\/img_920x518uu2026-03-29-22-43-49-2430044.jpg","contentUrl":"https:\/\/portaltela.pt\/s.01k8rhncp4jt1\/2026\/03\/img_920x518uu2026-03-29-22-43-49-2430044.jpg","width":796,"height":448,"caption":"Jogadores do Sporting fazem a festa frente ao Belenenses"},{"@type":"BreadcrumbList","@id":"https:\/\/portaltela.pt\/noticias\/2026\/03\/29\/sporting-vence-belenenses-por-2-0-com-golo-de-penalti\/#breadcrumb","itemListElement":[{"@type":"ListItem","position":1,"name":"In\u00edcio","item":"https:\/\/portaltela.pt\/"},{"@type":"ListItem","position":2,"name":"Sporting vence Belenenses por 2-0 com golo de penalti"}]},{"@type":"WebSite","@id":"https:\/\/portaltela.pt\/#website","url":"https:\/\/portaltela.pt\/","name":"Portal Tela Portugal","description":"","potentialAction":[{"@type":"SearchAction","target":{"@type":"EntryPoint","urlTemplate":"https:\/\/portaltela.pt\/?s={search_term_string}"},"query-input":{"@type":"PropertyValueSpecification","valueRequired":true,"valueName":"search_term_string"}}],"inLanguage":"pt-PT"},{"@type":"Person","@id":"https:\/\/portaltela.pt\/#\/schema\/person\/c4278d4a6028830caff9ee44b42d32ed","name":"Telinha","image":{"@type":"ImageObject","inLanguage":"pt-PT","@id":"https:\/\/portaltela.pt\/s.01k8rhncp4jt1\/2025\/11\/talking-bot-125x125.png","url":"https:\/\/portaltela.pt\/s.01k8rhncp4jt1\/2025\/11\/talking-bot-125x125.png","contentUrl":"https:\/\/portaltela.pt\/s.01k8rhncp4jt1\/2025\/11\/talking-bot-125x125.png","caption":"Telinha"},"sameAs":["https:\/\/portaltela.pt\/"],"url":"https:\/\/portaltela.pt\/por\/367410592786\/"}]}},"_links":{"self":[{"href":"https:\/\/portaltela.pt\/api\/wp\/v2\/posts\/426333","targetHints":{"allow":["GET"]}}],"collection":[{"href":"https:\/\/portaltela.pt\/api\/wp\/v2\/posts"}],"about":[{"href":"https:\/\/portaltela.pt\/api\/wp\/v2\/types\/post"}],"author":[{"embeddable":true,"href":"https:\/\/portaltela.pt\/api\/wp\/v2\/users\/2"}],"replies":[{"embeddable":true,"href":"https:\/\/portaltela.pt\/api\/wp\/v2\/comments?post=426333"}],"version-history":[{"count":0,"href":"https:\/\/portaltela.pt\/api\/wp\/v2\/posts\/426333\/revisions"}],"wp:featuredmedia":[{"embeddable":true,"href":"https:\/\/portaltela.pt\/api\/wp\/v2\/media\/426336"}],"wp:attachment":[{"href":"https:\/\/portaltela.pt\/api\/wp\/v2\/media?parent=426333"}],"wp:term":[{"taxonomy":"category","embeddable":true,"href":"https:\/\/portaltela.pt\/api\/wp\/v2\/categories?post=426333"},{"taxonomy":"post_tag","embeddable":true,"href":"https:\/\/portaltela.pt\/api\/wp\/v2\/tags?post=426333"}],"curies":[{"name":"wp","href":"https:\/\/api.w.org\/{rel}","templated":true}]}}