{"id":426330,"date":"2026-03-29T18:47:02","date_gmt":"2026-03-29T21:47:02","guid":{"rendered":"https:\/\/portaltela.pt\/noticias\/2026\/03\/29\/vitinha-diz-que-adora-cavalos-e-sente-se-livre-a-correr-no-genova\/"},"modified":"2026-03-29T18:47:02","modified_gmt":"2026-03-29T21:47:02","slug":"vitinha-diz-que-adora-cavalos-e-sente-se-livre-a-correr-no-genova","status":"publish","type":"post","link":"https:\/\/portaltela.pt\/desporto\/futebol\/2026\/03\/29\/vitinha-diz-que-adora-cavalos-e-sente-se-livre-a-correr-no-genova\/","title":{"rendered":"Vitinha diz que adora cavalos e sente-se livre a correr no G\u00e9nova"},"content":{"rendered":"<p>Vitinha atravessa um momento de grande forma no G\u00e9nova, com cinco golos na Serie A, tr\u00eas j\u00e1 em 2026. O avan\u00e7ado de 26 anos tem beneficiado da liberdade t\u00e1tica concedida pelo t\u00e9cnico Daniele De Rossi, que o incentiva a explorar o terreno com autonomia. Vitinha chegou ao clube italiano em julho de 2024, proveniente do Marselha.<\/p>\n<p>O jogador revelou que sempre adorou cavalos desde a inf\u00e2ncia, interpretando a liberdade no g\u00e9nova como uma oportunidade de se soltar em campo. Em entrevista \u00e0 Sky News Italia, destacou a continuidade pessoal e coletiva como fundamentais para manter o rendimento est\u00e1vel e ajudar a equipa a crescer.<\/p>\n<p>Vitinha tamb\u00e9m valorizou o papel do treinador na sua evolu\u00e7\u00e3o, dizendo que De Rossi transmite o desejo de vencer e jogar bem, o que o motiva a entregar o melhor a cada encontro. A atual fase refor\u00e7a a leitura coletiva do G\u00e9nova, que mira alcan\u00e7ar consist\u00eancia ao longo da temporada.<\/p>\n<h3>Condi\u00e7\u00e3o f\u00edsica e integra\u00e7\u00e3o t\u00e1tica<\/h3>\n<p>A aposta na boa forma f\u00edsica \u00e9 apontada como um fator decisivo para o aumento de contributos ofensivos. O jogador assegura sentir-se bem neste momento, com a equipa a apresentar solidez e o clube a valorizar o seu rendimento individual. A dire\u00e7\u00e3o t\u00e9cnica mant\u00e9m o foco em manter o equil\u00edbrio entre ataque e defesa.<\/p>\n","protected":false},"excerpt":{"rendered":"<ul>\n<li>Vitinha est\u00e1 em grande momento no G\u00e9nova, com cinco golos na Serie A, tr\u00eas deles em 2026.<\/li>\n<li>Chegou ao G\u00e9nova em julho de 2024, vindo do Marselha, e tem 26 anos.<\/li>\n<li>O treinador Daniele De Rossi permite-lhe liberdade no terreno, o que ajudaria o desempenho de Vitinha.<\/li>\n<li>Em entrevista \u00e0 Sky News Italia, o avan\u00e7ado elogia o clube, o treinador e a equipa, destacando a vontade de vencer.<\/li>\n<li>Vitinha afirma sentir-se em casa e procura consist\u00eancia nos golos e nas assist\u00eancias.<\/li>\n<\/ul>\n","protected":false},"author":2,"featured_media":426337,"comment_status":"closed","ping_status":"closed","sticky":false,"template":"","format":"standard","meta":{"footnotes":""},"categories":[21,24],"tags":[32,3338,81,1857,2477,2752],"class_list":["post-426330","post","type-post","status-publish","format-standard","has-post-thumbnail","hentry","category-desporto","category-futebol","tag-futebol","tag-futebol-internacional","tag-internacionais","tag-italia","tag-treinadores","tag-vitinha"],"yoast_head":"<!-- This site is optimized with the Yoast SEO plugin v27.2 - https:\/\/yoast.com\/product\/yoast-seo-wordpress\/ -->\n<title>Vitinha diz que adora cavalos e sente-se livre a correr no G\u00e9nova - Portal Tela Portugal<\/title>\n<meta name=\"robots\" content=\"index, follow, max-snippet:-1, max-image-preview:large, max-video-preview:-1\" \/>\n<meta property=\"og:locale\" content=\"pt_PT\" \/>\n<meta property=\"og:type\" content=\"article\" \/>\n<meta property=\"og:title\" content=\"Vitinha diz que adora cavalos e sente-se livre a correr no G\u00e9nova - Portal Tela Portugal\" \/>\n<meta property=\"og:description\" content=\"Vitinha est\u00e1 em grande momento no G\u00e9nova, com cinco golos na Serie A, tr\u00eas deles em 2026. Chegou ao G\u00e9nova em julho de 2024, vindo do Marselha, e tem 26 anos. O treinador Daniele De Rossi permite-lhe liberdade no terreno, o que ajudaria o desempenho de Vitinha. Em entrevista \u00e0 Sky News Italia, o avan\u00e7ado elogia o clube, o treinador e a equipa, destacando a vontade de vencer. Vitinha afirma sentir-se em casa e procura consist\u00eancia nos golos e nas assist\u00eancias.\" \/>\n<meta property=\"og:url\" content=\"https:\/\/portaltela.pt\/noticias\/2026\/03\/29\/vitinha-diz-que-adora-cavalos-e-sente-se-livre-a-correr-no-genova\/\" \/>\n<meta property=\"og:site_name\" content=\"Portal Tela Portugal\" \/>\n<meta property=\"article:published_time\" content=\"2026-03-29T21:47:02+00:00\" \/>\n<meta name=\"author\" content=\"Telinha\" \/>\n<meta name=\"twitter:card\" content=\"summary_large_image\" \/>\n<meta name=\"twitter:label1\" content=\"Escrito por\" \/>\n\t<meta name=\"twitter:data1\" content=\"Telinha\" \/>\n\t<meta name=\"twitter:label2\" content=\"Tempo estimado de leitura\" \/>\n\t<meta name=\"twitter:data2\" content=\"1 minuto\" \/>\n<script type=\"application\/ld+json\" class=\"yoast-schema-graph\">{\"@context\":\"https:\/\/schema.org\",\"@graph\":[{\"@type\":\"Article\",\"@id\":\"https:\/\/portaltela.pt\/noticias\/2026\/03\/29\/vitinha-diz-que-adora-cavalos-e-sente-se-livre-a-correr-no-genova\/#article\",\"isPartOf\":{\"@id\":\"https:\/\/portaltela.pt\/noticias\/2026\/03\/29\/vitinha-diz-que-adora-cavalos-e-sente-se-livre-a-correr-no-genova\/\"},\"author\":{\"name\":\"Telinha\",\"@id\":\"https:\/\/portaltela.pt\/#\/schema\/person\/c4278d4a6028830caff9ee44b42d32ed\"},\"headline\":\"Vitinha diz que adora cavalos e sente-se livre a correr no G\u00e9nova\",\"datePublished\":\"2026-03-29T21:47:02+00:00\",\"mainEntityOfPage\":{\"@id\":\"https:\/\/portaltela.pt\/noticias\/2026\/03\/29\/vitinha-diz-que-adora-cavalos-e-sente-se-livre-a-correr-no-genova\/\"},\"wordCount\":244,\"image\":{\"@id\":\"https:\/\/portaltela.pt\/noticias\/2026\/03\/29\/vitinha-diz-que-adora-cavalos-e-sente-se-livre-a-correr-no-genova\/#primaryimage\"},\"thumbnailUrl\":\"https:\/\/portaltela.pt\/s.01k8rhncp4jt1\/2026\/03\/img_920x518uu2026-03-29-22-37-54-2430043.jpg\",\"keywords\":[\"futebol\",\"futebol internacional\",\"internacionais\",\"It\u00e1lia\",\"treinadores\",\"Vitinha\"],\"articleSection\":[\"Desporto\",\"Futebol\"],\"inLanguage\":\"pt-PT\"},{\"@type\":\"WebPage\",\"@id\":\"https:\/\/portaltela.pt\/noticias\/2026\/03\/29\/vitinha-diz-que-adora-cavalos-e-sente-se-livre-a-correr-no-genova\/\",\"url\":\"https:\/\/portaltela.pt\/noticias\/2026\/03\/29\/vitinha-diz-que-adora-cavalos-e-sente-se-livre-a-correr-no-genova\/\",\"name\":\"Vitinha diz que adora cavalos e sente-se livre a correr no G\u00e9nova - Portal Tela Portugal\",\"isPartOf\":{\"@id\":\"https:\/\/portaltela.pt\/#website\"},\"primaryImageOfPage\":{\"@id\":\"https:\/\/portaltela.pt\/noticias\/2026\/03\/29\/vitinha-diz-que-adora-cavalos-e-sente-se-livre-a-correr-no-genova\/#primaryimage\"},\"image\":{\"@id\":\"https:\/\/portaltela.pt\/noticias\/2026\/03\/29\/vitinha-diz-que-adora-cavalos-e-sente-se-livre-a-correr-no-genova\/#primaryimage\"},\"thumbnailUrl\":\"https:\/\/portaltela.pt\/s.01k8rhncp4jt1\/2026\/03\/img_920x518uu2026-03-29-22-37-54-2430043.jpg\",\"datePublished\":\"2026-03-29T21:47:02+00:00\",\"author\":{\"@id\":\"https:\/\/portaltela.pt\/#\/schema\/person\/c4278d4a6028830caff9ee44b42d32ed\"},\"breadcrumb\":{\"@id\":\"https:\/\/portaltela.pt\/noticias\/2026\/03\/29\/vitinha-diz-que-adora-cavalos-e-sente-se-livre-a-correr-no-genova\/#breadcrumb\"},\"inLanguage\":\"pt-PT\",\"potentialAction\":[{\"@type\":\"ReadAction\",\"target\":[\"https:\/\/portaltela.pt\/noticias\/2026\/03\/29\/vitinha-diz-que-adora-cavalos-e-sente-se-livre-a-correr-no-genova\/\"]}]},{\"@type\":\"ImageObject\",\"inLanguage\":\"pt-PT\",\"@id\":\"https:\/\/portaltela.pt\/noticias\/2026\/03\/29\/vitinha-diz-que-adora-cavalos-e-sente-se-livre-a-correr-no-genova\/#primaryimage\",\"url\":\"https:\/\/portaltela.pt\/s.01k8rhncp4jt1\/2026\/03\/img_920x518uu2026-03-29-22-37-54-2430043.jpg\",\"contentUrl\":\"https:\/\/portaltela.pt\/s.01k8rhncp4jt1\/2026\/03\/img_920x518uu2026-03-29-22-37-54-2430043.jpg\",\"width\":796,\"height\":448,\"caption\":\"Vitinha celebra golo na Serie A\"},{\"@type\":\"BreadcrumbList\",\"@id\":\"https:\/\/portaltela.pt\/noticias\/2026\/03\/29\/vitinha-diz-que-adora-cavalos-e-sente-se-livre-a-correr-no-genova\/#breadcrumb\",\"itemListElement\":[{\"@type\":\"ListItem\",\"position\":1,\"name\":\"In\u00edcio\",\"item\":\"https:\/\/portaltela.pt\/\"},{\"@type\":\"ListItem\",\"position\":2,\"name\":\"Vitinha diz que adora cavalos e sente-se livre a correr no G\u00e9nova\"}]},{\"@type\":\"WebSite\",\"@id\":\"https:\/\/portaltela.pt\/#website\",\"url\":\"https:\/\/portaltela.pt\/\",\"name\":\"Portal Tela Portugal\",\"description\":\"\",\"potentialAction\":[{\"@type\":\"SearchAction\",\"target\":{\"@type\":\"EntryPoint\",\"urlTemplate\":\"https:\/\/portaltela.pt\/?s={search_term_string}\"},\"query-input\":{\"@type\":\"PropertyValueSpecification\",\"valueRequired\":true,\"valueName\":\"search_term_string\"}}],\"inLanguage\":\"pt-PT\"},{\"@type\":\"Person\",\"@id\":\"https:\/\/portaltela.pt\/#\/schema\/person\/c4278d4a6028830caff9ee44b42d32ed\",\"name\":\"Telinha\",\"image\":{\"@type\":\"ImageObject\",\"inLanguage\":\"pt-PT\",\"@id\":\"https:\/\/portaltela.pt\/s.01k8rhncp4jt1\/2025\/11\/talking-bot-125x125.png\",\"url\":\"https:\/\/portaltela.pt\/s.01k8rhncp4jt1\/2025\/11\/talking-bot-125x125.png\",\"contentUrl\":\"https:\/\/portaltela.pt\/s.01k8rhncp4jt1\/2025\/11\/talking-bot-125x125.png\",\"caption\":\"Telinha\"},\"sameAs\":[\"https:\/\/portaltela.pt\/\"],\"url\":\"https:\/\/portaltela.pt\/por\/367410592786\/\"}]}<\/script>\n<!-- \/ Yoast SEO plugin. -->","yoast_head_json":{"title":"Vitinha diz que adora cavalos e sente-se livre a correr no G\u00e9nova - Portal Tela Portugal","robots":{"index":"index","follow":"follow","max-snippet":"max-snippet:-1","max-image-preview":"max-image-preview:large","max-video-preview":"max-video-preview:-1"},"og_locale":"pt_PT","og_type":"article","og_title":"Vitinha diz que adora cavalos e sente-se livre a correr no G\u00e9nova - Portal Tela Portugal","og_description":"Vitinha est\u00e1 em grande momento no G\u00e9nova, com cinco golos na Serie A, tr\u00eas deles em 2026. Chegou ao G\u00e9nova em julho de 2024, vindo do Marselha, e tem 26 anos. O treinador Daniele De Rossi permite-lhe liberdade no terreno, o que ajudaria o desempenho de Vitinha. Em entrevista \u00e0 Sky News Italia, o avan\u00e7ado elogia o clube, o treinador e a equipa, destacando a vontade de vencer. Vitinha afirma sentir-se em casa e procura consist\u00eancia nos golos e nas assist\u00eancias.","og_url":"https:\/\/portaltela.pt\/noticias\/2026\/03\/29\/vitinha-diz-que-adora-cavalos-e-sente-se-livre-a-correr-no-genova\/","og_site_name":"Portal Tela Portugal","article_published_time":"2026-03-29T21:47:02+00:00","author":"Telinha","twitter_card":"summary_large_image","twitter_misc":{"Escrito por":"Telinha","Tempo estimado de leitura":"1 minuto"},"schema":{"@context":"https:\/\/schema.org","@graph":[{"@type":"Article","@id":"https:\/\/portaltela.pt\/noticias\/2026\/03\/29\/vitinha-diz-que-adora-cavalos-e-sente-se-livre-a-correr-no-genova\/#article","isPartOf":{"@id":"https:\/\/portaltela.pt\/noticias\/2026\/03\/29\/vitinha-diz-que-adora-cavalos-e-sente-se-livre-a-correr-no-genova\/"},"author":{"name":"Telinha","@id":"https:\/\/portaltela.pt\/#\/schema\/person\/c4278d4a6028830caff9ee44b42d32ed"},"headline":"Vitinha diz que adora cavalos e sente-se livre a correr no G\u00e9nova","datePublished":"2026-03-29T21:47:02+00:00","mainEntityOfPage":{"@id":"https:\/\/portaltela.pt\/noticias\/2026\/03\/29\/vitinha-diz-que-adora-cavalos-e-sente-se-livre-a-correr-no-genova\/"},"wordCount":244,"image":{"@id":"https:\/\/portaltela.pt\/noticias\/2026\/03\/29\/vitinha-diz-que-adora-cavalos-e-sente-se-livre-a-correr-no-genova\/#primaryimage"},"thumbnailUrl":"https:\/\/portaltela.pt\/s.01k8rhncp4jt1\/2026\/03\/img_920x518uu2026-03-29-22-37-54-2430043.jpg","keywords":["futebol","futebol internacional","internacionais","It\u00e1lia","treinadores","Vitinha"],"articleSection":["Desporto","Futebol"],"inLanguage":"pt-PT"},{"@type":"WebPage","@id":"https:\/\/portaltela.pt\/noticias\/2026\/03\/29\/vitinha-diz-que-adora-cavalos-e-sente-se-livre-a-correr-no-genova\/","url":"https:\/\/portaltela.pt\/noticias\/2026\/03\/29\/vitinha-diz-que-adora-cavalos-e-sente-se-livre-a-correr-no-genova\/","name":"Vitinha diz que adora cavalos e sente-se livre a correr no G\u00e9nova - Portal Tela Portugal","isPartOf":{"@id":"https:\/\/portaltela.pt\/#website"},"primaryImageOfPage":{"@id":"https:\/\/portaltela.pt\/noticias\/2026\/03\/29\/vitinha-diz-que-adora-cavalos-e-sente-se-livre-a-correr-no-genova\/#primaryimage"},"image":{"@id":"https:\/\/portaltela.pt\/noticias\/2026\/03\/29\/vitinha-diz-que-adora-cavalos-e-sente-se-livre-a-correr-no-genova\/#primaryimage"},"thumbnailUrl":"https:\/\/portaltela.pt\/s.01k8rhncp4jt1\/2026\/03\/img_920x518uu2026-03-29-22-37-54-2430043.jpg","datePublished":"2026-03-29T21:47:02+00:00","author":{"@id":"https:\/\/portaltela.pt\/#\/schema\/person\/c4278d4a6028830caff9ee44b42d32ed"},"breadcrumb":{"@id":"https:\/\/portaltela.pt\/noticias\/2026\/03\/29\/vitinha-diz-que-adora-cavalos-e-sente-se-livre-a-correr-no-genova\/#breadcrumb"},"inLanguage":"pt-PT","potentialAction":[{"@type":"ReadAction","target":["https:\/\/portaltela.pt\/noticias\/2026\/03\/29\/vitinha-diz-que-adora-cavalos-e-sente-se-livre-a-correr-no-genova\/"]}]},{"@type":"ImageObject","inLanguage":"pt-PT","@id":"https:\/\/portaltela.pt\/noticias\/2026\/03\/29\/vitinha-diz-que-adora-cavalos-e-sente-se-livre-a-correr-no-genova\/#primaryimage","url":"https:\/\/portaltela.pt\/s.01k8rhncp4jt1\/2026\/03\/img_920x518uu2026-03-29-22-37-54-2430043.jpg","contentUrl":"https:\/\/portaltela.pt\/s.01k8rhncp4jt1\/2026\/03\/img_920x518uu2026-03-29-22-37-54-2430043.jpg","width":796,"height":448,"caption":"Vitinha celebra golo na Serie A"},{"@type":"BreadcrumbList","@id":"https:\/\/portaltela.pt\/noticias\/2026\/03\/29\/vitinha-diz-que-adora-cavalos-e-sente-se-livre-a-correr-no-genova\/#breadcrumb","itemListElement":[{"@type":"ListItem","position":1,"name":"In\u00edcio","item":"https:\/\/portaltela.pt\/"},{"@type":"ListItem","position":2,"name":"Vitinha diz que adora cavalos e sente-se livre a correr no G\u00e9nova"}]},{"@type":"WebSite","@id":"https:\/\/portaltela.pt\/#website","url":"https:\/\/portaltela.pt\/","name":"Portal Tela Portugal","description":"","potentialAction":[{"@type":"SearchAction","target":{"@type":"EntryPoint","urlTemplate":"https:\/\/portaltela.pt\/?s={search_term_string}"},"query-input":{"@type":"PropertyValueSpecification","valueRequired":true,"valueName":"search_term_string"}}],"inLanguage":"pt-PT"},{"@type":"Person","@id":"https:\/\/portaltela.pt\/#\/schema\/person\/c4278d4a6028830caff9ee44b42d32ed","name":"Telinha","image":{"@type":"ImageObject","inLanguage":"pt-PT","@id":"https:\/\/portaltela.pt\/s.01k8rhncp4jt1\/2025\/11\/talking-bot-125x125.png","url":"https:\/\/portaltela.pt\/s.01k8rhncp4jt1\/2025\/11\/talking-bot-125x125.png","contentUrl":"https:\/\/portaltela.pt\/s.01k8rhncp4jt1\/2025\/11\/talking-bot-125x125.png","caption":"Telinha"},"sameAs":["https:\/\/portaltela.pt\/"],"url":"https:\/\/portaltela.pt\/por\/367410592786\/"}]}},"_links":{"self":[{"href":"https:\/\/portaltela.pt\/api\/wp\/v2\/posts\/426330","targetHints":{"allow":["GET"]}}],"collection":[{"href":"https:\/\/portaltela.pt\/api\/wp\/v2\/posts"}],"about":[{"href":"https:\/\/portaltela.pt\/api\/wp\/v2\/types\/post"}],"author":[{"embeddable":true,"href":"https:\/\/portaltela.pt\/api\/wp\/v2\/users\/2"}],"replies":[{"embeddable":true,"href":"https:\/\/portaltela.pt\/api\/wp\/v2\/comments?post=426330"}],"version-history":[{"count":0,"href":"https:\/\/portaltela.pt\/api\/wp\/v2\/posts\/426330\/revisions"}],"wp:featuredmedia":[{"embeddable":true,"href":"https:\/\/portaltela.pt\/api\/wp\/v2\/media\/426337"}],"wp:attachment":[{"href":"https:\/\/portaltela.pt\/api\/wp\/v2\/media?parent=426330"}],"wp:term":[{"taxonomy":"category","embeddable":true,"href":"https:\/\/portaltela.pt\/api\/wp\/v2\/categories?post=426330"},{"taxonomy":"post_tag","embeddable":true,"href":"https:\/\/portaltela.pt\/api\/wp\/v2\/tags?post=426330"}],"curies":[{"name":"wp","href":"https:\/\/api.w.org\/{rel}","templated":true}]}}