{"id":426310,"date":"2026-03-29T18:02:28","date_gmt":"2026-03-29T21:02:28","guid":{"rendered":"https:\/\/portaltela.pt\/noticias\/2026\/03\/29\/tiago-antunes-vence-volta-ao-alentejo-primeiro-triunfo-luso-desde-2019\/"},"modified":"2026-03-29T18:02:28","modified_gmt":"2026-03-29T21:02:28","slug":"tiago-antunes-vence-volta-ao-alentejo-primeiro-triunfo-luso-desde-2019","status":"publish","type":"post","link":"https:\/\/portaltela.pt\/desporto\/futebol\/2026\/03\/29\/tiago-antunes-vence-volta-ao-alentejo-primeiro-triunfo-luso-desde-2019\/","title":{"rendered":"Tiago Antunes vence Volta ao Alentejo, primeiro triunfo luso desde 2019"},"content":{"rendered":"<p>Tiago Antunes fecha a Volta ao Alentejo com o primeiro triunfo luso desde 2019. Na consagra\u00e7\u00e3o, a prova come\u00e7ou em Moura e teve a meta na Pra\u00e7a do Giraldo, em \u00c9vora. A vit\u00f3ria da etapa pertenceu ao belga Jens Verbruggh (NSN Development Team), com a fuga e a contagem a marcar o ritmo do dia.<\/p>\n<p>O conjunto Efapel Cycling, l\u00edder da geral, esteve ativo durante a corrida, ajudando a manter o camisola amarela at\u00e9 aos derradeiros quil\u00f3metros. A press\u00e3o sobre o l\u00edder aumentou nos pontos cr\u00edticos da tirada, incluindo a afirma\u00e7\u00e3o de Samtibello, que pressionou o pelot\u00e3o desde cedo.<\/p>\n<p>A fuga do dia consolidou-se perto da meta volante de Reguengos de Monsaraz, a cerca de cem quil\u00f3metros da linha de chegada. German Tivani (Aviludo\/ Louletano\/ Loul\u00e9) e Samtibello destacaram-se, mantendo-se \u00e0 frente por momentos e for\u00e7ando a equipa do l\u00edder a agir. No grupo intermedi\u00e1rio, Santiago Mesa (Anicolor\/ Campicarn) tamb\u00e9m mostrava inten\u00e7\u00e3o de chegar ao sprint.<\/p>\n<p>No \u00faltimo quil\u00f3metro, em vias de empedrado rumo \u00e0 Pra\u00e7a do Giraldo, ocorreu a aproxima\u00e7\u00e3o entre a frente de corrida e o pelot\u00e3o. No final, Jens Verbruggh resistiu ao sprint final e confirmou a vit\u00f3ria por photo finish, garantindo a etapa. A alegria ficou nos comandos da Efapel Cycling, que comandou o desfecho da prova.<\/p>\n<p>Tiago Antunes, que completa 29 anos a 9 de abril, alcan\u00e7ou a maior vit\u00f3ria da carreira e tornou-se no primeiro portugu\u00eas desde 2019 a vencer a Volta ao Alentejo. O piloto destacou o esp\u00edrito coletivo da equipa e a for\u00e7a exibida ao longo do dia.<\/p>\n<p>A forma\u00e7\u00e3o algarvia refor\u00e7ou o papel de refer\u00eancia na competi\u00e7\u00e3o, contando com a mobiliza\u00e7\u00e3o de toda a equipa para preservar a lideran\u00e7a at\u00e9 ao fim.<\/p>\n","protected":false},"excerpt":{"rendered":"<ul>\n<li>A etapa da Volta ao Alentejo come\u00e7ou em Moura e terminou na Pra\u00e7a do Giraldo, em \u00c9vora, com Jens Verbruggh (NSN Development Team) a vencer no photo finish.<\/li>\n<li>Tiago Antunes manteve a camisola amarela ap\u00f3s a prova, com a fuga a ganhar for\u00e7a ao longo do percurso, incluindo ataques de Enea Samtibello (UAE\/ Team Emirates\/ Gen Z) e German Tivani (Aviludo\/ Louletano\/ Loul\u00e9).<\/li>\n<li>No trecho final, a jun\u00e7\u00e3o dos grupos levou ao sprint no empedrado da pra\u00e7a, onde o colombiano Santiago Mesa chegou a parecer favorit\u00e1rio, mas Verbruggh assegurou a vit\u00f3ria.<\/li>\n<li>Tiago Antunes, que completa 29 anos a 9 de abril, alcan\u00e7ou a maior vit\u00f3ria da carreira e tornou-se no primeiro portugu\u00eas a vencer a Alentejana nos \u00faltimos sete anos.<\/li>\n<li>A equipa Efapel Cycling, com apoio da Movistar Academy, dominou a press\u00e3o na fuga para manter a lideran\u00e7a na classifica\u00e7\u00e3o geral.<\/li>\n<\/ul>\n","protected":false},"author":2,"featured_media":426312,"comment_status":"closed","ping_status":"closed","sticky":false,"template":"","format":"standard","meta":{"footnotes":""},"categories":[21,24],"tags":[883,4004,923,4161,1074,2396],"class_list":["post-426310","post","type-post","status-publish","format-standard","has-post-thumbnail","hentry","category-desporto","category-futebol","tag-alentejo","tag-anicolor-campicarn","tag-ciclismo","tag-efapel-cycling","tag-evora","tag-moura"],"yoast_head":"<!-- This site is optimized with the Yoast SEO plugin v27.2 - https:\/\/yoast.com\/product\/yoast-seo-wordpress\/ -->\n<title>Tiago Antunes vence Volta ao Alentejo, primeiro triunfo luso desde 2019 - Portal Tela Portugal<\/title>\n<meta name=\"robots\" content=\"index, follow, max-snippet:-1, max-image-preview:large, max-video-preview:-1\" \/>\n<meta property=\"og:locale\" content=\"pt_PT\" \/>\n<meta property=\"og:type\" content=\"article\" \/>\n<meta property=\"og:title\" content=\"Tiago Antunes vence Volta ao Alentejo, primeiro triunfo luso desde 2019 - Portal Tela Portugal\" \/>\n<meta property=\"og:description\" content=\"A etapa da Volta ao Alentejo come\u00e7ou em Moura e terminou na Pra\u00e7a do Giraldo, em \u00c9vora, com Jens Verbruggh (NSN Development Team) a vencer no photo finish. Tiago Antunes manteve a camisola amarela ap\u00f3s a prova, com a fuga a ganhar for\u00e7a ao longo do percurso, incluindo ataques de Enea Samtibello (UAE\/ Team Emirates\/ Gen Z) e German Tivani (Aviludo\/ Louletano\/ Loul\u00e9). No trecho final, a jun\u00e7\u00e3o dos grupos levou ao sprint no empedrado da pra\u00e7a, onde o colombiano Santiago Mesa chegou a parecer favorit\u00e1rio, mas Verbruggh assegurou a vit\u00f3ria. Tiago Antunes, que completa 29 anos a 9 de abril, alcan\u00e7ou a maior vit\u00f3ria da carreira e tornou-se no primeiro portugu\u00eas a vencer a Alentejana nos \u00faltimos sete anos. A equipa Efapel Cycling, com apoio da Movistar Academy, dominou a press\u00e3o na fuga para manter a lideran\u00e7a na classifica\u00e7\u00e3o geral.\" \/>\n<meta property=\"og:url\" content=\"https:\/\/portaltela.pt\/noticias\/2026\/03\/29\/tiago-antunes-vence-volta-ao-alentejo-primeiro-triunfo-luso-desde-2019\/\" \/>\n<meta property=\"og:site_name\" content=\"Portal Tela Portugal\" \/>\n<meta property=\"article:published_time\" content=\"2026-03-29T21:02:28+00:00\" \/>\n<meta name=\"author\" content=\"Telinha\" \/>\n<meta name=\"twitter:card\" content=\"summary_large_image\" \/>\n<meta name=\"twitter:label1\" content=\"Escrito por\" \/>\n\t<meta name=\"twitter:data1\" content=\"Telinha\" \/>\n\t<meta name=\"twitter:label2\" content=\"Tempo estimado de leitura\" \/>\n\t<meta name=\"twitter:data2\" content=\"2 minutos\" \/>\n<script type=\"application\/ld+json\" class=\"yoast-schema-graph\">{\"@context\":\"https:\/\/schema.org\",\"@graph\":[{\"@type\":\"Article\",\"@id\":\"https:\/\/portaltela.pt\/noticias\/2026\/03\/29\/tiago-antunes-vence-volta-ao-alentejo-primeiro-triunfo-luso-desde-2019\/#article\",\"isPartOf\":{\"@id\":\"https:\/\/portaltela.pt\/noticias\/2026\/03\/29\/tiago-antunes-vence-volta-ao-alentejo-primeiro-triunfo-luso-desde-2019\/\"},\"author\":{\"name\":\"Telinha\",\"@id\":\"https:\/\/portaltela.pt\/#\/schema\/person\/c4278d4a6028830caff9ee44b42d32ed\"},\"headline\":\"Tiago Antunes vence Volta ao Alentejo, primeiro triunfo luso desde 2019\",\"datePublished\":\"2026-03-29T21:02:28+00:00\",\"mainEntityOfPage\":{\"@id\":\"https:\/\/portaltela.pt\/noticias\/2026\/03\/29\/tiago-antunes-vence-volta-ao-alentejo-primeiro-triunfo-luso-desde-2019\/\"},\"wordCount\":318,\"image\":{\"@id\":\"https:\/\/portaltela.pt\/noticias\/2026\/03\/29\/tiago-antunes-vence-volta-ao-alentejo-primeiro-triunfo-luso-desde-2019\/#primaryimage\"},\"thumbnailUrl\":\"https:\/\/portaltela.pt\/s.01k8rhncp4jt1\/2026\/03\/b4c1a176-11a9-48a7-924c-45b8e6bb48d4_1200x675.jpg\",\"keywords\":[\"Alentejo\",\"Anicolor-Campicarn\",\"ciclismo\",\"EFAPEL CYCLING\",\"\u00c9vora\",\"Moura\"],\"articleSection\":[\"Desporto\",\"Futebol\"],\"inLanguage\":\"pt-PT\"},{\"@type\":\"WebPage\",\"@id\":\"https:\/\/portaltela.pt\/noticias\/2026\/03\/29\/tiago-antunes-vence-volta-ao-alentejo-primeiro-triunfo-luso-desde-2019\/\",\"url\":\"https:\/\/portaltela.pt\/noticias\/2026\/03\/29\/tiago-antunes-vence-volta-ao-alentejo-primeiro-triunfo-luso-desde-2019\/\",\"name\":\"Tiago Antunes vence Volta ao Alentejo, primeiro triunfo luso desde 2019 - Portal Tela Portugal\",\"isPartOf\":{\"@id\":\"https:\/\/portaltela.pt\/#website\"},\"primaryImageOfPage\":{\"@id\":\"https:\/\/portaltela.pt\/noticias\/2026\/03\/29\/tiago-antunes-vence-volta-ao-alentejo-primeiro-triunfo-luso-desde-2019\/#primaryimage\"},\"image\":{\"@id\":\"https:\/\/portaltela.pt\/noticias\/2026\/03\/29\/tiago-antunes-vence-volta-ao-alentejo-primeiro-triunfo-luso-desde-2019\/#primaryimage\"},\"thumbnailUrl\":\"https:\/\/portaltela.pt\/s.01k8rhncp4jt1\/2026\/03\/b4c1a176-11a9-48a7-924c-45b8e6bb48d4_1200x675.jpg\",\"datePublished\":\"2026-03-29T21:02:28+00:00\",\"author\":{\"@id\":\"https:\/\/portaltela.pt\/#\/schema\/person\/c4278d4a6028830caff9ee44b42d32ed\"},\"breadcrumb\":{\"@id\":\"https:\/\/portaltela.pt\/noticias\/2026\/03\/29\/tiago-antunes-vence-volta-ao-alentejo-primeiro-triunfo-luso-desde-2019\/#breadcrumb\"},\"inLanguage\":\"pt-PT\",\"potentialAction\":[{\"@type\":\"ReadAction\",\"target\":[\"https:\/\/portaltela.pt\/noticias\/2026\/03\/29\/tiago-antunes-vence-volta-ao-alentejo-primeiro-triunfo-luso-desde-2019\/\"]}]},{\"@type\":\"ImageObject\",\"inLanguage\":\"pt-PT\",\"@id\":\"https:\/\/portaltela.pt\/noticias\/2026\/03\/29\/tiago-antunes-vence-volta-ao-alentejo-primeiro-triunfo-luso-desde-2019\/#primaryimage\",\"url\":\"https:\/\/portaltela.pt\/s.01k8rhncp4jt1\/2026\/03\/b4c1a176-11a9-48a7-924c-45b8e6bb48d4_1200x675.jpg\",\"contentUrl\":\"https:\/\/portaltela.pt\/s.01k8rhncp4jt1\/2026\/03\/b4c1a176-11a9-48a7-924c-45b8e6bb48d4_1200x675.jpg\",\"width\":1200,\"height\":675,\"caption\":\"P\u00f3dio da Volta ao Alentejo\"},{\"@type\":\"BreadcrumbList\",\"@id\":\"https:\/\/portaltela.pt\/noticias\/2026\/03\/29\/tiago-antunes-vence-volta-ao-alentejo-primeiro-triunfo-luso-desde-2019\/#breadcrumb\",\"itemListElement\":[{\"@type\":\"ListItem\",\"position\":1,\"name\":\"In\u00edcio\",\"item\":\"https:\/\/portaltela.pt\/\"},{\"@type\":\"ListItem\",\"position\":2,\"name\":\"Tiago Antunes vence Volta ao Alentejo, primeiro triunfo luso desde 2019\"}]},{\"@type\":\"WebSite\",\"@id\":\"https:\/\/portaltela.pt\/#website\",\"url\":\"https:\/\/portaltela.pt\/\",\"name\":\"Portal Tela Portugal\",\"description\":\"\",\"potentialAction\":[{\"@type\":\"SearchAction\",\"target\":{\"@type\":\"EntryPoint\",\"urlTemplate\":\"https:\/\/portaltela.pt\/?s={search_term_string}\"},\"query-input\":{\"@type\":\"PropertyValueSpecification\",\"valueRequired\":true,\"valueName\":\"search_term_string\"}}],\"inLanguage\":\"pt-PT\"},{\"@type\":\"Person\",\"@id\":\"https:\/\/portaltela.pt\/#\/schema\/person\/c4278d4a6028830caff9ee44b42d32ed\",\"name\":\"Telinha\",\"image\":{\"@type\":\"ImageObject\",\"inLanguage\":\"pt-PT\",\"@id\":\"https:\/\/portaltela.pt\/s.01k8rhncp4jt1\/2025\/11\/talking-bot-125x125.png\",\"url\":\"https:\/\/portaltela.pt\/s.01k8rhncp4jt1\/2025\/11\/talking-bot-125x125.png\",\"contentUrl\":\"https:\/\/portaltela.pt\/s.01k8rhncp4jt1\/2025\/11\/talking-bot-125x125.png\",\"caption\":\"Telinha\"},\"sameAs\":[\"https:\/\/portaltela.pt\/\"],\"url\":\"https:\/\/portaltela.pt\/por\/367410592786\/\"}]}<\/script>\n<!-- \/ Yoast SEO plugin. -->","yoast_head_json":{"title":"Tiago Antunes vence Volta ao Alentejo, primeiro triunfo luso desde 2019 - Portal Tela Portugal","robots":{"index":"index","follow":"follow","max-snippet":"max-snippet:-1","max-image-preview":"max-image-preview:large","max-video-preview":"max-video-preview:-1"},"og_locale":"pt_PT","og_type":"article","og_title":"Tiago Antunes vence Volta ao Alentejo, primeiro triunfo luso desde 2019 - Portal Tela Portugal","og_description":"A etapa da Volta ao Alentejo come\u00e7ou em Moura e terminou na Pra\u00e7a do Giraldo, em \u00c9vora, com Jens Verbruggh (NSN Development Team) a vencer no photo finish. Tiago Antunes manteve a camisola amarela ap\u00f3s a prova, com a fuga a ganhar for\u00e7a ao longo do percurso, incluindo ataques de Enea Samtibello (UAE\/ Team Emirates\/ Gen Z) e German Tivani (Aviludo\/ Louletano\/ Loul\u00e9). No trecho final, a jun\u00e7\u00e3o dos grupos levou ao sprint no empedrado da pra\u00e7a, onde o colombiano Santiago Mesa chegou a parecer favorit\u00e1rio, mas Verbruggh assegurou a vit\u00f3ria. Tiago Antunes, que completa 29 anos a 9 de abril, alcan\u00e7ou a maior vit\u00f3ria da carreira e tornou-se no primeiro portugu\u00eas a vencer a Alentejana nos \u00faltimos sete anos. A equipa Efapel Cycling, com apoio da Movistar Academy, dominou a press\u00e3o na fuga para manter a lideran\u00e7a na classifica\u00e7\u00e3o geral.","og_url":"https:\/\/portaltela.pt\/noticias\/2026\/03\/29\/tiago-antunes-vence-volta-ao-alentejo-primeiro-triunfo-luso-desde-2019\/","og_site_name":"Portal Tela Portugal","article_published_time":"2026-03-29T21:02:28+00:00","author":"Telinha","twitter_card":"summary_large_image","twitter_misc":{"Escrito por":"Telinha","Tempo estimado de leitura":"2 minutos"},"schema":{"@context":"https:\/\/schema.org","@graph":[{"@type":"Article","@id":"https:\/\/portaltela.pt\/noticias\/2026\/03\/29\/tiago-antunes-vence-volta-ao-alentejo-primeiro-triunfo-luso-desde-2019\/#article","isPartOf":{"@id":"https:\/\/portaltela.pt\/noticias\/2026\/03\/29\/tiago-antunes-vence-volta-ao-alentejo-primeiro-triunfo-luso-desde-2019\/"},"author":{"name":"Telinha","@id":"https:\/\/portaltela.pt\/#\/schema\/person\/c4278d4a6028830caff9ee44b42d32ed"},"headline":"Tiago Antunes vence Volta ao Alentejo, primeiro triunfo luso desde 2019","datePublished":"2026-03-29T21:02:28+00:00","mainEntityOfPage":{"@id":"https:\/\/portaltela.pt\/noticias\/2026\/03\/29\/tiago-antunes-vence-volta-ao-alentejo-primeiro-triunfo-luso-desde-2019\/"},"wordCount":318,"image":{"@id":"https:\/\/portaltela.pt\/noticias\/2026\/03\/29\/tiago-antunes-vence-volta-ao-alentejo-primeiro-triunfo-luso-desde-2019\/#primaryimage"},"thumbnailUrl":"https:\/\/portaltela.pt\/s.01k8rhncp4jt1\/2026\/03\/b4c1a176-11a9-48a7-924c-45b8e6bb48d4_1200x675.jpg","keywords":["Alentejo","Anicolor-Campicarn","ciclismo","EFAPEL CYCLING","\u00c9vora","Moura"],"articleSection":["Desporto","Futebol"],"inLanguage":"pt-PT"},{"@type":"WebPage","@id":"https:\/\/portaltela.pt\/noticias\/2026\/03\/29\/tiago-antunes-vence-volta-ao-alentejo-primeiro-triunfo-luso-desde-2019\/","url":"https:\/\/portaltela.pt\/noticias\/2026\/03\/29\/tiago-antunes-vence-volta-ao-alentejo-primeiro-triunfo-luso-desde-2019\/","name":"Tiago Antunes vence Volta ao Alentejo, primeiro triunfo luso desde 2019 - Portal Tela Portugal","isPartOf":{"@id":"https:\/\/portaltela.pt\/#website"},"primaryImageOfPage":{"@id":"https:\/\/portaltela.pt\/noticias\/2026\/03\/29\/tiago-antunes-vence-volta-ao-alentejo-primeiro-triunfo-luso-desde-2019\/#primaryimage"},"image":{"@id":"https:\/\/portaltela.pt\/noticias\/2026\/03\/29\/tiago-antunes-vence-volta-ao-alentejo-primeiro-triunfo-luso-desde-2019\/#primaryimage"},"thumbnailUrl":"https:\/\/portaltela.pt\/s.01k8rhncp4jt1\/2026\/03\/b4c1a176-11a9-48a7-924c-45b8e6bb48d4_1200x675.jpg","datePublished":"2026-03-29T21:02:28+00:00","author":{"@id":"https:\/\/portaltela.pt\/#\/schema\/person\/c4278d4a6028830caff9ee44b42d32ed"},"breadcrumb":{"@id":"https:\/\/portaltela.pt\/noticias\/2026\/03\/29\/tiago-antunes-vence-volta-ao-alentejo-primeiro-triunfo-luso-desde-2019\/#breadcrumb"},"inLanguage":"pt-PT","potentialAction":[{"@type":"ReadAction","target":["https:\/\/portaltela.pt\/noticias\/2026\/03\/29\/tiago-antunes-vence-volta-ao-alentejo-primeiro-triunfo-luso-desde-2019\/"]}]},{"@type":"ImageObject","inLanguage":"pt-PT","@id":"https:\/\/portaltela.pt\/noticias\/2026\/03\/29\/tiago-antunes-vence-volta-ao-alentejo-primeiro-triunfo-luso-desde-2019\/#primaryimage","url":"https:\/\/portaltela.pt\/s.01k8rhncp4jt1\/2026\/03\/b4c1a176-11a9-48a7-924c-45b8e6bb48d4_1200x675.jpg","contentUrl":"https:\/\/portaltela.pt\/s.01k8rhncp4jt1\/2026\/03\/b4c1a176-11a9-48a7-924c-45b8e6bb48d4_1200x675.jpg","width":1200,"height":675,"caption":"P\u00f3dio da Volta ao Alentejo"},{"@type":"BreadcrumbList","@id":"https:\/\/portaltela.pt\/noticias\/2026\/03\/29\/tiago-antunes-vence-volta-ao-alentejo-primeiro-triunfo-luso-desde-2019\/#breadcrumb","itemListElement":[{"@type":"ListItem","position":1,"name":"In\u00edcio","item":"https:\/\/portaltela.pt\/"},{"@type":"ListItem","position":2,"name":"Tiago Antunes vence Volta ao Alentejo, primeiro triunfo luso desde 2019"}]},{"@type":"WebSite","@id":"https:\/\/portaltela.pt\/#website","url":"https:\/\/portaltela.pt\/","name":"Portal Tela Portugal","description":"","potentialAction":[{"@type":"SearchAction","target":{"@type":"EntryPoint","urlTemplate":"https:\/\/portaltela.pt\/?s={search_term_string}"},"query-input":{"@type":"PropertyValueSpecification","valueRequired":true,"valueName":"search_term_string"}}],"inLanguage":"pt-PT"},{"@type":"Person","@id":"https:\/\/portaltela.pt\/#\/schema\/person\/c4278d4a6028830caff9ee44b42d32ed","name":"Telinha","image":{"@type":"ImageObject","inLanguage":"pt-PT","@id":"https:\/\/portaltela.pt\/s.01k8rhncp4jt1\/2025\/11\/talking-bot-125x125.png","url":"https:\/\/portaltela.pt\/s.01k8rhncp4jt1\/2025\/11\/talking-bot-125x125.png","contentUrl":"https:\/\/portaltela.pt\/s.01k8rhncp4jt1\/2025\/11\/talking-bot-125x125.png","caption":"Telinha"},"sameAs":["https:\/\/portaltela.pt\/"],"url":"https:\/\/portaltela.pt\/por\/367410592786\/"}]}},"_links":{"self":[{"href":"https:\/\/portaltela.pt\/api\/wp\/v2\/posts\/426310","targetHints":{"allow":["GET"]}}],"collection":[{"href":"https:\/\/portaltela.pt\/api\/wp\/v2\/posts"}],"about":[{"href":"https:\/\/portaltela.pt\/api\/wp\/v2\/types\/post"}],"author":[{"embeddable":true,"href":"https:\/\/portaltela.pt\/api\/wp\/v2\/users\/2"}],"replies":[{"embeddable":true,"href":"https:\/\/portaltela.pt\/api\/wp\/v2\/comments?post=426310"}],"version-history":[{"count":0,"href":"https:\/\/portaltela.pt\/api\/wp\/v2\/posts\/426310\/revisions"}],"wp:featuredmedia":[{"embeddable":true,"href":"https:\/\/portaltela.pt\/api\/wp\/v2\/media\/426312"}],"wp:attachment":[{"href":"https:\/\/portaltela.pt\/api\/wp\/v2\/media?parent=426310"}],"wp:term":[{"taxonomy":"category","embeddable":true,"href":"https:\/\/portaltela.pt\/api\/wp\/v2\/categories?post=426310"},{"taxonomy":"post_tag","embeddable":true,"href":"https:\/\/portaltela.pt\/api\/wp\/v2\/tags?post=426310"}],"curies":[{"name":"wp","href":"https:\/\/api.w.org\/{rel}","templated":true}]}}