{"id":426308,"date":"2026-03-29T17:49:00","date_gmt":"2026-03-29T20:49:00","guid":{"rendered":"https:\/\/portaltela.pt\/noticias\/2026\/03\/29\/v-guimaraes-e-benfica-vencem-taca-de-portugal-de-polo-aquatico\/"},"modified":"2026-03-29T17:49:00","modified_gmt":"2026-03-29T20:49:00","slug":"v-guimaraes-e-benfica-vencem-taca-de-portugal-de-polo-aquatico","status":"publish","type":"post","link":"https:\/\/portaltela.pt\/desporto\/futebol\/2026\/03\/29\/v-guimaraes-e-benfica-vencem-taca-de-portugal-de-polo-aquatico\/","title":{"rendered":"V. Guimar\u00e3es e Benfica vencem Ta\u00e7a de Portugal de polo aqu\u00e1tico"},"content":{"rendered":"<p>No domingo, na piscina municipal da Guarda, o Vit\u00f3ria de Guimar\u00e3es conquistou a Ta\u00e7a de Portugal de polo aqu\u00e1tico ao vencer o Fluvial por 15-12, enquanto o Benfica triunfou no feminino frente ao Pacence, por 24-6.<\/p>\n<p>Na final masculina, o encontro come\u00e7ou empatado 4-4 no final do primeiro per\u00edodo; o Vit\u00f3ria seguiu com 4-2 e 3-1 nos dois quartos seguintes, mantendo vantagem at\u00e9 ao fim, apesar da rea\u00e7\u00e3o final do Fluvial, que fez 5-3 no \u00faltimo quarto.<\/p>\n<p>O treinador V\u00edtor Macedo valorizou a hegemonia do Vit\u00f3ria desde a temporada 2018\/2019 e indicou que o clube aspira repetir o triplete, apesar de reconhecer advers\u00e1rios fortes como o Fluvial.<\/p>\n<p>No lado feminino, o Benfica demonstrou maior dom\u00ednio ao longo do jogo, com parciais de 6-1, 7-2, 5-2 e 6-1, garantindo o t\u00edtulo frente ao Pacence.<\/p>\n<p>O t\u00e9cnico Ant\u00f3nio Machado destacou que o Benfica est\u00e1 num patamar superior do polo aqu\u00e1tico nacional, fruto do trabalho das jogadoras e da equipa t\u00e9cnica, que se mant\u00eam motivadas para sustentar esse patamar.<\/p>\n<p>Nesta \u00e9poca, tanto o Vit\u00f3ria de Guimar\u00e3es como o Benfica j\u00e1 venceram a Superta\u00e7a, sinal evidente de in\u00edcio de temporada positivo para as duas equipas.<\/p>\n","protected":false},"excerpt":{"rendered":"<ul>\n<li>Na piscina municipal da Guarda, o Vit\u00f3ria de Guimar\u00e3es venceu o Fluvial e conquistou a Ta\u00e7a de Portugal de polo aqu\u00e1tico masculino, por 15-12.<\/li>\n<li>O Benfica sagrou-se campe\u00e3o nacional feminino ao derrotar o Pacence por 24-6.<\/li>\n<li>Na final masculina, o jogo iniciou empatado em 4-4, com o Vit\u00f3ria a marcar 4-2 e 3-1 nos per\u00edodos seguintes, assegurando a vit\u00f3ria no \u00faltimo quarto.<\/li>\n<li>Esta \u00e9poca, tanto o Vit\u00f3ria como o Benfica j\u00e1 tinham vencido a Superta\u00e7a.<\/li>\n<li>O treinador do Vit\u00f3ria, V\u00edtor Macedo, destacou a hegemonia do clube no polo aqu\u00e1tico e o objetivo de repetir o triplete; o treinador do Benfica, Ant\u00f3nio Machado, elogiou o patamar atual da equipa feminina.<\/li>\n<\/ul>\n","protected":false},"author":2,"featured_media":426311,"comment_status":"closed","ping_status":"closed","sticky":false,"template":"","format":"standard","meta":{"footnotes":""},"categories":[21,24],"tags":[1946,152,1242,1113,1266,5393],"class_list":["post-426308","post","type-post","status-publish","format-standard","has-post-thumbnail","hentry","category-desporto","category-futebol","tag-benfica","tag-desporto","tag-feminino","tag-guarda","tag-taca-de-portugal","tag-v-guimaraes"],"yoast_head":"<!-- This site is optimized with the Yoast SEO plugin v27.2 - https:\/\/yoast.com\/product\/yoast-seo-wordpress\/ -->\n<title>V. Guimar\u00e3es e Benfica vencem Ta\u00e7a de Portugal de polo aqu\u00e1tico - Portal Tela Portugal<\/title>\n<meta name=\"robots\" content=\"index, follow, max-snippet:-1, max-image-preview:large, max-video-preview:-1\" \/>\n<meta property=\"og:locale\" content=\"pt_PT\" \/>\n<meta property=\"og:type\" content=\"article\" \/>\n<meta property=\"og:title\" content=\"V. Guimar\u00e3es e Benfica vencem Ta\u00e7a de Portugal de polo aqu\u00e1tico - Portal Tela Portugal\" \/>\n<meta property=\"og:description\" content=\"Na piscina municipal da Guarda, o Vit\u00f3ria de Guimar\u00e3es venceu o Fluvial e conquistou a Ta\u00e7a de Portugal de polo aqu\u00e1tico masculino, por 15-12. O Benfica sagrou-se campe\u00e3o nacional feminino ao derrotar o Pacence por 24-6. Na final masculina, o jogo iniciou empatado em 4-4, com o Vit\u00f3ria a marcar 4-2 e 3-1 nos per\u00edodos seguintes, assegurando a vit\u00f3ria no \u00faltimo quarto. Esta \u00e9poca, tanto o Vit\u00f3ria como o Benfica j\u00e1 tinham vencido a Superta\u00e7a. O treinador do Vit\u00f3ria, V\u00edtor Macedo, destacou a hegemonia do clube no polo aqu\u00e1tico e o objetivo de repetir o triplete; o treinador do Benfica, Ant\u00f3nio Machado, elogiou o patamar atual da equipa feminina.\" \/>\n<meta property=\"og:url\" content=\"https:\/\/portaltela.pt\/noticias\/2026\/03\/29\/v-guimaraes-e-benfica-vencem-taca-de-portugal-de-polo-aquatico\/\" \/>\n<meta property=\"og:site_name\" content=\"Portal Tela Portugal\" \/>\n<meta property=\"article:published_time\" content=\"2026-03-29T20:49:00+00:00\" \/>\n<meta name=\"author\" content=\"Telinha\" \/>\n<meta name=\"twitter:card\" content=\"summary_large_image\" \/>\n<meta name=\"twitter:label1\" content=\"Escrito por\" \/>\n\t<meta name=\"twitter:data1\" content=\"Telinha\" \/>\n\t<meta name=\"twitter:label2\" content=\"Tempo estimado de leitura\" \/>\n\t<meta name=\"twitter:data2\" content=\"1 minuto\" \/>\n<script type=\"application\/ld+json\" class=\"yoast-schema-graph\">{\"@context\":\"https:\/\/schema.org\",\"@graph\":[{\"@type\":\"Article\",\"@id\":\"https:\/\/portaltela.pt\/noticias\/2026\/03\/29\/v-guimaraes-e-benfica-vencem-taca-de-portugal-de-polo-aquatico\/#article\",\"isPartOf\":{\"@id\":\"https:\/\/portaltela.pt\/noticias\/2026\/03\/29\/v-guimaraes-e-benfica-vencem-taca-de-portugal-de-polo-aquatico\/\"},\"author\":{\"name\":\"Telinha\",\"@id\":\"https:\/\/portaltela.pt\/#\/schema\/person\/c4278d4a6028830caff9ee44b42d32ed\"},\"headline\":\"V. Guimar\u00e3es e Benfica vencem Ta\u00e7a de Portugal de polo aqu\u00e1tico\",\"datePublished\":\"2026-03-29T20:49:00+00:00\",\"mainEntityOfPage\":{\"@id\":\"https:\/\/portaltela.pt\/noticias\/2026\/03\/29\/v-guimaraes-e-benfica-vencem-taca-de-portugal-de-polo-aquatico\/\"},\"wordCount\":226,\"image\":{\"@id\":\"https:\/\/portaltela.pt\/noticias\/2026\/03\/29\/v-guimaraes-e-benfica-vencem-taca-de-portugal-de-polo-aquatico\/#primaryimage\"},\"thumbnailUrl\":\"https:\/\/portaltela.pt\/s.01k8rhncp4jt1\/2026\/03\/image-1767.jpg\",\"keywords\":[\"Benfica\",\"desporto\",\"feminino\",\"Guarda\",\"Ta\u00e7a de Portugal\",\"V. Guimar\u00e3es\"],\"articleSection\":[\"Desporto\",\"Futebol\"],\"inLanguage\":\"pt-PT\"},{\"@type\":\"WebPage\",\"@id\":\"https:\/\/portaltela.pt\/noticias\/2026\/03\/29\/v-guimaraes-e-benfica-vencem-taca-de-portugal-de-polo-aquatico\/\",\"url\":\"https:\/\/portaltela.pt\/noticias\/2026\/03\/29\/v-guimaraes-e-benfica-vencem-taca-de-portugal-de-polo-aquatico\/\",\"name\":\"V. Guimar\u00e3es e Benfica vencem Ta\u00e7a de Portugal de polo aqu\u00e1tico - Portal Tela Portugal\",\"isPartOf\":{\"@id\":\"https:\/\/portaltela.pt\/#website\"},\"primaryImageOfPage\":{\"@id\":\"https:\/\/portaltela.pt\/noticias\/2026\/03\/29\/v-guimaraes-e-benfica-vencem-taca-de-portugal-de-polo-aquatico\/#primaryimage\"},\"image\":{\"@id\":\"https:\/\/portaltela.pt\/noticias\/2026\/03\/29\/v-guimaraes-e-benfica-vencem-taca-de-portugal-de-polo-aquatico\/#primaryimage\"},\"thumbnailUrl\":\"https:\/\/portaltela.pt\/s.01k8rhncp4jt1\/2026\/03\/image-1767.jpg\",\"datePublished\":\"2026-03-29T20:49:00+00:00\",\"author\":{\"@id\":\"https:\/\/portaltela.pt\/#\/schema\/person\/c4278d4a6028830caff9ee44b42d32ed\"},\"breadcrumb\":{\"@id\":\"https:\/\/portaltela.pt\/noticias\/2026\/03\/29\/v-guimaraes-e-benfica-vencem-taca-de-portugal-de-polo-aquatico\/#breadcrumb\"},\"inLanguage\":\"pt-PT\",\"potentialAction\":[{\"@type\":\"ReadAction\",\"target\":[\"https:\/\/portaltela.pt\/noticias\/2026\/03\/29\/v-guimaraes-e-benfica-vencem-taca-de-portugal-de-polo-aquatico\/\"]}]},{\"@type\":\"ImageObject\",\"inLanguage\":\"pt-PT\",\"@id\":\"https:\/\/portaltela.pt\/noticias\/2026\/03\/29\/v-guimaraes-e-benfica-vencem-taca-de-portugal-de-polo-aquatico\/#primaryimage\",\"url\":\"https:\/\/portaltela.pt\/s.01k8rhncp4jt1\/2026\/03\/image-1767.jpg\",\"contentUrl\":\"https:\/\/portaltela.pt\/s.01k8rhncp4jt1\/2026\/03\/image-1767.jpg\",\"width\":796,\"height\":448,\"caption\":\"Conquistadores com a Ta\u00e7a\"},{\"@type\":\"BreadcrumbList\",\"@id\":\"https:\/\/portaltela.pt\/noticias\/2026\/03\/29\/v-guimaraes-e-benfica-vencem-taca-de-portugal-de-polo-aquatico\/#breadcrumb\",\"itemListElement\":[{\"@type\":\"ListItem\",\"position\":1,\"name\":\"In\u00edcio\",\"item\":\"https:\/\/portaltela.pt\/\"},{\"@type\":\"ListItem\",\"position\":2,\"name\":\"V. Guimar\u00e3es e Benfica vencem Ta\u00e7a de Portugal de polo aqu\u00e1tico\"}]},{\"@type\":\"WebSite\",\"@id\":\"https:\/\/portaltela.pt\/#website\",\"url\":\"https:\/\/portaltela.pt\/\",\"name\":\"Portal Tela Portugal\",\"description\":\"\",\"potentialAction\":[{\"@type\":\"SearchAction\",\"target\":{\"@type\":\"EntryPoint\",\"urlTemplate\":\"https:\/\/portaltela.pt\/?s={search_term_string}\"},\"query-input\":{\"@type\":\"PropertyValueSpecification\",\"valueRequired\":true,\"valueName\":\"search_term_string\"}}],\"inLanguage\":\"pt-PT\"},{\"@type\":\"Person\",\"@id\":\"https:\/\/portaltela.pt\/#\/schema\/person\/c4278d4a6028830caff9ee44b42d32ed\",\"name\":\"Telinha\",\"image\":{\"@type\":\"ImageObject\",\"inLanguage\":\"pt-PT\",\"@id\":\"https:\/\/portaltela.pt\/s.01k8rhncp4jt1\/2025\/11\/talking-bot-125x125.png\",\"url\":\"https:\/\/portaltela.pt\/s.01k8rhncp4jt1\/2025\/11\/talking-bot-125x125.png\",\"contentUrl\":\"https:\/\/portaltela.pt\/s.01k8rhncp4jt1\/2025\/11\/talking-bot-125x125.png\",\"caption\":\"Telinha\"},\"sameAs\":[\"https:\/\/portaltela.pt\/\"],\"url\":\"https:\/\/portaltela.pt\/por\/367410592786\/\"}]}<\/script>\n<!-- \/ Yoast SEO plugin. -->","yoast_head_json":{"title":"V. Guimar\u00e3es e Benfica vencem Ta\u00e7a de Portugal de polo aqu\u00e1tico - Portal Tela Portugal","robots":{"index":"index","follow":"follow","max-snippet":"max-snippet:-1","max-image-preview":"max-image-preview:large","max-video-preview":"max-video-preview:-1"},"og_locale":"pt_PT","og_type":"article","og_title":"V. Guimar\u00e3es e Benfica vencem Ta\u00e7a de Portugal de polo aqu\u00e1tico - Portal Tela Portugal","og_description":"Na piscina municipal da Guarda, o Vit\u00f3ria de Guimar\u00e3es venceu o Fluvial e conquistou a Ta\u00e7a de Portugal de polo aqu\u00e1tico masculino, por 15-12. O Benfica sagrou-se campe\u00e3o nacional feminino ao derrotar o Pacence por 24-6. Na final masculina, o jogo iniciou empatado em 4-4, com o Vit\u00f3ria a marcar 4-2 e 3-1 nos per\u00edodos seguintes, assegurando a vit\u00f3ria no \u00faltimo quarto. Esta \u00e9poca, tanto o Vit\u00f3ria como o Benfica j\u00e1 tinham vencido a Superta\u00e7a. O treinador do Vit\u00f3ria, V\u00edtor Macedo, destacou a hegemonia do clube no polo aqu\u00e1tico e o objetivo de repetir o triplete; o treinador do Benfica, Ant\u00f3nio Machado, elogiou o patamar atual da equipa feminina.","og_url":"https:\/\/portaltela.pt\/noticias\/2026\/03\/29\/v-guimaraes-e-benfica-vencem-taca-de-portugal-de-polo-aquatico\/","og_site_name":"Portal Tela Portugal","article_published_time":"2026-03-29T20:49:00+00:00","author":"Telinha","twitter_card":"summary_large_image","twitter_misc":{"Escrito por":"Telinha","Tempo estimado de leitura":"1 minuto"},"schema":{"@context":"https:\/\/schema.org","@graph":[{"@type":"Article","@id":"https:\/\/portaltela.pt\/noticias\/2026\/03\/29\/v-guimaraes-e-benfica-vencem-taca-de-portugal-de-polo-aquatico\/#article","isPartOf":{"@id":"https:\/\/portaltela.pt\/noticias\/2026\/03\/29\/v-guimaraes-e-benfica-vencem-taca-de-portugal-de-polo-aquatico\/"},"author":{"name":"Telinha","@id":"https:\/\/portaltela.pt\/#\/schema\/person\/c4278d4a6028830caff9ee44b42d32ed"},"headline":"V. Guimar\u00e3es e Benfica vencem Ta\u00e7a de Portugal de polo aqu\u00e1tico","datePublished":"2026-03-29T20:49:00+00:00","mainEntityOfPage":{"@id":"https:\/\/portaltela.pt\/noticias\/2026\/03\/29\/v-guimaraes-e-benfica-vencem-taca-de-portugal-de-polo-aquatico\/"},"wordCount":226,"image":{"@id":"https:\/\/portaltela.pt\/noticias\/2026\/03\/29\/v-guimaraes-e-benfica-vencem-taca-de-portugal-de-polo-aquatico\/#primaryimage"},"thumbnailUrl":"https:\/\/portaltela.pt\/s.01k8rhncp4jt1\/2026\/03\/image-1767.jpg","keywords":["Benfica","desporto","feminino","Guarda","Ta\u00e7a de Portugal","V. Guimar\u00e3es"],"articleSection":["Desporto","Futebol"],"inLanguage":"pt-PT"},{"@type":"WebPage","@id":"https:\/\/portaltela.pt\/noticias\/2026\/03\/29\/v-guimaraes-e-benfica-vencem-taca-de-portugal-de-polo-aquatico\/","url":"https:\/\/portaltela.pt\/noticias\/2026\/03\/29\/v-guimaraes-e-benfica-vencem-taca-de-portugal-de-polo-aquatico\/","name":"V. Guimar\u00e3es e Benfica vencem Ta\u00e7a de Portugal de polo aqu\u00e1tico - Portal Tela Portugal","isPartOf":{"@id":"https:\/\/portaltela.pt\/#website"},"primaryImageOfPage":{"@id":"https:\/\/portaltela.pt\/noticias\/2026\/03\/29\/v-guimaraes-e-benfica-vencem-taca-de-portugal-de-polo-aquatico\/#primaryimage"},"image":{"@id":"https:\/\/portaltela.pt\/noticias\/2026\/03\/29\/v-guimaraes-e-benfica-vencem-taca-de-portugal-de-polo-aquatico\/#primaryimage"},"thumbnailUrl":"https:\/\/portaltela.pt\/s.01k8rhncp4jt1\/2026\/03\/image-1767.jpg","datePublished":"2026-03-29T20:49:00+00:00","author":{"@id":"https:\/\/portaltela.pt\/#\/schema\/person\/c4278d4a6028830caff9ee44b42d32ed"},"breadcrumb":{"@id":"https:\/\/portaltela.pt\/noticias\/2026\/03\/29\/v-guimaraes-e-benfica-vencem-taca-de-portugal-de-polo-aquatico\/#breadcrumb"},"inLanguage":"pt-PT","potentialAction":[{"@type":"ReadAction","target":["https:\/\/portaltela.pt\/noticias\/2026\/03\/29\/v-guimaraes-e-benfica-vencem-taca-de-portugal-de-polo-aquatico\/"]}]},{"@type":"ImageObject","inLanguage":"pt-PT","@id":"https:\/\/portaltela.pt\/noticias\/2026\/03\/29\/v-guimaraes-e-benfica-vencem-taca-de-portugal-de-polo-aquatico\/#primaryimage","url":"https:\/\/portaltela.pt\/s.01k8rhncp4jt1\/2026\/03\/image-1767.jpg","contentUrl":"https:\/\/portaltela.pt\/s.01k8rhncp4jt1\/2026\/03\/image-1767.jpg","width":796,"height":448,"caption":"Conquistadores com a Ta\u00e7a"},{"@type":"BreadcrumbList","@id":"https:\/\/portaltela.pt\/noticias\/2026\/03\/29\/v-guimaraes-e-benfica-vencem-taca-de-portugal-de-polo-aquatico\/#breadcrumb","itemListElement":[{"@type":"ListItem","position":1,"name":"In\u00edcio","item":"https:\/\/portaltela.pt\/"},{"@type":"ListItem","position":2,"name":"V. Guimar\u00e3es e Benfica vencem Ta\u00e7a de Portugal de polo aqu\u00e1tico"}]},{"@type":"WebSite","@id":"https:\/\/portaltela.pt\/#website","url":"https:\/\/portaltela.pt\/","name":"Portal Tela Portugal","description":"","potentialAction":[{"@type":"SearchAction","target":{"@type":"EntryPoint","urlTemplate":"https:\/\/portaltela.pt\/?s={search_term_string}"},"query-input":{"@type":"PropertyValueSpecification","valueRequired":true,"valueName":"search_term_string"}}],"inLanguage":"pt-PT"},{"@type":"Person","@id":"https:\/\/portaltela.pt\/#\/schema\/person\/c4278d4a6028830caff9ee44b42d32ed","name":"Telinha","image":{"@type":"ImageObject","inLanguage":"pt-PT","@id":"https:\/\/portaltela.pt\/s.01k8rhncp4jt1\/2025\/11\/talking-bot-125x125.png","url":"https:\/\/portaltela.pt\/s.01k8rhncp4jt1\/2025\/11\/talking-bot-125x125.png","contentUrl":"https:\/\/portaltela.pt\/s.01k8rhncp4jt1\/2025\/11\/talking-bot-125x125.png","caption":"Telinha"},"sameAs":["https:\/\/portaltela.pt\/"],"url":"https:\/\/portaltela.pt\/por\/367410592786\/"}]}},"_links":{"self":[{"href":"https:\/\/portaltela.pt\/api\/wp\/v2\/posts\/426308","targetHints":{"allow":["GET"]}}],"collection":[{"href":"https:\/\/portaltela.pt\/api\/wp\/v2\/posts"}],"about":[{"href":"https:\/\/portaltela.pt\/api\/wp\/v2\/types\/post"}],"author":[{"embeddable":true,"href":"https:\/\/portaltela.pt\/api\/wp\/v2\/users\/2"}],"replies":[{"embeddable":true,"href":"https:\/\/portaltela.pt\/api\/wp\/v2\/comments?post=426308"}],"version-history":[{"count":0,"href":"https:\/\/portaltela.pt\/api\/wp\/v2\/posts\/426308\/revisions"}],"wp:featuredmedia":[{"embeddable":true,"href":"https:\/\/portaltela.pt\/api\/wp\/v2\/media\/426311"}],"wp:attachment":[{"href":"https:\/\/portaltela.pt\/api\/wp\/v2\/media?parent=426308"}],"wp:term":[{"taxonomy":"category","embeddable":true,"href":"https:\/\/portaltela.pt\/api\/wp\/v2\/categories?post=426308"},{"taxonomy":"post_tag","embeddable":true,"href":"https:\/\/portaltela.pt\/api\/wp\/v2\/tags?post=426308"}],"curies":[{"name":"wp","href":"https:\/\/api.w.org\/{rel}","templated":true}]}}