{"id":426301,"date":"2026-03-29T17:47:13","date_gmt":"2026-03-29T20:47:13","guid":{"rendered":"https:\/\/portaltela.pt\/noticias\/2026\/03\/29\/matilde-reymao-revela-detalhes-sobre-casamento-com-nic-von-rupp\/"},"modified":"2026-03-29T17:47:13","modified_gmt":"2026-03-29T20:47:13","slug":"matilde-reymao-revela-detalhes-sobre-casamento-com-nic-von-rupp","status":"publish","type":"post","link":"https:\/\/portaltela.pt\/celebridades\/2026\/03\/29\/matilde-reymao-revela-detalhes-sobre-casamento-com-nic-von-rupp\/","title":{"rendered":"Matilde Reym\u00e3o revela detalhes sobre casamento com Nic Von Rupp"},"content":{"rendered":"<p>Matilde Reym\u00e3o, 26 anos, e Nic von Rupp, 35, est\u00e3o noivos desde 2024 e preparam um enlace simples. A atriz aponta que Portugal oferece s\u00edtios inesquec\u00edveis, pelo que o local do casamento dever\u00e1 ser uma escolha natural e memor\u00e1vel.<\/p>\n<p>Ainda sem data definida, o casal n\u00e3o planeia casar este ano. A agenda cheia de trabalhos tem dificultado a confirma\u00e7\u00e3o de uma data, mas a inten\u00e7\u00e3o \u00e9 realizar o enlace quando surgirem as condi\u00e7\u00f5es.<\/p>\n<p>A proposta de casamento ocorreu durante uma viagem rom\u00e2ntica \u00e0 Indon\u00e9sia, ap\u00f3s v\u00e1rios anos de rela\u00e7\u00e3o. Desde ent\u00e3o, o casal mant\u00e9m a rela\u00e7\u00e3o com tranquilidade e discri\u00e7\u00e3o, numa parceria marcada pela reserva.<\/p>\n","protected":false},"excerpt":{"rendered":"<ul>\n<li>Matilde Reym\u00e3o, 26 anos, e Nic von Rupp, 35, est\u00e3o noivos desde 2024 e preparam o casamento.<\/li>\n<li>A atriz quer uma cerim\u00f3nia simples, em Portugal, em locais considerados bonitos pelo casal.<\/li>\n<li>Ainda n\u00e3o h\u00e1 data definida e n\u00e3o ser\u00e1 este ano devido a compromissos de trabalho.<\/li>\n<li>O pedido ocorreu durante uma viagem rom\u00e2ntica \u00e0 Indon\u00e9sia, ap\u00f3s v\u00e1rios anos de rela\u00e7\u00e3o.<\/li>\n<li>Desde ent\u00e3o, o casal mant\u00e9m a rela\u00e7\u00e3o discreta.<\/li>\n<\/ul>\n","protected":false},"author":2,"featured_media":426303,"comment_status":"closed","ping_status":"closed","sticky":false,"template":"","format":"standard","meta":{"footnotes":""},"categories":[6675],"tags":[6214,87,6118,1014,71],"class_list":["post-426301","post","type-post","status-publish","format-standard","has-post-thumbnail","hentry","category-celebridades","tag-casal","tag-casamento","tag-indonesia","tag-portugal","tag-viagens"],"yoast_head":"<!-- This site is optimized with the Yoast SEO plugin v27.2 - https:\/\/yoast.com\/product\/yoast-seo-wordpress\/ -->\n<title>Matilde Reym\u00e3o revela detalhes sobre casamento com Nic Von Rupp - Portal Tela Portugal<\/title>\n<meta name=\"robots\" content=\"index, follow, max-snippet:-1, max-image-preview:large, max-video-preview:-1\" \/>\n<meta property=\"og:locale\" content=\"pt_PT\" \/>\n<meta property=\"og:type\" content=\"article\" \/>\n<meta property=\"og:title\" content=\"Matilde Reym\u00e3o revela detalhes sobre casamento com Nic Von Rupp - Portal Tela Portugal\" \/>\n<meta property=\"og:description\" content=\"Matilde Reym\u00e3o, 26 anos, e Nic von Rupp, 35, est\u00e3o noivos desde 2024 e preparam o casamento. A atriz quer uma cerim\u00f3nia simples, em Portugal, em locais considerados bonitos pelo casal. Ainda n\u00e3o h\u00e1 data definida e n\u00e3o ser\u00e1 este ano devido a compromissos de trabalho. O pedido ocorreu durante uma viagem rom\u00e2ntica \u00e0 Indon\u00e9sia, ap\u00f3s v\u00e1rios anos de rela\u00e7\u00e3o. Desde ent\u00e3o, o casal mant\u00e9m a rela\u00e7\u00e3o discreta.\" \/>\n<meta property=\"og:url\" content=\"https:\/\/portaltela.pt\/noticias\/2026\/03\/29\/matilde-reymao-revela-detalhes-sobre-casamento-com-nic-von-rupp\/\" \/>\n<meta property=\"og:site_name\" content=\"Portal Tela Portugal\" \/>\n<meta property=\"article:published_time\" content=\"2026-03-29T20:47:13+00:00\" \/>\n<meta name=\"author\" content=\"Telinha\" \/>\n<meta name=\"twitter:card\" content=\"summary_large_image\" \/>\n<meta name=\"twitter:label1\" content=\"Escrito por\" \/>\n\t<meta name=\"twitter:data1\" content=\"Telinha\" \/>\n\t<meta name=\"twitter:label2\" content=\"Tempo estimado de leitura\" \/>\n\t<meta name=\"twitter:data2\" content=\"1 minuto\" \/>\n<script type=\"application\/ld+json\" class=\"yoast-schema-graph\">{\"@context\":\"https:\/\/schema.org\",\"@graph\":[{\"@type\":\"Article\",\"@id\":\"https:\/\/portaltela.pt\/noticias\/2026\/03\/29\/matilde-reymao-revela-detalhes-sobre-casamento-com-nic-von-rupp\/#article\",\"isPartOf\":{\"@id\":\"https:\/\/portaltela.pt\/noticias\/2026\/03\/29\/matilde-reymao-revela-detalhes-sobre-casamento-com-nic-von-rupp\/\"},\"author\":{\"name\":\"Telinha\",\"@id\":\"https:\/\/portaltela.pt\/#\/schema\/person\/c4278d4a6028830caff9ee44b42d32ed\"},\"headline\":\"Matilde Reym\u00e3o revela detalhes sobre casamento com Nic Von Rupp\",\"datePublished\":\"2026-03-29T20:47:13+00:00\",\"mainEntityOfPage\":{\"@id\":\"https:\/\/portaltela.pt\/noticias\/2026\/03\/29\/matilde-reymao-revela-detalhes-sobre-casamento-com-nic-von-rupp\/\"},\"wordCount\":129,\"image\":{\"@id\":\"https:\/\/portaltela.pt\/noticias\/2026\/03\/29\/matilde-reymao-revela-detalhes-sobre-casamento-com-nic-von-rupp\/#primaryimage\"},\"thumbnailUrl\":\"https:\/\/portaltela.pt\/s.01k8rhncp4jt1\/2026\/03\/img_1280x718uu2025-07-17-12-59-14-2223347-im-638883543302735730.jpg\",\"keywords\":[\"Casal\",\"casamento\",\"Indon\u00e9sia\",\"Portugal\",\"viagens\"],\"articleSection\":[\"Celebridades\"],\"inLanguage\":\"pt-PT\"},{\"@type\":\"WebPage\",\"@id\":\"https:\/\/portaltela.pt\/noticias\/2026\/03\/29\/matilde-reymao-revela-detalhes-sobre-casamento-com-nic-von-rupp\/\",\"url\":\"https:\/\/portaltela.pt\/noticias\/2026\/03\/29\/matilde-reymao-revela-detalhes-sobre-casamento-com-nic-von-rupp\/\",\"name\":\"Matilde Reym\u00e3o revela detalhes sobre casamento com Nic Von Rupp - Portal Tela Portugal\",\"isPartOf\":{\"@id\":\"https:\/\/portaltela.pt\/#website\"},\"primaryImageOfPage\":{\"@id\":\"https:\/\/portaltela.pt\/noticias\/2026\/03\/29\/matilde-reymao-revela-detalhes-sobre-casamento-com-nic-von-rupp\/#primaryimage\"},\"image\":{\"@id\":\"https:\/\/portaltela.pt\/noticias\/2026\/03\/29\/matilde-reymao-revela-detalhes-sobre-casamento-com-nic-von-rupp\/#primaryimage\"},\"thumbnailUrl\":\"https:\/\/portaltela.pt\/s.01k8rhncp4jt1\/2026\/03\/img_1280x718uu2025-07-17-12-59-14-2223347-im-638883543302735730.jpg\",\"datePublished\":\"2026-03-29T20:47:13+00:00\",\"author\":{\"@id\":\"https:\/\/portaltela.pt\/#\/schema\/person\/c4278d4a6028830caff9ee44b42d32ed\"},\"breadcrumb\":{\"@id\":\"https:\/\/portaltela.pt\/noticias\/2026\/03\/29\/matilde-reymao-revela-detalhes-sobre-casamento-com-nic-von-rupp\/#breadcrumb\"},\"inLanguage\":\"pt-PT\",\"potentialAction\":[{\"@type\":\"ReadAction\",\"target\":[\"https:\/\/portaltela.pt\/noticias\/2026\/03\/29\/matilde-reymao-revela-detalhes-sobre-casamento-com-nic-von-rupp\/\"]}]},{\"@type\":\"ImageObject\",\"inLanguage\":\"pt-PT\",\"@id\":\"https:\/\/portaltela.pt\/noticias\/2026\/03\/29\/matilde-reymao-revela-detalhes-sobre-casamento-com-nic-von-rupp\/#primaryimage\",\"url\":\"https:\/\/portaltela.pt\/s.01k8rhncp4jt1\/2026\/03\/img_1280x718uu2025-07-17-12-59-14-2223347-im-638883543302735730.jpg\",\"contentUrl\":\"https:\/\/portaltela.pt\/s.01k8rhncp4jt1\/2026\/03\/img_1280x718uu2025-07-17-12-59-14-2223347-im-638883543302735730.jpg\",\"width\":796,\"height\":448,\"caption\":\"Matilde Reym\u00e3o e Nic von Rupp\"},{\"@type\":\"BreadcrumbList\",\"@id\":\"https:\/\/portaltela.pt\/noticias\/2026\/03\/29\/matilde-reymao-revela-detalhes-sobre-casamento-com-nic-von-rupp\/#breadcrumb\",\"itemListElement\":[{\"@type\":\"ListItem\",\"position\":1,\"name\":\"In\u00edcio\",\"item\":\"https:\/\/portaltela.pt\/\"},{\"@type\":\"ListItem\",\"position\":2,\"name\":\"Matilde Reym\u00e3o revela detalhes sobre casamento com Nic Von Rupp\"}]},{\"@type\":\"WebSite\",\"@id\":\"https:\/\/portaltela.pt\/#website\",\"url\":\"https:\/\/portaltela.pt\/\",\"name\":\"Portal Tela Portugal\",\"description\":\"\",\"potentialAction\":[{\"@type\":\"SearchAction\",\"target\":{\"@type\":\"EntryPoint\",\"urlTemplate\":\"https:\/\/portaltela.pt\/?s={search_term_string}\"},\"query-input\":{\"@type\":\"PropertyValueSpecification\",\"valueRequired\":true,\"valueName\":\"search_term_string\"}}],\"inLanguage\":\"pt-PT\"},{\"@type\":\"Person\",\"@id\":\"https:\/\/portaltela.pt\/#\/schema\/person\/c4278d4a6028830caff9ee44b42d32ed\",\"name\":\"Telinha\",\"image\":{\"@type\":\"ImageObject\",\"inLanguage\":\"pt-PT\",\"@id\":\"https:\/\/portaltela.pt\/s.01k8rhncp4jt1\/2025\/11\/talking-bot-125x125.png\",\"url\":\"https:\/\/portaltela.pt\/s.01k8rhncp4jt1\/2025\/11\/talking-bot-125x125.png\",\"contentUrl\":\"https:\/\/portaltela.pt\/s.01k8rhncp4jt1\/2025\/11\/talking-bot-125x125.png\",\"caption\":\"Telinha\"},\"sameAs\":[\"https:\/\/portaltela.pt\/\"],\"url\":\"https:\/\/portaltela.pt\/por\/367410592786\/\"}]}<\/script>\n<!-- \/ Yoast SEO plugin. -->","yoast_head_json":{"title":"Matilde Reym\u00e3o revela detalhes sobre casamento com Nic Von Rupp - Portal Tela Portugal","robots":{"index":"index","follow":"follow","max-snippet":"max-snippet:-1","max-image-preview":"max-image-preview:large","max-video-preview":"max-video-preview:-1"},"og_locale":"pt_PT","og_type":"article","og_title":"Matilde Reym\u00e3o revela detalhes sobre casamento com Nic Von Rupp - Portal Tela Portugal","og_description":"Matilde Reym\u00e3o, 26 anos, e Nic von Rupp, 35, est\u00e3o noivos desde 2024 e preparam o casamento. A atriz quer uma cerim\u00f3nia simples, em Portugal, em locais considerados bonitos pelo casal. Ainda n\u00e3o h\u00e1 data definida e n\u00e3o ser\u00e1 este ano devido a compromissos de trabalho. O pedido ocorreu durante uma viagem rom\u00e2ntica \u00e0 Indon\u00e9sia, ap\u00f3s v\u00e1rios anos de rela\u00e7\u00e3o. Desde ent\u00e3o, o casal mant\u00e9m a rela\u00e7\u00e3o discreta.","og_url":"https:\/\/portaltela.pt\/noticias\/2026\/03\/29\/matilde-reymao-revela-detalhes-sobre-casamento-com-nic-von-rupp\/","og_site_name":"Portal Tela Portugal","article_published_time":"2026-03-29T20:47:13+00:00","author":"Telinha","twitter_card":"summary_large_image","twitter_misc":{"Escrito por":"Telinha","Tempo estimado de leitura":"1 minuto"},"schema":{"@context":"https:\/\/schema.org","@graph":[{"@type":"Article","@id":"https:\/\/portaltela.pt\/noticias\/2026\/03\/29\/matilde-reymao-revela-detalhes-sobre-casamento-com-nic-von-rupp\/#article","isPartOf":{"@id":"https:\/\/portaltela.pt\/noticias\/2026\/03\/29\/matilde-reymao-revela-detalhes-sobre-casamento-com-nic-von-rupp\/"},"author":{"name":"Telinha","@id":"https:\/\/portaltela.pt\/#\/schema\/person\/c4278d4a6028830caff9ee44b42d32ed"},"headline":"Matilde Reym\u00e3o revela detalhes sobre casamento com Nic Von Rupp","datePublished":"2026-03-29T20:47:13+00:00","mainEntityOfPage":{"@id":"https:\/\/portaltela.pt\/noticias\/2026\/03\/29\/matilde-reymao-revela-detalhes-sobre-casamento-com-nic-von-rupp\/"},"wordCount":129,"image":{"@id":"https:\/\/portaltela.pt\/noticias\/2026\/03\/29\/matilde-reymao-revela-detalhes-sobre-casamento-com-nic-von-rupp\/#primaryimage"},"thumbnailUrl":"https:\/\/portaltela.pt\/s.01k8rhncp4jt1\/2026\/03\/img_1280x718uu2025-07-17-12-59-14-2223347-im-638883543302735730.jpg","keywords":["Casal","casamento","Indon\u00e9sia","Portugal","viagens"],"articleSection":["Celebridades"],"inLanguage":"pt-PT"},{"@type":"WebPage","@id":"https:\/\/portaltela.pt\/noticias\/2026\/03\/29\/matilde-reymao-revela-detalhes-sobre-casamento-com-nic-von-rupp\/","url":"https:\/\/portaltela.pt\/noticias\/2026\/03\/29\/matilde-reymao-revela-detalhes-sobre-casamento-com-nic-von-rupp\/","name":"Matilde Reym\u00e3o revela detalhes sobre casamento com Nic Von Rupp - Portal Tela Portugal","isPartOf":{"@id":"https:\/\/portaltela.pt\/#website"},"primaryImageOfPage":{"@id":"https:\/\/portaltela.pt\/noticias\/2026\/03\/29\/matilde-reymao-revela-detalhes-sobre-casamento-com-nic-von-rupp\/#primaryimage"},"image":{"@id":"https:\/\/portaltela.pt\/noticias\/2026\/03\/29\/matilde-reymao-revela-detalhes-sobre-casamento-com-nic-von-rupp\/#primaryimage"},"thumbnailUrl":"https:\/\/portaltela.pt\/s.01k8rhncp4jt1\/2026\/03\/img_1280x718uu2025-07-17-12-59-14-2223347-im-638883543302735730.jpg","datePublished":"2026-03-29T20:47:13+00:00","author":{"@id":"https:\/\/portaltela.pt\/#\/schema\/person\/c4278d4a6028830caff9ee44b42d32ed"},"breadcrumb":{"@id":"https:\/\/portaltela.pt\/noticias\/2026\/03\/29\/matilde-reymao-revela-detalhes-sobre-casamento-com-nic-von-rupp\/#breadcrumb"},"inLanguage":"pt-PT","potentialAction":[{"@type":"ReadAction","target":["https:\/\/portaltela.pt\/noticias\/2026\/03\/29\/matilde-reymao-revela-detalhes-sobre-casamento-com-nic-von-rupp\/"]}]},{"@type":"ImageObject","inLanguage":"pt-PT","@id":"https:\/\/portaltela.pt\/noticias\/2026\/03\/29\/matilde-reymao-revela-detalhes-sobre-casamento-com-nic-von-rupp\/#primaryimage","url":"https:\/\/portaltela.pt\/s.01k8rhncp4jt1\/2026\/03\/img_1280x718uu2025-07-17-12-59-14-2223347-im-638883543302735730.jpg","contentUrl":"https:\/\/portaltela.pt\/s.01k8rhncp4jt1\/2026\/03\/img_1280x718uu2025-07-17-12-59-14-2223347-im-638883543302735730.jpg","width":796,"height":448,"caption":"Matilde Reym\u00e3o e Nic von Rupp"},{"@type":"BreadcrumbList","@id":"https:\/\/portaltela.pt\/noticias\/2026\/03\/29\/matilde-reymao-revela-detalhes-sobre-casamento-com-nic-von-rupp\/#breadcrumb","itemListElement":[{"@type":"ListItem","position":1,"name":"In\u00edcio","item":"https:\/\/portaltela.pt\/"},{"@type":"ListItem","position":2,"name":"Matilde Reym\u00e3o revela detalhes sobre casamento com Nic Von Rupp"}]},{"@type":"WebSite","@id":"https:\/\/portaltela.pt\/#website","url":"https:\/\/portaltela.pt\/","name":"Portal Tela Portugal","description":"","potentialAction":[{"@type":"SearchAction","target":{"@type":"EntryPoint","urlTemplate":"https:\/\/portaltela.pt\/?s={search_term_string}"},"query-input":{"@type":"PropertyValueSpecification","valueRequired":true,"valueName":"search_term_string"}}],"inLanguage":"pt-PT"},{"@type":"Person","@id":"https:\/\/portaltela.pt\/#\/schema\/person\/c4278d4a6028830caff9ee44b42d32ed","name":"Telinha","image":{"@type":"ImageObject","inLanguage":"pt-PT","@id":"https:\/\/portaltela.pt\/s.01k8rhncp4jt1\/2025\/11\/talking-bot-125x125.png","url":"https:\/\/portaltela.pt\/s.01k8rhncp4jt1\/2025\/11\/talking-bot-125x125.png","contentUrl":"https:\/\/portaltela.pt\/s.01k8rhncp4jt1\/2025\/11\/talking-bot-125x125.png","caption":"Telinha"},"sameAs":["https:\/\/portaltela.pt\/"],"url":"https:\/\/portaltela.pt\/por\/367410592786\/"}]}},"_links":{"self":[{"href":"https:\/\/portaltela.pt\/api\/wp\/v2\/posts\/426301","targetHints":{"allow":["GET"]}}],"collection":[{"href":"https:\/\/portaltela.pt\/api\/wp\/v2\/posts"}],"about":[{"href":"https:\/\/portaltela.pt\/api\/wp\/v2\/types\/post"}],"author":[{"embeddable":true,"href":"https:\/\/portaltela.pt\/api\/wp\/v2\/users\/2"}],"replies":[{"embeddable":true,"href":"https:\/\/portaltela.pt\/api\/wp\/v2\/comments?post=426301"}],"version-history":[{"count":0,"href":"https:\/\/portaltela.pt\/api\/wp\/v2\/posts\/426301\/revisions"}],"wp:featuredmedia":[{"embeddable":true,"href":"https:\/\/portaltela.pt\/api\/wp\/v2\/media\/426303"}],"wp:attachment":[{"href":"https:\/\/portaltela.pt\/api\/wp\/v2\/media?parent=426301"}],"wp:term":[{"taxonomy":"category","embeddable":true,"href":"https:\/\/portaltela.pt\/api\/wp\/v2\/categories?post=426301"},{"taxonomy":"post_tag","embeddable":true,"href":"https:\/\/portaltela.pt\/api\/wp\/v2\/tags?post=426301"}],"curies":[{"name":"wp","href":"https:\/\/api.w.org\/{rel}","templated":true}]}}